{"id":10770,"date":"2025-04-25T19:15:28","date_gmt":"2025-04-25T17:15:28","guid":{"rendered":"http:\/\/blog.inmontanis.info\/?p=10770"},"modified":"2025-05-03T19:22:16","modified_gmt":"2025-05-03T17:22:16","slug":"fjatervalen-25-4-2025-stets-nicht-bemuht","status":"publish","type":"post","link":"http:\/\/blog.inmontanis.info\/?p=10770","title":{"rendered":"Fj\u00e4terv\u00e5len, 25.4.2025 &#8211; stets nicht bem\u00fcht"},"content":{"rendered":"<p><strong>Fr, 25.4.2025<\/strong><\/p>\n<p><a href='http:\/\/extra.inmontanis.info\/d\/130722-2\/DSC04348.jpg'><img src=http:\/\/extra.inmontanis.info\/d\/130721-3\/DSC04348.jpg \/><\/a><br \/>\n^ Von dieser Richtung aus bin ich heuer noch nicht nach Lofsdalen gefahren, das Skigebiet ist eher links<\/p>\n<p><a href='http:\/\/extra.inmontanis.info\/d\/130726-2\/DSC04349.jpg'><img src=http:\/\/extra.inmontanis.info\/d\/130725-3\/DSC04349.jpg \/><\/a><br \/>\n^ Anscheinend Bauarbeiten unterhalb vom Bergsliften, falls da eine Siedlung kommt, dann wird evtl. der Tv\u00e4ren-SL wieder h\u00e4ufiger laufen? Oder eine KSB gebaut werden :(<\/p>\n<p><a href='http:\/\/extra.inmontanis.info\/d\/130730-2\/DSC04352.jpg'><img src=http:\/\/extra.inmontanis.info\/d\/130729-3\/DSC04352.jpg \/><\/a><br \/>\n^ Der See in Lofsdalen ist noch gro\u00dfteils gefroren<\/p>\n<p>An einem sonnigen, erh\u00f6hten Parkplatz nach Lofsdalen hielt ich dann zum Arbeiten. <\/p>\n<p>Um 11:45 kam ich in Fj\u00e4terv\u00e5len an. Wie schon bei den letzten Besuchen dieses Jahr war das Laden des Scandinavian Skipasses auch heute wieder sehr kompliziert, da der Mitarbeiter vor Ort sich nicht auskannte, auch nicht mit Anruf bei jemand, der Bescheid wusste. In der Umgebung geht das wesentlich problemloser. Er meinte dann noch, dass sein Kollege bald kommen w\u00fcrde, probierte noch einige Zeit herum und schaffte es dann doch.<\/p>\n<p>Meine Skidata-Karte wollte man hier eh nicht laden (im Gegensatz zu anderen Axess-Gebieten), aber ich bekam keine Papp-Keycard, sondern eine normale Plastik-Keycard. Er sagte nicht, ich solle sie wieder zur\u00fcckgeben und weil ich nicht mehr so viele Axess-Keycards hab (1 oder 2 sind mir mal kaputt gegangen, daf\u00fcr hab ich ja 1 mal irgendwo gefunden), behalt ich die hier halt auch aufgrund des folgenden \u00c4rgers.<\/p>\n<p>Wie die hier die Abrechnung korrekt machen k\u00f6nnen, darf auch bezweifelt werden, denn aufgeschrieben hat er nix und hier gilt ja das 5-Tages-Limit. Gut m\u00f6glich, dass sie gar nichts bekommen ;) Normalpreis ist momentan 50% erm\u00e4\u00dfigt.<\/p>\n<p>Die Abfahrten wurden wohl nicht frisch pr\u00e4pariert, tiefe Spuren waren drin und alles eisig oder hart. Au\u00dfer es w\u00e4re von heute Morgen gewesen und seitdem so angefroren?! Kaum vorstellbar.<\/p>\n<p>Wegen Ostrichtung und K\u00e4lte konnte da auch die Sonne heut nix mehr retten, ab 14 Uhr brach die Eisschicht unten doch noch etwas auf, aber zu wenig und zu zu wenig Leute, als dass das noch sch\u00f6n gehen w\u00fcrde.<\/p>\n<p>In der Lifttrasse befanden sich Steine,  die man kaum sah und rechtzeitig umfahren konnte, nach einigen Fahrten hatte ich eine (Einzel-) Spur gefunden, wo das ging.<\/p>\n<p>Nach der 1. Abfahrt ging ich in die V\u00e4rmestuga und machte mir mein TK-Fertiggericht in der Mikro warm, wohl mein letztes diese Reise, ich werde sie vermissen ;)<\/p>\n<p><a href='http:\/\/ski.inmontanis.info\/d\/340443-2\/DSC04361.jpg'><img src=http:\/\/ski.inmontanis.info\/d\/340442-3\/DSC04361.jpg \/><\/a><br \/>\n^ Auch nur noch wenige Reste und weil eisighart, hab ich die geschlossenen Abfahrten gar nicht fahren k\u00f6nnen<\/p>\n<p><a href='http:\/\/ski.inmontanis.info\/d\/340447-2\/DSC04362.jpg'><img src=http:\/\/ski.inmontanis.info\/d\/340446-3\/DSC04362.jpg \/><\/a><br \/>\n^ Daf\u00fcr konnte ich heut mal den rechten SL fahren<\/p>\n<p><a href='http:\/\/ski.inmontanis.info\/d\/340451-2\/DSC04363.jpg'><img src=http:\/\/ski.inmontanis.info\/d\/340450-3\/DSC04363.jpg \/><\/a><br \/>\n^ Ende ist am Ausstieg 4, der rechte SL hat noch 1, der linke 2 Ausstiege<\/p>\n<p><a href='http:\/\/ski.inmontanis.info\/d\/340455-2\/DSC04364.jpg'><img src=http:\/\/ski.inmontanis.info\/d\/340454-3\/DSC04364.jpg \/><\/a><br \/>\n^ Linke Abfahrt<\/p>\n<p><a href='http:\/\/ski.inmontanis.info\/d\/340459-2\/DSC04366.jpg'><img src=http:\/\/ski.inmontanis.info\/d\/340458-3\/DSC04366.jpg \/><\/a><br \/>\n^ Zoom Lofsdalen Skigebiet von Fj\u00e4tervalen. Die wollten ja eh nur bis Ostern offen bleiben.<\/p>\n<p><a href='http:\/\/ski.inmontanis.info\/d\/340463-2\/DSC04367.jpg'><img src=http:\/\/ski.inmontanis.info\/d\/340462-3\/DSC04367.jpg \/><\/a><br \/>\n^ Linke Abfahrt<\/p>\n<p><a href='http:\/\/ski.inmontanis.info\/d\/340467-2\/DSC04370.jpg'><img src=http:\/\/ski.inmontanis.info\/d\/340466-3\/DSC04370.jpg \/><\/a><br \/>\n^ Die beiden \u00dcbungslifte, der Funpark hier wurde auch platt gemacht<\/p>\n<p><a href='http:\/\/ski.inmontanis.info\/d\/340471-2\/DSC04371.jpg'><img src=http:\/\/ski.inmontanis.info\/d\/340470-3\/DSC04371.jpg \/><\/a><br \/>\n^ Die beiden \u00dcbungslifte<\/p>\n<p><a href='http:\/\/ski.inmontanis.info\/d\/340475-2\/DSC04372.jpg'><img src=http:\/\/ski.inmontanis.info\/d\/340474-3\/DSC04372.jpg \/><\/a><br \/>\n^ Wie schon bei meinem letzten Besuch am Skiweg, nun hier vom Lifteinstieg auf ganzer Breite mit hartgefrorenen Schneemobilspuren verseucht auf dass man in den tiefen Rillen verkantet, wenn man mit Schlittschuhscrhitt vorw\u00e4rts kommen m\u00f6chte :(<\/p>\n<p><a href='http:\/\/ski.inmontanis.info\/d\/340479-2\/DSC04373.jpg'><img src=http:\/\/ski.inmontanis.info\/d\/340478-3\/DSC04373.jpg \/><\/a><br \/>\n^ Rechte abfahrt, alle Spuren sind leider alt und gefroren<\/p>\n<p><a href='http:\/\/ski.inmontanis.info\/d\/340483-2\/ge20250425a.jpg'><img src=http:\/\/ski.inmontanis.info\/d\/340482-3\/ge20250425a.jpg \/><\/a><br \/>\n^ GPS-Track 25.4.2025 in Gelb, vorherige Besuche in Rosa, auch heute wieder Empfangsprobleme<\/p>\n<p>Ist bei dem Eis also komplett unlohnenswert hier morgen noch zu bleiben. Das nahe T\u00e4nn\u00e4skr\u00f6ket und Fj\u00e4tervalen waren heuer die gr\u00f6\u00dften Entt\u00e4uschungen von den Scandinavian-Skipass-Gebieten, beide zeigten sich &#8220;stets NICHT bem\u00fcht&#8221;.<\/p>\n<p>Im nahen Idre Fj\u00e4ll kostet die Tageskarte sogar nur noch 150,- SEK, weil nur noch die eine KSB mit ca. 1,5 Abfahrten offen ist und man anscheinend die EUB als Zubringer nehmen muss. Idre Himmelfj\u00e4ll hat noch etwas mehr offen, aber der obere SL ist nun auch zu, allerdings kann man da online gar keine Preise mehr finden oder Skip\u00e4sse buchen &#8230; moment, wie cool ist das denn, seit 20.4. kann man dort sogar gratis fahren! Na das wenn ich gewusst h\u00e4tte, w\u00e4r ich heut gleich nach der ersten Abfahrt hier noch r\u00fcber gefahren oder w\u00e4r in \u00c5re nur 2 Tage beblieben!<\/p>\n<p>Dann morgen dorthin? Skistar S\u00e4len w\u00e4r mit 290 SEK aber ja auch recht g\u00fcnstig und h\u00e4tte noch etwas mehr interessante Abfahrten zu bieten und l\u00e4ge sch\u00f6ner auf dem Weg&#8230; oder ich fahr am Sonntag noch 3h in S\u00e4len? Mehr geht wohl nicht, weil ich ja noch 10-11 Stunden bis Trelleborg fahren muss und am MO ja auch noch einkaufen will ..<\/p>\n<p>ich fuhr noch zu einem Parkplatz nahe Idre Fj\u00e4ll, die h\u00e4tten schon noch wesentlich mehr offen lassen k\u00f6nnen, so viel Schnee wie die noch haben! Oder wird das ALLES noch zu Schneedepots zusammengeschoben?<\/p>\n<p><a href='http:\/\/ski.inmontanis.info\/d\/340431-2\/DSC04375.jpg'><img src=http:\/\/ski.inmontanis.info\/d\/340430-3\/DSC04375.jpg \/><\/a><br \/>\n^ Skigebiet Idre Fj\u00e4ll, hat nur noch eine KSB offen, obwohl ja noch recht viel Schnee l\u00e4ge<\/p>\n<p><a href='http:\/\/ski.inmontanis.info\/d\/340435-3\/DSC04378.jpg'><img src=http:\/\/ski.inmontanis.info\/d\/340434-4\/DSC04378.jpg \/><\/a><br \/>\n^ Skigebiet Idre Fj\u00e4ll, hat nur noch eine KSB offen, obwohl ja noch recht viel Schnee l\u00e4ge, da h\u00e4tte man doch auch auf dieser Seite noch 2-3 Abfahrten offen lassen k\u00f6nnen?<\/p>\n<p><a href='http:\/\/ski.inmontanis.info\/d\/340439-3\/DSC04379.jpg'><img src=http:\/\/ski.inmontanis.info\/d\/340438-4\/DSC04379.jpg \/><\/a><br \/>\n^ .. zumal das Schneedepot ja schon recht gro\u00df ausschaut. Oder will man die ganzen Abfahrten noch zu weiteren Depots verschieben?<\/p>\n<p>Tja, wer h\u00e4tte das gedacht, dass ich heuer nicht nur 1x, sondern sogar 2x Idre Himmelfj\u00e4ll besuchen w\u00fcrde&#8230; leider brachte der morgige Tag auch wieder eine herbe Entt\u00e4uschung.<\/p>\n<p>Die Nacht verlief wieder so kalt, dass ich abermals alle 3 Decken im Schlafsack h\u00e4tte brauchen k\u00f6nnen.<\/p>\n","protected":false},"excerpt":{"rendered":"<p>Fr, 25.4.2025<\/p>\n<p> ^ Von dieser Richtung aus bin ich heuer noch nicht nach Lofsdalen gefahren, das Skigebiet ist eher links<\/p>\n<p> ^ Anscheinend Bauarbeiten unterhalb vom Bergsliften, falls da eine Siedlung kommt, dann wird evtl. der Tv\u00e4ren-SL wieder h\u00e4ufiger laufen? Oder eine KSB gebaut werden :(<\/p>\n<p> ^ Der See in Lofsdalen ist noch <a href=\"http:\/\/blog.inmontanis.info\/?p=10770\">[&#8230;]<\/a><\/p>\n","protected":false},"author":1,"featured_media":10772,"comment_status":"closed","ping_status":"closed","sticky":false,"template":"","format":"standard","meta":{"footnotes":""},"categories":[940,678,661,19,27],"tags":[45,47],"class_list":["post-10770","post","type-post","status-publish","format-standard","has-post-thumbnail","hentry","category-2025-01-alpenskandinavien","category-fjatervalen","category-idre","category-schwedensweden","category-skifahren-winterskiing-winter","tag-see","tag-sl","odd"],"_links":{"self":[{"href":"http:\/\/blog.inmontanis.info\/index.php?rest_route=\/wp\/v2\/posts\/10770","targetHints":{"allow":["GET"]}}],"collection":[{"href":"http:\/\/blog.inmontanis.info\/index.php?rest_route=\/wp\/v2\/posts"}],"about":[{"href":"http:\/\/blog.inmontanis.info\/index.php?rest_route=\/wp\/v2\/types\/post"}],"author":[{"embeddable":true,"href":"http:\/\/blog.inmontanis.info\/index.php?rest_route=\/wp\/v2\/users\/1"}],"replies":[{"embeddable":true,"href":"http:\/\/blog.inmontanis.info\/index.php?rest_route=%2Fwp%2Fv2%2Fcomments&post=10770"}],"version-history":[{"count":2,"href":"http:\/\/blog.inmontanis.info\/index.php?rest_route=\/wp\/v2\/posts\/10770\/revisions"}],"predecessor-version":[{"id":10773,"href":"http:\/\/blog.inmontanis.info\/index.php?rest_route=\/wp\/v2\/posts\/10770\/revisions\/10773"}],"wp:featuredmedia":[{"embeddable":true,"href":"http:\/\/blog.inmontanis.info\/index.php?rest_route=\/wp\/v2\/media\/10772"}],"wp:attachment":[{"href":"http:\/\/blog.inmontanis.info\/index.php?rest_route=%2Fwp%2Fv2%2Fmedia&parent=10770"}],"wp:term":[{"taxonomy":"category","embeddable":true,"href":"http:\/\/blog.inmontanis.info\/index.php?rest_route=%2Fwp%2Fv2%2Fcategories&post=10770"},{"taxonomy":"post_tag","embeddable":true,"href":"http:\/\/blog.inmontanis.info\/index.php?rest_route=%2Fwp%2Fv2%2Ftags&post=10770"}],"curies":[{"name":"wp","href":"https:\/\/api.w.org\/{rel}","templated":true}]}}