{"id":10764,"date":"2025-04-24T19:48:56","date_gmt":"2025-04-24T17:48:56","guid":{"rendered":"http:\/\/blog.inmontanis.info\/?p=10764"},"modified":"2025-05-05T13:13:43","modified_gmt":"2025-05-05T11:13:43","slug":"are-22-24-4-2025","status":"publish","type":"post","link":"http:\/\/blog.inmontanis.info\/?p=10764","title":{"rendered":"\u00c5re, 22.-24.4.2025 &#8211; jetzt auch schon Skistar :("},"content":{"rendered":"<p><strong>Di, 22.4.2025<\/strong><\/p>\n<p>Je nach Wetterbericht wurde heute etwas Regen ab Mittag gemeldet, blieb aber dann doch bis zum Ende trocken. Bei 99 \u20ac f\u00fcr 3 Tage muss ich nat\u00fcrlich nicht lang \u00fcberlegen, hier Ski zu fahren &#8211; daf\u00fcr fand ich \u00c5re in der Vergangenheit zu gut.<\/p>\n<p>Meine eigentlich heut Morgen geplante Strecke (via Gipfel-SL r\u00fcber nach Bj\u00f6rnen) wurde morgens durch die Mitteilung im Schneebericht, dass der oberste SL wg. technischen Defekts derzeit nicht f\u00e4hrt, vorerst verunm\u00f6glicht &#8211; somit musste ich nach der obligatorischen Ulladal-SL-Fahrt (nur hier gibts noch gratis Parkpl\u00e4tze) gleich mal zur 8KSB runter.<\/p>\n<p>Dann also V\u00e4rmestuga R\u00f6dkullen kurz WC und \u00fcberraschenderweise gesehen, dass es hier nun mehr als nur Hotdog und Zimtschnecken gibt. Daf\u00fcr aber keine gek\u00fchlten Fertiggerichte mehr. Hab heut ja noch zwei kleine Tiefk\u00fchl-Sachen dabei, aber eine leckere (und hier stets warme) Zimtschnecke musste gleich mal sein um nach wie vor g\u00fcnstige 25,- SEK, zumal ich da heuer noch viel zu wenig bekommen hab und das hier schon immer mit die besten waren.<\/p>\n<p><a href='http:\/\/ski.inmontanis.info\/d\/340227-2\/DSC04234.jpg'><img src=http:\/\/ski.inmontanis.info\/d\/340226-3\/DSC04234.jpg \/><\/a><br \/>\n^ Gro\u00dfe Baustelle unterm Ull\u00e5dalen-SL, .. neue Ferienwohnungen und ein Restaurant. Mal gespannt, wie lang die Parkpl\u00e4tze hier noch gratis bleiben ..<\/p>\n<p><a href='http:\/\/ski.inmontanis.info\/d\/340231-2\/DSC04237.jpg'><img src=http:\/\/ski.inmontanis.info\/d\/340230-3\/DSC04237.jpg \/><\/a><br \/>\n^ Preise Imbiss V\u00e4rmestuga R\u00f6dkullen. Kurs ist derzeit ca. 1:11<\/p>\n<p><a href='http:\/\/ski.inmontanis.info\/d\/340235-2\/DSC04239.jpg'><img src=http:\/\/ski.inmontanis.info\/d\/340234-3\/DSC04239.jpg \/><\/a><br \/>\n^ Preise Imbiss Talstation 8KSB<\/p>\n<p>.. hab erst ein anderes Wort gelesen, weil es mir so komisch vorkam. Paninis???  Ich glaub, mein Spaghetto singt!<\/p>\n<p><a href='http:\/\/ski.inmontanis.info\/d\/340239-2\/DSC04241.jpg'><img src=http:\/\/ski.inmontanis.info\/d\/340238-3\/DSC04241.jpg \/><\/a><br \/>\n^ An der 8KSB ist noch eine Abfahrt offen, aus den restlichen wurde der Schnee rausgeschoben<\/p>\n<p><a href='http:\/\/ski.inmontanis.info\/d\/340243-2\/DSC04246.jpg'><img src=http:\/\/ski.inmontanis.info\/d\/340242-3\/DSC04246.jpg \/><\/a><br \/>\n^ Leider sollte ich nur heute das Gl\u00fcck haben, dass die EUB in Betrieb ist &#8211; die n\u00e4chsten beiden Tage wieder wg. Wind geschlossen. Bl\u00f6des Teil<\/p>\n<p><a href='http:\/\/ski.inmontanis.info\/d\/340247-2\/DSC04248.jpg'><img src=http:\/\/ski.inmontanis.info\/d\/340246-3\/DSC04248.jpg \/><\/a><br \/>\n^ Blick in den Bj\u00f6rnen-Teil und zu den Seen im Tal<\/p>\n<p><a href='http:\/\/ski.inmontanis.info\/d\/340251-2\/DSC04250.jpg'><img src=http:\/\/ski.inmontanis.info\/d\/340250-3\/DSC04250.jpg \/><\/a><br \/>\n^ Preise Caf\u00e9 Bergstation PB<\/p>\n<p><a href='http:\/\/ski.inmontanis.info\/d\/340255-2\/DSC04251.jpg'><img src=http:\/\/ski.inmontanis.info\/d\/340254-3\/DSC04251.jpg \/><\/a><br \/>\n^ Auf den rechten Abfahrten hat sich hier unterhalb der PB-Bergstation ein See gebildet<\/p>\n<p><a href='http:\/\/ski.inmontanis.info\/d\/340259-2\/DSC04253.jpg'><img src=http:\/\/ski.inmontanis.info\/d\/340258-3\/DSC04253.jpg \/><\/a><br \/>\n^ Wow. Durch das Tal kann man normalerweise im Mai noch von den Graben-Varianten rausfahren. Da liegt ja jetzt schon GAR NIX mehr!<\/p>\n<p><a href='http:\/\/ski.inmontanis.info\/d\/340263-2\/DSC04254.jpg'><img src=http:\/\/ski.inmontanis.info\/d\/340262-3\/DSC04254.jpg \/><\/a><br \/>\n^ 6KSB Fj\u00e4llgard, Verbindung nach Bj\u00f6rnen<\/p>\n<p>Cool, wieder  ein neuer SL hier! Erst baut man die SL ab und ersetzt sie mit einer 6KSB (hier mit Bubble), jetzt steht hier wieder ein SL :) Den hatte ich zuletzt auch vermisst, denn man kann damit nicht nur bei windbedingter Schlie\u00dfung der 6KSB (mit kurzem Aufstieg) von Bj\u00f6rnen nach Are zur\u00fcck, sondern auch die oberen Pisten fahren, ohne immer die in der Saison volle 6KSB fahren zu m\u00fcssen. Unten gibts ja eh einen SL, der etwas nach links geht und leider auch nur bei Bedarf offen ist. <\/p>\n<p><a href='http:\/\/ski.inmontanis.info\/d\/340267-2\/DSC04258.jpg'><img src=http:\/\/ski.inmontanis.info\/d\/340266-3\/DSC04258.jpg \/><\/a><br \/>\n^ Uiiiii ein neuer SL, wie cool. Vikliften. Hier stand ja fr\u00fcher schon mal einer, bevor die 6KSB Sadele gebaut wurde, auch wenn ich die Zeit nicht kenne<\/p>\n<p><a href='http:\/\/ski.inmontanis.info\/d\/340271-2\/DSC04259.jpg'><img src=http:\/\/ski.inmontanis.info\/d\/340270-3\/DSC04259.jpg \/><\/a><br \/>\n^ Neuer Vikliften im oberen Bereich der 6KSB Sadele<\/p>\n<p><a href='http:\/\/ski.inmontanis.info\/d\/340275-2\/DSC04260.jpg'><img src=http:\/\/ski.inmontanis.info\/d\/340274-3\/DSC04260.jpg \/><\/a><br \/>\n^ Neuer Vikliften im oberen Bereich der 6KSB Sadele<\/p>\n<p><a href='http:\/\/ski.inmontanis.info\/d\/340279-2\/DSC04261.jpg'><img src=http:\/\/ski.inmontanis.info\/d\/340278-3\/DSC04261.jpg \/><\/a><br \/>\n^ Endet kurz unterhalb der 6KSB, aber wenn die wegen Sturm nicht l\u00e4uft, muss man das St\u00fcck halt rauflaufen, besser als Skibus fahren. Wobei diesen Sommer noch irgendwie ein weiterer Lift hier oben gebaut werden soll, damit man einfacher r\u00fcberkommt.<\/p>\n<p>Ich fuhr also einmal bis zum anderen Skigebietsende in Bj\u00f6rnen und danach noch in den oberen Bereich, wo es heute ausnahmsweise auch mal sch\u00f6n weich war. Wie schon etwas bef\u00fcrchtet, war das ein Fehler, denn EUB und weiche Gipfelverh\u00e4ltnisse muss man ausn\u00fctzen &#8211; beides ging die n\u00e4chsten beiden Tage leider nicht mehr :(<\/p>\n<p><a href='http:\/\/ski.inmontanis.info\/d\/340283-2\/DSC04264.jpg'><img src=http:\/\/ski.inmontanis.info\/d\/340282-3\/DSC04264.jpg \/><\/a><br \/>\n^ SL Hermelin<\/p>\n<p><a href='http:\/\/ski.inmontanis.info\/d\/340287-2\/DSC04268.jpg'><img src=http:\/\/ski.inmontanis.info\/d\/340286-3\/DSC04268.jpg \/><\/a><br \/>\n^ Hier am SL J\u00e4rven ist auch nur noch 1 Abfahrt offen. Die andere w\u00e4re vielleicht auch noch gegangen, aber der fuhr mir zu langsam f\u00fcr eine Wiederholung<\/p>\n<p><a href='http:\/\/ski.inmontanis.info\/d\/340291-2\/DSC04270.jpg'><img src=http:\/\/ski.inmontanis.info\/d\/340290-3\/DSC04270.jpg \/><\/a><br \/>\n^ SL Hermelin und J\u00e4rven<\/p>\n<p><a href='http:\/\/ski.inmontanis.info\/d\/340295-2\/DSC04273.jpg'><img src=http:\/\/ski.inmontanis.info\/d\/340294-3\/DSC04273.jpg \/><\/a><br \/>\n^ Die DSB neben der PB wurde ja mittlerweile leider mit einer 6KSB ersetzt<\/p>\n<p><a href='http:\/\/ski.inmontanis.info\/d\/340299-2\/DSC04276.jpg'><img src=http:\/\/ski.inmontanis.info\/d\/340298-3\/DSC04276.jpg \/><\/a><br \/>\n^ Neue 6KSB(?) Stj\u00e4rn statt DSB. Bin ich nicht gefahren, da ich eine Zwangsverriegelung bef\u00fcrchtete. Braucht man ja auch nicht. Immerhin keine Sitzabtrenner, aber Minifu\u00dfraster<\/p>\n<p><a href='http:\/\/ski.inmontanis.info\/d\/340303-2\/DSC04279.jpg'><img src=http:\/\/ski.inmontanis.info\/d\/340302-3\/DSC04279.jpg \/><\/a><br \/>\n^ Paar Rentiere, aus der PB gezoomt<\/p>\n<p><a href='http:\/\/ski.inmontanis.info\/d\/340307-2\/DSC04280.jpg'><img src=http:\/\/ski.inmontanis.info\/d\/340306-3\/DSC04280.jpg \/><\/a><br \/>\n^ V\u00e4rmestuga Bergstation PB<\/p>\n<p><a href='http:\/\/ski.inmontanis.info\/d\/340311-2\/DSC04282.jpg'><img src=http:\/\/ski.inmontanis.info\/d\/340310-3\/DSC04282.jpg \/><\/a><br \/>\n^ Die hinteren SL (Tv\u00e4r\u00e5valvsliften) im Gipfelbereich<\/p>\n<p><a href='http:\/\/ski.inmontanis.info\/d\/340315-2\/DSC04287.jpg'><img src=http:\/\/ski.inmontanis.info\/d\/340314-3\/DSC04287.jpg \/><\/a><br \/>\n^ Nedre Tv\u00e4r\u00e5valvsliften, immerhin war der Schnee hier ausnahmsweise mal sch\u00f6n weich, dass man gut offpiste fahren konnte. Normalerweise hart\/eisig<\/p>\n<p>Um 16:40 am Auto sah ich einige Regentropfen, somit ich meine Hose heut leider nicht lange au\u00dfen trocknen lassen konnte, aber ohne Sonne bringt das eh recht wenig. Die Hosenbeine sind jedenfalls schon seit einiger Zeit mehr oder weniger feucht und riechen entsprechend.<\/p>\n<p>Die Pistenrestaurantpreise kann man hier wohl komplett vergessen, da sind wirklich nur die kleinen Imbisse bezahlbar. Oder man geht das kurze St\u00fcck zu Sibylla oder OKQ8.<\/p>\n<p><strong>Mi, 23.4.2025<\/strong><\/p>\n<p>Wegen der sonnigen Vorhersage hab ich mir heute ein voraussichtlich letztes Mal ab 9:30 frei genommen.<\/p>\n<p>Der ganze Parkplatz hier ist frei, ich steh eh schon recht mittig, aber so ein Minivan muss sich ganz nah neben mich hinstellen und seinen Schatten auf mein Auto werfen, wo ich heute gerne die Sonne ganztags auf mein Auto haben m\u00f6chte. So ein Arsch.<\/p>\n<p>Ok, die Sonne steht eh schon hoch, aber weil der Ost-West-Parkplatz f\u00fcrs Solarpanel eh etwas bl\u00f6d ist, stellte ich mich halt gleich etwas anders und schr\u00e4ger hin.<\/p>\n<p>Die EUB wurde morgens leider als wg. Sturm geschlossen markiert, Rest mal noch offen&#8230;.<\/p>\n<p>Im Gegensatz zu gestern waren etliche Pisten und offpiste je nach Lage noch hart oder vereist und blieben es leider auch den Rest des Tages, somit konnte ich einiges nicht fahren, was nicht mehr pr\u00e4pariert war.<\/p>\n<p><a href='http:\/\/ski.inmontanis.info\/d\/340319-2\/DSC04293.jpg'><img src=http:\/\/ski.inmontanis.info\/d\/340318-3\/DSC04293.jpg \/><\/a><br \/>\n^ Der lange Ull\u00e5dals-SL mit Blick in den heute so schneearmen oberen Bereich<\/p>\n<p><a href='http:\/\/ski.inmontanis.info\/d\/340323-2\/DSC04294.jpg'><img src=http:\/\/ski.inmontanis.info\/d\/340322-3\/DSC04294.jpg \/><\/a><br \/>\n^ SL Stendal, ausgerechnet die blaue oder gr\u00fcne Abfahrt links (es sind 2 im Plan, aber nur 1 erkennbar)  herum war wegen Renntraining gesperrt!!<\/p>\n<p><a href='http:\/\/ski.inmontanis.info\/d\/340327-2\/DSC04297.jpg'><img src=http:\/\/ski.inmontanis.info\/d\/340326-3\/DSC04297.jpg \/><\/a><br \/>\n^ Nedre Tv\u00e4r\u00e5valvsliften \/ Gipfelbereich<\/p>\n<p><a href='http:\/\/ski.inmontanis.info\/d\/340331-2\/DSC04303.jpg'><img src=http:\/\/ski.inmontanis.info\/d\/340330-3\/DSC04303.jpg \/><\/a><br \/>\n^ See-Pano mit PB-St\u00fctze<\/p>\n<p><a href='http:\/\/ski.inmontanis.info\/d\/340335-2\/DSC04306.jpg'><img src=http:\/\/ski.inmontanis.info\/d\/340334-3\/DSC04306.jpg \/><\/a><br \/>\n^ Unterhalb der ehemaligen DSB-Talstation, da soll ja auch wieder ein SL gebaut werden. Ist hier oben einfach sinnvoller bei dem Wind. Immerhin fuhr die PB, w\u00e4hrend die EUB nicht fuhr.<\/p>\n<p><a href='http:\/\/ski.inmontanis.info\/d\/340339-2\/DSC04307.jpg'><img src=http:\/\/ski.inmontanis.info\/d\/340338-3\/DSC04307.jpg \/><\/a><br \/>\n^ Seeblick talausw\u00e4rts<\/p>\n<p><a href='http:\/\/ski.inmontanis.info\/d\/340343-2\/DSC04309.jpg'><img src=http:\/\/ski.inmontanis.info\/d\/340342-3\/DSC04309.jpg \/><\/a><br \/>\n^ Seeblick taleinw\u00e4rts, mittlerweile komplett aufgetaut und sch\u00f6n Blau heute, das d\u00fcrfte an einem 23.4. auch recht selten sein<\/p>\n<p><a href='http:\/\/ski.inmontanis.info\/d\/340347-2\/DSC04311.jpg'><img src=http:\/\/ski.inmontanis.info\/d\/340346-3\/DSC04311.jpg \/><\/a><br \/>\n^ PB und See<\/p>\n<p><a href='http:\/\/ski.inmontanis.info\/d\/340351-2\/DSC04315.jpg'><img src=http:\/\/ski.inmontanis.info\/d\/340350-3\/DSC04315.jpg \/><\/a><br \/>\n^ PB und See. Leider soll die PB ja auch irgendwann mit einer 3S oder so ersetzt werden. Man scheint zu vergessen, dass ein Skigebiet, das was auf sich h\u00e4lt, eine PB haben muss ;)<\/p>\n<p><a href='http:\/\/ski.inmontanis.info\/d\/340355-2\/DSC04317.jpg'><img src=http:\/\/ski.inmontanis.info\/d\/340354-3\/DSC04317.jpg \/><\/a><br \/>\n^ PB und See<\/p>\n<p><a href='http:\/\/ski.inmontanis.info\/d\/340359-2\/DSC04318.jpg'><img src=http:\/\/ski.inmontanis.info\/d\/340358-3\/DSC04318.jpg \/><\/a><br \/>\n^ See und Ort<\/p>\n<p><a href='http:\/\/ski.inmontanis.info\/d\/340363-2\/DSC04319.jpg'><img src=http:\/\/ski.inmontanis.info\/d\/340362-3\/DSC04319.jpg \/><\/a><br \/>\n^ PB und See und Talstation 8KSB von einem anderen Standort<\/p>\n<p><a href='http:\/\/ski.inmontanis.info\/d\/340367-2\/DSC04321.jpg'><img src=http:\/\/ski.inmontanis.info\/d\/340366-3\/DSC04321.jpg \/><\/a><br \/>\n^ Zoom Talstation 8KSB fast direkt am See<\/p>\n<p><a href='http:\/\/ski.inmontanis.info\/d\/340371-2\/DSC04322.jpg'><img src=http:\/\/ski.inmontanis.info\/d\/340370-3\/DSC04322.jpg \/><\/a><br \/>\n^ Die letzte noch ge\u00f6ffnete Abfahrt zu den Talstationen PB + den 6KSBen, schmal und d\u00fcnn, aber schon fast alles an Schnee aus den anderen Abfahrten rausgeschoben<\/p>\n<p><a href='http:\/\/ski.inmontanis.info\/d\/340375-2\/DSC04323.jpg'><img src=http:\/\/ski.inmontanis.info\/d\/340374-3\/DSC04323.jpg \/><\/a><br \/>\n^ Die letzte noch ge\u00f6ffnete Abfahrt zu den Talstationen PB + den 6KSBen, schmal und d\u00fcnn, aber schon fast alles an Schnee aus den anderen Abfahrten rausgeschoben (Einstieg VM 6:an)<\/p>\n<p><a href='http:\/\/ski.inmontanis.info\/d\/340379-2\/DSC04324.jpg'><img src=http:\/\/ski.inmontanis.info\/d\/340378-3\/DSC04324.jpg \/><\/a><br \/>\n^ An der 6KSB Sadele gibts noch einige offene Abfahrten und die oberen kann man dank des neuen SL einfacher fahren<\/p>\n<p><a href='http:\/\/ski.inmontanis.info\/d\/340383-2\/DSC04326.jpg'><img src=http:\/\/ski.inmontanis.info\/d\/340382-3\/DSC04326.jpg \/><\/a><br \/>\n^ Von Bj\u00f6rnen \/ Sadele-6KSB wieder zur\u00fcck ins Hauptgebiet<\/p>\n<p><a href='http:\/\/ski.inmontanis.info\/d\/340387-2\/DSC04327.jpg'><img src=http:\/\/ski.inmontanis.info\/d\/340386-3\/DSC04327.jpg \/><\/a><br \/>\n^ .. und der sch\u00f6ne blaue See<\/p>\n<p><a href='http:\/\/ski.inmontanis.info\/d\/340391-2\/DSC04328.jpg'><img src=http:\/\/ski.inmontanis.info\/d\/340390-3\/DSC04328.jpg \/><\/a><br \/>\n^ Seepano aus der PB<\/p>\n<p><a href='http:\/\/ski.inmontanis.info\/d\/340395-2\/DSC04330.jpg'><img src=http:\/\/ski.inmontanis.info\/d\/340394-3\/DSC04330.jpg \/><\/a><br \/>\n^ Raggmunk um 150 SEK, ca. 13,50-14 \u20ac, mit den ganzen Preiselbeeren war das leider nicht so mein Fall, konnte man zwar zerdr\u00fccken, aber war halt nicht so s\u00fc\u00df wie Marmelade.<\/p>\n<p>Da h\u00e4tt ich auch die g\u00fcnstigeren K\u00f6ttbullar anderswo essen k\u00f6nnen.<\/p>\n<p><a href='http:\/\/ski.inmontanis.info\/d\/340399-2\/DSC04332.jpg'><img src=http:\/\/ski.inmontanis.info\/d\/340398-3\/DSC04332.jpg \/><\/a><br \/>\n^ SL R\u00f6dkulle<\/p>\n<p>Die Abfahrten im oberen Bereich, also in der H\u00f6gzon, waren allesamt unspa\u00dfig eisig-hart heute, aber auch die unteren Lifte blieben teils ganztags zu vereist, zB. R\u00f6dkulle-SL nach 15 Uhr: oberer Pistenabschnitt eisig, unten gefror der Sulz mittlerweile wieder an, geschlossene Piste ebenfalls eisig. Da war der gestrige Skitag trotz keiner Sonne viel sch\u00f6ner, da h\u00e4tte ich mehr geschlossene Abfahrten fahren sollen und im oberen Bereich bleiben sollen, statt Bj\u00f6rnen r\u00fcber. Was muss es auch 1. gestern Abend noch regnen und 2. dann so kalt \u00fcber Nacht werden, dass es trotz direkter Sonneneinstrahlung heut nicht auffirnt :( <\/p>\n<p>Antwort vom Parkplatzbetreiber in Stranda kam nun auch, es wurde mein Kennzeichen mal wieder nicht richtig gelesen :) Somit darf ich erneut gratis parken. Soll mir recht sein, bei der herben Entt\u00e4uschung diesmal.<\/p>\n<p>W\u00e4hrend in Idre Himmelfj\u00e4ll fast noch das gleiche Angebot offen ist wie bei meinem schon recht schneearmen Besuch vor 12 Tagen, ist gegen\u00fcber in Idre Fj\u00e4ll seit heute oder gestern sehr viel zu und fast gar nichts mehr offen, anscheinend nur noch die Ost-6KSB und die (neue) Gondelbahn als Zubringer \u00fcbern Gipfel. Man m\u00fcsste meinen, die h\u00e4tten die leistungsf\u00e4higere Beschneiung&#8230; aber die machen ja auch Depots.<\/p>\n<p>Daf\u00fcr ist in Fj\u00e4tervalen von DO-SO anscheinend nochmals etwas mehr offen.<\/p>\n<p>Ich k\u00f6nnte also entweder am FR nochmals Trillevallen und SA Fj\u00e4tervalen, oder FR Fj\u00e4tervalen und SA hoffen, dass in Skistar S\u00e4len noch irgendwas geht. K\u00f6nnte batteriem\u00e4\u00dfig wohl auch noch einen weiteren Tag hier bleiben, hab heut Abend auf die 2. Batterie umgeschaltet, aber es wird erst am WE wieder w\u00e4rmer.<\/p>\n<p><strong>Do, 24.4.2025<\/strong><\/p>\n<p>Die Nacht verlief heut sehr kalt wie schon lange nicht mehr. Hab mir im Laufe der Nacht die Str\u00fcmpfe angezogen und trotzdem kalte F\u00fc\u00dfe gehabt, allerdings momentan nur noch 2 der 3 Decken im Schlafsack.<\/p>\n<p>Statt sonnig (Vorhersage) fing der Vormittag bedeckt an und es schneite und sp\u00e4ter graupelte auch mal. <\/p>\n<p>Die EUB war auch heute wieder wg WInd geschlossen. Ich kenns ja hier. <\/p>\n<p>S\u00e4len\/Hundfj\u00e4llet ist mittlerweile auch verfr\u00fcht geschlossen (letzter Tag 21. statt 27.4.), obwohl es laut Webcam auch nicht schlechter ausschaut als hier oder in Lindvallen, das hat heut auch kaum noch was offen (16 Lifte, aber nur 9 Abfahrten?!), Duved-Tegefj\u00e4ll hier ist mittlerweile auch zu. Aber Trillevallen morgen als Alternative ist ohne Offpiste (bei dem vermutlich zu harten Schnee) auch nicht so lohnenswert wie zuletzt.<\/p>\n<p>Die Pisten hier waren heut doch nicht so eisig wie gestern, aber das galt nicht f\u00fcr die H\u00f6gzon, die war auch heute wieder unspa\u00dfig.<\/p>\n<p>Hab heut mal die IR-Cam mitgenommen.<\/p>\n<p><a href='http:\/\/ski.inmontanis.info\/d\/340403-2\/DSC05627.jpg'><img src=http:\/\/ski.inmontanis.info\/d\/340402-3\/DSC05627.jpg \/><\/a><br \/>\n^ Talstationen VM 6:an und PB in IR<\/p>\n<p><a href='http:\/\/ski.inmontanis.info\/d\/340407-2\/DSC05628.jpg'><img src=http:\/\/ski.inmontanis.info\/d\/340406-3\/DSC05628.jpg \/><\/a><br \/>\n^ Am Hermelin-SL ist die Abfahrt nun auch geschrumpft (IR)<\/p>\n<p><a href='http:\/\/ski.inmontanis.info\/d\/340411-2\/DSC05631.jpg'><img src=http:\/\/ski.inmontanis.info\/d\/340410-3\/DSC05631.jpg \/><\/a><br \/>\n^ IR Sadele-6KSB und Gipfel<\/p>\n<p><a href='http:\/\/ski.inmontanis.info\/d\/340415-2\/DSC05632.jpg'><img src=http:\/\/ski.inmontanis.info\/d\/340414-3\/DSC05632.jpg \/><\/a><br \/>\n^ IR-Pano mit See<\/p>\n<p><a href='http:\/\/ski.inmontanis.info\/d\/340419-2\/DSC05633.jpg'><img src=http:\/\/ski.inmontanis.info\/d\/340418-3\/DSC05633.jpg \/><\/a><br \/>\n^ Die beiden Gr\u00e4ben sind offpistem\u00e4\u00dfig heuer nicht mehr m\u00f6glich, auch weil man ja unten nicht mehr rauskommt (IR)<\/p>\n<p><a href='http:\/\/ski.inmontanis.info\/d\/340423-2\/DSC05640.jpg'><img src=http:\/\/ski.inmontanis.info\/d\/340422-3\/DSC05640.jpg \/><\/a><br \/>\n^ IR-Pano von der PB-Bergstation mit Seen und vorne im Schatten dem See zwischen den Abfahrten<\/p>\n<p><a href='http:\/\/ski.inmontanis.info\/d\/340427-2\/ge20250322-24b.jpg'><img src=http:\/\/ski.inmontanis.info\/d\/340426-3\/ge20250322-24b.jpg \/><\/a><br \/>\n^ GPS-Track 22.-24.4.2025 in den Farben au\u00dfer Rosa. Leider auch hier heuer etliche Aussetzer und falsche Striche, insb. T\u00fcrkis.<\/p>\n<p>Als ich um 15:55 nach einem finalen Klogang aus der V\u00e4rmestuga wollte, um ein letztes Mal SL R\u00f6dkulle zu fahren, um zu meinem Auto zur\u00fcck zu kommen, gab es &#8211; wie zuvor, bevor ich rein ging, aber nicht als ich drin war &#8211; starken, dichten Schneefall. Besser als Regen, aber ich wartete etwas ab.<\/p>\n<p>Einerseits war es schon sinnvoll, dass ich hier nun noch Skigefahren bin, die g\u00fcnstigen Preise, der sch\u00f6ne Schnee am ersten Tag, der tolle Sonnenschein am zweiten Tag, <\/p>\n<p>.. aber leider werd ich mittlerweile wohl auch \u00c5re auf die &#8220;Boykottliste&#8221; setzen m\u00fcssen und mir keine Skistar-Saisonkarte mehr kaufen k\u00f6nnen, denn es gibt nun sogar bei Skistar (=ehemals Inbegriff der jungen h\u00fcbschen Liflter und Liftlerinnen, die stehts den B\u00fcgel l\u00e4chelnd geben und &#8220;Hej&#8221; sagen, was mich ja eigentlich auch st\u00f6rt) einige wenige faule Liftler, die den B\u00fcgel nicht mehr halten, sondern den Lift langsamer schalten :((<\/p>\n<p>An den beiden R\u00f6dkulle-SL betraf das jede Fahrt mind. 1x an diesen Tagen, auch am Stendal-SL hab ich das beobachtet. Und der R\u00f6dkulle-SL f\u00e4hrt 1. eh schon recht langsam und war 2. bisher einer meiner Lieblingslifte hier.<\/p>\n<p>Vor 2 oder 3 Jahren h\u00e4tte ich nie erwartet, dass mir das SL-Fahren in so kurzer Zeit in immer mehr Skigebieten so derma\u00dfen vergiftet wird.<\/p>\n<p>Kurzer Halt am Supermarkt und sp\u00e4ter in Svenstavik eine Pizza gekauft um 145 SEK, viel zu gro\u00df eigentlich, hab aber alles geschafft.<\/p>\n<p><a href='http:\/\/extra.inmontanis.info\/d\/130718-3\/IMG_20250424_185713.jpg'><img src=http:\/\/extra.inmontanis.info\/d\/130717-4\/IMG_20250424_185713.jpg \/><\/a><br \/>\n^ Pizza mit Schweinefleisch, Rindfleisch, Paprika, Champignons und rechts oben Bearnaiseso\u00dfe<\/p>\n<p>Um 20 Uhr kam ich an Kl\u00f6vsj\u00f6 vorbei, das schneem\u00e4\u00dfig doch noch sehr gut aussah &#8211; vor ein paar Tagen hatten die die KSB doch schon geschlossen gehabt?! Check in der App, ja, KSB ist zu, nur noch die \u00dcbungslifte unten offen. <\/p>\n<p><a href='http:\/\/ski.inmontanis.info\/d\/340219-2\/DSC04339.jpg'><img src=http:\/\/ski.inmontanis.info\/d\/340218-3\/DSC04339.jpg \/><\/a><br \/>\n^ Kl\u00f6vsj\u00f6, im unteren Bereich schauen die Abfahrten ja alle noch gut aus, aber nur noch die Tallifte sind in Betrieb<\/p>\n<p><a href='http:\/\/ski.inmontanis.info\/d\/340223-2\/DSC04341.jpg'><img src=http:\/\/ski.inmontanis.info\/d\/340222-3\/DSC04341.jpg \/><\/a><br \/>\n^ Vemdalsskalet, auch hier nur noch die fu\u00dfrasterlose vordere KSB offen und der SL daneben, keine Verbindung mehr zum Gipfel und auch die anderen Seite und KSBen alle schon zu heuer<\/p>\n<p>Um 21 Uhr nahm ich mir einen Nachtplatz, lt. Navi noch 40min von Lofsdalen entfernt, die ich morgen noch vor der Arbeit fahren m\u00f6chte, da es ja dann auch noch ein paar km bis Fj\u00e4terv\u00e5len sind.<\/p>\n","protected":false},"excerpt":{"rendered":"<p>Di, 22.4.2025<\/p>\n<p>Je nach Wetterbericht wurde heute etwas Regen ab Mittag gemeldet, blieb aber dann doch bis zum Ende trocken. Bei 99 \u20ac f\u00fcr 3 Tage muss ich nat\u00fcrlich nicht lang \u00fcberlegen, hier Ski zu fahren &#8211; daf\u00fcr fand ich \u00c5re in der Vergangenheit zu gut.<\/p>\n<p>Meine eigentlich heut Morgen geplante Strecke (via Gipfel-SL r\u00fcber <a href=\"http:\/\/blog.inmontanis.info\/?p=10764\">[&#8230;]<\/a><\/p>\n","protected":false},"author":1,"featured_media":10766,"comment_status":"closed","ping_status":"closed","sticky":false,"template":"","format":"standard","meta":{"footnotes":""},"categories":[940,696,19,27],"tags":[56,57,90,52,78,45,47],"class_list":["post-10764","post","type-post","status-publish","format-standard","has-post-thumbnail","hentry","category-2025-01-alpenskandinavien","category-are","category-schwedensweden","category-skifahren-winterskiing-winter","tag-6sb","tag-8sb","tag-infrarot","tag-pb","tag-restschnee","tag-see","tag-sl","odd"],"_links":{"self":[{"href":"http:\/\/blog.inmontanis.info\/index.php?rest_route=\/wp\/v2\/posts\/10764","targetHints":{"allow":["GET"]}}],"collection":[{"href":"http:\/\/blog.inmontanis.info\/index.php?rest_route=\/wp\/v2\/posts"}],"about":[{"href":"http:\/\/blog.inmontanis.info\/index.php?rest_route=\/wp\/v2\/types\/post"}],"author":[{"embeddable":true,"href":"http:\/\/blog.inmontanis.info\/index.php?rest_route=\/wp\/v2\/users\/1"}],"replies":[{"embeddable":true,"href":"http:\/\/blog.inmontanis.info\/index.php?rest_route=%2Fwp%2Fv2%2Fcomments&post=10764"}],"version-history":[{"count":5,"href":"http:\/\/blog.inmontanis.info\/index.php?rest_route=\/wp\/v2\/posts\/10764\/revisions"}],"predecessor-version":[{"id":10779,"href":"http:\/\/blog.inmontanis.info\/index.php?rest_route=\/wp\/v2\/posts\/10764\/revisions\/10779"}],"wp:featuredmedia":[{"embeddable":true,"href":"http:\/\/blog.inmontanis.info\/index.php?rest_route=\/wp\/v2\/media\/10766"}],"wp:attachment":[{"href":"http:\/\/blog.inmontanis.info\/index.php?rest_route=%2Fwp%2Fv2%2Fmedia&parent=10764"}],"wp:term":[{"taxonomy":"category","embeddable":true,"href":"http:\/\/blog.inmontanis.info\/index.php?rest_route=%2Fwp%2Fv2%2Fcategories&post=10764"},{"taxonomy":"post_tag","embeddable":true,"href":"http:\/\/blog.inmontanis.info\/index.php?rest_route=%2Fwp%2Fv2%2Ftags&post=10764"}],"curies":[{"name":"wp","href":"https:\/\/api.w.org\/{rel}","templated":true}]}}