{"id":10759,"date":"2025-04-21T19:05:50","date_gmt":"2025-04-21T17:05:50","guid":{"rendered":"http:\/\/blog.inmontanis.info\/?p=10759"},"modified":"2025-04-25T19:32:33","modified_gmt":"2025-04-25T17:32:33","slug":"trillevallen-18-21-4-2025-tolle-fruhjahrsverhaltnisse","status":"publish","type":"post","link":"http:\/\/blog.inmontanis.info\/?p=10759","title":{"rendered":"Trillevallen, 18.-21.4.2025 &#8211; tolle Fr\u00fchjahrsverh\u00e4ltnisse"},"content":{"rendered":"<p><strong>Fr, 18.4.2025<\/strong> &#8211; Saisonskitag 146<\/p>\n<p>Leider gibt&#8217;s in Duved-Tegefj\u00e4ll keine Halbtageskarte (nur f\u00fcr ganz \u00c5re, daher aktuell zu teuer, aber immerhin g\u00e4be es eine eigene, g\u00fcnstigere Tageskarte), sonst h\u00e4tte ich heute nach der Arbeit dort gehalten, weil auf dem Weg.<\/p>\n<p><a href='http:\/\/ski.inmontanis.info\/d\/340059-3\/DSC04101.jpg'><img src=http:\/\/ski.inmontanis.info\/d\/340058-4\/DSC04101.jpg \/><\/a><br \/>\n^ \u00c5re f\u00e4hrt auch schon auf den letzten Resten, ob die Abfahrt heuer bis 4.5. offen bleiben wird k\u00f6nnen&#8230;<\/p>\n<p>Um 12:30 kam ich an einem fast komplett vollen Parkplatz in Trillevallen an. Ob es in den Alpen bei dem sp\u00e4ten Ostern auch so voll ist? Schneem\u00e4\u00dfig scheint man hier noch etwas besser aufgestellt zu sein als Bydalen und Storlien.<\/p>\n<p>Geplant w\u00e4ren mindestens 3 Tage (falls Ostermontag Duved), vmtl. 4 Tage, maximal 5, weshalb ich also den Skipass f\u00fcr 5 Tage laden lie\u00df.<\/p>\n<p>Schnee on- und offpiste war besser als zuletzt in Storlien, so dass ich gleich mal am linken SL etliche Varianten fuhr, bevor ich um 14:15 kurz ins Restaurant ging und mir einen einzigen Pfannkuchen mit Erdbeermarmelade und Sahne um g\u00fcnstige 30,- SEK kaufte &#8211; m\u00f6chte mir ja sp\u00e4ter noch ein TK-Fertiggericht (K\u00f6ttbullar) in der Mikro warm machen. H\u00e4tte sonst auch noch ger\u00e4uchterten Lachs aus Norwegen. Und vielleicht gibt&#8217;s morgen oder \u00fcbermorgen ja ein passendes Tagesgericht. <\/p>\n<p>Auch wenn es gr\u00f6\u00dftenteils besser ausschaut, hat auch hier quasi jede Abfahrt eine Stelle, wo es kritisch wird. allerdings gab es auch noch keine gr\u00f6\u00dferen Schneeverschiebungsaktionen und da l\u00e4ge in den Steilh\u00e4ngen mal noch genug, falls man den Schnee dort rausschieben m\u00f6chte und kann. <\/p>\n<p><a href='http:\/\/ski.inmontanis.info\/d\/340067-2\/DSC04109.jpg'><img src=http:\/\/ski.inmontanis.info\/d\/340066-3\/DSC04109.jpg \/><\/a><br \/>\n^ im mittleren SL mit Blick zu den linken SL<\/p>\n<p><a href='http:\/\/ski.inmontanis.info\/d\/340071-3\/DSC04110.jpg'><img src=http:\/\/ski.inmontanis.info\/d\/340070-4\/DSC04110.jpg \/><\/a><br \/>\n^ .. Blick zur 4SB und dem rechten Kurzb\u00fcgler, der leider diesmal nicht wegen Wind in Betrieb genommen werden musste<\/p>\n<p><a href='http:\/\/ski.inmontanis.info\/d\/340075-2\/DSC04111.jpg'><img src=http:\/\/ski.inmontanis.info\/d\/340074-3\/DSC04111.jpg \/><\/a><br \/>\n^ Bergstation mittlerer SL, hier rechts zur 4SB runter zu fahren geht leider nicht mehr (weiter unten noch ein gr\u00f6berer schneefreier Bereich), aber wenn, dann nat\u00fcrlich heute mal. Hinten Are<\/p>\n<p><a href='http:\/\/ski.inmontanis.info\/d\/340079-3\/DSC04116.jpg'><img src=http:\/\/ski.inmontanis.info\/d\/340078-4\/DSC04116.jpg \/><\/a><br \/>\n^ Der k\u00fcrzere SL links und dar\u00fcber der ganz linke SL J\u00e4rv, der immer erst ab 11 Uhr in Betrieb geht<\/p>\n<p><a href='http:\/\/ski.inmontanis.info\/d\/340083-2\/DSC04120.jpg'><img src=http:\/\/ski.inmontanis.info\/d\/340082-3\/DSC04120.jpg \/><\/a><br \/>\n^ Ausstieg links SL J\u00e4rv (rechts schon schneefrei), k\u00f6nnte auch mal wieder Schnee brauchen. Wurde aber erst am \u00fcbern\u00e4chsten Tag welcher raufgeschoben<\/p>\n<p><a href='http:\/\/ski.inmontanis.info\/d\/340087-2\/DSC04121.jpg'><img src=http:\/\/ski.inmontanis.info\/d\/340086-3\/DSC04121.jpg \/><\/a><br \/>\n^ Linker SL J\u00e4rv und Abfahrten<\/p>\n<p><a href='http:\/\/ski.inmontanis.info\/d\/340091-2\/DSC04130.jpg'><img src=http:\/\/ski.inmontanis.info\/d\/340090-3\/DSC04130.jpg \/><\/a><br \/>\n^ Linker SL J\u00e4rv oberer Teil, die Abfahrt direkt links konnte auch mal pr\u00e4pariert werden, ebenso die linke Abfahrt, also diesmal nicht nur die diagonale Skiwegabfahrt<\/p>\n<p><a href='http:\/\/ski.inmontanis.info\/d\/340095-2\/DSC04131.jpg'><img src=http:\/\/ski.inmontanis.info\/d\/340094-3\/DSC04131.jpg \/><\/a><br \/>\n^ Offpiste links vom SL J\u00e4rv<\/p>\n<p><a href='http:\/\/ski.inmontanis.info\/d\/340099-2\/DSC04132.jpg'><img src=http:\/\/ski.inmontanis.info\/d\/340098-3\/DSC04132.jpg \/><\/a><br \/>\n^ Offpiste links vom SL J\u00e4rv mit dem alten \u00c4lglift<\/p>\n<p><a href='http:\/\/ski.inmontanis.info\/d\/340103-2\/DSC04138.jpg'><img src=http:\/\/ski.inmontanis.info\/d\/340102-3\/DSC04138.jpg \/><\/a><br \/>\n^ Wenn nicht heute, dann nicht mehr &#8211; die Verbindungsabfahrt vom mittleren SL zu den 4SB-Abfahrten. Da werd ich also \u00f6fters 4SB fahren m\u00fcssen, wenn das sch\u00f6ne St\u00fcck hier oben nicht mehr besser geht<\/p>\n<p><a href='http:\/\/ski.inmontanis.info\/d\/340107-2\/DSC04140.jpg'><img src=http:\/\/ski.inmontanis.info\/d\/340106-3\/DSC04140.jpg \/><\/a><br \/>\n^ Rechter Kurzb\u00fcgler, leider war die Tage nicht genug Wind an der 4SB, dass der mal noch in Betrieb genommen werden musste<\/p>\n<p><a href='http:\/\/ski.inmontanis.info\/d\/340111-2\/DSC04141.jpg'><img src=http:\/\/ski.inmontanis.info\/d\/340110-3\/DSC04141.jpg \/><\/a><br \/>\n^ Alle Abfahrten haben irgendwo ein oder mehrere schneearme oder matschige Stellen<\/p>\n<p>Ich h\u00f6rte um 15:30 auf wg. V\u00e4rmestuga noch essen.<\/p>\n<p>Die 3 Samsungmikros  hab ich nicht in Gang gebracht, alle Tasten durchprobiert, die mir logisch schienen. So ein M\u00fcll. Die Siemens ging dann, hatten aber eine sinnlos umst\u00e4ndliche Zeiteingabe mittels &#8220;Touchschieber&#8221;. Alter, warum kann man heutzutage nur noch komplizierten M\u00fcll produzieren, nur weil es nicht mehr modern genug ist, Zifferntasten oder \u00fcberhaupt vern\u00fcnftige Tasten zu verwenden?!?!?<\/p>\n<p><a href='http:\/\/extra.inmontanis.info\/d\/130706-3\/DSC04142.jpg'><img src=http:\/\/extra.inmontanis.info\/d\/130705-4\/DSC04142.jpg \/><\/a><br \/>\n^ Viel zu komplizierte Samsung-Mikrowelle in der V\u00e4rmestuga<\/p>\n<p><a href='http:\/\/extra.inmontanis.info\/d\/130710-3\/DSC04143.jpg'><img src=http:\/\/extra.inmontanis.info\/d\/130709-4\/DSC04143.jpg \/><\/a><br \/>\n^ Die Siemens-Mikro ist auch nicht angenehm zu bedienen mit seinen Touch-Tasten und insb. mit der bl\u00f6den Zeitschiebeleiste oben zum Einstellen der Zeitdauer, aber immerhin ein klein bisschen logischer und weniger \u00fcberladen. Auch wenn ich mir \u00fcberlegt hab, ob die Einstellung &#8220;800 kg&#8221; richtig ist ;)<\/p>\n<p>Bevor ich nach Schweden gefahren bin und mangels offenem Skigebiet am Tag der F\u00e4hrfahrt einen Skitag aussetzen musste, hatte ich diese Saison 73 Skitage in Folge. Heute ist nun ebenfalls wieder der 73. Skitag in Folge, d.h. der 73. Skitage in Skandinavien diese Saison. Krass eigentlich, hat sich noch nicht so lang angef\u00fchlt. (F\u00fcr die R\u00fcckfahrt werd ich 3-4 Tage aussetzen m\u00fcssen.)<\/p>\n<p>.. d.h. aber auch, ohne den bl\u00f6den Aussetztag, weil die Skigebiete nach der F\u00e4hre keinen Schnee hatten, h\u00e4tte ich nun 146 Skitage in Folge gehabt und bald die 150 geschafft. <\/p>\n<p>Achja, und: ich hatte diese Saison noch keine einzige Erk\u00e4ltung. Kommt sehr selten vor. Vielleicht sind auch die Getr\u00e4nkepulver schuld, weil da Vitamin-C mit dabei ist.<\/p>\n<p>Freitags ist hier ja nochmals ab 18 Uhr Skibetrieb, aber kaum jemand da. Pisten nicht frisch pr\u00e4pariert, Sonne nat\u00fcrlich jetzt von hinten.<\/p>\n<p>Die Pistenraupe fuhr die ganze Nacht bis 9 oder noch nach 10 Uhr und auch der Sturm sorgte f\u00fcr einen unruhigen Schlaf.<\/p>\n<p><strong>Sa, 19.4.2025<\/strong><\/p>\n<p>Dass ich heute wieder die heizbaren Socken anzog, hat zwei gr\u00fcnde, 1. kann ich die Akkus via USB vmtl stromsparender nachladen als die Heizsohlenakkus per 230V, 2. sind die Schuhe morgens eiskalt und da  ist die etwas gr\u00f6\u00dfere Heizfl\u00e4che der Socken angenehmer.<\/p>\n<p>Heute etwas weniger sonnig  gemeldet,  aber es war doch sehr sonnig.<\/p>\n<p>Zu Essen gabs heut 2 Pfannkuchen im Restaurant und danach noch eine TK-Kebab-Pizza-Rulle, die ich mir noch in Storlien gekauft hatte.<\/p>\n<p>Pfannkuchen heut etwas entt\u00e4\u00fcschend, weil anschienend die Erdbeermarmelade aus war und ich  Himbeer bekam. Mag ich zwar geschmacksm\u00e4\u00dfig, aber die vielen harten Kerne mag ich nicht.<\/p>\n<p><a href='http:\/\/ski.inmontanis.info\/d\/340115-2\/DSC04152.jpg'><img src=http:\/\/ski.inmontanis.info\/d\/340114-3\/DSC04152.jpg \/><\/a><br \/>\n^ Wieder alles sch\u00f6n frisch pr\u00e4pariert und apere Stellen mit Schnee versorgt<\/p>\n<p><a href='http:\/\/ski.inmontanis.info\/d\/340119-2\/DSC04156.jpg'><img src=http:\/\/ski.inmontanis.info\/d\/340118-3\/DSC04156.jpg \/><\/a><br \/>\n^ Rechter Kurzb\u00fcgler<\/p>\n<p><a href='http:\/\/ski.inmontanis.info\/d\/340123-2\/DSC04159.jpg'><img src=http:\/\/ski.inmontanis.info\/d\/340122-3\/DSC04159.jpg \/><\/a><br \/>\n^ Rechter Kurzb\u00fcgler<\/p>\n<p><a href='http:\/\/ski.inmontanis.info\/d\/340127-2\/DSC04160.jpg'><img src=http:\/\/ski.inmontanis.info\/d\/340126-3\/DSC04160.jpg \/><\/a><br \/>\n^ Mittlerer SL<\/p>\n<p><a href='http:\/\/ski.inmontanis.info\/d\/340131-2\/DSC04164.jpg'><img src=http:\/\/ski.inmontanis.info\/d\/340130-3\/DSC04164.jpg \/><\/a><br \/>\n^ Abfahrten am linken SL<\/p>\n<p><a href='http:\/\/ski.inmontanis.info\/d\/340135-2\/DSC04168.jpg'><img src=http:\/\/ski.inmontanis.info\/d\/340134-3\/DSC04168.jpg \/><\/a><br \/>\n^ Linker SL .. auch hier wachsen B\u00fcsche oder junge B\u00e4ume viel zu hoch in der Spur<\/p>\n<p><a href='http:\/\/ski.inmontanis.info\/d\/340139-2\/DSC04176.jpg'><img src=http:\/\/ski.inmontanis.info\/d\/340138-3\/DSC04176.jpg \/><\/a><br \/>\n^ Offpiste links, hier konnte man sich die Tage wieder gut austoben<\/p>\n<p><a href='http:\/\/ski.inmontanis.info\/d\/340143-2\/DSC04177.jpg'><img src=http:\/\/ski.inmontanis.info\/d\/340142-3\/DSC04177.jpg \/><\/a><br \/>\n^ Offpiste links, hier konnte man sich die Tage wieder gut austoben<\/p>\n<p><a href='http:\/\/ski.inmontanis.info\/d\/340147-2\/DSC04179.jpg'><img src=http:\/\/ski.inmontanis.info\/d\/340146-3\/DSC04179.jpg \/><\/a><br \/>\n^ 4SB<\/p>\n<p><a href='http:\/\/ski.inmontanis.info\/d\/340151-2\/DSC04183.jpg'><img src=http:\/\/ski.inmontanis.info\/d\/340150-3\/DSC04183.jpg \/><\/a><br \/>\n^ Rechter Kurzb\u00fcgler<\/p>\n<p>Um 15:00 h\u00f6rte ich auf. Oft genug alles gefahren. leider war der Wind zwar stark, aber nicht stark genug, um die 4SB mal einzustellen und den Kurzb\u00fcgler daneben einzuschalten.<\/p>\n<p>Italienisch h\u00f6rte ich heute auch in der V\u00e4rmestuga.<\/p>\n<p><a href='http:\/\/ski.inmontanis.info\/d\/340155-2\/DSC04184.jpg'><img src=http:\/\/ski.inmontanis.info\/d\/340154-3\/DSC04184.jpg \/><\/a><br \/>\n^ Blick ins Skigebiet vom Parkplatz aus, man kann und es wird alles befahren, wo Schnee liegt. Und weil oben steil und unten flach hat man trotz der parallelen Lifte viel Spa\u00df hier.<\/p>\n<p><strong>So, 20.4.2025<\/strong> (Ostersonntag)<\/p>\n<p>Skistar hat mal andere dynamische Preise als in den Alpen. F\u00fcr heute kostet eine Tageskarte in Duved-Tegefj\u00e4ll nur 309 SEK, morgen 300, vor ein paar Tagen waren das noch 505 bzw 495! Allerdings wie dadurch fast erwartet, kaum noch was offen, keine Verbindung mehr, nur noch die beiden Sessellifte, also unlohnenswert.<\/p>\n<p>Vemdalen ist ab DI auch stark verg\u00fcnstigt, aber auch jetzt schon wesentlich weniger offen als noch vor ein paar Tagen. Da h\u00e4tte ich evtl. \u00fcbermorgen vorbei wg. besserem Wetter als hier. Bj\u00f6rnrike hat nicht mal mehr die 6KSB offen. Vemdalsskalet sind von der einen Seite aus die Lifte und somit die Verbindung \u00fcber den Gipfel geschlossen, in Kl\u00f6vsj\u00f6 ist die Verbindung Storhogna schon l\u00e4nger zu.<\/p>\n<p>Skistar Trysil ist auch g\u00fcnstig ab DI, aber auch kaum noch was offen, keine Verbindung zwischen vorne \/ hinten, weder oben \u00fcbern Gipfel, noch untenrum.<\/p>\n<p>Selbst Are w\u00fcrde unter 400 kosten am DI. Komisch, DI kostet die TK 396, die 2TK aber 1028, wobei TK f\u00fcr MI auch nur 396 kostet ;) Morgen mit 533 mir noch zu teuer; 3 TK ab morgen 1139, was 380\/Tag w\u00e4ren, was also wiederum interessant w\u00e4re. 8 Tage nur 1966. <\/p>\n<p>Skistar S\u00e4len hat nun auch mehr zu heute als vor ein paar Tagen und wird auch langsam uninteressant. H\u00e4tte eh nur noch Lindvallen und Hundfj\u00e4llet offen, aber auch hier sind nun einige der Randlifte bzw oberen Lifte schon zu.<\/p>\n<p>Die heutige Pr\u00e4parierung hier war schlehter als die letzten Tage und der Schnee auch gefrorener.<br \/>\nEinige Schneebrocken offpiste waren auch um 13 Uhr noch gefroren, als ich dann ins Restaurant schaute, aber gr\u00f6\u00dftenteils wurde es doch fast alles sch\u00f6n weich.<\/p>\n<p>Tagesgericht heute war H\u00fchncheneintopf mit Reis (und inkl. Spinat, ne danke) &#8211; sah auch recht klein aus und ja nicht mal ein Salat dabei f\u00fcr 140. Da h\u00e4tt ich lieber die Tagespizza um 135 genommen, entschied mich f\u00fcr W\u00fcrstl mit Pommes um 75 (von Nur-Pommes wird man viel satter, da gr\u00f6\u00dfere Portion) plus dann noch einen Pfannkuchen.<\/p>\n<p><a href='http:\/\/ski.inmontanis.info\/d\/340063-3\/DSC04186.jpg'><img src=http:\/\/ski.inmontanis.info\/d\/340062-4\/DSC04186.jpg \/><\/a><br \/>\n^ Zoom Skigebiet Are von Trillevallen<\/p>\n<p><a href='http:\/\/ski.inmontanis.info\/d\/340159-2\/DSC04187.jpg'><img src=http:\/\/ski.inmontanis.info\/d\/340158-3\/DSC04187.jpg \/><\/a><br \/>\n^ Linker SL<\/p>\n<p><a href='http:\/\/ski.inmontanis.info\/d\/340163-3\/DSC04189.jpg'><img src=http:\/\/ski.inmontanis.info\/d\/340162-4\/DSC04189.jpg \/><\/a><br \/>\n^ Nicht nur hier, auch an der 4SB gibts noch stellen, wo wohl ca. 2m Schnee liegen<\/p>\n<p><a href='http:\/\/ski.inmontanis.info\/d\/340167-3\/DSC04194.jpg'><img src=http:\/\/ski.inmontanis.info\/d\/340166-4\/DSC04194.jpg \/><\/a><br \/>\n^ Pano mit rechtem Kurzb\u00fcgler von der 4SB aus<\/p>\n<p><a href='http:\/\/ski.inmontanis.info\/d\/340171-3\/DSC04199.jpg'><img src=http:\/\/ski.inmontanis.info\/d\/340170-4\/DSC04199.jpg \/><\/a><br \/>\n^ Pano mit rechtem Kurzb\u00fcgler von der 4SB aus<\/p>\n<p><a href='http:\/\/ski.inmontanis.info\/d\/340175-3\/DSC04204.jpg'><img src=http:\/\/ski.inmontanis.info\/d\/340174-4\/DSC04204.jpg \/><\/a><br \/>\n^ Offpiste ganz links<\/p>\n<p><a href='http:\/\/ski.inmontanis.info\/d\/340179-3\/DSC04208.jpg'><img src=http:\/\/ski.inmontanis.info\/d\/340178-4\/DSC04208.jpg \/><\/a><br \/>\n^ 4SB \/ Linksblick<\/p>\n<p><a href='http:\/\/ski.inmontanis.info\/d\/340183-3\/DSC04209.jpg'><img src=http:\/\/ski.inmontanis.info\/d\/340182-4\/DSC04209.jpg \/><\/a><br \/>\n^ Abends wurden nicht nur Lehnen und B\u00fcgel runtergeklappt, sondern auch mit einer Klammer versehen, also wohl als Windschutz<\/p>\n<p>Ich blieb noch bis 15:40, weil es heut besser ging als die letzten Tage, nur an wenigen Stellen on- wie offpiste gefror der Sulz nachmittag an. Trotzdem heute ein 4-5-Sterne-Tag, insb. in dieser schwachen Saison heuer.<\/p>\n<p>Auch fraglich, wie lang mein Strom noch reicht, h\u00e4tte dann besser gestern+heut das Solarpanel installiert, wenn ich das gewusst h\u00e4tte, dass ich doch noch 3 Tage in \u00c5re sein k\u00f6nnte, weil Skipass verg\u00fcnstigt&#8230;  aber bis DO sollte es noch reichen dank der zweiten Batterie.<\/p>\n<p>Gegen 18:30 kam dem Ton nach ein Eiswagen vorbei!?! Oder gab es hier nur etliche, die irgendwas tiefgek\u00e5hlt bestellt haben und geliefert bekamen?<\/p>\n<p><strong>Mo, 21.4.2025<\/strong> (Ostermonntag)<\/p>\n<p>Pistenraupe war nachts wieder aktiver und hatte mich mehrmals geweckt, wurde aber weniger pr\u00e4pariert. Morgens noch viel blauer Himmel, ab MIttag bew\u00f6lkter gemeldet, dennoch baute ich das Solarpanel auf, und es blieb auch sonnig.<\/p>\n<p>Dank Sonne und trotz klarer Nacht und k\u00e4lteren Temperaturen schon zu Beginn sch\u00f6n weich, wird vielleicht das letzte Mal diese Woche gewesen sein, da k\u00e4lter gemeldet wird. Fast schon zu weich. Heut jedenfalls kaum noch jemand da &#8211; das ist in den Alpen Ostermonntag ja auch oft.<\/p>\n<p>In Bj\u00f6rnrike nur noch 1 SL (teilweise) offen, Vemdalsskalet nur noch ein Sessellift, Kl\u00f6vsj\u00f6 hat die 6KSB nun auch zu, also Vemdalen f\u00e4llt mal definitiv weg die n\u00e4chsten Tage. Trysil auch kaum noch was offen.<\/p>\n<p>Auch heute leider wieder kein passendes Tagesgericht oder Tagespizza f\u00fcr mich oder jedenfalls nichts, was leckerer gewesen w\u00e4re, als nochmals 2 Pfannkuchen mit (erneut Himbeer-) Marmelade und Sahne um ca. 5\u20ac, wobei ihc ja heut Abend Sibylla oder OKQ8 in Are schaffen sollte. Ein Mittagsbuffet werd ich auf dieser Reise wohl nicht mehr haben. <\/p>\n<p><a href='http:\/\/ski.inmontanis.info\/d\/340187-3\/DSC04214.jpg'><img src=http:\/\/ski.inmontanis.info\/d\/340186-4\/DSC04214.jpg \/><\/a><br \/>\n^ 4SB und See-Pano<\/p>\n<p><a href='http:\/\/ski.inmontanis.info\/d\/340191-3\/DSC04219.jpg'><img src=http:\/\/ski.inmontanis.info\/d\/340190-4\/DSC04219.jpg \/><\/a><br \/>\n^ Linker SL und See-Pano<\/p>\n<p><a href='http:\/\/ski.inmontanis.info\/d\/340195-3\/DSC04221.jpg'><img src=http:\/\/ski.inmontanis.info\/d\/340194-4\/DSC04221.jpg \/><\/a><br \/>\n^ Der Schnee war die Tage immer kurz vor dem s\u00fcchtigmachenden Meeresrauschen-Firn, aber doch nie gewesen<\/p>\n<p><a href='http:\/\/ski.inmontanis.info\/d\/340199-3\/DSC04223.jpg'><img src=http:\/\/ski.inmontanis.info\/d\/340198-4\/DSC04223.jpg \/><\/a><br \/>\n^ Ausstieg linker SL linksseitig nun wieder mit Schnee versehen, man konnte auch direkt hier gleich links runterfahren den Steilhang<\/p>\n<p><a href='http:\/\/ski.inmontanis.info\/d\/340203-3\/DSC04225.jpg'><img src=http:\/\/ski.inmontanis.info\/d\/340202-4\/DSC04225.jpg \/><\/a><br \/>\n^ Offpiste ganz links, wieder einmal :)<\/p>\n<p><a href='http:\/\/ski.inmontanis.info\/d\/340207-3\/DSC04228.jpg'><img src=http:\/\/ski.inmontanis.info\/d\/340206-4\/DSC04228.jpg \/><\/a><br \/>\n^ Linker SL und See-Pano<\/p>\n<p><a href='http:\/\/ski.inmontanis.info\/d\/340211-3\/DSC04229.jpg'><img src=http:\/\/ski.inmontanis.info\/d\/340210-4\/DSC04229.jpg \/><\/a><br \/>\n^ Was das wohl sein soll?<\/p>\n<p><a href='http:\/\/ski.inmontanis.info\/d\/340215-3\/ge20250418-21f.jpg'><img src=http:\/\/ski.inmontanis.info\/d\/340214-4\/ge20250418-21f.jpg \/><\/a><br \/>\n^ GPS-Track 18.-21.4.2025 in Gelb, vorherige Besuche in Blau (zweifarbig, weil es sonst zu un\u00fcbersichtlich gewesen w\u00e4re). Gab wohl ein paar Aussetzer diesmal.<\/p>\n<p>Ich h\u00f6rte um 15:30 auf, 4 sehr geile Fr\u00fchlingsskitage hier in Trillevallen, nach Bydalen und Lofsdalen hatte sich das Fr\u00fchjahr doch noch etwas gelohnt hier im mittleren Schweden, schon sch\u00f6ner als letzes Jahr im Norden. Und neben Bydalen ist Trillevallen mittlerweile eins meiner Lieblingsgebiete im Scandinavian-Skipass. Schade nur, dass es in beiden keine kostenpflichtigen Stellpl\u00e4tze mit Strom hat, die Campingpl\u00e4tze sind nur f\u00fcr Saisong\u00e4ste.<\/p>\n<p>T\u00e4rnaby mit 16\/18 Abfahrten noch offen w\u00e4r aber wohl auch  gut gegangen. Bydalen hatte am heutigen letzten Tag nur noch 3 SL offen. <\/p>\n<p>Trotz K\u00fchlschranks hatte ich 3-4 Ah mehr in der Batterie als heute Morgen. W\u00e4re 1-1,5h PC-Nutzung. Oder ca. 15min Nachladen beim Autofahren.<\/p>\n<p>Der ICA-Supermarkt vor Are ist auch recht teuer. 1,5l Sodawasser um 19-20 Kronen! Gleich teuer wie die Himbeerlimo. Der P\u00e5skmust war 2,- g\u00fcnstiger.<\/p>\n<p><a href='http:\/\/extra.inmontanis.info\/d\/130714-2\/IMG_20250421_181212.jpg'><img src=http:\/\/extra.inmontanis.info\/d\/130713-3\/IMG_20250421_181212.jpg \/><\/a><br \/>\n^ Sibylla K\u00f6ttbullar<\/p>\n<p>Die 8 St\u00fcck als Men\u00fc mit 0,4er Getr\u00e4nk (bei Sibylla nehm ich immer Preiselbeer) kosten 99,- SEK, also ca. 9 \u20ac. Leider hatten sie keine braune Sahneso\u00dfe, daher wohl mind. 1 Fleischklops mehr bekommen.<\/p>\n<p>Als ich die Skistar-Saisonkarte  vor ein paar Jahren hatte, war der R\u00f6dkullen-Parkplatz nur zur H\u00e4lfte kostenpflichtig, mittlerweile w\u00e4r der komplett kostenpflichtig, nur noch die 2 Parkpl\u00e4tze weiter oben (Ull\u00e5dal) sind frei. Und man kann auch \u00fcber Nacht bleiben.<\/p>\n<p>Hui, na sowas, von der Saisonkarte 2021\/22 um 795,- \u20ac hatte ich 7956 Punkte bei Skistar bekommen und die w\u00fcrden ab 7.5.2025 verfallen, also nochmals gut, dass ich heuer mal wieder hier bin. Man braucht aber 4.000 Punkte, um sie zu verwenden.  Und meine 7956 Punkte sind gerade mal 4 \u20ac wert. Naja, besser als nix. Somit 99 \u20ac f\u00fcr 3 Tage Are ab morgen bezahlt. Allerdings wurden da nur 7448 Punkte verwendet. 508 bleiben \u00fcbrig und verfallen. Vielleicht h\u00e4tte ich in SEK zahlen sollen, aber der \u20ac-Kurs auf der Skistar-Website war besser als der aktuelle EUR-SEK-Kurs. Die neue Buchung bringt 1137 Punkte, am Ende der Skipassg\u00fcltigkeit. <\/p>\n<p>In Storlien ist mittlerweile auch kaum noch was offen. Insofern wenigstens gut, dass ich da nicht erst diese Woche bin, wie vor einiger Zeit mal geplant.<\/p>\n<p>&#8211;<\/p>\n<p><em>Da ich ab dem 27.4. wegen R\u00fcckreise in die Alpen einige Tage unterwegs sein und keine Zeit haben werde, gibt&#8217;s den n\u00e4chsten Bericht aus \u00c5re voraussichtlich erst am 1. oder 2. Mai<\/em><\/p>\n","protected":false},"excerpt":{"rendered":"<p>Fr, 18.4.2025 &#8211; Saisonskitag 146<\/p>\n<p>Leider gibt&#8217;s in Duved-Tegefj\u00e4ll keine Halbtageskarte (nur f\u00fcr ganz \u00c5re, daher aktuell zu teuer, aber immerhin g\u00e4be es eine eigene, g\u00fcnstigere Tageskarte), sonst h\u00e4tte ich heute nach der Arbeit dort gehalten, weil auf dem Weg.<\/p>\n<p> ^ \u00c5re f\u00e4hrt auch schon auf den letzten Resten, ob die Abfahrt heuer bis <a href=\"http:\/\/blog.inmontanis.info\/?p=10759\">[&#8230;]<\/a><\/p>\n","protected":false},"author":1,"featured_media":10761,"comment_status":"closed","ping_status":"closed","sticky":false,"template":"","format":"standard","meta":{"footnotes":""},"categories":[940,696,19,27,624],"tags":[],"class_list":["post-10759","post","type-post","status-publish","format-standard","has-post-thumbnail","hentry","category-2025-01-alpenskandinavien","category-are","category-schwedensweden","category-skifahren-winterskiing-winter","category-trillevallen","odd"],"_links":{"self":[{"href":"http:\/\/blog.inmontanis.info\/index.php?rest_route=\/wp\/v2\/posts\/10759","targetHints":{"allow":["GET"]}}],"collection":[{"href":"http:\/\/blog.inmontanis.info\/index.php?rest_route=\/wp\/v2\/posts"}],"about":[{"href":"http:\/\/blog.inmontanis.info\/index.php?rest_route=\/wp\/v2\/types\/post"}],"author":[{"embeddable":true,"href":"http:\/\/blog.inmontanis.info\/index.php?rest_route=\/wp\/v2\/users\/1"}],"replies":[{"embeddable":true,"href":"http:\/\/blog.inmontanis.info\/index.php?rest_route=%2Fwp%2Fv2%2Fcomments&post=10759"}],"version-history":[{"count":3,"href":"http:\/\/blog.inmontanis.info\/index.php?rest_route=\/wp\/v2\/posts\/10759\/revisions"}],"predecessor-version":[{"id":10763,"href":"http:\/\/blog.inmontanis.info\/index.php?rest_route=\/wp\/v2\/posts\/10759\/revisions\/10763"}],"wp:featuredmedia":[{"embeddable":true,"href":"http:\/\/blog.inmontanis.info\/index.php?rest_route=\/wp\/v2\/media\/10761"}],"wp:attachment":[{"href":"http:\/\/blog.inmontanis.info\/index.php?rest_route=%2Fwp%2Fv2%2Fmedia&parent=10759"}],"wp:term":[{"taxonomy":"category","embeddable":true,"href":"http:\/\/blog.inmontanis.info\/index.php?rest_route=%2Fwp%2Fv2%2Fcategories&post=10759"},{"taxonomy":"post_tag","embeddable":true,"href":"http:\/\/blog.inmontanis.info\/index.php?rest_route=%2Fwp%2Fv2%2Ftags&post=10759"}],"curies":[{"name":"wp","href":"https:\/\/api.w.org\/{rel}","templated":true}]}}