{"id":10746,"date":"2025-04-13T17:55:20","date_gmt":"2025-04-13T15:55:20","guid":{"rendered":"http:\/\/blog.inmontanis.info\/?p=10746"},"modified":"2025-04-19T18:08:20","modified_gmt":"2025-04-19T16:08:20","slug":"grotli-13-4-2025","status":"publish","type":"post","link":"http:\/\/blog.inmontanis.info\/?p=10746","title":{"rendered":"Grotli, 13.4.2025"},"content":{"rendered":"<p><strong>So, 13.4.2025<\/strong> &#8211; 751. Skigebiet <\/p>\n<p>Heute Morgen nochmals einige Optionen durchgegangen, Wettervorhersagen gecheckt, da ich mich ja nach wie vor nicht entschieden hatte, ob ich nun nach Stranda fahren m\u00f6chte oder nicht. Allerdings sind die anderen Optionen halt auch nicht so zahlreich oder viel besser.<\/p>\n<p>Im Gegensatz zu gestern w\u00fcrde f\u00fcr Idre nun tats\u00e4chlich sch\u00f6neres Wetter diese Woche gemeldet werden (au\u00dfer am MI), aber da ich gestern die Skipasspreise gecheckt hab, ist zu teuer diese Woche, erst ab Ostermontag  wieder g\u00fcnstiger. <\/p>\n<p>In Stranda dagegen wird nur morgen MO sonnig gemeldet, am DI bedeckt und MI\/DO etwas Regen. Evtl w\u00fcrde ich also nur fur 2 Tage, MO+DI dorthin fahren. daf\u00fcr lohnt sich der Umweg ja auch nicht wirklich &#8230; <\/p>\n<p>Ich entschied, heute nach Grotli zu fahren, das schon halb auf dem Weg nach Stranda l\u00e4ge und wo ich um 10:15 ankam. Laut Internet gibts hier verschiedene Infos, ob die Lifte von 1030-1800 oder 10-16 in Betrieb w\u00e4ren, aktuell liefen mal beide nicht. Es wehte auch ein starker Wind. Aber das muss es hier oben ja wohl so gut wie immer?!<\/p>\n<p>Das nahe Stryn hat schneemangelsbedingt auch schon zu. Es scheint wirklich nur noch Stranda in gro\u00dfem Umkreis offen zu haben. Die meldeten heute fr\u00fch auch viel Wind, aber dennoch KSB und EUB offen. Bis dahin sinds noch gut 2,5 Stunden, also f\u00fcr Nachmittag erreichbar, wenn hier nichts liefe. <\/p>\n<p><a href='http:\/\/extra.inmontanis.info\/d\/130586-2\/DSC03880.jpg'><img src=http:\/\/extra.inmontanis.info\/d\/130585-3\/DSC03880.jpg \/><\/a><br \/>\n^ Am See entlang<\/p>\n<p><a href='http:\/\/extra.inmontanis.info\/d\/130590-2\/IMG_20250413_095431.jpg'><img src=http:\/\/extra.inmontanis.info\/d\/130589-3\/IMG_20250413_095431.jpg \/><\/a><br \/>\n^ Bescheuerte Waschbox im WC (Rastplatz), die nach Knopfdruck immer alle Programme samt Seife und (wie \u00fcblich untauglichen) Trockner durchl\u00e4uft, wenn man nur etwas Wasser zum Reinigen der Klobrille oder des Hinterns m\u00f6chte.<\/p>\n<p><a href='http:\/\/ski.inmontanis.info\/d\/339855-3\/DSC03886.jpg'><img src=http:\/\/ski.inmontanis.info\/d\/339854-4\/DSC03886.jpg \/><\/a><br \/>\n^ Blick von der Stra\u00dfe ins Skigebiet Grotli, also zum oberen SL, der doch eine ordentliche L\u00e4nge hat<\/p>\n<p><a href='http:\/\/ski.inmontanis.info\/d\/339859-3\/DSC03891.jpg'><img src=http:\/\/ski.inmontanis.info\/d\/339858-4\/DSC03891.jpg \/><\/a><br \/>\n^ Talstation. Hier (also r\u00fcckseitig) zweigt \u00fcbrigens auch die nur im Sommer ge\u00f6ffnete alte Strynefjell-Stra\u00dfe ab, die am Stryn-Sommerskigebiet vorbei f\u00fchrt, allerdings wird dieser Teil sp\u00e4ter ger\u00e4umt als der von Stryn aus<\/p>\n<p>Um 10:20 wurde der Tellerlift mal eingeschaltet, der aber aufgrund der K\u00fcrze und Flachheit ja komplett uninteressant w\u00e4re, um hier zu bleiben.  TK 410, HTK 10-13 300, HTK 13-ende 340. Endlich mal stark verg\u00fcnstige Halbtageskarten. Manchmal ist in Skandinavien der Unterschied ja nur um die 30 Kronen. Aber vormittags, wenn die Lifte dann doch rst ab 10:30 laufen, effektiv ja nur noch 2h.<\/p>\n<p>Um 10:35 lief der obere  Lift, also zog ich mal die Skischuhe an und bis ich fertig war, hab ich auch welche fahren sehen.<\/p>\n<p>Ich ging zur Taltation des Tellerlifts, wo mir gesagt wurde, dass man den Skipass am oberen SL kaufen m\u00fcsste. Vielleicht hat man den unteren Lift also erst sp\u00e4ter gebaut und musste fr\u00fcher rauflaufen?!<\/p>\n<p>Laut Pistenplan im Netz, wo der untere Tellerlift aber unverh\u00e4ltnism\u00e4\u00dfig lang zu sein scheint:<br \/>\n<a href='https:\/\/www.grotli.no\/skiheis\/kart'>https:\/\/www.grotli.no\/skiheis\/kart<\/a><br \/>\n.. sollte es rechts eine Abfahrt geben und links zwei plus Funpark. Heute pr\u00e4pariert und abgesteckt ist rechts keine und links nur eine und der Funpark, wobei es im Funpark dann doch teilweise 2 Abfahrtsm\u00f6glichkeiten gab.  Aber man konnte bald mal ins Gel\u00e4nde raus und da gibts ja viele M\u00f6glichkeiten, wenn auch durch die geringe Steilheit nicht all zu weit nach au\u00dfen.<\/p>\n<p><a href='http:\/\/ski.inmontanis.info\/d\/297453-3\/DSC03982.jpg'><img src=http:\/\/ski.inmontanis.info\/d\/297452-4\/DSC03982.jpg \/><\/a><br \/>\n^ Plan, 2021 fotografiert, aber da hatte es den rechten Lift auch nicht gegeben<\/p>\n<p>Ich brauchte bis ca. 13 Uhr, um alle Varianten halbwegs zu fahren, zuerst ging es recht gut, aber ab 12:40 pappiger und stelenweise stoppig.<\/p>\n<p>Bin um 13:30 mal runter ins Hotel bzw. SB-Restaurant, Klo und schauen,was es so gibt. Arg teuer. Tagesgericht \u00fcber 300 NOK und auch der Rest, wenn auch g\u00fcnstiger, mir viel zu teuer. Ich verzichtete auch auf den komischen, in Frischhaltefolie eingewickelten Pfannkuchen mit Braunk\u00e4se um 49 (Waffel schaut normalerweise besser und gr\u00f6\u00dfer aus).<\/p>\n<p>Auch auf der Piste stockte es dann mal mehr, mal weniger, aber noch etwas angenehmer als offpiste, wo man fast gar keine Kurve mehr fahren konnte. Au\u00dferdem wurden meine Beine dann m\u00fcde, auch weil es nun anstrengend war. Daf\u00fcr wurde es noch etwas sonniger.<\/p>\n<p>Tja, heute \/ gestern, Himmelfj\u00e4ll \/ Lofsdalen letzter Tag, immer verschoben, was gefrorener vs weicher Schnee angeht und wo gefroren angenehmer gewesen w\u00e4re als dort, wo ich es hatte&#8230;<\/p>\n<p>Dennoch verbuchte ich den Tag knapp mit 4 Sternen, weil es vormittags drau\u00dfen so toll ging und h\u00f6rte um 15:15 auf. <\/p>\n<p><a href='http:\/\/ski.inmontanis.info\/d\/339863-2\/DSC03897.jpg'><img src=http:\/\/ski.inmontanis.info\/d\/339862-3\/DSC03897.jpg \/><\/a><br \/>\n^ Tellerlift, DM, De Pretis und vielleicht noch mehr.<\/p>\n<p><a href='http:\/\/ski.inmontanis.info\/d\/339867-3\/DSC03898.jpg'><img src=http:\/\/ski.inmontanis.info\/d\/339866-3\/DSC03898.jpg \/><\/a><br \/>\n^ Vom Tellerlift zum oberen SL muss man etwas schieben und retour nat\u00fcrlich noch mehr; Skipass wird aber erst hier oben verkauft. WC gibts nur unten am Hotel<\/p>\n<p><a href='http:\/\/ski.inmontanis.info\/d\/339871-3\/DSC03902.jpg'><img src=http:\/\/ski.inmontanis.info\/d\/339870-3\/DSC03902.jpg \/><\/a><br \/>\n^ Einzig pr\u00e4parierte Abfahrt am oberen SL<\/p>\n<p><a href='http:\/\/ski.inmontanis.info\/d\/339875-2\/DSC03904.jpg'><img src=http:\/\/ski.inmontanis.info\/d\/339874-3\/DSC03904.jpg \/><\/a><br \/>\n^ Abfahrt zur Talstation oberer SL<\/p>\n<p><a href='http:\/\/ski.inmontanis.info\/d\/339879-3\/DSC03906.jpg'><img src=http:\/\/ski.inmontanis.info\/d\/339878-4\/DSC03906.jpg \/><\/a><br \/>\n^ Kennt man sonst eher von Graffer als von Leitner, dass die Rollenbatterien fixiert werden<\/p>\n<p><a href='http:\/\/ski.inmontanis.info\/d\/339883-2\/DSC03908.jpg'><img src=http:\/\/ski.inmontanis.info\/d\/339882-3\/DSC03908.jpg \/><\/a><br \/>\n^ Bergstation<\/p>\n<p><a href='http:\/\/ski.inmontanis.info\/d\/339887-2\/DSC03911.jpg'><img src=http:\/\/ski.inmontanis.info\/d\/339886-3\/DSC03911.jpg \/><\/a><br \/>\n^ Kennt man sonst eher von Graffer als von Leitner, dass die Rollenbatterien fixiert werden, links und rechts<\/p>\n<p><a href='http:\/\/ski.inmontanis.info\/d\/339891-3\/DSC03912.jpg'><img src=http:\/\/ski.inmontanis.info\/d\/339890-3\/DSC03912.jpg \/><\/a><br \/>\n^ Ausstieg<\/p>\n<p><a href='http:\/\/ski.inmontanis.info\/d\/339895-3\/DSC03913.jpg'><img src=http:\/\/ski.inmontanis.info\/d\/339894-4\/DSC03913.jpg \/><\/a><br \/>\n^ Die linke Au\u00dfenabfahrt ist eigentlich nur Funpark, aber man f\u00e4hrt nat\u00fcrlich trotzdem mal durch<\/p>\n<p><a href='http:\/\/ski.inmontanis.info\/d\/339899-2\/DSC03914.jpg'><img src=http:\/\/ski.inmontanis.info\/d\/339898-3\/DSC03914.jpg \/><\/a><br \/>\n^ Pano<\/p>\n<p><a href='http:\/\/ski.inmontanis.info\/d\/339903-3\/DSC03918.jpg'><img src=http:\/\/ski.inmontanis.info\/d\/339902-4\/DSC03918.jpg \/><\/a><br \/>\n^ Offpiste rechts vom SL<\/p>\n<p><a href='http:\/\/ski.inmontanis.info\/d\/339907-3\/DSC03920.jpg'><img src=http:\/\/ski.inmontanis.info\/d\/339906-4\/DSC03920.jpg \/><\/a><br \/>\n^ An fast allen St\u00fctzen wurden die Rollenbatterien irgendwie fixiert<\/p>\n<p><a href='http:\/\/ski.inmontanis.info\/d\/339911-3\/DSC03921.jpg'><img src=http:\/\/ski.inmontanis.info\/d\/339910-4\/DSC03921.jpg \/><\/a><br \/>\n^ Offpiste rechts vom SL<\/p>\n<p><a href='http:\/\/ski.inmontanis.info\/d\/339915-2\/DSC03925.jpg'><img src=http:\/\/ski.inmontanis.info\/d\/339914-3\/DSC03925.jpg \/><\/a><br \/>\n^ SL und Offpisteh\u00e4nge rechts davon. Bei tiefem Neuschnee ist das zu flach, aber im Fr\u00fchjahr gehts besser<\/p>\n<p><a href='http:\/\/ski.inmontanis.info\/d\/339919-3\/DSC03926.jpg'><img src=http:\/\/ski.inmontanis.info\/d\/339918-4\/DSC03926.jpg \/><\/a><br \/>\n^ St\u00fctze 7, mal mit Seil und mit Stock fixiert ;)<\/p>\n<p><a href='http:\/\/ski.inmontanis.info\/d\/339923-2\/DSC03928.jpg'><img src=http:\/\/ski.inmontanis.info\/d\/339922-3\/DSC03928.jpg \/><\/a><br \/>\n^ Bergstation<\/p>\n<p><a href='http:\/\/ski.inmontanis.info\/d\/339927-3\/DSC03929.jpg'><img src=http:\/\/ski.inmontanis.info\/d\/339926-3\/DSC03929.jpg \/><\/a><br \/>\n^ Pano mit SL<\/p>\n<p><a href='http:\/\/ski.inmontanis.info\/d\/339931-2\/DSC03931.jpg'><img src=http:\/\/ski.inmontanis.info\/d\/339930-3\/DSC03931.jpg \/><\/a><br \/>\n^ R\u00fcckseitenpano &#8211; naja, skandinavientypisch Hochplateau hier oben<\/p>\n<p><a href='http:\/\/ski.inmontanis.info\/d\/339935-2\/DSC03932.jpg'><img src=http:\/\/ski.inmontanis.info\/d\/339934-3\/DSC03932.jpg \/><\/a><br \/>\n^ Offpiste rechts vom SL, nachmittags dann leider irgendwann pappig, aber zuvor toll<\/p>\n<p><a href='http:\/\/ski.inmontanis.info\/d\/339939-2\/DSC03934.jpg'><img src=http:\/\/ski.inmontanis.info\/d\/339938-3\/DSC03934.jpg \/><\/a><br \/>\n^ Offpiste rechts vom SL<\/p>\n<p><a href='http:\/\/ski.inmontanis.info\/d\/339943-2\/DSC03936.jpg'><img src=http:\/\/ski.inmontanis.info\/d\/339942-3\/DSC03936.jpg \/><\/a><br \/>\n^ Offpiste links vom SL<\/p>\n<p><a href='http:\/\/ski.inmontanis.info\/d\/339947-2\/DSC03938.jpg'><img src=http:\/\/ski.inmontanis.info\/d\/339946-3\/DSC03938.jpg \/><\/a><br \/>\n^ Die Funpark-Abfahrt<\/p>\n<p><a href='http:\/\/ski.inmontanis.info\/d\/339951-2\/DSC03939.jpg'><img src=http:\/\/ski.inmontanis.info\/d\/339950-3\/DSC03939.jpg \/><\/a><br \/>\n^ Offpiste ganz links<\/p>\n<p><a href='http:\/\/ski.inmontanis.info\/d\/339955-2\/DSC03941.jpg'><img src=http:\/\/ski.inmontanis.info\/d\/339954-3\/DSC03941.jpg \/><\/a><br \/>\n^ SL-Strecke<\/p>\n<p><a href='http:\/\/ski.inmontanis.info\/d\/339959-2\/DSC03944.jpg'><img src=http:\/\/ski.inmontanis.info\/d\/339958-3\/DSC03944.jpg \/><\/a><br \/>\n^ Skipass (Karton)<\/p>\n<p><a href='http:\/\/ski.inmontanis.info\/d\/339963-2\/ge20250413c.jpg'><img src=http:\/\/ski.inmontanis.info\/d\/339962-3\/ge20250413c.jpg \/><\/a><br \/>\n^ GPS-Track 13.4.2025, leider schien das Gel\u00e4nde weiter unten nicht sehr passend, um vom oberen SL eine Variante bis runter zum unteren zu fahren, da m\u00fcsste der untere SL rechts vom Hotel starten und auch der obere startet zu weit links um rechts weiter ausholen zu k\u00f6nnen.<\/p>\n<p>Weiter gen Stranda und in Stryn an der Esso-Tankstelle zum Essen gehalten. Mini Burger 39 und (\u00fcberraschend arg) gro\u00dfe Pommes 59 = 98 NOK,also 8-8,50 \u20ac.<\/p>\n<p>Die Braunk\u00e4sewaffel um 37 hab ich zu sp\u00e4t gesehen, sonst h\u00e4tte ich ne kleine Portion Pommes genommen :(<\/p>\n<p><a href='http:\/\/extra.inmontanis.info\/d\/130594-2\/DSC03945.jpg'><img src=http:\/\/extra.inmontanis.info\/d\/130593-3\/DSC03945.jpg \/><\/a><br \/>\n^ Weiter \u00fcbers Strynefjell nach Stryn<\/p>\n<p><a href='http:\/\/extra.inmontanis.info\/d\/130598-2\/DSC03947.jpg'><img src=http:\/\/extra.inmontanis.info\/d\/130597-3\/DSC03947.jpg \/><\/a><br \/>\n^ Weiter \u00fcbers Strynefjell nach Stryn<\/p>\n<p><a href='http:\/\/extra.inmontanis.info\/d\/130602-2\/DSC03952.jpg'><img src=http:\/\/extra.inmontanis.info\/d\/130601-3\/DSC03952.jpg \/><\/a><br \/>\n^ Im Tal unten hatte es dann +14\u00b0.<\/p>\n<p><a href='http:\/\/extra.inmontanis.info\/d\/130606-2\/DSC03954.jpg'><img src=http:\/\/extra.inmontanis.info\/d\/130605-3\/DSC03954.jpg \/><\/a><br \/>\n^ Mini-Burger und gro\u00dfe Pommes bei der Esso-Tankstelle. Die norwegischen Tankstellen haben Fett-Friteusen, die schwedischen machen das (vmtl. mikrowellenunterst\u00fctzt?) im Ofen und geht genauso schnell<\/p>\n<p>In einer der n\u00e4chsten Ortschaften blieb ich dann zentral nahe Sportplatz, da es auf der Strecke wohl kaum bessere \u00dcbernachtungspl\u00e4tze geben soll. Kaum dort angekommen, fing es etwas zu regnen an.<\/p>\n<p>Die Nacht verlief eher unruhig, ohne genau sagen zu k\u00f6nnen, warum. <\/p>\n","protected":false},"excerpt":{"rendered":"<p>So, 13.4.2025 &#8211; 751. Skigebiet <\/p>\n<p>Heute Morgen nochmals einige Optionen durchgegangen, Wettervorhersagen gecheckt, da ich mich ja nach wie vor nicht entschieden hatte, ob ich nun nach Stranda fahren m\u00f6chte oder nicht. Allerdings sind die anderen Optionen halt auch nicht so zahlreich oder viel besser.<\/p>\n<p>Im Gegensatz zu gestern w\u00fcrde f\u00fcr Idre nun tats\u00e4chlich <a href=\"http:\/\/blog.inmontanis.info\/?p=10746\">[&#8230;]<\/a><\/p>\n","protected":false},"author":1,"featured_media":10748,"comment_status":"closed","ping_status":"closed","sticky":false,"template":"","format":"standard","meta":{"footnotes":""},"categories":[940,949,18,27],"tags":[45,47],"class_list":["post-10746","post","type-post","status-publish","format-standard","has-post-thumbnail","hentry","category-2025-01-alpenskandinavien","category-grotli","category-norwegennorway","category-skifahren-winterskiing-winter","tag-see","tag-sl","odd"],"_links":{"self":[{"href":"http:\/\/blog.inmontanis.info\/index.php?rest_route=\/wp\/v2\/posts\/10746","targetHints":{"allow":["GET"]}}],"collection":[{"href":"http:\/\/blog.inmontanis.info\/index.php?rest_route=\/wp\/v2\/posts"}],"about":[{"href":"http:\/\/blog.inmontanis.info\/index.php?rest_route=\/wp\/v2\/types\/post"}],"author":[{"embeddable":true,"href":"http:\/\/blog.inmontanis.info\/index.php?rest_route=\/wp\/v2\/users\/1"}],"replies":[{"embeddable":true,"href":"http:\/\/blog.inmontanis.info\/index.php?rest_route=%2Fwp%2Fv2%2Fcomments&post=10746"}],"version-history":[{"count":2,"href":"http:\/\/blog.inmontanis.info\/index.php?rest_route=\/wp\/v2\/posts\/10746\/revisions"}],"predecessor-version":[{"id":10749,"href":"http:\/\/blog.inmontanis.info\/index.php?rest_route=\/wp\/v2\/posts\/10746\/revisions\/10749"}],"wp:featuredmedia":[{"embeddable":true,"href":"http:\/\/blog.inmontanis.info\/index.php?rest_route=\/wp\/v2\/media\/10748"}],"wp:attachment":[{"href":"http:\/\/blog.inmontanis.info\/index.php?rest_route=%2Fwp%2Fv2%2Fmedia&parent=10746"}],"wp:term":[{"taxonomy":"category","embeddable":true,"href":"http:\/\/blog.inmontanis.info\/index.php?rest_route=%2Fwp%2Fv2%2Fcategories&post=10746"},{"taxonomy":"post_tag","embeddable":true,"href":"http:\/\/blog.inmontanis.info\/index.php?rest_route=%2Fwp%2Fv2%2Ftags&post=10746"}],"curies":[{"name":"wp","href":"https:\/\/api.w.org\/{rel}","templated":true}]}}