{"id":10728,"date":"2025-04-05T19:54:02","date_gmt":"2025-04-05T17:54:02","guid":{"rendered":"http:\/\/blog.inmontanis.info\/?p=10728"},"modified":"2025-04-07T20:10:15","modified_gmt":"2025-04-07T18:10:15","slug":"tannaskroket-4-5-4-2025-nur-noch-enttauschend-hier","status":"publish","type":"post","link":"http:\/\/blog.inmontanis.info\/?p=10728","title":{"rendered":"T\u00e4nn\u00e4skr\u00f6ket, 4.-5.4.2025 \/ nur noch entt\u00e4uschend hier"},"content":{"rendered":"<p><strong>Fr, 4.4.2025<\/strong><\/p>\n<p>Am Campingplatz in \u00c5sarna war auch heute Nacht und am Morgen hin und wieder noch viel Wind. Wie schon gestern, versteh ich den Fun\u00e4sfj\u00e4llen-Schneebericht nicht wirklich. T\u00f6nndalen meldet wie gestern 13-24 m\/s Wind und alle Lifte (au\u00dfer den Sturmliften) in Betrieb und auch die anderen Skigebiete bei weniger Wind melden alle Lifte in Betrieb, w\u00e4hrend T\u00e4nn\u00e4skr\u00f6ket bei angeblich 3-8 m\/s den K2-SL au\u00dfer Betrieb meldet.<\/p>\n<p>Das Fr\u00fchstucksbuffet hier &#8230; R\u00fchreier und Speck gab es sogar, dazu Wurst und Marmeladen und so weiter, aber irgendwie hatte ich ja keine so gro\u00dfe Lust drauf, aber dann trotzdem daf\u00fcr entschieden.<\/p>\n<p>Also dann mal R\u00fchreier (viel zu hell = gestreckt mit zuviel Wasser und\/oder Milch) und Speck, probierte sogar noch den warmen Haferschleim (nicht mein Fall und sehr viel w\u00e4re noch da), ein kleines Sch\u00fcsselchen Joghurt mit M\u00fcsli und Cornflakes, eine kleine Semmel mit 3 verschiedenen Marmeladen (Erdbeer, Himbeer, Preiselbeer = taugt mir nicht am Brot) und eine dicke Brotscheibe mit Salami, ger\u00e4uchertem Kochschinken, K\u00e4se und Salatgurke. Dazu Orangensaft, Traubensaft und Kakao. Kuchen o.\u00e4. gab&#8217;s nicht. <\/p>\n<p>Satt war ich jedenfalls und die halbe Stunde war schnell vorbei, Einkaufen musste ich heut ja nicht mehr.  (Fr\u00fchst\u00fccksbuffet gibt&#8217;s von 8-10:15, ab 10:30 gibts bereits das Lunch-Buffet.)<\/p>\n<p>Immer wieder faszinierend, wie Skandinavier trotz frischem Brot und Semmeln zum Kn\u00e4ckebrot greifen &#8211; wie die Italiener, die dann auch oft lieber zum abgepackten Zwieback greifen ;)<\/p>\n<p><a href='http:\/\/ski.inmontanis.info\/d\/339399-2\/DSC03537.jpg'><img src=http:\/\/ski.inmontanis.info\/d\/339398-3\/DSC03537.jpg \/><\/a><br \/>\n^ Skigebiet Kl\u00f6vsj\u00f6, eines der 3 Gebiete von Skistar Vemdalen<\/p>\n<p><a href='http:\/\/ski.inmontanis.info\/d\/339403-2\/DSC03541.jpg'><img src=http:\/\/ski.inmontanis.info\/d\/339402-3\/DSC03541.jpg \/><\/a><br \/>\n^ Skigebiet Vemdalsskalet, eines der 3 Gebiete von Skistar Vemdalen; wg. Sturm waren heute 2 der 6KSBen geschlossen, aber die Verbindungsrunde war offen<\/p>\n<p>Nach Vemdalen an der Stra\u00dfenkreuzung h\u00e4tte ich links nach Lofsdalen statt rechts nach T\u00e4nn\u00e4s fahren k\u00f6nnen, fast exakt gleiche Entfernung. Vielleicht h\u00e4tte ich den Schneebericht in Lofsdalen anschauen sollen, denn wenn wg. Wind der KSSL statt der oberen 6KSB liefe, w\u00e4r das ja ein Besuchsgrund gewesen. Nachmittags mal nachgeschaut, ja, 6KSB zu, KSSL offen :(<\/p>\n<p><a href='http:\/\/extra.inmontanis.info\/d\/130506-3\/DSC03544.jpg'><img src=http:\/\/extra.inmontanis.info\/d\/130505-4\/DSC03544.jpg \/><\/a><br \/>\n^ Schon wieder Rentiere, diesmal eine recht gro\u00dfe Herde<\/p>\n<p><a href='http:\/\/ski.inmontanis.info\/d\/339407-2\/DSC03545.jpg'><img src=http:\/\/ski.inmontanis.info\/d\/339406-3\/DSC03545.jpg \/><\/a><br \/>\n^ Ex-DSB-Abfahrt T\u00e4nn\u00e4skr\u00f6ket, die w\u00e4r heuer nicht lang gegangen<\/p>\n<p>Um 12:20 kam ich am Parkplatz T\u00e4nn\u00e4skr\u00f6ket an, K2-SL fuhr also wahrscheinlich wegen Wind nicht und hat wohl auch nur das offen, was im Februar offen war, es kam leider nicht grundlegend mehr Schnee. Der k\u00fcrzere Hauptlift fuhr, Leute sah ich gerade niemand, wenige Spuren waren in der Piste.<\/p>\n<p><a href='http:\/\/ski.inmontanis.info\/d\/339411-2\/DSC03550.jpg'><img src=http:\/\/ski.inmontanis.info\/d\/339410-3\/DSC03550.jpg \/><\/a><br \/>\n^ Der k\u00fcrzere Haupt-Lift samt Kinderlift daneben, Schnee bis runter zum Campingplatz ist also auch sehr mager<\/p>\n<p>Da ich maximal 5 Tage bleiben w\u00fcrde, lie\u00df ich mir den Skipass mit 5 Tagen laden, aber f\u00fcr den Campingplatz erst mal nur 2 N\u00e4chte.<\/p>\n<p>Ich sah mir das vorher an und h\u00e4tte Platz 40 gewollt, der frei schien. An der Rezeption wusste man nicht, welcher Platz frei w\u00e4re und war sich nur bei 44 und 46 sicher. 46? Steht da nicht schon der Dauercamper? Ich lie\u00df mir daher 44 geben. Online h\u00e4tte  man sp\u00e4ter haben k\u00f6nnen: 36, 33, 43, 38, 42, 48, 47, 45. Jedenfalls mal nicht die 46. Und auch nicht die 40. Aber es kam auch keiner heute oder morgen an an der 40. Muss man nicht verstehen.<\/p>\n<p>Meine Nachsicht mit dem Skigebiet hat auch bald ein Ende, zu oft war ich heuer und letztes Jahr an den falschen Tagen da. Sp\u00e4testens wenn die n\u00e4chsten 2 Tage wieder kein K2-SL l\u00e4uft. Der ist zwar momentan auch nur ein Schatten seiner selbst, aber wenigstens verdoppelt er die M\u00f6glichkeiten. Und naja, auf die vielen Leute und KSBen am\/im Vemdalsskalet zB. h\u00e4tte ich nat\u00fcrlich auch keine Lust. Aber f\u00fcr diesen kurzen Lift bei schlechtem Schnee fahr ich nat\u00fcrlich auch nicht extra nach Schweden. F\u00fcr die DSB h\u00e4tte ich das sehr wohl getan.<\/p>\n<p><a href='http:\/\/ski.inmontanis.info\/d\/339415-2\/DSC03551.jpg'><img src=http:\/\/ski.inmontanis.info\/d\/339414-3\/DSC03551.jpg \/><\/a><br \/>\n^ Slalom-Abfahrt, rechts die Kurvenabfahrt hat auch schon zu wenig Schnee, aber das kommt im Fr\u00fchjahr \u00f6fters vor<\/p>\n<p><a href='http:\/\/ski.inmontanis.info\/d\/339419-2\/DSC03554.jpg'><img src=http:\/\/ski.inmontanis.info\/d\/339418-3\/DSC03554.jpg \/><\/a><br \/>\n^ K2-SL wegen Sturm heute geschlossen. Viel war da heuer eh nicht offen, weil der Schnee einfach nicht kommen wollte<\/p>\n<p>Nach 8x alleine am Lift ging ich in die V\u00e4rmestuga, meine &#8220;Pausenbrote&#8221; essen, die ich mir ja heut Morgen vor dem Fr\u00fchst\u00fccksbuffet gemacht hatte. Und Nudeln &#038; Co wollt ich heut Abend ja auch noch machen &#8230; und hoffte nebenbei, dass der Schnee noch etwas weicher werden w\u00fcrde. Generell n\u00e4mlich recht hart und knollig, aber an der linken Abfahrt gab&#8217;s nun ein paar sch\u00f6n aufgefirnte Stellen dank der etwas seltenen Sonneneinstrahlung.  Nachmittags war noch einiges los am Lift.<\/p>\n<p><a href='http:\/\/extra.inmontanis.info\/d\/130510-3\/DSC03558.jpg'><img src=http:\/\/extra.inmontanis.info\/d\/130509-4\/DSC03558.jpg \/><\/a><br \/>\n^ Die ulkigen schwedischen Fensterschl\u00f6sser<\/p>\n<p>Bisher dachte ich ja, dass das altmodische Fensterschlie\u00dfmechanismen w\u00e4ren, aber wenn man nach Fensterschloss = f\u00f6nsterl\u00e5s sucht, findet man fast nur dieses Modell! Gibts auch bei z.B. Biltema und Jula. Werd ich mir mal eine Packung mitnehmen m\u00fcssen, kostet nur paar Euro. Passt zwar nicht zu meinem Fenster daheim (weil es nach innen \u00f6ffnet und diese Riegel f\u00fcr nach au\u00dfen \u00f6ffnende Fenster sind), aber vielleicht kann ich&#8217;s mal sonst irgendwo verwenden. Die Fensterl\u00e4den w\u00fcrden bei mir nach au\u00dfen \u00f6ffnen. <\/p>\n<p>Eigentlich schon interessant, dass unsere Fenster normalerweise nach innen \u00f6ffnen und die schwedischen also h\u00e4ufig nach au\u00dfen.  Grund laut schneller Websuche, warum in Skandinavien Fenster nach au\u00dfen \u00f6ffnen: Damit der Sturm sie nicht aufmacht.<\/p>\n<p>Der Dauercamper stand dann wohl doch eher auf 48, wobei er auch Strom an der 46 gezogen hat, also 44 geht gerade noch, auch um beide Lifte sehen zu k\u00f6nnen.<\/p>\n<p>Der Platz selbst ist schneefrei, aber der steile Weg runter zum Servicehaus ist noch mit Schnee versehen und es sah eisig aus. Au\u00dfenrum ist&#8217;s ein weiter Umweg, so dass ich auf den Gang dorthin heut Nachmittag verzichtet hatte. Diesmal w\u00fcrde man also mit einer niedrigeren Stellplatznummer nicht nur den Weg zum Lift verk\u00fcrzen, sondern auch zum Servicehaus. <\/p>\n<p>Grund, warum ich heut noch h\u00e4tte runtersehen wollen, ob es Strom gibt. War n\u00e4mlich noch kein einziges Mal auf dieser Skandinavienreise duschen, weil entweder sind mir die Duschen nicht privat genug oder es gibt keine M\u00f6glichkeit, die Handt\u00fccher zu trocknen oder beides. Und weil die Duschen hier sch\u00f6ner sind, wollt ich mal schaun, ob ausnahmsweise eine Steckdose w\u00e4re, damit man sich f\u00f6hnen, statt mit dem Handtuch abtrocknen k\u00f6nnte.<\/p>\n<p>Dann muss ich halt morgen fr\u00fch schauen und ggf. \u00fcbermorgen duschen.<\/p>\n<p>Auf meiner AT-Saisonkarte sollte ja nur noch bis zum WE nur noch Hochkar und Hinterstoder offen sein, die restlichen bereits (geplant) geschlossen (au\u00dfer Schnalstaler Gletscher nat\u00fcrlich). In Hinterstoder ist lt. Schneebericht sogar noch die Talabfahrt offen (auf ca. 600m) &#8211; Respekt diesbez\u00fcglich. Kein Respekt, dass nur noch 3 Lifte offen sind (EUB vom Tal, 6KSB und der SL daneben), trotz genug Schnee, insb. sind auch die obersten SL zu. Da h\u00e4tte ich mich dann auch ge\u00e4rgert. <\/p>\n<p>Die Situation im April mit den fr\u00fch schlie\u00dfenden Skigebieten war ja mit ein Grund, nach Schweden zu fahren, weil da so viel bis Ende April offen hat, also f\u00e4llt eine verfr\u00fchte R\u00fcckkehr in die Alpen ja auch aus. <\/p>\n<p>Wer rechnet denn damit, dass es hier in Skandinavien heuer auch so wenig Schnee gibt &#8230; Klar, es gibt einige wenige Skigebiete, die mehr als 1m Schnee melden, sowohl in Norwegen, wie in Schweden, aber in den meisten Gebieten lag heuer viel zu wenig Schnee.<\/p>\n<p>Am Schnalstaler wurden die Betriebszeiten glaub auch mal wieder angepasst, Teufelsegg-KSB nun nur noch bis 21.4. offen. Glaub die stand mal bis 4.5. im Plan, aber das funktioniert nat\u00fcrlich nur, wenn auch die Talabfahrt noch geht. Immerhin soll die Hintereis-DSB noch bis 4.5. offen bleiben. <\/p>\n<p>Gruvbacken, das KSSL-Skigebiet auf der R\u00fcckseite von \u00c5re, das normalerweise bis Ende April offen hat, hat aktuell wg. Schneemangel wohl auch schon oder zumindest vor\u00fcbergehend zu. Bl\u00e5sj\u00f6n hat dieses WE auch zu, weil am unteren SL mal wieder was zu reparieren ist :)) Unglaublich. Aber der alte Alimak-SL in Eds\u00e5sdalen oben am Gipfel steht im heutigen Schneebericht auch auf geschlossen wg. technischem Gebrechens.<\/p>\n<p>Man kann nur froh sein, dass das alles SL und keine Sessellifte sind &#8230;<\/p>\n<p>Wie krass ist das denn, der Caf\u00e9-Neubau in Crich (Tramway Museum UK), das ja eigentlich h\u00e4tte letzten Sommer schon er\u00f6ffnet werden sollen und wo ich an meinen letzten Tagen letzten Sommer meinte, dass es nun wohl bald so weit sein w\u00fcrde &#8230; wird nun morgen erst er\u00f6ffnet :) <\/p>\n<p>Schlechte Nachrichten gibts aus Birkenhead, das Transportmuseum samt Tram sollte ja unter neuer Flagge und dank \u00f6ffentlicher Gelder vergr\u00f6\u00dfert werden und neu auferstehen, nachdem es geschlossen wurde &#8211; jetzt wurde der Gro\u00dfteil der \u00f6ffentlichen Gelder zur\u00fcckgezogen und es bleibt somit fraglich, was daraus wird und ob Museum und Tram je wieder \u00f6ffnen werden :(<\/p>\n<p><a href='http:\/\/extra.inmontanis.info\/d\/130514-3\/IMG_20250404_181808.jpg'><img src=http:\/\/extra.inmontanis.info\/d\/130513-4\/IMG_20250404_181808.jpg \/><\/a><br \/>\n^ Die 150g Speckw\u00fcrfel kosteten in Norwgen nur 20 NOK (also unter 1,80 \u20ac) und sind erstaunlich fettarm, sogar mir zu fettarm zum Anbraten.<\/p>\n<p>Das muss man beim Preis ja noch ber\u00fccksichtigen, dass die Speckw\u00fcrfel in SE und AT nochmals ca. um die H\u00e4flte schrumpfen beim Anbraten, die hier fast gar nicht, weil so fettarm. Geschmacklich daf\u00fcr auch nicht so gut.<\/p>\n<p>Aber ich meine auch, dass die Speckw\u00fcrfel in Schweden wesentlich g\u00fcnstiger sind als in \u00d6sterreich. Wobei ich da nicht genau die 100g-Preise im Kopf hab um das zu beurteilen.<\/p>\n<p><strong>Sa, 5.4.2025<\/strong><\/p>\n<p>Gestern Abend und heute Morgen gab es etwas Schneefall.  Heute also recht kalt und kaum Sonne, weshalb der Schnee wohl maximal nachmittags, falls die Sonne direkter einstrahlen sollte, weich werden k\u00f6nnte, aber so lang mus man es in dem kleinen Skigebiet erst einmal aushalten .. zudem ist die Chance auf Sonne heut wieder gering.<\/p>\n<p>Der Hauptlift wurde um 9:30 eingeschaltet, der Schneebericht um die Zeit entweder noch nicht upgedated oder zumindest K2 noch geschlossen. Ich wartete wegen der Wahl der Ski noch bis 10 Uhr, aber es \u00e4nderte sich nichts daran.<\/p>\n<p>Am Donnerstag wurde auf Facebook noch geschrieben, dass der Park bis Ostern offen sei, und der Park ist ja links vom K2-SL. Voll passender Tag, den K2-SL dann mind. 2 Tage geschlossen zu lassen.<\/p>\n<p>Tja, das Skigebiet schafft sich mehr und mehr selbst ab .. seit und mit der Einstellung der DSB eine Entt\u00e4uschung nach der anderen &#8230; oder ich schaff es, immer an den schlechtesten Tagen hier zu sein &#8230;<\/p>\n<p>.. aber es wurde sogar noch schlimmer und da lief das Fass endg\u00fcltig \u00fcber, denn es wurde keine einzige Piste frisch pr\u00e4pariert, weder gestern Abend, noch heute Morgen, noch nicht mal am Kinderlift. So ein Mist, dass ich f\u00fcr die Nacht auf morgen bereits bezahlt hab und Lofsdalen ca 50km  einfache Fahrt entfernt ist.<\/p>\n<p>Wind war am kurzen SL jedenfalls keiner zu sp\u00fcren.<\/p>\n<p>Nach 6 Abfahrten verzog ich mich in die V\u00e4rmestuga, eine Gruppe mit mehreren Kindern und Eltern sa\u00df drau\u00dfen vor dem Grill und es verging keine Minute, wo nicht irgendwer in die V\u00e4rmestuga kam um etwas aus den hier deponierten Taschen zu holen oder weil ein Kind unbedingt rein und wieder rauswollte oder sonstwas&#8230;. Aus den Lautsprechern vorm SL dr\u00f6hnte gerade DJ \u00d6tzi &#8230;<\/p>\n<p>.. und ich ging die Schneeberichte aus Norwegen durch, wo auch immer mehr wg. Schneemangel geschlossen ist &#8230;<\/p>\n<p>Nach weiteren 6 Fahrten (3x links, 3x rechts) ging ich um 12:30 erneut in die V\u00e4rmestuga. Es fehlt nicht mehr viel und ich beende diese bescheuerte Wintersaison komplett und fahr heim, ohne noch Schnalstal oder M\u00f6lltal gefahren zu sein!<\/p>\n<p>Im Norden, Bj\u00f6rkliden heute? Die oberen SL wieder einmal zu, diesmal wegen Schneeverwehungen auf Piste und Liftspur. Da oben w\u00fcrd ich mich  auch nur laufend \u00e4rgern.<\/p>\n<p>Eine halbwegs positive E-Mail  kommt aus dem nahen Fj\u00e4terv\u00e5len, der Stellplatz diese Woche unter der Woche gibt&#8217;s tageweise um 410. Zwar teurer als hier (350) und teurer als der nicht-Lift-nahe Campingplatz in Lofsdalen (320), aber noch ertr\u00e4glich.  Dann kann ich da ggf. 2-4 Tage bleiben, falls es mir gef\u00e4lt und falls es mir in Lofsdalen nicht gef\u00e4llt. 1 Tag war ich ja jeweils heuer schon,  5 hab ich dort jeweils frei.  Dann fahr ich morgen Fr\u00fch gleich Lofsdalen, ohne den Zirkus hier abzuwarten, ob der bl\u00f6de K2-SL morgen gn\u00e4digerweise mal f\u00e4hrt oder nicht, die Abfahrt schaut an mehreren Stellen eh sehr eisig aus und zudem fraglich, ob man auf morgen pr\u00e4pariert. Das war schon mal wesentlich besser hier!<\/p>\n<p>Nur eine nichtssagende Standardantwort kam dagegen aus dem M\u00f6lltal, die meine Frage nicht beantwortet. <\/p>\n<p>Ab 13:20 fuhr ich noch  einige Male am SL, aber weil zu wenig Sonne, weichte es nicht auf, und ich suchte nach 14 Uhr einen Weg m\u00f6glichst auf Skiern runter zum Campingplatz.<\/p>\n<p>Den unlohnenswerten GPS-Track spar ich mir.<\/p>\n<p><strong>So, 6.4.2025<\/strong><\/p>\n<p>Es gab eine Steckdose f\u00fcr den F\u00f6hn in den einzelnen Dusche\/WC-R\u00e4umen, aber weil ich eh auch noch die Kopfhaare rasieren wollte, konnte ich zum Abtrocknen erst einige Papiert\u00fccher verwenden, die ich dann zum Aufwischen der abrasierten Haare brauchte.<\/p>\n<p>Als ich dann um 9 Uhr abfahrbereit war, gab&#8217;s mal definitiv mehr Wind als gestern, weshalb man eh davon ausgehen musste, dass K2-SL wieder nicht laufen w\u00fcrde. Aber ist mir ja eh wurscht mittlerweile. <\/p>\n<p>Die Abreise war lohnenswert, der Tag in Lofsdalen war toll, mehr im n\u00e4chsten Bericht, vmtl. erst am Donnerstag, weil ich bis Mittwoch in Lofsdalen bleiben werde und am Mittwoch die Lifte bis 20 Uhr in Betrieb sein sollen.<\/p>\n<p>&#8211; &#8211;<\/p>\n<p>Weil ich das letztens auf Youtube in einem Kommentar geschrieben hatte, hier leicht abge\u00e4ndert, zum Thema &#8220;Gendern&#8221;:<\/p>\n<p>Freund, Mitarbeiter, Kunde etc. ist eigentlich nicht die m\u00e4nnliche Version, sondern die neutrale Version. Ein Freund, Mitarbeiter oder Kunde kann M\u00f6nnlein oder Weiblein sein. Im Gegensatz dazu ist Freundin, Mitarbeiterin oder Kundin immer eine weibliche Person. Gleiches gilt entsprechend (und noch deutlicher) auch f\u00fcr die Mehrzahl, Freunde, Mitarbeiter, Kunden. <\/p>\n<p>Dementsprechend m\u00fcssten es eigentlich die M\u00e4nner sein, die sich dar\u00fcber aufregen sollten, dass es keine rein m\u00e4nnliche Version gibt!<\/p>\n<p>Wer nun kommt, es hei\u00dft doch &#8220;der&#8221; Freund\/Mitarbeiter\/Kunde, dem sei gesagt: Und? Es hei\u00dft z.B. auch &#8220;die&#8221; Person und trotzdem regt sich kein Mann dar\u00fcber auf. Und ja, ich wei\u00df, dass es im \u00d6sterreichischen sogar &#8220;die&#8221; Kunde hei\u00dft. <\/p>\n<p>&#8211; &#8211;<br \/>\nGeht zwar nicht ums Gendern, aber ein sch\u00f6ner, bitterb\u00f6ser Kommentar zu anderen &#8220;Sprachproblemen&#8221;:<br \/>\n<a href='https:\/\/reitschuster.de\/post\/deutschland-in-ohnmacht-hallervorden-sagt-im-ersten-verbotene-woerter\/'>https:\/\/reitschuster.de\/post\/deutschland-in-ohnmacht-hallervorden-sagt-im-ersten-verbotene-woerter\/<\/a><\/p>\n","protected":false},"excerpt":{"rendered":"<p>Fr, 4.4.2025<\/p>\n<p>Am Campingplatz in \u00c5sarna war auch heute Nacht und am Morgen hin und wieder noch viel Wind. Wie schon gestern, versteh ich den Fun\u00e4sfj\u00e4llen-Schneebericht nicht wirklich. T\u00f6nndalen meldet wie gestern 13-24 m\/s Wind und alle Lifte (au\u00dfer den Sturmliften) in Betrieb und auch die anderen Skigebiete bei weniger Wind melden alle Lifte in <a href=\"http:\/\/blog.inmontanis.info\/?p=10728\">[&#8230;]<\/a><\/p>\n","protected":false},"author":1,"featured_media":10731,"comment_status":"closed","ping_status":"closed","sticky":false,"template":"","format":"standard","meta":{"footnotes":""},"categories":[940,19,27,627,623],"tags":[],"class_list":["post-10728","post","type-post","status-publish","format-standard","has-post-thumbnail","hentry","category-2025-01-alpenskandinavien","category-schwedensweden","category-skifahren-winterskiing-winter","category-tannaskroket","category-vemdalen","odd"],"_links":{"self":[{"href":"http:\/\/blog.inmontanis.info\/index.php?rest_route=\/wp\/v2\/posts\/10728","targetHints":{"allow":["GET"]}}],"collection":[{"href":"http:\/\/blog.inmontanis.info\/index.php?rest_route=\/wp\/v2\/posts"}],"about":[{"href":"http:\/\/blog.inmontanis.info\/index.php?rest_route=\/wp\/v2\/types\/post"}],"author":[{"embeddable":true,"href":"http:\/\/blog.inmontanis.info\/index.php?rest_route=\/wp\/v2\/users\/1"}],"replies":[{"embeddable":true,"href":"http:\/\/blog.inmontanis.info\/index.php?rest_route=%2Fwp%2Fv2%2Fcomments&post=10728"}],"version-history":[{"count":2,"href":"http:\/\/blog.inmontanis.info\/index.php?rest_route=\/wp\/v2\/posts\/10728\/revisions"}],"predecessor-version":[{"id":10730,"href":"http:\/\/blog.inmontanis.info\/index.php?rest_route=\/wp\/v2\/posts\/10728\/revisions\/10730"}],"wp:featuredmedia":[{"embeddable":true,"href":"http:\/\/blog.inmontanis.info\/index.php?rest_route=\/wp\/v2\/media\/10731"}],"wp:attachment":[{"href":"http:\/\/blog.inmontanis.info\/index.php?rest_route=%2Fwp%2Fv2%2Fmedia&parent=10728"}],"wp:term":[{"taxonomy":"category","embeddable":true,"href":"http:\/\/blog.inmontanis.info\/index.php?rest_route=%2Fwp%2Fv2%2Fcategories&post=10728"},{"taxonomy":"post_tag","embeddable":true,"href":"http:\/\/blog.inmontanis.info\/index.php?rest_route=%2Fwp%2Fv2%2Ftags&post=10728"}],"curies":[{"name":"wp","href":"https:\/\/api.w.org\/{rel}","templated":true}]}}