{"id":10718,"date":"2025-03-28T19:13:22","date_gmt":"2025-03-28T18:13:22","guid":{"rendered":"http:\/\/blog.inmontanis.info\/?p=10718"},"modified":"2025-03-30T19:35:39","modified_gmt":"2025-03-30T17:35:39","slug":"borgafjall-26-28-3-2025","status":"publish","type":"post","link":"http:\/\/blog.inmontanis.info\/?p=10718","title":{"rendered":"Borgafj\u00e4ll, 26.-28.3.2025"},"content":{"rendered":"<p><strong>Mi, 26.3.2025<\/strong><\/p>\n<p>Einkaufen musste ich heute in Vihelmina nicht, Tankstelle besuchte ich dann erst in Dorotea und nahm dort endlich mal wieder ein Hotdog (Bacon\/Cheese) mit.<\/p>\n<p><a href='http:\/\/extra.inmontanis.info\/d\/130474-2\/DSC03282.jpg'><img src=http:\/\/extra.inmontanis.info\/d\/130473-3\/DSC03282.jpg \/><\/a><br \/>\n^ Im kleinen Skigebiet in Dorotea war ich auch noch nie<\/p>\n<p><a href='http:\/\/extra.inmontanis.info\/d\/130478-2\/DSC03284.jpg'><img src=http:\/\/extra.inmontanis.info\/d\/130477-3\/DSC03284.jpg \/><\/a><br \/>\n^ Weiter nach Borgafj\u00e4ll<\/p>\n<p>Um 10 Uhr kam ich am hinteren SL in Borgafj\u00e4ll an, wo noch weniger Schnee zu liegen schien als vor einigen Wochen, leider. Ein Schulskibus war auch da.<\/p>\n<p>Tja, wenn ich vor ein paar Wochen damals doch die geplanten 2-3 Tage l\u00e4ger hier geblieben w\u00e4re  .. dann h\u00e4tt ich hier viellleicht doch den besseren Schnee gehabt, in T\u00e4rnaby ein paar Tage sp\u00e4ter dran gewesen auch den besseren Schnee, aber die geschlossene DSB und den vielen Schneefall gehabt, vor dem ich ja geflohen bin .. und w\u00e4re dann ein paar Tage sp\u00e4ter dran nach T\u00e4rnaby  vmtl. gar nicht nach Narvik\/Bj\u00f6rkliden gefahren (oder erst nach Finnland), weil dann ja schon das st\u00fcrmische, schneereiche Wetter angek\u00fcndigt gewesen w\u00e4re &#8230;<\/p>\n<p>Eine Piste war frisch pr\u00e4pariert und weicher als erwartet; die nicht frisch pr\u00e4parierten daf\u00fcr recht hart, offpiste unter den 1-2cm Neuschnee recht vereist. Kein Vergleich zu Klimpfj\u00e4ll gestern.<\/p>\n<p>Soll ich trotzdem 3 Tage bleiben? Aber wenn morgen evtl. wg. Sturm nur der rechte f\u00e4hrt und ich mir dann am FR wg. der weiten Fahrt nach Bydalen Urlaub nehme m\u00fcsste .. dann halt doch 3 Tage.  <\/p>\n<p><a href='http:\/\/ski.inmontanis.info\/d\/339027-2\/DSC03290.jpg'><img src=http:\/\/ski.inmontanis.info\/d\/339026-3\/DSC03290.jpg \/><\/a><br \/>\n^ Leider noch schnee\u00e4rmer als vor ein paar Wochen, hier am hinteren Borga-SL<\/p>\n<p><a href='http:\/\/ski.inmontanis.info\/d\/339031-2\/DSC03292.jpg'><img src=http:\/\/ski.inmontanis.info\/d\/339030-3\/DSC03292.jpg \/><\/a><br \/>\n^ Immerhin ging die Skioute am vorderen Avasj\u00f6-SL gut zu fahren, weil sch\u00f6n eingefahren<\/p>\n<p>Um 13:00 kam die Sonne raus und die Abfahrt zum langen SL war nun aufgrund des Neuschnees (und insb. dort, wo mehr lag)  stop-and-go-pappig :(<\/p>\n<p>Heutiges Tagesgericht im Bistro w\u00e4re Pastagrat\u00e4ng + Fl\u00e4skkarre. Sch\u00e4tzungsweise wohl lohnenswerter als morgen Falukorv. <\/p>\n<p>Leider dann doch kein Fl\u00e4skkarre, sondern Pulled Pork. In der Truhe war heut lediglich 1 (eine einzige!) tiefgefrorene Essensportion und zwar vom gestrigen H\u00fchnchenspie\u00df mit Erdnussso\u00dfe, daher gleich mit gekauft f\u00fcr morgen dann, hoffentlich nicht zu scharf.<\/p>\n<p><a href='http:\/\/ski.inmontanis.info\/d\/339035-2\/DSC03294.jpg'><img src=http:\/\/ski.inmontanis.info\/d\/339034-3\/DSC03294.jpg \/><\/a><br \/>\n^ Das heutige Tagesgericht links hatte mich nicht wirklich \u00fcberzeugt diesmal und das gestrige Tagesgericht tiefgek\u00fchlt kam morgen dran. (Samt Preiselbeersaft, nat\u00fcrlich)<\/p>\n<p>Hatte mich heute erstmals nicht \u00fcberzeugt, das Essen hier.  Morgen Falukorv lass ich weg, am Freitag g\u00e4be es &#8220;Kohlpudding&#8221; mit Sahneso\u00dfe, Kartoffeln und Preiselbeeren &#8211; k\u00f6nnte wieder was taugen, aber wenn ich nach Bydalen am Samstag will, k\u00f6nnt ich morgen Freitag auch unterwegs was essen, z.B. im Frasses oder eine Pizza.<\/p>\n<p>Der Bus mit den Jugendlichen fuhr nach meiner Essenspause ab und es waren kaum noch 5 Leute im (nun sehr klebrigen) Skigebiet, sp\u00e4ter war ich allein.<\/p>\n<p><a href='http:\/\/ski.inmontanis.info\/d\/339039-2\/DSC03295.jpg'><img src=http:\/\/ski.inmontanis.info\/d\/339038-3\/DSC03295.jpg \/><\/a><br \/>\n^ Immerhin hatte man seit meinem letzten Besuch die Abfahrt direlkt links vom SL nun bis oben rauf pr\u00e4pariert ge\u00f6ffnet<\/p>\n<p><a href='http:\/\/ski.inmontanis.info\/d\/339043-2\/DSC03298.jpg'><img src=http:\/\/ski.inmontanis.info\/d\/339042-3\/DSC03298.jpg \/><\/a><br \/>\n^ Da war wohl die St\u00fctze zu niedrig ;)<\/p>\n<p><a href='http:\/\/ski.inmontanis.info\/d\/339047-2\/DSC03301.jpg'><img src=http:\/\/ski.inmontanis.info\/d\/339046-3\/DSC03301.jpg \/><\/a><br \/>\n^ Borga-SL<\/p>\n<p>Erst bei meinen letzten beiden Abfahrten ab 15:30 war der Papp-Spuk zu Ende. Als ich um 15:45 aufgeh\u00f6rt hab, wurde der Lift auch gleich eingestellt.<\/p>\n<p>Mangels Freistehm\u00f6glichkeiten in der Gegend quartierte ich mich wieder am bekannten H\u00fctten-Campingplatz ein und k\u00e4mpfte wieder mit dem aussetzenden Handyempfang.<\/p>\n<p>Heut kam der GoPass-Newsletter zum Vorverkauf der Saisonkarte, bis 31.5. &#8211; d.h. ich kann noch abwarten damit. Preis ist diesmal 559,- \u20ac (statt 699 Normalpreis) und wie \u00fcblich &#8220;bereits ab Kauf g\u00fcltig&#8221;, neu soll er nun auch im Sommer gelten &#8211; wobei er das am M\u00f6lltaler zumindest bei Skibetrieb im Sommer ja sowieso schon hatte. Die Frage w\u00e4re eher, wie lang gilt der dann n\u00e4chste Saison im Fr\u00fchjahr? Ende April? Ende Mai? So lang M\u00f6lltaler Skibetrieb hat?<\/p>\n<p>Wenn ich das richtig verstehe, kann man um 250 \u20ac eine Teilzahlung machen und bereits jetzt in den Skigebieten fahren. Wenn man bis Ende September die restlichen 309,- nicht zahlt, wird der Skipass ung\u00fcltig. D.h. um 250 \u20ac w\u00fcrde man jetzt eine Fr\u00fchjahrssaisonkarte bekommen. Auch nicht schlecht ;)<\/p>\n<p>Oder ich bleib doch in Schweden bis Ende Mai und fahr nochmals rauf nach Bj\u00f6rkliden+Riksgr\u00e4nsen? Sollte heuer ja besser sein als letztes Jahr. Aber eigentlich fand ich ja, dass mir M\u00f6lltaler vorletztes Jahr besser gefiel als Riksgr\u00e4nsen letztes Jahr.<\/p>\n<p>Oh, auch interessant, am 21.3. wurde der obere SL in Narvik endlich ge\u00f6ffnet. Hat der vermehrte Schnee wohl gereicht.<\/p>\n<p>Hier regnete es abends und nachts hin und wieder etwas.<\/p>\n<p><strong>Do, 27.3.2025<\/strong><\/p>\n<p>Wie kacke ist das denn? Vorgestern war nur f\u00fcr DO etwas Regen und Sturm gemeldet, MI und FR sollte trocken und weniger Wind sein. Heute Fr\u00fch nun wird f\u00fcr Morgen noch mehr Regen (oder vielleicht knapp Schnee) gemeldet wie f\u00fcr heute  :(<\/p>\n<p>In Bydalen am FR+SA allerdings viel st\u00fcrmischer gemeldet, n\u00e4chste Woche auch.<\/p>\n<p>Tja, gro\u00dfe Frage heut &#8211; zu Fu\u00df zum Lift laufen oder nicht? Via Webcam kann ich mich zwar zuvor vergewissern, ob er aktuell l\u00e4uft oder nicht (wenn der Handyempfang gut genug daf\u00fcr w\u00e4re -> nein, reichte f\u00fcr die Webcam nicht), aber falls ich nachmittags bei Regen zur\u00fcck m\u00fcsste, w\u00e4rs im Auto nat\u00fcrlich angenehmer, zudem k\u00f6nnte ich die Ski wechseln bei Bedarf.<\/p>\n<p>Vormittags am Stellplatz kaum Wind, hin und wieder Nieselregen, etwas Sonne.<\/p>\n<p>Ich fuhr also die paar Meter rauf zum Lift, der fuhr und es waren mehr Autos am Parkplatz als gestern. Daf\u00fcr keine Schulskigruppe.<\/p>\n<p>W\u00e4hrend es gestern unten pappiger war als oben, war es heute umgekehrt (weil oben mehr Neuschnee), daf\u00fcr aber gleich ab Start. Die Verbindunsabfahrt von vorne (Avasj\u00f6) nach hinten war also etwas weniger schiebelastig im unteren Bereich, aber daf\u00fcr musste man selbst auf den oberen beiden Verbindugsabfahrten zum Avasj\u00f6-SL heute schieben.<\/p>\n<p>Glaub nicht, dass nachmittags mehr als 5-10 Leute im Skigebiet waren.<\/p>\n<p>Zumeist sah man deutlich die Sonne hinter den Wolken und ein paar Nieselregenspritzer waren unbedeutend.<\/p>\n<p>Gegen 14 Uhr pappte es weniger, weshalb  ich den Absprung nicht rechtzeitig schaffte, um 15:10 gab es den st\u00e4rksten Nieselregen seitdem ich heute im Skigebiet war, was nat\u00fcrlich bl\u00f6d ist, weil jetzt die Kleidung nicht mehr drau\u00dfen trocknen w\u00fcrde. Fl\u00fcchtete daher erst mal in die V\u00e4rmestuga und beendete den Skitag um 15:25, weil es noch nicht wieder aufgeh\u00f6rt hatte.<\/p>\n<p><a href='http:\/\/ski.inmontanis.info\/d\/339051-2\/DSC03302.jpg'><img src=http:\/\/ski.inmontanis.info\/d\/339050-3\/DSC03302.jpg \/><\/a><br \/>\n^ Abfahrten links vom Borga-SL nun pr\u00e4pariert, Wetter war auch besser als gemeldet heute<\/p>\n<p><a href='http:\/\/ski.inmontanis.info\/d\/339055-2\/DSC03305.jpg'><img src=http:\/\/ski.inmontanis.info\/d\/339054-3\/DSC03305.jpg \/><\/a><br \/>\n^ In der V\u00e4rmestuga wurde seit letztem Jahr ein alter Holzb\u00fcgel aufgeh\u00e4ngt. Ob das wohl einer der B\u00fcgel war, die Alimak fr\u00fcher verwendet hat? Holzb\u00fcgel durfte ich auch schon einge Zeit lang nicht mehr fahren. Glaub zuletzt in Bulgarien<\/p>\n<p><a href='http:\/\/ski.inmontanis.info\/d\/339059-2\/DSC03306.jpg'><img src=http:\/\/ski.inmontanis.info\/d\/339058-3\/DSC03306.jpg \/><\/a><br \/>\n^ Rentiere rechts vom Borga-SL<\/p>\n<p><a href='http:\/\/ski.inmontanis.info\/d\/339063-2\/DSC03309.jpg'><img src=http:\/\/ski.inmontanis.info\/d\/339062-3\/DSC03309.jpg \/><\/a><br \/>\n^ Der Avasj\u00f6-SL ist ja auch ein Alimak-SL, wie so h\u00e4ufig etwas von Liftbyggarna modernisiert; interessant an der letzten St\u00fctze, dass die Quer-Rolle (rechts) nicht wie bei \u00e4lteren Modellen \u00fcblich beidseitig und mit Stange dazwischen ist.<\/p>\n<p><a href='http:\/\/ski.inmontanis.info\/d\/339067-2\/DSC03310.jpg'><img src=http:\/\/ski.inmontanis.info\/d\/339066-3\/DSC03310.jpg \/><\/a><br \/>\n^ Abfahrt direkt rechts vom Borag-SL wg. Schneemangel heuer nicht offen, aber einmal fuhr wohl die Pistenraupe durch und hatte es probiert, aber nicht gereicht. Ich fuhr heute trotzdem mal, weil der Schnee brauchbar war<\/p>\n<p>Das allernervigste an diesem Stellplatz hier in Borgafj\u00e4ll ist dieser ultramiese Mobilfunkempfang. F\u00fcr 0-1 Balken 4G braucht man schon Gl\u00fcck. Beide Handys stundenlang auf verschieden Netzen keinen verwendbaren Internetempfang. SO nervig.<\/p>\n<p><a href='http:\/\/extra.inmontanis.info\/d\/130482-2\/DSC03311.jpg'><img src=http:\/\/extra.inmontanis.info\/d\/130481-3\/DSC03311.jpg \/><\/a><br \/>\n^ Weniger von dem Grillgem\u00fcse w\u00e4r mir lieber gewesen, die Erdnussso\u00dfe zwar nicht scharf, aber etwas fad<\/p>\n<p>Eine der besten Erdnusso\u00dfen waren im ungek\u00fchlten Carrefour-Fertiggericht, dass es ja leider seit ein paar Jahren nicht mehr gibt.<\/p>\n<p>In Sogn hat man aus Schneespargr\u00fcnden nun auch den Tages-Skibetrieb am Freitag eingestellt und nur noch SA+SO tags\u00fcber offen. Plus DI+DO abends<\/p>\n<p>Tja, h\u00e4tte ich also echt beim Rauffahren die Norwegenrunde machen m\u00fcssen. Zumindest was Sogn+J\u00f6lster betroffen h\u00e4tte. Stranda hat ja seitdem schon etwas mehr offen oder hatte irgendwann mal mehr offen. \u00c4rgerlich, erst in den Alpen so wenig Schnee und dann in Skandinavien ebenso.<\/p>\n<p>Bin ja echt gespannt, ob sich das angepeilte Saisonende Ende April hier in Skandinavien noch ausgehen wird oder ob ich fr\u00fcher zur\u00fcck in die Alpen werde fahren m\u00fcssen &#8230; <\/p>\n<p>Wenn ich jetzt ja nicht nach Blasj\u00f6n fahr und mir die Osterwochenoption auf Norwgen noch aufheben will, h\u00e4tte ich jetzt 2 Wochen in Bydalen\/T\u00e4nn\u00e4s\/Lofsdalen\/Fj\u00e4tervalen, dann die Osterwoche ggf. in NO (oder alternativ Blasj\u00f6n, falls die den oberen Lift noch aufmachen k\u00f6nnen) und dann noch 1 Woche in Storlien\/Trillevallen\/Gruvbacken, falls dort dann noch Schnee liegt.<\/p>\n<p>Oder sollte ich doch besser jetzt schon ein paar Tage Storlien+Trillevallen fahren? Und dann halt sp\u00e4ter nochmals? Oder wird das mit der Norwegenwoche zu Ostern eh nix werden und ich bin dann eh fr\u00fcher in Trillevallen+Storlien?<\/p>\n<p>Ich gab es bald auf, heute noch den Bericht von Klimpfj\u00e4ll online stellen zu k\u00f6nnen (5 Bilder in einer halben Stunde upgeloadet, danach schaltet das Handy mal wieder auf unn\u00fctzes 3G). Gestern war der Empfang wenigstens etwas besser. Vormittags zum Arbeiten gehts auch etwas besser.<\/p>\n<p><strong>Fr, 28.3.2025<\/strong><\/p>\n<p>Ich kam noch relativ trocken zum WC morgens, danach fing es wieder st\u00e4rker zu nieseln an und nach wie vor ist heute mehr Regen gemeldet als gestern, im Tagesverlauf aber st\u00e4rker werdend. Dann doch lieber trocken + Sturm statt Regen ;)<\/p>\n<p>Daf\u00fcr haben sich ab 11 Uhr die Vorhersagen f\u00fcr den Rest des Tages wieder abgeschw\u00e4cht.<\/p>\n<p>Hab mich heut mal f\u00fcr die Sommerskiregenhose (nicht ganz wasserdicht, wei\u00df gar nicht, ob ich die Regenhose auch dabei gehabt h\u00e4tte) und die d\u00fcnne Regenjacke (mit 2 Pullis drunter) entschieden, die aber leider auch nicht mehr richtig dicht war. H\u00e4tte wohl mal den neuen Regenponcho ausprobieren sollen.<\/p>\n<p>Unten Regen, oben Schnee, Pisten gingen anfangs ganz gut. Ab 12:30 wurde es trockener und ab 13 Uhr der Schnee wieder klebriger. Hab mich aber doch gegen ein Tagesbuffet entschieden, weil es nun endlich trocken war, aber um 14 Uhr das Papp-Festival beendet.<\/p>\n<p><a href='http:\/\/ski.inmontanis.info\/d\/339071-2\/ge20250326-28d.jpg'><img src=http:\/\/ski.inmontanis.info\/d\/339070-3\/ge20250326-28d.jpg \/><\/a><br \/>\n^ GPS-Track 26.-28.3.2025 in den Farben au\u00dfer Gelb (=vorherige Besuche)<\/p>\n<p>Fazit: Also eigentlich gef\u00e4llt mir Borgafj\u00e4ll schon ganz gut, selbst wenn man kaum die Skirouten im Wald fahren kann, d\u00fcrfte es mir &#8211; Pappschnee ausgenommen &#8211; selbst derzeit besser gefallen als T\u00e4nn\u00e4skr\u00f6ket, wenn dort wie bei meinem letzten Besuch der K2-SL nur teilweise offen ist.<\/p>\n<p><a href='http:\/\/extra.inmontanis.info\/d\/130486-2\/DSC03315.jpg'><img src=http:\/\/extra.inmontanis.info\/d\/130485-3\/DSC03315.jpg \/><\/a><br \/>\n^ Trocknen der Handschuhe bei der Fahrt<\/p>\n<p>Bei +9\u00b0 (!) hielt ich noch am Frasses in Hoting, aber nicht f\u00fcr einen Lachsburger, sondern f\u00fcr billigere Snacks zum Mitnehmen. Allerdings sollte man den hier besser meiden. Bestellte gro\u00dfe Pommes, wollte er 70,- SEK! Dann nahm ich stattdessen die kleine, verlangte er 45! Kostet normalerweise bei Frasses weniger. Und die &#8220;Peperoni cheese fries&#8221; stehen mit 43,- angeschrieben, kann ja nicht sein, dass die dann g\u00fcnstiger sind. <\/p>\n<p>Nahm noch 5 Chicken Wings dazu, die kosteten 47. Da h\u00e4tt ich doch lieber das Tagesbuffet im Skigebiet gegessen.<\/p>\n<p>Um 17:45 kam ich am Nachtplatz in Str\u00f6msund an. Morgen lt. Navi noch 2:45 bis Bydalen plus tanken plus einkaufen. Etwas Regen heut Abend und dazwischen M\u00f6wenger\u00e4usche, zwar etwas irref\u00fchrend, weil hier ja kein Meer ist,  aber ein See, der nun langsam auftaut.<\/p>\n<p>Bianka &#038; Uwe, die diese Woche in Bydalen waren und eigentlich bis Sonntag bleiben wollten, sind nun wegen des schlechten Schnees vorzeitig, heute, abgereist, war wohl ebenso bremsig wie in Borgafj\u00e4ll. Die beiden wollen ja mit zwei kleinen Kids noch in die Alpen (vmtl. wieder Pitztal+Livigno wie letztes Jahr). Dennoch werd ich Bydalen morgen mal anfahren.<\/p>\n<p>.. und ich sollte mehr Gl\u00fcck haben, zumindest am SA+SO kein Pappschnee und auch nicht so viel Wind. <\/p>\n<p>N\u00e4chster Bericht also aus Bydalen, sobald ich abgereist bin. Wird fr\u00fchestens am DI, vermutlich eher am MI oder DO, sp\u00e4testens am FR sein.<\/p>\n","protected":false},"excerpt":{"rendered":"<p>Mi, 26.3.2025<\/p>\n<p>Einkaufen musste ich heute in Vihelmina nicht, Tankstelle besuchte ich dann erst in Dorotea und nahm dort endlich mal wieder ein Hotdog (Bacon\/Cheese) mit.<\/p>\n<p> ^ Im kleinen Skigebiet in Dorotea war ich auch noch nie<\/p>\n<p> ^ Weiter nach Borgafj\u00e4ll<\/p>\n<p>Um 10 Uhr kam ich am hinteren SL in Borgafj\u00e4ll an, wo <a href=\"http:\/\/blog.inmontanis.info\/?p=10718\">[&#8230;]<\/a><\/p>\n","protected":false},"author":1,"featured_media":10721,"comment_status":"closed","ping_status":"closed","sticky":false,"template":"","format":"standard","meta":{"footnotes":""},"categories":[940,686,19,27],"tags":[],"class_list":["post-10718","post","type-post","status-publish","format-standard","has-post-thumbnail","hentry","category-2025-01-alpenskandinavien","category-borgafjall","category-schwedensweden","category-skifahren-winterskiing-winter","odd"],"_links":{"self":[{"href":"http:\/\/blog.inmontanis.info\/index.php?rest_route=\/wp\/v2\/posts\/10718","targetHints":{"allow":["GET"]}}],"collection":[{"href":"http:\/\/blog.inmontanis.info\/index.php?rest_route=\/wp\/v2\/posts"}],"about":[{"href":"http:\/\/blog.inmontanis.info\/index.php?rest_route=\/wp\/v2\/types\/post"}],"author":[{"embeddable":true,"href":"http:\/\/blog.inmontanis.info\/index.php?rest_route=\/wp\/v2\/users\/1"}],"replies":[{"embeddable":true,"href":"http:\/\/blog.inmontanis.info\/index.php?rest_route=%2Fwp%2Fv2%2Fcomments&post=10718"}],"version-history":[{"count":3,"href":"http:\/\/blog.inmontanis.info\/index.php?rest_route=\/wp\/v2\/posts\/10718\/revisions"}],"predecessor-version":[{"id":10722,"href":"http:\/\/blog.inmontanis.info\/index.php?rest_route=\/wp\/v2\/posts\/10718\/revisions\/10722"}],"wp:featuredmedia":[{"embeddable":true,"href":"http:\/\/blog.inmontanis.info\/index.php?rest_route=\/wp\/v2\/media\/10721"}],"wp:attachment":[{"href":"http:\/\/blog.inmontanis.info\/index.php?rest_route=%2Fwp%2Fv2%2Fmedia&parent=10718"}],"wp:term":[{"taxonomy":"category","embeddable":true,"href":"http:\/\/blog.inmontanis.info\/index.php?rest_route=%2Fwp%2Fv2%2Fcategories&post=10718"},{"taxonomy":"post_tag","embeddable":true,"href":"http:\/\/blog.inmontanis.info\/index.php?rest_route=%2Fwp%2Fv2%2Ftags&post=10718"}],"curies":[{"name":"wp","href":"https:\/\/api.w.org\/{rel}","templated":true}]}}