{"id":10714,"date":"2025-03-25T18:41:40","date_gmt":"2025-03-25T17:41:40","guid":{"rendered":"http:\/\/blog.inmontanis.info\/?p=10714"},"modified":"2025-03-28T19:00:48","modified_gmt":"2025-03-28T18:00:48","slug":"klimpfjall-25-3-2025-komplettes-skigebiet-fur-mich-allein","status":"publish","type":"post","link":"http:\/\/blog.inmontanis.info\/?p=10714","title":{"rendered":"Klimpfj\u00e4ll, 25.3.2025 &#8211; komplettes Skigebiet f\u00fcr mich allein"},"content":{"rendered":"<p><strong>Di, 25.3.2025<\/strong><\/p>\n<p>Die Nacht verlief etwas unruhig, weil  es etliche Sturmb\u00f6en gab. Soll tags\u00fcber in Klimpfj\u00e4ll aber etwas abschw\u00e4chen, aber kann auch nur im Tal sein.<\/p>\n<p>Preise: TK 455, HTK 410, wobei nirgends steht, wann die HTK gilt. Relativ teuer also, falls der Hauptlift wegen Wind nicht in Betrieb sein sollte.<\/p>\n<p>Der Parkplatz hinter Stalon, der am 2.4.2021 ger\u00e4umt war, ist es aktuell (noch) nicht, also gut, dass ich da  nicht h\u00e4tte \u00fcbernachten wollen. Der f\u00e4llt somit auch f\u00fcr heute Abend weg. <\/p>\n<p>Ich war froh, dass heute schon welche vor mir die Schneewehen auf den Strasen befahren hatten, es gab auch wieder einige nervig tiefe Spurrinnen im verkrusteten Eis plus Sturmb\u00f6en. Die Schneewehen k\u00f6nnten auch auf der Stra\u00dfe von Stalon nach Borgafj\u00e4ll ein Problem werden, weil es ja ein kurzes freies Hochplateau gibt, wie ich vor ein paar Wochen erneut festgestellt hatte. Das w\u00e4r vielleicht heut Nachmittag eh besser zu fahren als morgen Fr\u00fch. Der Umweg w\u00e4re allerdings 131km, aber nach meinen bisherigen Erfahrungen mit solchen Stra\u00dfen bei Wind plus den heutigen und gestrigen Stra\u00dfenverh\u00e4ltnissen nach &#8230; werd ich dort heut nicht r\u00fcber fahren wollen oder k\u00f6nnen..<\/p>\n<p>Das letzte unger\u00e4umte St\u00fcck hinauf zum Parkplatz am langen SL war auch etwas grenzwertig, aber ob am vorderen Lift \u00fcberhaupt Parkpl\u00e4tze sind, wei\u00df ich nicht, zudem fuhr der glaub ich immer etwas sp\u00e4ter erst. <\/p>\n<p><a href='http:\/\/extra.inmontanis.info\/d\/130450-2\/DSC03241.jpg'><img src=http:\/\/extra.inmontanis.info\/d\/130449-3\/DSC03241.jpg \/><\/a><br \/>\n^ Dikan\u00e4s-Stalon. Gut, dass schon ein paar Leute vor mir durch die Schneewehen gefahren sind<\/p>\n<p><a href='http:\/\/extra.inmontanis.info\/d\/130454-2\/DSC03243.jpg'><img src=http:\/\/extra.inmontanis.info\/d\/130453-3\/DSC03243.jpg \/><\/a><br \/>\n^ Stalon, 65km nach Klimpfj\u00e4ll und wieder zur\u00fcck, soll ich mir das echt antun?<\/p>\n<p><a href='http:\/\/extra.inmontanis.info\/d\/130458-2\/DSC03244.jpg'><img src=http:\/\/extra.inmontanis.info\/d\/130457-3\/DSC03244.jpg \/><\/a><br \/>\n^ Stalon-Klimpfj\u00e4ll<\/p>\n<p><a href='http:\/\/extra.inmontanis.info\/d\/130462-2\/DSC03246.jpg'><img src=http:\/\/extra.inmontanis.info\/d\/130461-3\/DSC03246.jpg \/><\/a><br \/>\n^ Der Parkplatz links ist heuer leider (noch?) nicht ger\u00e4umt<\/p>\n<p><a href='http:\/\/extra.inmontanis.info\/d\/130466-2\/DSC03252.jpg'><img src=http:\/\/extra.inmontanis.info\/d\/130465-3\/DSC03252.jpg \/><\/a><br \/>\n^ Auffahrt zum Parkplatz am hinteren Norr-SL in Klimpfj\u00e4ll<\/p>\n<p><a href='http:\/\/ski.inmontanis.info\/d\/338971-3\/DSC03253.jpg'><img src=http:\/\/ski.inmontanis.info\/d\/338970-4\/DSC03253.jpg \/><\/a><br \/>\n^ Fahrt zum Parkplatz am hinteren Norr-SL<\/p>\n<p>Um 9:10 kam ich also am leeren Parkplatz an, ungemeldet schneite es etwas, der lange SL fuhr langsam, evtl. weil noch kein Skifahrer da. W\u00e4hrend anderswo, zB. Kittelfj\u00e4ll, die Boardie-B\u00fcgel wieder mit normalen ausgetauscht wurden, wurde hier letztens der Haupt-SL mit den bl\u00f6den Boardie-B\u00fcgeln komplett ausgetauscht :( Und wie ich sp\u00e4ter sah, auch der Sydlift (der aber nicht ganz) :(<\/p>\n<p>Borgafj\u00e4ll solls die n\u00e4chsten Tage auch leicht schneien bzw. am DO leicht regnen, dazu windig\/st\u00fcrmisch sein, am DO am st\u00e4rksten gemeldet. Hier aber ja auch. Oder ich bleib hier 2 Tage und verzichte auf Borga?<\/p>\n<p><a href='http:\/\/ski.inmontanis.info\/d\/338975-2\/DSC03258.jpg'><img src=http:\/\/ski.inmontanis.info\/d\/338974-3\/DSC03258.jpg \/><\/a><br \/>\n^ Links von der Bergstation Norrliften<\/p>\n<p><a href='http:\/\/ski.inmontanis.info\/d\/338979-3\/DSC03259.jpg'><img src=http:\/\/ski.inmontanis.info\/d\/338978-4\/DSC03259.jpg \/><\/a><br \/>\n^ Die Schilder hat heut keiner aufgestellt ;)<\/p>\n<p><a href='http:\/\/ski.inmontanis.info\/d\/338983-3\/DSC03261.jpg'><img src=http:\/\/ski.inmontanis.info\/d\/338982-3\/DSC03261.jpg \/><\/a><br \/>\n^ Abfahrt links vom Norrliften, erst bin ich die frisch pr\u00e4parierten Abfahrten gefahren  &#8230;<\/p>\n<p><a href='http:\/\/ski.inmontanis.info\/d\/338987-3\/DSC03262.jpg'><img src=http:\/\/ski.inmontanis.info\/d\/338986-4\/DSC03262.jpg \/><\/a><br \/>\n^ &#8230; dann die nicht frisch pr\u00e4parierten Abfahrten ..<\/p>\n<p><a href='http:\/\/ski.inmontanis.info\/d\/338991-3\/DSC03264.jpg'><img src=http:\/\/ski.inmontanis.info\/d\/338990-4\/DSC03264.jpg \/><\/a><br \/>\n^ .. und schlie\u00dflich kam der Wald dran (hier im Transsylvanien-Bereich), wobei man bei den letzteren beiden auf verwehten Schnee aufpassen musste<\/p>\n<p><a href='http:\/\/ski.inmontanis.info\/d\/338995-2\/DSC03266.jpg'><img src=http:\/\/ski.inmontanis.info\/d\/338994-3\/DSC03266.jpg \/><\/a><br \/>\n^ Leider haben nun beide SL die bl\u00f6den Boardie-B\u00fcgel, wobei es hier am Sydlift immerhin noch ein paar wenige normale gibt<\/p>\n<p><a href='http:\/\/ski.inmontanis.info\/d\/338999-2\/DSC03267.jpg'><img src=http:\/\/ski.inmontanis.info\/d\/338998-3\/DSC03267.jpg \/><\/a><br \/>\n^ Abfahrt am Sydlift, die einzige pr\u00e4oarierte Spur. Die unpr\u00e4parierten Abfahrten waren hier heut leider m\u00fcllig durch den etwas pappig-windgepresst-bruchharschen Neuschnee; war am Norrliften besser<\/p>\n<p><a href='http:\/\/ski.inmontanis.info\/d\/339003-2\/DSC03268.jpg'><img src=http:\/\/ski.inmontanis.info\/d\/339002-3\/DSC03268.jpg \/><\/a><br \/>\n^ Norrliften, leider komplett mit Boardie-B\u00fcgel<\/p>\n<p>Um 12:30 Uhr ging ich mal nochmals zur Pinkelpause ins Haus rein und fragte, warum die Lifte t\u00e4glich ge\u00f6ffnet w\u00e4ren, wenn keiner kommt, worauf er meinte, dass nachmittags noch welche kommen w\u00fcrden.<\/p>\n<p>Ich kaufte ich mir eine Portion (7 Stk.) Chicken Nuggets mit Pommes und inkl. 1 Dip um 90,-. also ca. 8,10 \u20ac, Ketchup stand am Tisch und ich war \u00fcberrascht, dass es im Restaurant noch ein 2. Mitarbeiter war und nicht der vom Skishop den Skishop und beide SL und das Restaurant managed bei so wenig Andrang ;)<\/p>\n<p>4 Schneemobilisten (Rentner) waren auch da. Hamburger 90, Hamburger+Pommes 140.  Bbq-Dip gabs leider nicht, aber Bearnaise, dann halt das. Naja, hab ja noch Bearnaise offen im K\u00fchlschrank, vielleicht h\u00e4tte ich sweet chili nehmen sollen, w\u00e4re fruchtiger gewesen als die mayo-lastige Bearnaise.<\/p>\n<p><a href='http:\/\/ski.inmontanis.info\/d\/339007-2\/DSC03269.jpg'><img src=http:\/\/ski.inmontanis.info\/d\/339006-3\/DSC03269.jpg \/><\/a><br \/>\n^ Chicken Nuggets mit Pommes<\/p>\n<p><a href='http:\/\/ski.inmontanis.info\/d\/339011-2\/DSC03270.jpg'><img src=http:\/\/ski.inmontanis.info\/d\/339010-3\/DSC03270.jpg \/><\/a><br \/>\n^ Pistenplan, k\u00f6nnte neu sein, weil hier mal deutlicher eingezeichnet ist, dass die ganz linke Skiroute von der K2-H\u00fctte losgeht. Das war mir im Fr\u00fchjahr nie klar, denn da sind einige heftige Felskanten.<\/p>\n<p><a href='http:\/\/ski.inmontanis.info\/d\/339015-2\/DSC03271.jpg'><img src=http:\/\/ski.inmontanis.info\/d\/339014-3\/DSC03271.jpg \/><\/a><br \/>\n^ Japan-Offpistebereich, nicht nur hier musste man auf schwer zu sehende Bachl\u00e4ufe aufpassen<\/p>\n<p><a href='http:\/\/ski.inmontanis.info\/d\/339019-2\/DSC03273.jpg'><img src=http:\/\/ski.inmontanis.info\/d\/339018-3\/DSC03273.jpg \/><\/a><br \/>\n^ Bergstation Syd-SL; die Bergstation k\u00f6nnt ich so nicht zuordnen, aber die St\u00fctzen sind Alimak<\/p>\n<p><a href='http:\/\/ski.inmontanis.info\/d\/339023-2\/ge20250325c.jpg'><img src=http:\/\/ski.inmontanis.info\/d\/339022-3\/ge20250325c.jpg \/><\/a><br \/>\n^ GPS-Track 25.3.2025 in Gelb, vorherige Besuche in Blau<\/p>\n<p>Wie schon h\u00e4ufig dieses Jahr, hab ich nicht viele Fotos gemacht und verweise auf meine vorherigen Berichte.<\/p>\n<p>Um 14:45 beendete ich den Skitag mit vermutlich einer Premiere: den ganzen Tag der einzige Skifahrer in einem ge\u00f6ffneten Skigebiet gewesen zu sein!! Wie traurig ist das denn bitte&#8230;<\/p>\n<p>Wobei Klimpfj\u00e4ll ja auch bei meinen vorherigen Besuchen meist sehr leer war und ich war schon mal f\u00fcr ein oder zwei Stunden der einzige an einem der beiden Lifte, auch in T\u00e4nn\u00e4skr\u00f6ket kann man am K2-SL schon mal einige Zeit lang alleine fahren, aber den ganzen Skitag kein einziger Skifahrer au\u00dfer mir? Glaub das hatte ich noch nicht erlebt.<\/p>\n<p>Morgen h\u00e4tte ich mir ja Urlaub genommen, aber wenn der eine Platz nicht ger\u00e4umt ist und ich bis Borgafj\u00e4ll zum Campingplatz fahren m\u00fcsste, sofern ich die Abk\u00fcrzungsstra\u00dfe werd fahren wollen\/k\u00f6nnen .. Der Vorteil an der 130km-Umwegstra\u00dfe w\u00e4r dann, dass ich heut keinen Campingplatz zahlen m\u00fcsste, weil da sicher irgendwo ein Platz w\u00e4r.<\/p>\n<p>Beim Checken der Stra\u00dfenzustands-Website gesehen: zwischen Bj\u00f6rkliden und Riksgr\u00e4nsen (!) gibt&#8217;s heute Kolonnefahren wg. des Wetters! Und die Stra\u00dfe von Norwegen nach J\u00e4ckvik ist auf schwedischer Seite diesmal gleich ganz gesperrt!<\/p>\n<p>Schlussendlich entschied ich mich f\u00fcr den Umweg \u00fcber Vilhelmina und Dorotea und frei \u00fcbernachten in Vilhelmina.<\/p>\n<p>Der Nachteil an der Wahl ist nun, dass dann der Umweg nach Borgafj\u00e4ll und zur\u00fcck (also es nochmals besuchen oder nicht)  eigentlich unlohnenswerte 209km sind, bei den mikrigen Schneeh\u00f6hen momentan &#8211; es scheint noch weniger zu liegen laut Webcam als bei meinem Besuch vor ein paar Wochen &#8230;<\/p>\n<p>Wettervorhersagen Borgafj\u00e4ll\/Bydalen sind nicht so unterschiedlich, au\u00dfer dass es hier vielleicht etwas mehr regnen oder schneien soll. Gemeldet ist da nicht viel, eher wohl bissl Niesel. Sonnig am SA+SO in Bydalen, aber st\u00fcrmisch gemeldet.<\/p>\n<p>Um 18 Uhr kam ich in Vilhelmina an. Auf Supermarkt oder Tankstelle (tanken oder Hotdog) oder Frasses hatte ich keine Lust mehr. Nach Borgafj\u00e4ll sind&#8217;s dann ca. 2,5h, nach Bydalen eher 4-5h, auch etwas viel eigentlich. Ich sollte mir abgew\u00f6hnen, in Skandinavien jeden Tag Ski fahren zu wollen &#8230;<\/p>\n<p><a href='http:\/\/extra.inmontanis.info\/d\/130470-2\/DSC03279.jpg'><img src=http:\/\/extra.inmontanis.info\/d\/130469-3\/DSC03279.jpg \/><\/a><br \/>\n^ Am See in Vilhelmina<\/p>\n<p> &#8211; &#8211; &#8211;<\/p>\n<p>&#8230; und wieder einmal schl\u00e4gt die Realit\u00e4t die Satire: Die wohl unf\u00e4higste und peinlichste (deutsche) Au\u00dfenministerin aller Zeiten soll jetzt UN-Generalversammlungs-Pr\u00e4sidentin werden :))<br \/>\n<a href='https:\/\/www.nachdenkseiten.de\/?p=130463'>https:\/\/www.nachdenkseiten.de\/?p=130463<\/a><\/p>\n","protected":false},"excerpt":{"rendered":"<p>Di, 25.3.2025<\/p>\n<p>Die Nacht verlief etwas unruhig, weil es etliche Sturmb\u00f6en gab. Soll tags\u00fcber in Klimpfj\u00e4ll aber etwas abschw\u00e4chen, aber kann auch nur im Tal sein.<\/p>\n<p>Preise: TK 455, HTK 410, wobei nirgends steht, wann die HTK gilt. Relativ teuer also, falls der Hauptlift wegen Wind nicht in Betrieb sein sollte.<\/p>\n<p>Der Parkplatz hinter Stalon, <a href=\"http:\/\/blog.inmontanis.info\/?p=10714\">[&#8230;]<\/a><\/p>\n","protected":false},"author":1,"featured_media":10717,"comment_status":"closed","ping_status":"closed","sticky":false,"template":"","format":"standard","meta":{"footnotes":""},"categories":[940,653,19,27],"tags":[47],"class_list":["post-10714","post","type-post","status-publish","format-standard","has-post-thumbnail","hentry","category-2025-01-alpenskandinavien","category-klimpfjall","category-schwedensweden","category-skifahren-winterskiing-winter","tag-sl","odd"],"_links":{"self":[{"href":"http:\/\/blog.inmontanis.info\/index.php?rest_route=\/wp\/v2\/posts\/10714","targetHints":{"allow":["GET"]}}],"collection":[{"href":"http:\/\/blog.inmontanis.info\/index.php?rest_route=\/wp\/v2\/posts"}],"about":[{"href":"http:\/\/blog.inmontanis.info\/index.php?rest_route=\/wp\/v2\/types\/post"}],"author":[{"embeddable":true,"href":"http:\/\/blog.inmontanis.info\/index.php?rest_route=\/wp\/v2\/users\/1"}],"replies":[{"embeddable":true,"href":"http:\/\/blog.inmontanis.info\/index.php?rest_route=%2Fwp%2Fv2%2Fcomments&post=10714"}],"version-history":[{"count":2,"href":"http:\/\/blog.inmontanis.info\/index.php?rest_route=\/wp\/v2\/posts\/10714\/revisions"}],"predecessor-version":[{"id":10716,"href":"http:\/\/blog.inmontanis.info\/index.php?rest_route=\/wp\/v2\/posts\/10714\/revisions\/10716"}],"wp:featuredmedia":[{"embeddable":true,"href":"http:\/\/blog.inmontanis.info\/index.php?rest_route=\/wp\/v2\/media\/10717"}],"wp:attachment":[{"href":"http:\/\/blog.inmontanis.info\/index.php?rest_route=%2Fwp%2Fv2%2Fmedia&parent=10714"}],"wp:term":[{"taxonomy":"category","embeddable":true,"href":"http:\/\/blog.inmontanis.info\/index.php?rest_route=%2Fwp%2Fv2%2Fcategories&post=10714"},{"taxonomy":"post_tag","embeddable":true,"href":"http:\/\/blog.inmontanis.info\/index.php?rest_route=%2Fwp%2Fv2%2Ftags&post=10714"}],"curies":[{"name":"wp","href":"https:\/\/api.w.org\/{rel}","templated":true}]}}