{"id":10709,"date":"2025-03-24T19:59:35","date_gmt":"2025-03-24T18:59:35","guid":{"rendered":"http:\/\/blog.inmontanis.info\/?p=10709"},"modified":"2025-03-26T20:20:09","modified_gmt":"2025-03-26T19:20:09","slug":"kittelfjall-23-24-3-2025","status":"publish","type":"post","link":"http:\/\/blog.inmontanis.info\/?p=10709","title":{"rendered":"Kittelfj\u00e4ll, 23.-24.3.2025"},"content":{"rendered":"<p><strong>So, 23.3.2025<\/strong><\/p>\n<p><a href='http:\/\/extra.inmontanis.info\/d\/130406-2\/DSC03125.jpg'><img src=http:\/\/extra.inmontanis.info\/d\/130405-3\/DSC03125.jpg \/><\/a><br \/>\n^ Nein, kein Skigebiet, trotz der Schneisen<\/p>\n<p><a href='http:\/\/extra.inmontanis.info\/d\/130410-3\/DSC03131.jpg'><img src=http:\/\/extra.inmontanis.info\/d\/130409-4\/DSC03131.jpg \/><\/a><br \/>\n^ <\/p>\n<p><a href='http:\/\/extra.inmontanis.info\/d\/130414-3\/DSC03137.jpg'><img src=http:\/\/extra.inmontanis.info\/d\/130413-4\/DSC03137.jpg \/><\/a><br \/>\n^ Da scheinen einige Lawinen abgegangen zu sein an dem wei\u00dfen Gipfel<\/p>\n<p>Um 9:55 kam ich in Kittelfj\u00e4ll an, wo heuer wesentlich weniger Schnee liegt als sonst. Kurz vorher hatte ich aber mal die Kontrolle \u00fcber mein Auto verloren, da es nur nach einer kleinen Wasserpf\u00fctze am Rand aussah, dann aber eine tiefe Pf\u00fctze mit Schneematsch drunter oder so war, und weil l\u00e4nger, konnte ich dort nicht mehr lenken, sondern musste hoffen, dass mich die Schwerkraft und der Untergrund unter dem Wasser nicht von der Stra\u00dfe schob, paar mal musste ich Gegenlenken, schien mir ziemlich knapp. <\/p>\n<p>Auf der Homepage stand ja eigentlich, dass es f\u00fcr Skifahrer gratis Parkpl\u00e4tze gibt, aber auf den Schildern an den Parkpl\u00e4tzen liest man nix davon. Wobei 20,- SEK jetzt auch nicht so teuer w\u00e4ren, aber wenn auf der anderen Stra\u00dfenseite eine freie Parkbucht mit P-Zeichen ist, hielt ich wie letztes Jahr am letzte Tag eben wieder hier. <\/p>\n<p>Der Skipass ist momentan stark verg\u00fcnstigt jewils von SO-MI, die Tageskarte 343 (statt 490), also ca. 31 \u20ac; 2TK 644, HTK 9-13\/12-16 315. D.h. 1xTK + 1xHTK w\u00e4re teurer als 2TK, aber da morgen etwas st\u00fcrmisch gemeldet wird und ich erstmal die Schneeverh\u00e4ltnisse testen wollte, wollte ich den morgigen Kauf lieber abwarten &#8230;. wobei es andererseits erst am Nachmittag st\u00fcrmischer und Schneefall gemeldet wird .. naja, schon gekauft jetzt. <\/p>\n<p>Auf den (heuer wenigen) pr\u00e4parierten Pisten blieb es oben hart, die sonnenbestrahlteren Steilh\u00e4nge weichten dagegen fr\u00fcher auf. Auf den unpr\u00e4parierten Varianten je nachdem, teilweise schon fr\u00fch sch\u00f6n weich, teils noch recht gefroren (aber fahrbar) und bei den seltener befahreneren St\u00fccken sp\u00e4ter schwerer Pappschnee. Aber in Summe ganz gut, bis ab 14 Uhr die aufgetauten Stellen wieder anfroren im Schatten, gar nicht sch\u00f6n.<\/p>\n<p>Der Toilettencontainer am Jan-SL war au\u00dfer Funktion, in der V\u00e4rmestuga am Hotel-SL gab es auch heuer wieder viele Ameisen.<\/p>\n<p>Alle Varianten bin ich nat\u00fcrlich nicht gefahren, geht an einem Tag gar nicht und nachmittags ja dann eh unsch\u00f6n angefroren. <\/p>\n<p>Da ich bereits viele Fotos aus dem Skigebiet online hab, hab ich auch nicht viel fotografiert.<\/p>\n<p><a href='http:\/\/ski.inmontanis.info\/d\/338899-2\/DSC03146.jpg'><img src=http:\/\/ski.inmontanis.info\/d\/338898-3\/DSC03146.jpg \/><\/a><br \/>\n^ In Kittelfj\u00e4ll im Ort liegt recht wenig Schnee<\/p>\n<p><a href='http:\/\/ski.inmontanis.info\/d\/338903-2\/DSC03150.jpg'><img src=http:\/\/ski.inmontanis.info\/d\/338902-3\/DSC03150.jpg \/><\/a><br \/>\n^ Jan-SL und links die Storgrova, die gesperrt ist, liegt auch kaum Schnee<\/p>\n<p><a href='http:\/\/ski.inmontanis.info\/d\/338907-2\/DSC03153.jpg'><img src=http:\/\/ski.inmontanis.info\/d\/338906-3\/DSC03153.jpg \/><\/a><br \/>\n^ Links vom Hotel-SL<\/p>\n<p><a href='http:\/\/ski.inmontanis.info\/d\/338911-2\/DSC03159.jpg'><img src=http:\/\/ski.inmontanis.info\/d\/338910-3\/DSC03159.jpg \/><\/a><br \/>\n^ Efter Dig links vom Hotel SL<\/p>\n<p><a href='http:\/\/ski.inmontanis.info\/d\/338915-2\/DSC03168.jpg'><img src=http:\/\/ski.inmontanis.info\/d\/338914-3\/DSC03168.jpg \/><\/a><br \/>\n^ Die sch\u00f6ne B-E&#8217;s L\u00f6pa ganz links<\/p>\n<p><a href='http:\/\/ski.inmontanis.info\/d\/338919-2\/DSC03171.jpg'><img src=http:\/\/ski.inmontanis.info\/d\/338918-3\/DSC03171.jpg \/><\/a><br \/>\n^ Die sch\u00f6ne B-E&#8217;s L\u00f6pa ganz links<\/p>\n<p><a href='http:\/\/ski.inmontanis.info\/d\/338923-2\/DSC03174.jpg'><img src=http:\/\/ski.inmontanis.info\/d\/338922-3\/DSC03174.jpg \/><\/a><br \/>\n^ Glaub da bin ich die K\u00e5l\u00e5rado gefahren<\/p>\n<p><a href='http:\/\/ski.inmontanis.info\/d\/338927-2\/DSC03177.jpg'><img src=http:\/\/ski.inmontanis.info\/d\/338926-3\/DSC03177.jpg \/><\/a><br \/>\n^ Pano rechts vom Hotel-SL zum Jan-SL<\/p>\n<p><a href='http:\/\/ski.inmontanis.info\/d\/338931-3\/DSC03180.jpg'><img src=http:\/\/ski.inmontanis.info\/d\/338930-4\/DSC03180.jpg \/><\/a><br \/>\n^ tja, eigentlich w\u00fcrde man ja in der Senke fahren, aber bei den momentanen Schneeverh\u00e4ltnissen &#8230;<\/p>\n<p><a href='http:\/\/ski.inmontanis.info\/d\/338935-3\/DSC03183.jpg'><img src=http:\/\/ski.inmontanis.info\/d\/338934-4\/DSC03183.jpg \/><\/a><br \/>\n^ Jan-SL<\/p>\n<p><a href='http:\/\/ski.inmontanis.info\/d\/338939-3\/DSC03189.jpg'><img src=http:\/\/ski.inmontanis.info\/d\/338938-4\/DSC03189.jpg \/><\/a><br \/>\n^ Majbacken, liegt heuer zu wenig Schnee und ist nicht pr\u00e4pariert<\/p>\n<p><a href='http:\/\/ski.inmontanis.info\/d\/338943-3\/DSC03195.jpg'><img src=http:\/\/ski.inmontanis.info\/d\/338942-4\/DSC03195.jpg \/><\/a><br \/>\n^ Pastorn ganz rechts wird normalerweise auch mit mind. 1 Spur pr\u00e4pariert &#8211; n\u00f6, zu wenig Schnee<\/p>\n<p><a href='http:\/\/ski.inmontanis.info\/d\/338947-3\/DSC03198.jpg'><img src=http:\/\/ski.inmontanis.info\/d\/338946-4\/DSC03198.jpg \/><\/a><br \/>\n^ Hotel-SL<\/p>\n<p><a href='http:\/\/ski.inmontanis.info\/d\/338951-3\/DSC03204.jpg'><img src=http:\/\/ski.inmontanis.info\/d\/338950-4\/DSC03204.jpg \/><\/a><br \/>\n^ Lillgrova nachmittags zu fahren, wo die Schnee-Seite nur noch im Schatten war, war eine schlechte Idee, aber &#8230;<\/p>\n<p><a href='http:\/\/ski.inmontanis.info\/d\/338955-3\/DSC03207.jpg'><img src=http:\/\/ski.inmontanis.info\/d\/338954-4\/DSC03207.jpg \/><\/a><br \/>\n^ .. aber anscheinend hat sich im Laufe des Tages diese Schlammlawine hier auf den Schnee ergossen<\/p>\n<p><a href='http:\/\/ski.inmontanis.info\/d\/338959-3\/DSC03210.jpg'><img src=http:\/\/ski.inmontanis.info\/d\/338958-4\/DSC03210.jpg \/><\/a><br \/>\n^ Schlammlawine ;) Der Schnee schaut in den gro\u00dfen Rinnen hier ja eh wie am \u00c4tna aus, schwarz best\u00e4ubt, aber das wirkt auch nochmals wie am Vulkan<\/p>\n<p>Letzte Bergfahrt machte ich um 15:30, weil nun auch der Sulz auf den pr\u00e4parierten Pisten unsch\u00f6n angefroren war.<\/p>\n<p>Morgen VM vielleicht noch etwas Sonne, NM melden alle Wetterberichte etwas Schneefall. Vielleicht doch ab 9:30 frei nehmen und noch die Vormittagskarte (bis 1300) kaufen? Da w\u00e4r dann der 2-TK g\u00fcnstiger und flexibler gewesen.<\/p>\n<p>Da der Campingplatz laut Onlinebuchung den teuren Hochsaisontarif verlangt, wollte ich lieber auf den freien Platz stehen, auf dem ich schon mal war, allerdings ist der 18km entfernt in Richtung Norwegen. <\/p>\n<p>Wenn ich gewusst h\u00e4tte, wie schwierig die Stra\u00dfe ist (Schneematsch, Eis) und morgen Fr\u00fch muss ich sie  ja wieder retour, h\u00e4tt ich es wohl nicht gemacht. Hab dann auch einen 3,5km fr\u00fcheren, aber  schlechteren Platz genommen (schr\u00e4g abfallend und mit dem Kopf sehr nah an der Stra\u00dfe, schlechteres Panorama f\u00fcr etwaige Nordlichtfotos)  &#8211; aber dass hier nachts ein Auto vorbei f\u00e4hrt, ist wohl unwahrscheinlich.<\/p>\n<p>Soll ich mir Klimpfj\u00e4ll am DI antun oder nicht? 60km taleinw\u00e4rts, die man wieder zur\u00fcck fahren muss. Borgafj\u00e4ll hab ich noch 3 Tage mit der Saisonkarte; sollte ich also Bl\u00e5sj\u00f6n am WE fahren wollen sollen, h\u00e4tte ich f\u00fcr den DI in Klimpfj\u00e4ll nat\u00fcrlich Zeit &#8230;<\/p>\n<p>Bj\u00f6rkliden heute? Der lange SL offen, der oberste SL dagegen nicht, haben auch wieder viel Wind gemeldet.<\/p>\n<p>Bis zum Ende der Woche sollte ich mir auch \u00fcberlegen, wie ich die n\u00e4chsten Wochen verbringen werde, also wo wann wie lang und ob ich noch die Runde \u00fcber Norwegen (Stranda\/J\u00f8lster\/Sogn) vom Scandinavian Skipass mach oder nicht.<\/p>\n<p>Sogn hat unten wohl schon recht wenig Schnee und n\u00e4chste Woche ist mal wieder Regen gemeldet und weil Sogn&#038;J\u00f8lster ja au\u00dferhalb der Ferien nur am WE (bzw. tw FR) offen haben, wird das in Summe wohl wieder nur 1 Woche f\u00fcr haufenweise Umwegfahrerei &#8230; <\/p>\n<p>Stranda hat auch weniger offen als letztes Jahr.  Und J\u00f8lster hat wohl (schon seit einigen Wochen?!) wg. warmen Wetters geschlossen und auch dort ist n\u00e4chste Woche mal Regen gemeldet.. <\/p>\n<p>Da h\u00e4tte ich wohl doch gleich am Anfang der Reise die Norwegenrunde machen sollen. Sogn w\u00e4r ja neben Narvik einer der Hauptgr\u00fcnde f\u00fcr den Kauf der Saisonkarte gewesen. Und auch Blasj\u00f6n. <\/p>\n<p>In Bl\u00e5sj\u00f6n soll letztes WE mal wieder der untere SL defekt gewesen sein, obwohl die am 1. und 2. SL ja letzten Sommer einiges ersetzt hatten.  Da w\u00e4r die n\u00e4chsten Tage bissl Neuschnee gemeldet, aber ob das reicht, um den KSSL oben endlich \u00f6ffnen zu k\u00f6nnen?! Ohne den ist&#8217;s auch sinnlos dort. Und ob der dann wirklich ein ganzes WE st\u00f6rungsfrei in Betrieb sein w\u00fcrde?<\/p>\n<p>Heut Abend mal die Routenvarianten gecheckt, mit\/ohne Bl\u00e5sj\u00f6n, mit\/ohne Norwegen (Stranda+Sogn) ab Borgafj\u00e4ll und mit Storlien bzw. Trillevallen als Endpunkt: ohne NO 1000-1200km, mit NO 1900-2100km. Ist also gar nicht mal sooo wild der Umweg, aber: es w\u00e4r halt nur f\u00fcr 1 Woche und es sollte wohl jetzt sein und nicht erst in der Osterwoche, weil ob dann noch Schnee liegt &#8230; <\/p>\n<p>F\u00fcr die 1000km Umweg plus F\u00e4hren plus Maut .. k\u00f6nnt ich mir wohl auch einen Wochenpass in \u00c5re kaufen ;) Aber eigentlich sinds ja eh nur noch 4 Wochen und 7 Skigebiete im Saisonpass, da braucht man gar keine zus\u00e4tzlichen Gebiete mehr anfahren.<\/p>\n<p>Die Osterwochenvariante h\u00e4tte 2 Vorteile: 1. ich kann dann spontan nochmals entschieden, ob ich die NO-Runde noch mach oder nicht (oder zB. Blasj\u00f6n, falls die doch noch Schnee bekommen) und 2. wenn ja, w\u00e4re wg. Osterwoche noch andere Skigebiete t\u00e4glich offen auf dem Weg. Wahrscheinlicher wird wohl sein, dass noch mehr geschlossen sein wird.<\/p>\n<p>In Bydalen ist leider der SSL \u00fcber den Fluss jetzt schon zu. Damit ist Dromlift, Restaurant und der kleine Supermarkt auch nicht mehr mit Ski erreichbar :(<\/p>\n<p><a href='http:\/\/extra.inmontanis.info\/d\/130418-3\/DSC03220.jpg'><img src=http:\/\/extra.inmontanis.info\/d\/130417-4\/DSC03220.jpg \/><\/a><br \/>\n^ Polarlichter h\u00e4tte man heute auch wieder ausgiebig fotografieren k\u00f6nnen<\/p>\n<p><a href='http:\/\/extra.inmontanis.info\/d\/130422-3\/DSC03221.jpg'><img src=http:\/\/extra.inmontanis.info\/d\/130421-4\/DSC03221.jpg \/><\/a><br \/>\n^ Polarlichter h\u00e4tte man heute auch wieder ausgiebig fotografieren k\u00f6nnen<\/p>\n<p><strong>Mo, 24.3.2025<\/strong><\/p>\n<p>Wg. Wetter und l\u00e4ngerer Fahrereien hab ich mir die n\u00e4chsten 2 Tage mal ganz frei genommen und heut ab 9:30.<\/p>\n<p><a href='http:\/\/extra.inmontanis.info\/d\/130426-3\/DSC03226.jpg'><img src=http:\/\/extra.inmontanis.info\/d\/130425-4\/DSC03226.jpg \/><\/a><br \/>\n^ Richtung Kittelfj\u00e4ll auf der Stra\u00dfe, die nach Norwegen f\u00fchren w\u00fcrde. <\/p>\n<p>Landschaftlich ist es in Schweden halt einfach sch\u00f6ner als in den Alpen, wo vermutlich mittlerweile schon fast \u00fcberall alles nach Fr\u00fchling aussehen wird.<\/p>\n<p>Vormittags schien die Sonne (teils etwas verschleiert),  ab 12:15 wars dann bedeckt.<\/p>\n<p>Ich nahm also nur die Vormittagskarte um 315,- SEK (bis 13:00), die Pisten waren nach 10e weicher als gestern (ev. heut statt gestern pr\u00e4pariert), unpr\u00e4pariert dagegen noch hart, weichten bald teilweise halbwegs auf, konnte also ein paar Varianten noch fahren. Cam blieb im Auto.<\/p>\n<p><a href='http:\/\/ski.inmontanis.info\/d\/338963-3\/DSC03228.jpg'><img src=http:\/\/ski.inmontanis.info\/d\/338962-4\/DSC03228.jpg \/><\/a><br \/>\n^ Abfahrten und Varianten am Hotel-SL (links im Bild)<\/p>\n<p><a href='http:\/\/ski.inmontanis.info\/d\/338967-3\/ge20250323-24b.jpg'><img src=http:\/\/ski.inmontanis.info\/d\/338966-4\/ge20250323-24b.jpg \/><\/a><br \/>\n^ GPS-Track 23.-24.3.2025 in Gelb und T\u00fcrkis, vorherige Besuche in Magenta<\/p>\n<p>Verlie\u00df ich Kittelfjall letzes Jahr nach einer Woche mit einem &#8220;Na jetzt reichts, kann man n\u00e4chstes Mal mal auslassen&#8221;, ist es heuer eher ein &#8220;gut, dass ich hier war, 2-3 Tage kann man n\u00e4chstes Mal wieder her&#8221;.  Schlie\u00dflich gibts in den Alpen nichts vergleichbares. Allerdings w\u00e4r ich zum Normalpreis wohl nicht hergefahren.<\/p>\n<p>Danach kurz Supermarkt und fraglich, wie weit ich heut fahren will, w\u00fcrde der eine Parkplatz zwischen Stalon und Klimpfj\u00e4ll wieder ger\u00e4umt sein wie vor ein paar Jahren (etwas sp\u00e4ter in der Saison)  oder sollte ich besser dort schlafen, wo ich vor wenigen Wochen war und h\u00e4tte morgen evtl eine Dreiviertelstunde mehr zu fahren? Ist allerdings nur 30-40min entfernt von hier,  also bin ich dort ja eigentlich zu fr\u00fch.<\/p>\n<p>Skip\u00e4sse sind in Klimpfj\u00e4ll momentan ja teurer als hier. Aber vmtl. sind dort eh noch weniger Skifahrer als hier und heute wars schon sehr leer.<\/p>\n<p>Kaum im Auto, fing es um 13:40 zu schneien an.<\/p>\n<p>Der Wochenspeisekarte in Borgafj\u00e4ll nach sollte ich morgen hinfahren: H\u00fchnchen mit Erdnussso\u00dfe. Wobei das in SE ja auch h\u00e4ufig sehr scharf sein kann. Und heute was mit Bearnaiseso\u00dfe :( Schade, aber vielleicht bleibt beidesmal eine Portion tiefgefroren \u00fcbrig, dann muss ich mir die halt so mitnehmen.<\/p>\n<p>In Dikan\u00e4s hab ich mal wieder in den \u00e4lter wirkenden, kleinen Supermarkt geschaut, irgendwie sehr urig, alle Produkte sind wie fr\u00fcher mit Preisaufklebern versehen,  aber wie schon vor ein paar Jahren gibt&#8217;s ein Regal mit vielen abgelaufenen Sachen (diesmal aber 50% runtergesetzt), aber teils echt lang abgelaufen, zB September 2024&#8230;. jedenfalls faszinierend, dass es den Laden immer noch gibt (der Coop gegen\u00fcber h\u00e4tte etwas mehr Auswahl) und dass sie weiterhin so viel abgelaufenes Zeug immer wieder haben .. zumal hier immer viel weniger los ist als dr\u00fcben am Coop und auch in Gmaps wird das nicht als Supermarkt gef\u00fchrt und das ICA-Schild am Haus wurde ja auch entfernt und man kriegt gar nicht so mit, dass da ein Supermarkt ist. Wobei man an der Innenausstattung innen schon auch sieht, dass der fr\u00fcher mal ein gr\u00f6\u00dferes Sortiment hatte.<\/p>\n<p>Hab ein Magnum-Eis mitgenommen, weil es ja leider hier nirgends warme Hotdogs gibt und der Kittelfj\u00e4ll-Coop vorhin auch keine frischen Zimtschnecken hatte (nur die andere Version, die ich nicht so mag).<\/p>\n<p><a href='http:\/\/extra.inmontanis.info\/d\/130430-3\/DSC03230.jpg'><img src=http:\/\/extra.inmontanis.info\/d\/130429-4\/DSC03230.jpg \/><\/a><br \/>\n^ Dikan\u00e4s<\/p>\n<p><a href='http:\/\/extra.inmontanis.info\/d\/130434-3\/DSC03236.jpg'><img src=http:\/\/extra.inmontanis.info\/d\/130433-4\/DSC03236.jpg \/><\/a><br \/>\n^ Dikan\u00e4s, der unscheinbare zweite Supermarkt<\/p>\n<p>Ich find&#8217;s auch faszinierend, dass es bei der kleinen Gr\u00f6\u00dfe des Ortes hier so viel gibt. Wobei das Cafe laut GMaps nur von 8-9 Uhr offen hat und es auch sonst kein Restauarant oder so gibt. Soll aber sogar noch einen Non-Food-Gemischtwarenladen .. also einen kleinen Kaufhaus-Laden geben.<\/p>\n<p>War dann doch noch im Coop dr\u00fcben, schwer zu sagen, wer nun gr\u00f6\u00dfer ist, der Ex-ICA ist vielleicht vom Grundriss her gr\u00f6\u00dfer, aber mehr Auswahl bei engeren G\u00e4ngen hat wohl schon der Coop. <\/p>\n<p>Zwischen den beiden Superm\u00e4rkten:<\/p>\n<p><a href='http:\/\/extra.inmontanis.info\/d\/130438-3\/DSC03231.jpg'><img src=http:\/\/extra.inmontanis.info\/d\/130437-4\/DSC03231.jpg \/><\/a><br \/>\n^ Die Tankstellenmarke uno-x gibts in Schweden auch schon lang nicht mehr<\/p>\n<p><a href='http:\/\/extra.inmontanis.info\/d\/130442-3\/DSC03232.jpg'><img src=http:\/\/extra.inmontanis.info\/d\/130441-4\/DSC03232.jpg \/><\/a><br \/>\n^ .. aber offen k\u00f6nnte die Tankstelle schon noch sein<\/p>\n<p>Dikan\u00e4s ist irgendwie sympathisch heruntergekommen ;) Hier k\u00f6nnt ich mir auch vorstellen zu leben, zumal es in der Gegend bzw. am Schnittpunkt von einigen der sch\u00f6nsten Skigebiete Schwedens ist  (T\u00e4rnaby, Kittelfj\u00e4ll, Klimpfj\u00e4ll).<\/p>\n<p>Um 16 Uhr erreichte ich bei leichtem Schneesturm Parkplatz Nr. 1 und blieb also stehen, morgen ca. 1,5h \/ 90km bis Klimpfj\u00e4ll. Dann hoff ich mal auf 10cm Neuschnee und nicht zu viel Sturm f\u00fcr die Inbetriebnahme beider SL dort.<\/p>\n<p><a href='http:\/\/extra.inmontanis.info\/d\/130446-3\/DSC03240.jpg'><img src=http:\/\/extra.inmontanis.info\/d\/130445-4\/DSC03240.jpg \/><\/a><br \/>\n^ Heut die 2 Hamburger aus Finnland gemacht<\/p>\n","protected":false},"excerpt":{"rendered":"<p>So, 23.3.2025<\/p>\n<p> ^ Nein, kein Skigebiet, trotz der Schneisen<\/p>\n<p> ^ <\/p>\n<p> ^ Da scheinen einige Lawinen abgegangen zu sein an dem wei\u00dfen Gipfel<\/p>\n<p>Um 9:55 kam ich in Kittelfj\u00e4ll an, wo heuer wesentlich weniger Schnee liegt als sonst. Kurz vorher hatte ich aber mal die Kontrolle \u00fcber mein Auto verloren, da es <a href=\"http:\/\/blog.inmontanis.info\/?p=10709\">[&#8230;]<\/a><\/p>\n","protected":false},"author":1,"featured_media":10713,"comment_status":"closed","ping_status":"closed","sticky":false,"template":"","format":"standard","meta":{"footnotes":""},"categories":[940,655,19,27],"tags":[96,45,47],"class_list":["post-10709","post","type-post","status-publish","format-standard","has-post-thumbnail","hentry","category-2025-01-alpenskandinavien","category-kittelfjall","category-schwedensweden","category-skifahren-winterskiing-winter","tag-polarlicht","tag-see","tag-sl","odd"],"_links":{"self":[{"href":"http:\/\/blog.inmontanis.info\/index.php?rest_route=\/wp\/v2\/posts\/10709","targetHints":{"allow":["GET"]}}],"collection":[{"href":"http:\/\/blog.inmontanis.info\/index.php?rest_route=\/wp\/v2\/posts"}],"about":[{"href":"http:\/\/blog.inmontanis.info\/index.php?rest_route=\/wp\/v2\/types\/post"}],"author":[{"embeddable":true,"href":"http:\/\/blog.inmontanis.info\/index.php?rest_route=\/wp\/v2\/users\/1"}],"replies":[{"embeddable":true,"href":"http:\/\/blog.inmontanis.info\/index.php?rest_route=%2Fwp%2Fv2%2Fcomments&post=10709"}],"version-history":[{"count":3,"href":"http:\/\/blog.inmontanis.info\/index.php?rest_route=\/wp\/v2\/posts\/10709\/revisions"}],"predecessor-version":[{"id":10712,"href":"http:\/\/blog.inmontanis.info\/index.php?rest_route=\/wp\/v2\/posts\/10709\/revisions\/10712"}],"wp:featuredmedia":[{"embeddable":true,"href":"http:\/\/blog.inmontanis.info\/index.php?rest_route=\/wp\/v2\/media\/10713"}],"wp:attachment":[{"href":"http:\/\/blog.inmontanis.info\/index.php?rest_route=%2Fwp%2Fv2%2Fmedia&parent=10709"}],"wp:term":[{"taxonomy":"category","embeddable":true,"href":"http:\/\/blog.inmontanis.info\/index.php?rest_route=%2Fwp%2Fv2%2Fcategories&post=10709"},{"taxonomy":"post_tag","embeddable":true,"href":"http:\/\/blog.inmontanis.info\/index.php?rest_route=%2Fwp%2Fv2%2Ftags&post=10709"}],"curies":[{"name":"wp","href":"https:\/\/api.w.org\/{rel}","templated":true}]}}