{"id":10705,"date":"2025-03-22T19:19:01","date_gmt":"2025-03-22T18:19:01","guid":{"rendered":"http:\/\/blog.inmontanis.info\/?p=10705"},"modified":"2025-03-24T19:30:20","modified_gmt":"2025-03-24T18:30:20","slug":"nalovardo-22-3-2025-reinfall","status":"publish","type":"post","link":"http:\/\/blog.inmontanis.info\/?p=10705","title":{"rendered":"Nalovardo, 22.3.2025 &#8211; Reinfall"},"content":{"rendered":"<p><strong>Sa, 22.3.2025<\/strong><\/p>\n<p>Kurz nach 8 Uhr kam ich in Lule\u00e5 am Willys Supermarkt an und war mir weiterhin nicht klar, wo ich heute skifahren wollen w\u00fcrde.<\/p>\n<p>Storklinta mit der weitesten (aber nicht so extremen) Fahrstrecke, gratis mit dem Saisonpass, insb. falls ich mir n\u00e4chstes Jahr den Scandinavian nicht kaufen sollte, wo dann Nalovardo+Kanis auch wieder auf dem Weg zwischen T\u00e4rnaby und Finnland w\u00e4ren<\/p>\n<p>Kanis, weil es auf dem Weg liegt, wo ich aber etwas zu fr\u00fch dort w\u00e4re und dann eigentlich eine halbe Stunde l\u00e4nger h\u00e4tte schlafen k\u00f6nnen und hier noch in den Biltema h\u00e4tte schauen k\u00f6nnen (oder ich wart hier)<\/p>\n<p>Nalovardo, das teuerste, aber auch das mit Abstand sch\u00f6nste dieser drei Skigebiete mit einem nicht mal halb so weiten Umweg wie Storklinta<\/p>\n<p>Brauchte doch etwas l\u00e4nger im Supermarkt, weshalb ich p\u00fcnktlich zu Betriebsbeginn am Kanisbakken sein k\u00f6nnte oder doch noch 10min warten bis Biltema aufmacht?<\/p>\n<p>Bis ich noch bissl im Netz rumgesucht hab, was ich mir noch kaufen wollte letztes Jahr schon und nicht schlauer geworden bin, war es auch schon 9e. Ich kaufte im Biltema also &#8220;nur&#8221; den zweiten 12v-USB-Lader  und im Caf\u00e9 ein kleines Hotdog um 5 SEK und die Pfannkuchen mit Erdbeermarmelade+Sahne um 25, also zusammen ca. 2,70 \u20ac samt gratis Wasser. <\/p>\n<p>N\u00e4chstes Jahr sollte ich mir 2-3 Tage Nalovardo einplanen; da es auf  dem Weg von oder nach T\u00e4rnaby ist, das ja auch abseits der Ferien nur FR-SO offen hat und ich mir dort ja wieder 1 Wochenpass kaufen w\u00fcrde, sollte der Zeitpunkt allerdings gut gew\u00e4hlt sein ..<\/p>\n<p>Allerdings muss ich mir im Sommer eh erst \u00fcberlegen, ob ich via Finnland rauffahre (falls ich in CZ\/SK\/PL bin, b\u00f6te sich das ja an) oder nicht. Dazu muss ich die finnischen Skigebietchen im S\u00fcden und der Mitte nochmals genau durchgehen. So was wie Olos oder Ounasvaara w\u00fcrde mir mehr gefallen also sowas wie Kanis oder Mattsund oder Storklinta &#8230; und weil Finnland sehr breit ist im S\u00fcden, m\u00f6cht ich auch nicht zu sehr im Zickzack alles mitnehmen, au\u00dferdem haben einige finnische Skigebiete ein eigenes, finnisches Keycard-System.<\/p>\n<p><a href='http:\/\/extra.inmontanis.info\/d\/130370-2\/DSC02921.jpg'><img src=http:\/\/extra.inmontanis.info\/d\/130369-3\/DSC02921.jpg \/><\/a><br \/>\n^ Hier liegt Schnee noch auf Meeresh\u00f6he<\/p>\n<p>Tja, Fehlentscheidung: Ankunft Kanisbacken, sehr viele Autos auf dem Parkplatz, lange Warteschlange an den Liften, da hab ich \u00fcberhaupt keine Lust.<\/p>\n<p><a href='http:\/\/ski.inmontanis.info\/d\/338827-3\/DSC02939.jpg'><img src=http:\/\/ski.inmontanis.info\/d\/338826-4\/DSC02939.jpg \/><\/a><br \/>\n^ Kanisbacken bei \u00c4lvsbyn hat 2 gro\u00dfe Nachteile, die Abfahrten sind relativ leicht und es ist sehr nah an Lulea &#8230;<\/p>\n<p><a href='http:\/\/ski.inmontanis.info\/d\/338831-3\/DSC02945.jpg'><img src=http:\/\/ski.inmontanis.info\/d\/338830-4\/DSC02945.jpg \/><\/a><br \/>\n^ .. daher am WE wohl \u00fcberf\u00fcllt. Mit so viel Autos h\u00e4tte ich nicht gerechnet, der Parkplatz ist ja fast voll!<\/p>\n<p>Was nun &#8230;. etwas zu sp\u00e4t in Nalovardo sein? Oder in Arvidsjaur vorbei und fragen, ob man nicht doch mit Karte zahlen kann? Dort w\u00e4r ich gegen 11:45 und das hat ja auch nur von 10-14 Uhr offen.<\/p>\n<p>Ich fuhr ausnahmsweise mal 90 und 100 km\/h, was ein ziemliches Geschaukel ist auf diesen Stra\u00dfen.<\/p>\n<p>Heuer somit leider gar kein Zwischenhalt in Arvidsjaur, kein Supermarkt oder Dollarstore, keiner der beiden Frasses, nicht Sibylla, nicht getankt, gar nix.<\/p>\n<p><a href='http:\/\/ski.inmontanis.info\/d\/338835-3\/DSC02948.jpg'><img src=http:\/\/ski.inmontanis.info\/d\/338834-4\/DSC02948.jpg \/><\/a><br \/>\n^ Skigebiet Pr\u00e4stberget in Arvidsjaur, laut Homepage nur noch Swish-Bezahlung, dann fahr ich halt dran vorbei.<\/p>\n<p><a href='http:\/\/extra.inmontanis.info\/d\/130374-2\/DSC02954.jpg'><img src=http:\/\/extra.inmontanis.info\/d\/130373-3\/DSC02954.jpg \/><\/a><br \/>\n^ Da liegen eine Menge Baumst\u00e4mme! Und dahinter lag nochmals so eine Reihe!<\/p>\n<p>Durch das schnellere Fahren konnte ich entsprechend  30min Zeit gewinnen und war um 12:36 bei sonnigen +4\u00b0 am Parkplatz in Nalovardo und somit genug Zeit bis zur Nachmittagskarte ab 13 Uhr.<\/p>\n<p><a href='http:\/\/ski.inmontanis.info\/d\/338839-2\/DSC02969.jpg'><img src=http:\/\/ski.inmontanis.info\/d\/338838-3\/DSC02969.jpg \/><\/a><br \/>\n^ Zufahrt Skigebiet Nalovardo<\/p>\n<p>Aber leider, leider, doch f\u00fcrs falsche Skigebiet entschieden, Nalovardo entt\u00e4uschte heute sehr. Es h\u00e4tte heute mein bester Tag in Nalovardo sein k\u00f6nnen, aber nein, ich konnte den langen SL lediglich 1,5x fahren, dann starb er. Am kurzen SL wurden die Abfahrten rechts gesperrt, die erste wegen Schneedepotarbeiten f\u00fcr den Herbst, aber warum dann die rechte Offpiste-Abfahrt nicht offen blieb bzw. mal pr\u00e4pariert wurde??? Wenn nur der kurze SL f\u00e4hrt, ist man dadurch schon recht eingeschr\u00e4nkt.<\/p>\n<p>Offpiste war&#8217;s oben gut, aber am unteren SL eher eisig (wo abgfahren) oder Papp-Bruchharsch (wo nicht befahren).<\/p>\n<p>Um 15:15 hatte ich keine Lust mehr auf die Abfahrten am kurzen SL und tr\u00f6delte noch etwas rum, aber da ja die letzte Bergfahrt um 15:45 w\u00e4re, kann man um 15:30 wohl aufh\u00f6ren, da der lange SL danach sicher nicht mehr in Betrieb gehen w\u00fcrde :( So ein Reinfall :( W\u00e4r ich mal in \u00c4lvsbyn heute morgen geblieben oder gleich Storklinta gefahren :(<\/p>\n<p>Nalovardo steht somit wieder auf meiner Boykottliste, von wo ich es erst vor wenigen Wochen gestrichen hatte, weil es wegen der Outby-Karten-Umstellung dort drauf war. Werde ich n\u00e4chstes Jahr also nicht besuchen oder erst wieder, wenn es im Scandinavian inkludiert sein sollte. Das Halstuch wird wieder gedreht getragen bis zu einem Ersatz.<\/p>\n<p>Ich sollte echt mit der Skifahrerei aufh\u00f6ren, jeden 2. Tag muss man sich wegen irgendwas \u00e4rgern oder ist entt\u00e4uscht oder sonstwas.<\/p>\n<p><a href='http:\/\/ski.inmontanis.info\/d\/338843-2\/DSC02996.jpg'><img src=http:\/\/ski.inmontanis.info\/d\/338842-3\/DSC02996.jpg \/><\/a><br \/>\n^ Pano von der Bergstation des langen SL<\/p>\n<p><a href='http:\/\/ski.inmontanis.info\/d\/338847-3\/DSC02984.jpg'><img src=http:\/\/ski.inmontanis.info\/d\/338846-3\/DSC02984.jpg \/><\/a><br \/>\n^ Berggipfel, evtl. R\u00fcckseite von Hemavan-T\u00e4rnaby<\/p>\n<p><a href='http:\/\/ski.inmontanis.info\/d\/338851-2\/DSC02987.jpg'><img src=http:\/\/ski.inmontanis.info\/d\/338850-3\/DSC02987.jpg \/><\/a><br \/>\n^ .. weitere Berggipfel am Horizont<\/p>\n<p><a href='http:\/\/ski.inmontanis.info\/d\/338855-3\/DSC03011.jpg'><img src=http:\/\/ski.inmontanis.info\/d\/338854-3\/DSC03011.jpg \/><\/a><br \/>\n^ rechte Abfahrt vom rechten SL wegen Arbeiten an den Schneedepots geschlossen<\/p>\n<p><a href='http:\/\/ski.inmontanis.info\/d\/338859-3\/DSC03014.jpg'><img src=http:\/\/ski.inmontanis.info\/d\/338858-4\/DSC03014.jpg \/><\/a><br \/>\n^ .. warum man aber dann so vehement absperrt und nicht die ganz rechte Offpiste-Abfahrt offen l\u00e4sst oder sie endlich mal pr\u00e4pariert!!!<\/p>\n<p><a href='http:\/\/ski.inmontanis.info\/d\/338863-3\/DSC03017.jpg'><img src=http:\/\/ski.inmontanis.info\/d\/338862-4\/DSC03017.jpg \/><\/a><br \/>\n^ 13:52, keine Arbeiten am linken SL erkennbar<\/p>\n<p><a href='http:\/\/ski.inmontanis.info\/d\/338867-3\/DSC03020.jpg'><img src=http:\/\/ski.inmontanis.info\/d\/338866-4\/DSC03020.jpg \/><\/a><br \/>\n^ So ein Mist, nur eineinhalb Mal konnt ich ihn heute fahren :( Bis hier hin kommt man vom rechten SL via Weg, aber genau das obere St\u00fcck ist halt das interessanteste<\/p>\n<p><a href='http:\/\/ski.inmontanis.info\/d\/338871-3\/DSC03026.jpg'><img src=http:\/\/ski.inmontanis.info\/d\/338870-4\/DSC03026.jpg \/><\/a><br \/>\n^ .. wenn er nicht f\u00e4hrt, kann man mal die Trasse runterfahren, nirgends hatte ich irgendwo Personal entdeckt, das am Lift gearbeitet h\u00e4tte<\/p>\n<p><a href='http:\/\/ski.inmontanis.info\/d\/338875-3\/DSC03035.jpg'><img src=http:\/\/ski.inmontanis.info\/d\/338874-4\/DSC03035.jpg \/><\/a><br \/>\n^ St\u00fctze 7<\/p>\n<p><a href='http:\/\/ski.inmontanis.info\/d\/338879-3\/DSC03038.jpg'><img src=http:\/\/ski.inmontanis.info\/d\/338878-4\/DSC03038.jpg \/><\/a><br \/>\n^ Abfaht rechts vom SL, die oben gesperrt ist wg. den Depotarbeiten, aber ganz unten der \u00e4h die Puff ist offen<\/p>\n<p><a href='http:\/\/ski.inmontanis.info\/d\/338883-3\/DSC03041.jpg'><img src=http:\/\/ski.inmontanis.info\/d\/338882-4\/DSC03041.jpg \/><\/a><br \/>\n^ 14:42, nun wird an der Talstation des langen SL gearbeitet, hier von vorne &#8230;<\/p>\n<p><a href='http:\/\/ski.inmontanis.info\/d\/338887-3\/DSC03047.jpg'><img src=http:\/\/ski.inmontanis.info\/d\/338886-4\/DSC03047.jpg \/><\/a><br \/>\n^ .. um 14:56 wurde dann hinten der Schnee weggeschaufelt, sp\u00e4ter stand noch eine Gasflasche rum<\/p>\n<p><a href='http:\/\/ski.inmontanis.info\/d\/338891-3\/DSC03050.jpg'><img src=http:\/\/ski.inmontanis.info\/d\/338890-4\/DSC03050.jpg \/><\/a><br \/>\n^ 15:31, nun an der Seite, aber der Lift wollte nicht in Betrieb gehen :(<\/p>\n<p><a href='http:\/\/ski.inmontanis.info\/d\/338895-3\/ge20250322b.jpg'><img src=http:\/\/ski.inmontanis.info\/d\/338894-4\/ge20250322b.jpg \/><\/a><br \/>\n^ GPS-Track 22.3.2025 in Gelb, vorherige Besuche in Blau<\/p>\n<p>Ich fuhr also die ca. 100-120km Umweg nach T\u00e4rnaby, um meine letzte bezahlte Nacht am Campingplatz zu nutzen. Die Fahrt war wieder einmal etwas schwierig durch die aufgetauten Stra\u00dfen, Schneematsch, Eis, 2-4\u00b0, bei einigen Eisplatten schien ich schon ins Rutschen zu kommen und das k\u00f6nnte dann morgen Fr\u00fch ja noch schlimmer sein.<\/p>\n<p><a href='http:\/\/extra.inmontanis.info\/d\/130378-2\/DSC03059.jpg'><img src=http:\/\/extra.inmontanis.info\/d\/130377-3\/DSC03059.jpg \/><\/a><br \/>\n^ Den Umweg \u00fcber T\u00e4rnaby nach Kittelfj\u00e4ll (unten) h\u00e4tte ich mir ja gern gespart, aber da ich nun noch die eine bezahlte Nacht am Campingplatz hatte &#8230;<\/p>\n<p><a href='http:\/\/extra.inmontanis.info\/d\/130382-2\/DSC03083.jpg'><img src=http:\/\/extra.inmontanis.info\/d\/130381-3\/DSC03083.jpg \/><\/a><br \/>\n^ Bald ist Sonnenuntergang<\/p>\n<p><a href='http:\/\/extra.inmontanis.info\/d\/130386-2\/DSC03092.jpg'><img src=http:\/\/extra.inmontanis.info\/d\/130385-3\/DSC03092.jpg \/><\/a><br \/>\n^ Vor T\u00e4rnaby<\/p>\n<p><a href='http:\/\/extra.inmontanis.info\/d\/130390-2\/DSC03098.jpg'><img src=http:\/\/extra.inmontanis.info\/d\/130389-3\/DSC03098.jpg \/><\/a><br \/>\n^ Vor T\u00e4rnaby<\/p>\n<p><a href='http:\/\/extra.inmontanis.info\/d\/130394-2\/DSC03104.jpg'><img src=http:\/\/extra.inmontanis.info\/d\/130393-3\/DSC03104.jpg \/><\/a><br \/>\n^ Vor T\u00e4rnaby<\/p>\n<p>Um 18:30 kam ich an, Rezeption wird dann vom Restaurantpersonal \u00fcbernommen, die meinen Zettel problemlos akzeptierte. Sie meinte, es g\u00e4be 2 Pl\u00e4tze vor und 2 hinterm Servicehaus, ich solle nehmen, was frei ist. Falls es wirklich noch 2 Pl\u00e4tze vor dem Servicehaus gab, dann stand der Campervan wohl in der Mitte der beiden. Dahinter war der eine wieder nicht ger\u00e4umt und der, auf dem ich zuletzt stand, wurde tats\u00e4chllch mal etwas ger\u00e4umt, aber niemand ging seitdem mehr zur Stroms\u00e4ule rauf. Zum Gl\u00fcck sank man nicht zu tief ein. <\/p>\n<p><a href='http:\/\/extra.inmontanis.info\/d\/130398-2\/DSC03113.jpg'><img src=http:\/\/extra.inmontanis.info\/d\/130397-3\/DSC03113.jpg \/><\/a><br \/>\n^ Da war wohl auch schon l\u00e4nger keiner mehr gestanden auf dem Stellplatz, da kein Fu\u00dfweg zur Steckdose erkennbar ist<\/p>\n<p><a href='http:\/\/extra.inmontanis.info\/d\/130402-2\/DSC03119.jpg'><img src=http:\/\/extra.inmontanis.info\/d\/130401-3\/DSC03119.jpg \/><\/a><br \/>\n^ Div. Eink\u00e4ufe:<\/p>\n<p>FI:<br \/>\nKleine BBQ-Chicken-Pizza 0,95 \u20ac (die hat nix, aber \u00fcberhaupt gar nix getaugt)<br \/>\nHamburger je 0,61 (besser)<br \/>\nRegnb\u00e5gslaxfrestelse 2,19 (die fand ich letztes Jahr lecker)<\/p>\n<p>NO:<br \/>\nMedisterkaker, noch 2 kleine St\u00fcck \u00fcbrig von 6 &#8211; schmecken eher wie (N\u00fcrnberger) Bratw\u00fcrste als Frikadellen&#038;K\u00f6ttbullar&#038;Co, sind auch farblich hellgrau.<\/p>\n<p>SE:<br \/>\nGefl\u00fcgelpaprikawurst 200g ca. 1,45 \u20ac (gibts vmtl. auch in Deutschland in t\u00fcrkischen Superm\u00e4rkten)<br \/>\nKartoffelsalat ca. 1,26 \u20ac &#8211; als Beilage heute f\u00fcr die Medisterkaker gedacht, allerdings bef\u00fcrchtete ich, dass das eher wie ein Fleischsalat nur eben mit Kartoffeln ist, also der Schwerpunkt auf Mayonnaise liegt und nicht auf Kartoffel und weniger als Beilage zu Fleisch, sondern als Brotaufstrich gedacht ist? Keine Ahnung. Viel Kartoffeln waren nicht drin, aber hat trotzdem gepasst.<\/p>\n<p>Morgen dann je nach Stra\u00dfenverh\u00e4ltnisse ca. 2h bis Kittelfj\u00e4ll. Ziemlich stressig momentan mit der vielen Fahrerei :(<\/p>\n","protected":false},"excerpt":{"rendered":"<p>Sa, 22.3.2025<\/p>\n<p>Kurz nach 8 Uhr kam ich in Lule\u00e5 am Willys Supermarkt an und war mir weiterhin nicht klar, wo ich heute skifahren wollen w\u00fcrde.<\/p>\n<p>Storklinta mit der weitesten (aber nicht so extremen) Fahrstrecke, gratis mit dem Saisonpass, insb. falls ich mir n\u00e4chstes Jahr den Scandinavian nicht kaufen sollte, wo dann Nalovardo+Kanis auch wieder <a href=\"http:\/\/blog.inmontanis.info\/?p=10705\">[&#8230;]<\/a><\/p>\n","protected":false},"author":1,"featured_media":10707,"comment_status":"closed","ping_status":"closed","sticky":false,"template":"","format":"standard","meta":{"footnotes":""},"categories":[940,693,658,643,19,27],"tags":[45,47],"class_list":["post-10705","post","type-post","status-publish","format-standard","has-post-thumbnail","hentry","category-2025-01-alpenskandinavien","category-arvidsjaur","category-kanis","category-nalovardo","category-schwedensweden","category-skifahren-winterskiing-winter","tag-see","tag-sl","odd"],"_links":{"self":[{"href":"http:\/\/blog.inmontanis.info\/index.php?rest_route=\/wp\/v2\/posts\/10705","targetHints":{"allow":["GET"]}}],"collection":[{"href":"http:\/\/blog.inmontanis.info\/index.php?rest_route=\/wp\/v2\/posts"}],"about":[{"href":"http:\/\/blog.inmontanis.info\/index.php?rest_route=\/wp\/v2\/types\/post"}],"author":[{"embeddable":true,"href":"http:\/\/blog.inmontanis.info\/index.php?rest_route=\/wp\/v2\/users\/1"}],"replies":[{"embeddable":true,"href":"http:\/\/blog.inmontanis.info\/index.php?rest_route=%2Fwp%2Fv2%2Fcomments&post=10705"}],"version-history":[{"count":2,"href":"http:\/\/blog.inmontanis.info\/index.php?rest_route=\/wp\/v2\/posts\/10705\/revisions"}],"predecessor-version":[{"id":10708,"href":"http:\/\/blog.inmontanis.info\/index.php?rest_route=\/wp\/v2\/posts\/10705\/revisions\/10708"}],"wp:featuredmedia":[{"embeddable":true,"href":"http:\/\/blog.inmontanis.info\/index.php?rest_route=\/wp\/v2\/media\/10707"}],"wp:attachment":[{"href":"http:\/\/blog.inmontanis.info\/index.php?rest_route=%2Fwp%2Fv2%2Fmedia&parent=10705"}],"wp:term":[{"taxonomy":"category","embeddable":true,"href":"http:\/\/blog.inmontanis.info\/index.php?rest_route=%2Fwp%2Fv2%2Fcategories&post=10705"},{"taxonomy":"post_tag","embeddable":true,"href":"http:\/\/blog.inmontanis.info\/index.php?rest_route=%2Fwp%2Fv2%2Ftags&post=10705"}],"curies":[{"name":"wp","href":"https:\/\/api.w.org\/{rel}","templated":true}]}}