{"id":10701,"date":"2025-03-21T19:35:02","date_gmt":"2025-03-21T18:35:02","guid":{"rendered":"http:\/\/blog.inmontanis.info\/?p=10701"},"modified":"2025-03-23T19:48:50","modified_gmt":"2025-03-23T18:48:50","slug":"ounasvaara-21-3-2025-polarlichter","status":"publish","type":"post","link":"http:\/\/blog.inmontanis.info\/?p=10701","title":{"rendered":"Ounasvaara, 21.3.2025 + Polarlichter"},"content":{"rendered":"<p><strong>Fr, 21.3.2025<\/strong> <\/p>\n<p>Skibrillenm\u00e4\u00dfig hab ich im Gesch\u00e4ft nichts gefunden, was mir preislich und farbenm\u00e4\u00dfig (au\u00dfen wie Glas) zugesagt h\u00e4tte, war aber auch nicht mehr so viel lagernd. Gut runtergesetzt daf\u00fcr. Ok, 2 hab ich mir nicht genau anschauen k\u00f6nnen, weil die Packung nicht zu \u00f6ffnen war.<\/p>\n<p>Um 12:25 war ich am Skigebietsparkplatz, Betrieb von 11-20 Uhr, linker SL ab 1300, DSB soll ab 1400 fahren.<\/p>\n<p>W\u00fcrde die Keycard nun gehen? Vorsichtshalber ging ich mit abgeschnallten Skiern in den Kinderbereich, weil einfacher zu erreichen und war \u00fcberrascht, dass die Keycard funktionierte! Wird also nochmals eigenartiger. Nachdem ich nun nicht sofort zum SL fahren k\u00f6nnte wg. &#8220;Doppelverwendung&#8221; musste ich also das F\u00f6rderband und den Seillift mal fahren ;)<\/p>\n<p><a href='http:\/\/ski.inmontanis.info\/d\/338779-2\/DSC02790.jpg'><img src=http:\/\/ski.inmontanis.info\/d\/338778-3\/DSC02790.jpg \/><\/a><br \/>\n^ Rechte 2 Abfahrten aus dem Kinderland<\/p>\n<p><a href='http:\/\/ski.inmontanis.info\/d\/338783-3\/DSC02794.jpg'><img src=http:\/\/ski.inmontanis.info\/d\/338782-3\/DSC02794.jpg \/><\/a><br \/>\n^ Schanzen und Schanzelift<\/p>\n<p><a href='http:\/\/ski.inmontanis.info\/d\/338787-3\/DSC02795.jpg'><img src=http:\/\/ski.inmontanis.info\/d\/338786-4\/DSC02795.jpg \/><\/a><br \/>\n^ Kinderland und SL\/DSB-Talstation<\/p>\n<p><a href='http:\/\/ski.inmontanis.info\/d\/338791-3\/DSC02797.jpg'><img src=http:\/\/ski.inmontanis.info\/d\/338790-4\/DSC02797.jpg \/><\/a><br \/>\n^ Auch die Waldvarianten hatten zumeist guten Schnee und fast nirgends eisig-abgefahren<\/p>\n<p><a href='http:\/\/ski.inmontanis.info\/d\/338795-2\/DSC02800.jpg'><img src=http:\/\/ski.inmontanis.info\/d\/338794-3\/DSC02800.jpg \/><\/a><br \/>\n^ Rechter SL und DSB<\/p>\n<p><a href='http:\/\/ski.inmontanis.info\/d\/338799-2\/DSC02803.jpg'><img src=http:\/\/ski.inmontanis.info\/d\/338798-3\/DSC02803.jpg \/><\/a><br \/>\n^ Linker SL<\/p>\n<p><a href='http:\/\/ski.inmontanis.info\/d\/338803-2\/DSC02806.jpg'><img src=http:\/\/ski.inmontanis.info\/d\/338802-3\/DSC02806.jpg \/><\/a><br \/>\n^ Fluss gefroren und schneebedeckt<\/p>\n<p>Um 14:20 war ich alle Abfahrten (wie die letzten Tage griffig gut pr\u00e4pariert) und die meisten Offpistevarianten (oben gut, unten teils etwas eisig) einmal gefahren und ins Restaurant, die kleine Portion Chicken Nuggets + Pommes kostet 8,50 (gro\u00df 12,50), Pommes 4, Munkki 3, so entschied ich mich f\u00fcr die kleine Portion Nuggets plus Munkki. Ketchup kann man sich nicht selbst nehmen, ist aber inkludiert, andere Dipso\u00dfen w\u00fcrden 2,50 kosten.<\/p>\n<p>An 2 Tischen auf unterschiedlichen Seiten wurde Deutsch gesprochen, die links neben mir aber ohne Skischuhe. Es gab auch fast nur englische Bestellungen, da ich genau gegen\u00fcber sa\u00df. Wer nat\u00fcrlich ein Bier will, der muss 7,50 oder so f\u00fcr die kleine Flasche zahlen, mein Wasser war nat\u00fcrlich gratis ;)<\/p>\n<p><a href='http:\/\/ski.inmontanis.info\/d\/338807-2\/DSC02809.jpg'><img src=http:\/\/ski.inmontanis.info\/d\/338806-3\/DSC02809.jpg \/><\/a><br \/>\n^ Kleine Portion Chicken Nuggets mit Pommes und noch ein Munkki dazu<\/p>\n<p>Der rechte SL f\u00e4hrt ja sehr langsam, meistens steht ein Liftb\u00fcgelgeber unten, trotzdem wird hin und wieder der Lift noch langsamer gestellt :( Die DSB f\u00e4hrt ja noch langsamer (T\u00fcrkei l\u00e4sst gr\u00fc\u00dfen) und f\u00e4hrt nicht nur bei Fu\u00dfg\u00e4ngern, sondern manchmal auch bei Skifahrern\/Snowboardern an Ein- oder Ausstieg langsamer. Vmtl. ist sie deshalb auch so unbeliebt und wird von den Skifahrern kaum verwendet.<\/p>\n<p>Da ich ja noch ein paar Stunden Fahrt heute vor mir hab (1x Einkaufen in FI \/ Rovaniemi, dann in Tornio\/Haparanda \u00fcber die Grenze und 1 Stunde Zeitverschiebung, erst morgen dann Einkaufen in SE), h\u00f6rte ich kurz nach 17 Uhr auf.<\/p>\n<p><a href='http:\/\/ski.inmontanis.info\/d\/338811-2\/DSC02810.jpg'><img src=http:\/\/ski.inmontanis.info\/d\/338810-3\/DSC02810.jpg \/><\/a><br \/>\n^ Das erste Schild vorne  am SL-Ausstieg hab ich erst nicht gecheckt, aber sp\u00e4ter, als die Stangen hinten sichtbar waren, schon ;)<\/p>\n<p><a href='http:\/\/ski.inmontanis.info\/d\/338815-2\/DSC02812.jpg'><img src=http:\/\/ski.inmontanis.info\/d\/338814-3\/DSC02812.jpg \/><\/a><br \/>\n^ R\u00fcckseitenpano um 17:05 Uhr<\/p>\n<p><a href='http:\/\/ski.inmontanis.info\/d\/338819-2\/DSC02813.jpg'><img src=http:\/\/ski.inmontanis.info\/d\/338818-3\/DSC02813.jpg \/><\/a><br \/>\n^ Rechte Abfahrt am linken SL und Pano<\/p>\n<p><a href='http:\/\/ski.inmontanis.info\/d\/338823-2\/ge20250321e.jpg'><img src=http:\/\/ski.inmontanis.info\/d\/338822-3\/ge20250321e.jpg \/><\/a><br \/>\n^ GPS-Track 21.3.2025 in Gelb, vorherige Besuche in Blau.<\/p>\n<p>Aufgrund der tollen Pistenverh\u00e4ltnisse und der Sonne war es definiitv richtig, dass ich diese Woche nach Finnland gefahren bin. Und ein Olos und Ounasvaaara w\u00fcrd ich auch jederzeit einem zB. Hinterstoder vorziehen, gef\u00e4llt mir auch besser als Koralpe zB. <\/p>\n<p>Bj\u00f6rkliden heute? Von den oberen SL nur der lange bis St\u00fctze 9 offen, Rest noch zu; Riksgr\u00e4nsen auch heute zu, weil sie mit dem vielen (und verwehten) Schnee noch nicht klar gekommen sind.<\/p>\n<p>Nachdem ich die neuen Heizsocken in letzter Zeit \u00f6fters angehabt hatte, einerseits wg. K\u00e4lte, aber auch wg. der leichteren Aufladbarkeit via USB, hab ich seit einigen Tagen festgestellt, dass der Bund oben sich wohl gedehnt hat und somit der Akku runterutscht und am Rand vom Skischuh aufliegt und daher manchmal beim Schieben\/Skaten unsch\u00f6n in die Quere kommen kann. Ansonsten bin ich von der W\u00e4rme bei Stufe 1 ja schon begeistert. W\u00e4r heute nicht dauerhaft n\u00f6tig gewesen bei um die 0\u00b0 laut Anzeigetafel.<\/p>\n<p>F\u00fcr Storklinta (im Saisonpass inkludiert, heuer noch nicht gewesen) w\u00fcrde morgen zwar sonniger gemeldet als f\u00fcr Nalovardo, aber daf\u00fcr Nordhang statt S\u00fcdhang und halt nicht so sch\u00f6n und abwechslungsreich. <\/p>\n<p>Auf Mattsund und \u00c4lvsbyn hab ich heuer keine Lust, Arvidsjaur auch nicht und das hat eh nur noch Swish-Bezahlung laut Website. <\/p>\n<p>Ca. 7h Fahrt bis Nalovardo von Rovaniemi &#8211; also lieber heute noch 3h fahren und in Schweden schlafen. <\/p>\n<p>Ganz vergessen, wie riesig der Prima-Hypermarkt in Rovaniemi ist. An der Kasse hinter mir wurde Franz\u00f6sisch gesprochen. Heut Morgen am Weihnachtsmanndorfparkplatz, wo ich zum Arbeiten hielt, wurde im Auto neben mir Italienisch gesprochen.<\/p>\n<p><a href='http:\/\/extra.inmontanis.info\/d\/130362-2\/DSC02820.jpg'><img src=http:\/\/extra.inmontanis.info\/d\/130361-3\/DSC02820.jpg \/><\/a><br \/>\n^ Auf dem Weg zum Meer und nach Schweden<\/p>\n<p><a href='http:\/\/extra.inmontanis.info\/d\/130366-2\/DSC02824.jpg'><img src=http:\/\/extra.inmontanis.info\/d\/130365-3\/DSC02824.jpg \/><\/a><br \/>\n^ St\u00fcck Autobahn in Finnland<\/p>\n<p>Am heutigen Nachtplatz war ich vmtl. letzte Saison oder davor schon mal irgendwann gestanden, hatte ihn aber mit einem anderen Platz verwechselt; jedenfalls war die unterste Schleife der Stra\u00dfe sehr eisig, dass ich nur knapp die Wendekurve fahren konnte, der Platz dar\u00fcber war auch nicht wirklich ger\u00e4umt, also mich hinter einen LKW-Anh\u00e4nger hingestellt. Ankunft um 20.30 Uhr.<\/p>\n<p>Lt. Navi morgen 50min bis zum Willys-Supermarkt in Lulea, 4,5h bis Nalovardo lt. Navi, lt. GMaps 1h weniger (also falls ich schneller fahren sollte), puh. Die Halbtageskarte gilt ab 13 Uhr. Abends noch ca. 2,5h nach T\u00e4rnaby. Kanis \u00c4lvsbyn l\u00e4g mit weniger Umweg auf dem weg.<\/p>\n<p>Preislich: HTK Nalo 345 SEK, TK Kanis 180. TK Storklinta 0, weil in der Saisonkarte inkludiert, daf\u00fcr noch etwas mehr Umweg als nach Nalovardo und danach ein weiterer Weg nach T\u00e4rnaby. Letzteres betr\u00e4fe \u00c4lvsbyn nat\u00fcrlich auch, da w\u00e4r ich morgens eher zu fr\u00fch dort.<\/p>\n<p>Weil der Himmel bei einem schnellen Check nicht nur gr\u00fcne Nordlichter auf der Cam zeigte, sondern auch die selteneren roten, stieg ich doch mal aus und machte ein paar Fotos. Mit blo\u00dfem Auge war gar nicht mal so viel zu sehen, da hatte ich schon intensivere Erlebnisse (in Nur-Gr\u00fcn).<\/p>\n<p><a href='http:\/\/extra.inmontanis.info\/d\/130298-2\/DSC02834.jpg'><img src=http:\/\/extra.inmontanis.info\/d\/130297-3\/DSC02834.jpg \/><\/a><br \/>\n^ Starke Polarlichtaktivit\u00e4t heute mit sogar roten Nordlichter. Wobei man die rote Farbe nur selten mit blo\u00dfem Auge gesehen hatte<\/p>\n<p><a href='http:\/\/extra.inmontanis.info\/d\/130302-2\/DSC02836.jpg'><img src=http:\/\/extra.inmontanis.info\/d\/130301-3\/DSC02836.jpg \/><\/a><br \/>\n^ 20:42 (1s)<\/p>\n<p><a href='http:\/\/extra.inmontanis.info\/d\/130306-2\/DSC02840.jpg'><img src=http:\/\/extra.inmontanis.info\/d\/130305-3\/DSC02840.jpg \/><\/a><br \/>\n^ 20:45 (2s) &#8211; war direkt \u00fcber mir, daher schwer zu fotografieren.<\/p>\n<p><a href='http:\/\/extra.inmontanis.info\/d\/130310-2\/DSC02841.jpg'><img src=http:\/\/extra.inmontanis.info\/d\/130309-3\/DSC02841.jpg \/><\/a><br \/>\n^ 20:45 (2s)<\/p>\n<p><a href='http:\/\/extra.inmontanis.info\/d\/130314-2\/DSC02842.jpg'><img src=http:\/\/extra.inmontanis.info\/d\/130313-3\/DSC02842.jpg \/><\/a><br \/>\n^ 20:46 (1,3s)<\/p>\n<p><a href='http:\/\/extra.inmontanis.info\/d\/130318-2\/DSC02843.jpg'><img src=http:\/\/extra.inmontanis.info\/d\/130317-3\/DSC02843.jpg \/><\/a><br \/>\n^ 20:46 (1,3s)<\/p>\n<p><a href='http:\/\/extra.inmontanis.info\/d\/130322-3\/DSC02846.jpg'><img src=http:\/\/extra.inmontanis.info\/d\/130321-4\/DSC02846.jpg \/><\/a><br \/>\n^ 20:47 (4s)<\/p>\n<p><a href='http:\/\/extra.inmontanis.info\/d\/130326-3\/DSC02847.jpg'><img src=http:\/\/extra.inmontanis.info\/d\/130325-4\/DSC02847.jpg \/><\/a><br \/>\n^ 20:48 (4s)<\/p>\n<p><a href='http:\/\/extra.inmontanis.info\/d\/130330-3\/DSC02848.jpg'><img src=http:\/\/extra.inmontanis.info\/d\/130329-4\/DSC02848.jpg \/><\/a><br \/>\n^ 20:47 (4s)<\/p>\n<p><a href='http:\/\/extra.inmontanis.info\/d\/130334-3\/DSC02859.jpg'><img src=http:\/\/extra.inmontanis.info\/d\/130333-4\/DSC02859.jpg \/><\/a><br \/>\n^ 20:51 (5s)<\/p>\n<p><a href='http:\/\/extra.inmontanis.info\/d\/130338-3\/DSC02870.jpg'><img src=http:\/\/extra.inmontanis.info\/d\/130337-4\/DSC02870.jpg \/><\/a><br \/>\n^ 20:55 (2s)<\/p>\n<p><a href='http:\/\/extra.inmontanis.info\/d\/130342-3\/DSC02876.jpg'><img src=http:\/\/extra.inmontanis.info\/d\/130341-4\/DSC02876.jpg \/><\/a><br \/>\n^ 20:57 (2s)<\/p>\n<p><a href='http:\/\/extra.inmontanis.info\/d\/130346-3\/DSC02888.jpg'><img src=http:\/\/extra.inmontanis.info\/d\/130345-4\/DSC02888.jpg \/><\/a><br \/>\n^ 20:59 (2s)<\/p>\n<p><a href='http:\/\/extra.inmontanis.info\/d\/130350-3\/DSC02893.jpg'><img src=http:\/\/extra.inmontanis.info\/d\/130349-4\/DSC02893.jpg \/><\/a><br \/>\n^ 20:59 (2s)<\/p>\n<p><a href='http:\/\/extra.inmontanis.info\/d\/130354-3\/DSC02903.jpg'><img src=http:\/\/extra.inmontanis.info\/d\/130353-4\/DSC02903.jpg \/><\/a><br \/>\n^ 21:03 (2s)<\/p>\n<p><a href='http:\/\/extra.inmontanis.info\/d\/130358-3\/DSC02906.jpg'><img src=http:\/\/extra.inmontanis.info\/d\/130357-4\/DSC02906.jpg \/><\/a><br \/>\n^ 21:05 (2s)<\/p>\n","protected":false},"excerpt":{"rendered":"<p>Fr, 21.3.2025 <\/p>\n<p>Skibrillenm\u00e4\u00dfig hab ich im Gesch\u00e4ft nichts gefunden, was mir preislich und farbenm\u00e4\u00dfig (au\u00dfen wie Glas) zugesagt h\u00e4tte, war aber auch nicht mehr so viel lagernd. Gut runtergesetzt daf\u00fcr. Ok, 2 hab ich mir nicht genau anschauen k\u00f6nnen, weil die Packung nicht zu \u00f6ffnen war.<\/p>\n<p>Um 12:25 war ich am Skigebietsparkplatz, Betrieb von <a href=\"http:\/\/blog.inmontanis.info\/?p=10701\">[&#8230;]<\/a><\/p>\n","protected":false},"author":1,"featured_media":10703,"comment_status":"closed","ping_status":"closed","sticky":false,"template":"","format":"standard","meta":{"footnotes":""},"categories":[940,20,916,27],"tags":[38,100,96,47],"class_list":["post-10701","post","type-post","status-publish","format-standard","has-post-thumbnail","hentry","category-2025-01-alpenskandinavien","category-finnlandfinland","category-rovaniemi","category-skifahren-winterskiing-winter","tag-dsb","tag-langzeitbelichtung","tag-polarlicht","tag-sl","odd"],"_links":{"self":[{"href":"http:\/\/blog.inmontanis.info\/index.php?rest_route=\/wp\/v2\/posts\/10701","targetHints":{"allow":["GET"]}}],"collection":[{"href":"http:\/\/blog.inmontanis.info\/index.php?rest_route=\/wp\/v2\/posts"}],"about":[{"href":"http:\/\/blog.inmontanis.info\/index.php?rest_route=\/wp\/v2\/types\/post"}],"author":[{"embeddable":true,"href":"http:\/\/blog.inmontanis.info\/index.php?rest_route=\/wp\/v2\/users\/1"}],"replies":[{"embeddable":true,"href":"http:\/\/blog.inmontanis.info\/index.php?rest_route=%2Fwp%2Fv2%2Fcomments&post=10701"}],"version-history":[{"count":2,"href":"http:\/\/blog.inmontanis.info\/index.php?rest_route=\/wp\/v2\/posts\/10701\/revisions"}],"predecessor-version":[{"id":10704,"href":"http:\/\/blog.inmontanis.info\/index.php?rest_route=\/wp\/v2\/posts\/10701\/revisions\/10704"}],"wp:featuredmedia":[{"embeddable":true,"href":"http:\/\/blog.inmontanis.info\/index.php?rest_route=\/wp\/v2\/media\/10703"}],"wp:attachment":[{"href":"http:\/\/blog.inmontanis.info\/index.php?rest_route=%2Fwp%2Fv2%2Fmedia&parent=10701"}],"wp:term":[{"taxonomy":"category","embeddable":true,"href":"http:\/\/blog.inmontanis.info\/index.php?rest_route=%2Fwp%2Fv2%2Fcategories&post=10701"},{"taxonomy":"post_tag","embeddable":true,"href":"http:\/\/blog.inmontanis.info\/index.php?rest_route=%2Fwp%2Fv2%2Ftags&post=10701"}],"curies":[{"name":"wp","href":"https:\/\/api.w.org\/{rel}","templated":true}]}}