{"id":1070,"date":"2010-01-30T23:00:48","date_gmt":"2010-01-30T22:00:48","guid":{"rendered":"http:\/\/blog.inmontanis.info\/?p=1070"},"modified":"2023-08-02T22:14:26","modified_gmt":"2023-08-02T20:14:26","slug":"lurisia-30-1-2010","status":"publish","type":"post","link":"http:\/\/blog.inmontanis.info\/?p=1070","title":{"rendered":"Lurisia, 30.1.2010"},"content":{"rendered":"<p><strong>30.1.2010 &#8211; 8. Tag &#8211; Teil 2: Lurisia<\/strong><\/p>\n<p>(Die ganze &#8220;Southern Alps Tour&#8221;  im \u00dcberblick <a href='http:\/\/blog.inmontanis.info\/?cat=71'>hier<\/a>)<\/p>\n<p><img src=http:\/\/ski.inmontanis.info\/d\/107698-2\/ge_suedalpen201001.jpg \/><br \/>\nN: Lurisia<\/p>\n<p>Kurz vor 13 Uhr war ich in Lurisia &#8211; und es war die H\u00d6LLE los! Alle Parkpl\u00e4tze gesteckt voll, so voll, dass ich an Stelle einiger Autos da nie und nimmer rausgekommen w\u00e4re. Der n\u00e4chste freie Parplatz ganz unten an der Stra\u00dfe war ca. 850m lt. Navi entfernt. Was jetzt? Frabosa? &#8216;ne halbe Stunde konnte ich mich nicht entscheiden und z\u00e4hlte die Autos rauf und runter fahren. Kurioserweise sind immer noch mehr rauf als runter, und es war doch vorhin schon kein Parkplatz mehr frei?! <\/p>\n<p>Um 13:30 hab ich mich dann doch entschlossen, hier zu bleiben und hab die Skier geschultert und mich auf den Weg gemacht. Nach einiger Zeit kam ein Kleinbus des Wegs, der mich aufgabelte und rauffuhr &#8211; hatten&#8217;s heut also sogar Parkplatzpendelbusse im Einsatz. Gut so. An der Talstation dann die Erkl\u00e4rung: Heute Gratis-Skitag zur Einweihung des neuen Gondellifts. Warum muss das ausgerechnet heute sein? Ich zahl doch lieber 20,- Euro und hab meine Ruhe&#8230;.<\/p>\n<p>Wartezeiten am Gondellift und der DSB gab&#8217;s keine, oben an den SL so jeweils 3-5 Minuten und Halligalli am Restaurant. Die Kabinen sind ganz nett geworden, Retro-Fiber-Kabinen, also Plastik und ohne Sitzgelegenheit, aber recht ger\u00e4umig. Und recht langsam. Aber der alte Korblift mit den Fachwerkst\u00fctzen und den bunten Vogelk\u00e4figk\u00f6rben war schon cooler&#8230;<\/p>\n<p>Durch die ganzen Verz\u00f6gerungen hab ich&#8217;s nat\u00fcrlich nicht mehr geschafft, alle Lifte &#038; Abfahrten zu fahren, und aufgrund des bescheidenen Wetters und der vielen Leute hielt sich meine Begeisterung schwer in Grenzen. Sicher, man kann sich&#8217;s auch sch\u00f6n reden \u00e0 la &#8220;so wie fr\u00fcher&#8221; &#8230; <em>30.1.1961. Der Tourismus bl\u00fcht und am alten kapazit\u00e4tsschwachen Sessellift gab&#8217;s Tag f\u00fcr Tag gro\u00dfe Wartezeiten. Um den zahlreichen Touristen aus aller Herren L\u00e4nder gerecht zu werden, wurde innerhalb 2 Jahren ein moderner Gondel-Korblift gebaut, der direkt zur Baita Monte Pigna f\u00fchrt. \u00dcbernachtungsg\u00e4ste k\u00f6nne so direkt und ohne zu frieren mit ihrem Gep\u00e4ck hinauffahren und das traumhafte Panorama \u00fcber die Poebene genie\u00dfen. Zur gro\u00dfen Einweihung laden wir alle zu einem gratis Skitag mit gratis Getr\u00e4nken und Musik ein&#8230;..<br \/>\n<\/em><\/p>\n<p>Eigentlich h\u00e4tte ich ja heute hier oben \u00fcbernachten wollen, hab aber darauf verzichtet zu fragen, ob noch ein Zimmer frei gewesen w\u00e4re. Wenn ich hier \u00fcbernachte, will ich ein sch\u00f6nes Wetter haben, also zumindest den Alpenbogen in ganzer L\u00e4nge sehen (Talnebel w\u00e4re mir wurscht), heute war nur die H\u00e4lfte zu sehen, da der Nebel in der Mitte der Poebene (bzw. so im Bereich Alessandria-Milano) zu weit oben war :-( Wenn, dann m\u00f6cht ich hier schon beim Sonnenuntergang den Alpenbogen in rot gl\u00fchen sehen&#8230; (hatte aber eh meine Zweifel, dass da heute ein Zimmer frei gewesen w\u00e4re). Vielleicht dann n\u00e4chstes Jahr&#8230;.<\/p>\n<p>Fotos, anklicken zum Vergr\u00f6\u00dfern:<\/p>\n<p><a href='http:\/\/ski.inmontanis.info\/d\/33931-2\/P1040098.jpg'><img src=http:\/\/ski.inmontanis.info\/d\/33931-2\/P1040098.jpg \/><\/a><br \/>\n^ Pistenplan und Skipa\u00df 2006<\/p>\n<p><a href='http:\/\/ski.inmontanis.info\/d\/109682-2\/P1470708.JPG'><img src=http:\/\/ski.inmontanis.info\/d\/109681-3\/P1470708.JPG \/><\/a><br \/>\n^ Zoom SL Betulla und Bergstation neuer Gondellift<\/p>\n<p><a href='http:\/\/ski.inmontanis.info\/d\/109686-2\/P1470714.JPG'><img src=http:\/\/ski.inmontanis.info\/d\/109685-3\/P1470714.JPG \/><\/a><br \/>\n^ 800m unterhalb der Talstation &#8211; alles vollgeparkt.<\/p>\n<p><a href='http:\/\/ski.inmontanis.info\/d\/109690-2\/P1470722.JPG'><img src=http:\/\/ski.inmontanis.info\/d\/109689-3\/P1470722.JPG \/><\/a><br \/>\n^ Talstation<\/p>\n<p><a href='http:\/\/ski.inmontanis.info\/d\/109694-2\/P1470724.JPG'><img src=http:\/\/ski.inmontanis.info\/d\/109693-3\/P1470724.JPG \/><\/a><br \/>\n^ Die L\u00f6sung, warum heut so voll ist: Heute ist Gratis-Skitag!! Mist, warum ausgerechnet heute?!<br \/>\n(\u00dcbrigens zum Thema Skitest: Ich hab nur einen Blizzard-Stand gesehen ;) )<\/p>\n<p><a href='http:\/\/ski.inmontanis.info\/d\/109699-2\/P1470726.JPG'><img src=http:\/\/ski.inmontanis.info\/d\/109698-3\/P1470726.JPG \/><\/a><br \/>\n^ Ehemalige Korblift-Talstation<\/p>\n<p><img src=http:\/\/ski.inmontanis.info\/d\/109703-2\/P1470725.JPG \/><br \/>\n^ Ehemalige Korblift-Talstation, in der Mitte ein alter Marchisio-Korb. Eigentlich h\u00e4tten&#8217;s ja ein paar alte K\u00f6rbe an die neue Bahn h\u00e4ngen k\u00f6nnen &#8230;<\/p>\n<p><a href='http:\/\/ski.inmontanis.info\/d\/109707-2\/P1470727.JPG'><img src=http:\/\/ski.inmontanis.info\/d\/109706-3\/P1470727.JPG \/><\/a><br \/>\n^ Ehemalige Korblift-Talstation, hier sind nun die Kassen-Schalter<\/p>\n<p><a href='http:\/\/ski.inmontanis.info\/d\/109711-2\/P1470728.JPG'><img src=http:\/\/ski.inmontanis.info\/d\/109710-3\/P1470728.JPG \/><\/a><br \/>\n^ Daten des neuen Gondellifts, Fahrzeit knapp 25 Minuten. (Scho lahm&#8230;)<\/p>\n<p><a href='http:\/\/ski.inmontanis.info\/d\/109715-2\/P1470732.JPG'><img src=http:\/\/ski.inmontanis.info\/d\/109714-3\/P1470732.JPG \/><\/a><br \/>\n^ Talstation und oberer (reservierter) Parkplatz)<\/p>\n<p><a href='http:\/\/ski.inmontanis.info\/d\/109719-2\/P1470738.JPG'><img src=http:\/\/ski.inmontanis.info\/d\/109718-3\/P1470738.JPG \/><\/a><br \/>\n^ Sogar ein Schiebenfenster haben die neuen Kabinen, wie man daneben sieht &#8211; scheint wie fr\u00fcher aus so &#8216;nem Fiber-Kunststoff zu sein<\/p>\n<p><a href='http:\/\/ski.inmontanis.info\/d\/109723-2\/P1470739.JPG'><img src=http:\/\/ski.inmontanis.info\/d\/109722-3\/P1470739.JPG \/><\/a><br \/>\n^ Gondel-Hersteller?<\/p>\n<p><a href='http:\/\/ski.inmontanis.info\/d\/109727-2\/P1470740.JPG'><img src=http:\/\/ski.inmontanis.info\/d\/109726-3\/P1470740.JPG \/><\/a><br \/>\n^ T\u00fcr<\/p>\n<p><a href='http:\/\/ski.inmontanis.info\/d\/109731-2\/P1470743.JPG'><img src=http:\/\/ski.inmontanis.info\/d\/109730-3\/P1470743.JPG \/><\/a><br \/>\n^ Dach<\/p>\n<p><a href='http:\/\/ski.inmontanis.info\/d\/109735-2\/P1470744.JPG'><img src=http:\/\/ski.inmontanis.info\/d\/109734-3\/P1470744.JPG \/><\/a><br \/>\n^ Boden. Im Gegensatz zu den neuen roten MEB-Kabinen in Aviatico gibt&#8217;s hier keine Sitzgelegenheit. <\/p>\n<p><a href='http:\/\/ski.inmontanis.info\/d\/109740-2\/P1470745.JPG'><img src=http:\/\/ski.inmontanis.info\/d\/109739-3\/P1470745.JPG \/><\/a><br \/>\n^ Gondellifttrasse. Durch die wei\u00dfen Kabinen schon etwas farblos. Ich vermisse die bunten K\u00f6rbe.<\/p>\n<p><img src=http:\/\/ski.inmontanis.info\/d\/109744-2\/P1470760.JPG \/><br \/>\n^ Wartezeiten am SL Betulla<\/p>\n<p>2006:<br \/>\n<a href='http:\/\/ski.inmontanis.info\/d\/33984-2\/P1030759.jpg'><img src=http:\/\/ski.inmontanis.info\/d\/33984-2\/P1030759.jpg \/><\/a><\/p>\n<p><img src=http:\/\/ski.inmontanis.info\/d\/109748-2\/P1470763.JPG \/><br \/>\n^ Pano mit dem neuen Gondellift in die verschneite Po-Ebene<\/p>\n<p><a href='http:\/\/ski.inmontanis.info\/d\/109752-2\/P1470766.JPG'><img src=http:\/\/ski.inmontanis.info\/d\/109751-3\/P1470766.JPG \/><\/a><br \/>\n^ Die Kabinen gibt&#8217;s entweder ganz ohne Logo, mit diesem Logo oder noch mit einem anderen Logo.<\/p>\n<p><a href='http:\/\/ski.inmontanis.info\/d\/109756-2\/P1470770.JPG'><img src=http:\/\/ski.inmontanis.info\/d\/109755-3\/P1470770.JPG \/><\/a><br \/>\n^ Blick zur Cima della Pigna (und einer Kabine mit dem anderen Logo)<\/p>\n<p><img src=http:\/\/ski.inmontanis.info\/d\/109760-2\/P1470771.JPG \/><br \/>\n^ Pano mit dem neuen Gondellift in die verschneite Po-Ebene<\/p>\n<p><img src=http:\/\/ski.inmontanis.info\/d\/109764-2\/P1470772.JPG \/><br \/>\n^ Bergstation <\/p>\n<p><a href='http:\/\/ski.inmontanis.info\/d\/109769-2\/P1470776.JPG'><img src=http:\/\/ski.inmontanis.info\/d\/109768-3\/P1470776.JPG \/><\/a><br \/>\n^ Bergstation <\/p>\n<p><img src=http:\/\/ski.inmontanis.info\/d\/109773-2\/P1470777.JPG \/><br \/>\n^ Bergstation des neuen Gondellifts mit Monte Viso im Hintergrund<\/p>\n<p><img src=http:\/\/ski.inmontanis.info\/d\/109777-2\/P1470780.JPG \/><br \/>\n^ Pano mit der neuen Gondelbahn, leider gab&#8217;s eine bl\u00f6de Nebelschicht, somit konnte man den Alpenbogen da hinten heute nicht sehen :-(<\/p>\n<p>2006:<br \/>\n<a href='http:\/\/ski.inmontanis.info\/d\/34281-2\/P1030909.jpg'><img src=http:\/\/ski.inmontanis.info\/d\/34281-2\/P1030909.jpg \/><\/a><\/p>\n<p><img src=http:\/\/ski.inmontanis.info\/d\/109781-2\/P1470783.JPG \/><br \/>\n^ An der DSB scheint noch alles beim alten zu sein, da sie wohl nicht mehr allzu lang gehen wird d\u00fcrfen, sollte man sie momentan mit Prio-1 fahren.<\/p>\n<p><a href='http:\/\/ski.inmontanis.info\/d\/109785-2\/P1470787.JPG'><img src=http:\/\/ski.inmontanis.info\/d\/109784-3\/P1470787.JPG \/><\/a><br \/>\n^ Gondellift und SL Betulla, glaub der hat heuer sein letztes Jahr. (dachte eigentlich, der w\u00fcrde heuer schon nicht mehr laufen, hab ich mich wohl verlesen)<\/p>\n<p><img src=http:\/\/ski.inmontanis.info\/d\/109789-2\/P1470789.JPG \/><br \/>\n^ Neue Gondelkabine an St\u00fctze, man beachte das eingravierte CCM-Logo und die beiden stylischen Retro-Ski-K\u00f6cher!<\/p>\n<p><a href='http:\/\/ski.inmontanis.info\/d\/109793-2\/P1470795.JPG'><img src=http:\/\/ski.inmontanis.info\/d\/109792-3\/P1470795.JPG \/><\/a><br \/>\n^ Wartezeiten am SL Genizanella, Gratis-Skitag sein Dank&#8230;<\/p>\n<p><a href='http:\/\/ski.inmontanis.info\/d\/109797-2\/P1470802.JPG'><img src=http:\/\/ski.inmontanis.info\/d\/109796-3\/P1470802.JPG \/><\/a><br \/>\n^ Zoom zum Monte Viso und in Frankreich scheint die Sonne&#8230;<\/p>\n<p><a href='http:\/\/ski.inmontanis.info\/d\/109801-2\/P1470806.JPG'><img src=http:\/\/ski.inmontanis.info\/d\/109800-3\/P1470806.JPG \/><\/a><br \/>\n^ Ui! Das Matterhorn (190km entfernt!) im Zoom und auch noch ohne Wolken!<\/p>\n<p><img src=http:\/\/ski.inmontanis.info\/d\/109805-2\/P1470808.JPG \/><br \/>\n^ Bergstation Gondellift, Rifugio und diverse SL-Stationen<\/p>\n<p><a href='http:\/\/ski.inmontanis.info\/d\/109809-2\/P1470812.JPG'><img src=http:\/\/ski.inmontanis.info\/d\/109808-3\/P1470812.JPG \/><\/a><br \/>\n^ Urige, ehemalige Abfahrtsschneise am rechten SL<\/p>\n<p><a href='http:\/\/ski.inmontanis.info\/d\/109813-2\/P1470815.JPG'><img src=http:\/\/ski.inmontanis.info\/d\/109812-3\/P1470815.JPG \/><\/a><br \/>\n^ Urige, ehemalige Abfahrtsschneise, heuer zum ersten Mal gefahren!<\/p>\n<p><a href='http:\/\/ski.inmontanis.info\/d\/109817-2\/P1470817.JPG'><img src=http:\/\/ski.inmontanis.info\/d\/109816-3\/P1470817.JPG \/><\/a><br \/>\n^ Urige, ehemalige Abfahrtsschneise<\/p>\n<p><a href='http:\/\/ski.inmontanis.info\/d\/109821-2\/P1470820.JPG'><img src=http:\/\/ski.inmontanis.info\/d\/109820-3\/P1470820.JPG \/><\/a><br \/>\n^ Urige, ehemalige Abfahrtsschneise<\/p>\n<p><a href='http:\/\/ski.inmontanis.info\/d\/109825-2\/P1470822.JPG'><img src=http:\/\/ski.inmontanis.info\/d\/109824-3\/P1470822.JPG \/><\/a><br \/>\n^ Urige, ehemalige Abfahrtsschneise <\/p>\n<p>Und noch ein paar Best-Of-Fotos von 2006, am Rest hat sich ja nix \/ kaum was ge\u00e4ndert:<\/p>\n<p><img src=http:\/\/ski.inmontanis.info\/d\/34006-2\/P1030769.jpg \/><br \/>\n^ Ok, das ist jetzt weg&#8230;<\/p>\n<p><img src=http:\/\/ski.inmontanis.info\/d\/34012-2\/P1030771.jpg \/><br \/>\n^ Strecke und Abfahrt SL Pineta (6)<\/p>\n<p><a href='http:\/\/ski.inmontanis.info\/d\/34005-2\/P1030768.jpg'><img src=http:\/\/ski.inmontanis.info\/d\/34005-2\/P1030768.jpg \/><\/a><br \/>\n^ Bergstation SL Betulla (4, links) und SL Margherita (3, rechts)<\/p>\n<p><a href='http:\/\/ski.inmontanis.info\/d\/34017-2\/P1030772.jpg'><img src=http:\/\/ski.inmontanis.info\/d\/34017-2\/P1030772.jpg \/><\/a><br \/>\n^ SL Pineta (6) mit unpr\u00e4parierter Liftspur, kurz unterhalb der Bergstation<\/p>\n<p><a href='http:\/\/ski.inmontanis.info\/d\/34221-2\/P1030868.jpg'><img src=http:\/\/ski.inmontanis.info\/d\/34221-2\/P1030868.jpg \/><\/a><br \/>\n^ SL Margherita (inzwischen gr\u00fcn) und SL Erica (inzwischen abgebaut)<\/p>\n<p><img src=http:\/\/ski.inmontanis.info\/d\/34039-2\/P1030783.jpg \/><\/p>\n<p><img src=http:\/\/ski.inmontanis.info\/d\/34057-2\/P1030789.jpg \/><\/p>\n<p><img src=http:\/\/ski.inmontanis.info\/d\/34075-2\/P1030796.jpg \/><\/p>\n<p><img src=http:\/\/ski.inmontanis.info\/d\/34198-2\/P1030861.jpg \/><\/p>\n<p><a href='http:\/\/ski.inmontanis.info\/d\/33951-2\/P1030743.jpg'><img src=http:\/\/ski.inmontanis.info\/d\/33951-2\/P1030743.jpg \/><\/a><\/p>\n<p>.. mehr &#8220;alte&#8221; Fotos von 2006+2008 auf <a href='http:\/\/ski.inmontanis.info\/v\/Italien\/AlpenWest\/lurisia_2005w06\/'>http:\/\/ski.inmontanis.info\/v\/Italien\/AlpenWest\/lurisia_2005w06\/<\/a><\/p>\n<p>Und noch ein paar Filmschnipsel von 2010:<br \/>\n<object style=\"height: 500px; width: 900px\"><param name=\"movie\" value=\"http:\/\/www.youtube.com\/v\/ocOMQcO0zNE\"><\/param><param name=\"wmode\" value=\"transparent\"><\/param><embed src=\"http:\/\/www.youtube.com\/v\/ocOMQcO0zNE\" type=\"application\/x-shockwave-flash\" wmode=\"transparent\"  width=\"900\" height=\"480\"><\/embed><\/object><\/p>\n<p>.. und von 2006+2008: (schon fr\u00fcher gepostet)<br \/>\n<object style=\"height: 500px; width: 900px\"><param name=\"movie\" value=\"http:\/\/www.youtube.com\/v\/6QjDgJ5dHTU\"><\/param><param name=\"wmode\" value=\"transparent\"><\/param><embed src=\"http:\/\/www.youtube.com\/v\/6QjDgJ5dHTU\" type=\"application\/x-shockwave-flash\" wmode=\"transparent\"  width=\"900\" height=\"480\"><\/embed><\/object><\/p>\n<p>Macht mir den Anschein, als ob der Korblift um einiges schneller lief?<\/p>\n","protected":false},"excerpt":{"rendered":"<p>30.1.2010 &#8211; 8. Tag &#8211; Teil 2: Lurisia<\/p>\n<p>(Die ganze &#8220;Southern Alps Tour&#8221; im \u00dcberblick hier)<\/p>\n<p> N: Lurisia<\/p>\n<p>Kurz vor 13 Uhr war ich in Lurisia &#8211; und es war die H\u00d6LLE los! Alle Parkpl\u00e4tze gesteckt voll, so voll, dass ich an Stelle einiger Autos da nie und nimmer rausgekommen w\u00e4re. Der n\u00e4chste freie <a href=\"http:\/\/blog.inmontanis.info\/?p=1070\">[&#8230;]<\/a><\/p>\n","protected":false},"author":1,"featured_media":0,"comment_status":"open","ping_status":"closed","sticky":false,"template":"","format":"standard","meta":{"footnotes":""},"categories":[71,15,231,59,27],"tags":[44,38,63,47],"class_list":["post-1070","post","type-post","status-publish","format-standard","hentry","category-201001-southernalps","category-italienitaly","category-lurisia","category-nostalgie","category-skifahren-winterskiing-winter","tag-2eub","tag-dsb","tag-korblift","tag-sl","odd"],"_links":{"self":[{"href":"http:\/\/blog.inmontanis.info\/index.php?rest_route=\/wp\/v2\/posts\/1070","targetHints":{"allow":["GET"]}}],"collection":[{"href":"http:\/\/blog.inmontanis.info\/index.php?rest_route=\/wp\/v2\/posts"}],"about":[{"href":"http:\/\/blog.inmontanis.info\/index.php?rest_route=\/wp\/v2\/types\/post"}],"author":[{"embeddable":true,"href":"http:\/\/blog.inmontanis.info\/index.php?rest_route=\/wp\/v2\/users\/1"}],"replies":[{"embeddable":true,"href":"http:\/\/blog.inmontanis.info\/index.php?rest_route=%2Fwp%2Fv2%2Fcomments&post=1070"}],"version-history":[{"count":1,"href":"http:\/\/blog.inmontanis.info\/index.php?rest_route=\/wp\/v2\/posts\/1070\/revisions"}],"predecessor-version":[{"id":1071,"href":"http:\/\/blog.inmontanis.info\/index.php?rest_route=\/wp\/v2\/posts\/1070\/revisions\/1071"}],"wp:attachment":[{"href":"http:\/\/blog.inmontanis.info\/index.php?rest_route=%2Fwp%2Fv2%2Fmedia&parent=1070"}],"wp:term":[{"taxonomy":"category","embeddable":true,"href":"http:\/\/blog.inmontanis.info\/index.php?rest_route=%2Fwp%2Fv2%2Fcategories&post=1070"},{"taxonomy":"post_tag","embeddable":true,"href":"http:\/\/blog.inmontanis.info\/index.php?rest_route=%2Fwp%2Fv2%2Ftags&post=1070"}],"curies":[{"name":"wp","href":"https:\/\/api.w.org\/{rel}","templated":true}]}}