{"id":10697,"date":"2025-03-20T20:30:35","date_gmt":"2025-03-20T19:30:35","guid":{"rendered":"http:\/\/blog.inmontanis.info\/?p=10697"},"modified":"2025-03-22T20:36:14","modified_gmt":"2025-03-22T19:36:14","slug":"luosto-20-3-2025","status":"publish","type":"post","link":"http:\/\/blog.inmontanis.info\/?p=10697","title":{"rendered":"Luosto, 20.3.2025"},"content":{"rendered":"<p><strong>Do, 20.3.2025<\/strong><\/p>\n<p>Ich ging morgens noch einkaufen, Tokmanni und noch schnell ein S-Market, wobei die Himbeer-Lakritz-Kaugummi im letzteren leider g\u00fcnstiger gewesen w\u00e4ren :(<\/p>\n<p>Daf\u00fcr bekam ich dort noch Kartoffelchips mit Pfifferlingsgeschmack, mal gespannt, ob mir das gefallen wird. Ich war eigentlich nie ein sonderlicher Fan von Pfifferlingen, aber ihnen auch nicht abgeneigt. <\/p>\n<p><a href='http:\/\/extra.inmontanis.info\/d\/130290-2\/DSC02775.jpg'><img src=http:\/\/extra.inmontanis.info\/d\/130289-3\/DSC02775.jpg \/><\/a><br \/>\n^ Das Eis auf den Stra\u00dfen war (vmtl. durch die Spikereifen der anderen Fahrer?!) angeraut und daher relativ griffig<\/p>\n<p><a href='http:\/\/extra.inmontanis.info\/d\/130294-2\/DSC02781.jpg'><img src=http:\/\/extra.inmontanis.info\/d\/130293-3\/DSC02781.jpg \/><\/a><br \/>\n^ Kartoffelchips mit Pfifferlingsgeschmack hatte ich glaub ich noch nie gesehen, also mal probieren.<\/p>\n<p><a href='http:\/\/ski.inmontanis.info\/d\/338755-2\/DSC02777.jpg'><img src=http:\/\/ski.inmontanis.info\/d\/338754-3\/DSC02777.jpg \/><\/a><br \/>\n^ Zufahrt Skigebiet Luosto<\/p>\n<p>Um 10:50 kam ich am Parkplatz von Luosto an. Voller als ich es von letztem Jahr in Erinnerung hatte.<\/p>\n<p>Der Haupt-SL hat leider einen neuen Einstieg (und vmtl. neue Skidataleser) bekommen &#8211; und mein Skipass ging leider nicht.<\/p>\n<p>An der Kasse dann mal wieder eine neue Information, denen nach w\u00fcrde ein Skipass nur in dem jeweiligen Skigebiet gelten &#8211; das ist mal kontr\u00e4r zu der Info auf deren (zumindest englischen) Online-Skipass-Shop, wonach alle Skip\u00e4sse in allen 4 Gebieten gelten sollten. Ich zeigte ihnen meine Email aus Pallas und bekam dadurch 2 Tage (gratis) neu draufgespielt und sollte ggf. morgen in Ounasvaara nochmals die Email zeigen, wenn es nicht funktioniert, er glaubts ja nicht&#8230;<\/p>\n<p>Am kurzen SL schon mehrmals geh\u00f6rt am Auto, dass obwohl er so langsam fuhr, f\u00fcr Kinder trotzdem noch langsamer geschaltet wurde. Am Hauptlift wurde das wohl auch einige Male gemacht :(<\/p>\n<p>Chicken Nuggets mit Pommes w\u00fcrden 11,50 kosten (letztes Jahr 10,50), als Kinderportion 8,80. Hab mir nur &#8216;n Munkki gekauft.<\/p>\n<p>Leider auch heute ein kalter Wind (bei ca. -5\u00b0), weshalb ich nicht bis zum schattigen Schluss gefahren bin. <\/p>\n<p><a href='http:\/\/ski.inmontanis.info\/d\/338759-2\/DSC02782.jpg'><img src=http:\/\/ski.inmontanis.info\/d\/338758-3\/DSC02782.jpg \/><\/a><br \/>\n^ Einstieg am Haupt-SL ist nun nicht mehr (sch\u00f6ner) von der Seite sondern nun von unten (wo man also ein St\u00fcck raufschieben muss)<\/p>\n<p><a href='http:\/\/ski.inmontanis.info\/d\/338763-2\/DSC02783.jpg'><img src=http:\/\/ski.inmontanis.info\/d\/338762-3\/DSC02783.jpg \/><\/a><br \/>\n^ Am auff\u00e4lligsten, dass heuer weniger Schnee liegt: Die B\u00e4ume sind nicht so sch\u00f6n verschneit.<\/p>\n<p><a href='http:\/\/ski.inmontanis.info\/d\/338767-2\/DSC02786.jpg'><img src=http:\/\/ski.inmontanis.info\/d\/338766-3\/DSC02786.jpg \/><\/a><br \/>\n^ Offpiste schneem\u00e4\u00dfig oben wie unten unlohnenswert gewesen<\/p>\n<p><a href='http:\/\/ski.inmontanis.info\/d\/338771-2\/DSC02788.jpg'><img src=http:\/\/ski.inmontanis.info\/d\/338770-3\/DSC02788.jpg \/><\/a><br \/>\n^ Linker SL und Pano<\/p>\n<p><a href='http:\/\/ski.inmontanis.info\/d\/338775-2\/ge20250320a.jpg'><img src=http:\/\/ski.inmontanis.info\/d\/338774-3\/ge20250320a.jpg \/><\/a><br \/>\n^ GPS-Track 20.3.2025 in Magenta, vorherige Besuche in Gelb (letztes Jahr war mein letzter Tag am 19.3.2024)<\/p>\n<p>Noch bis nach Rovaniemi oder lieber auf dem Weg schlafen und morgen fr\u00fch vor der Arbeit noch etwas fahren zum Aufw\u00e4rmen? Allerdings h\u00e4tte ich morgen Nachmittag\/Abend noch eine l\u00e4ngere Fahrstrecke, m\u00f6chte noch in einen Supermarkt und au\u00dferdem auch in Rovaniemi noch in den Shop, wo ich letztes Jahr Heiz-Skibrille+Heizhandschuhe gekauft hab, schauen, ob es eine Skibrille mit Nasenschutz und braunen Gl\u00e4sern gibt, die man bei Sonne und Schatten tragen k\u00f6nnte. <\/p>\n<p>Da meine graue Sonnen-Skibrille bei Schatten bzw. ohne Sonne eine schlechte Stimmung verbreitet, hatte ich heuer oft die neue gelbe an, aber auch heuer nur 1x die Heizfunktion ben\u00f6tigt, also egtl zu schade, die so oft zu gebrauchen. Nachmittags nur bis 17 Uhr offen, daher f\u00e4llt das heute aus, sollte ich also morgen Mittag besuchen.<\/p>\n<p>Die Parkpl\u00e4tze vor Rovaniemi sind laut P4N oft bis und nach Mitternacht f\u00fcr Nordlichttouris in Verwendung, dazu nahe an der Stra\u00dfe &#8211; aber vielleicht trotzdem angehmer als am Weihnachtsmanndorf mit den vielen lauten Hunden dort? Also mal hier probiert. Warum das hier ein Nordlicht-Hotspot sein soll mit dem keinen Parkplatz und den B\u00e4umen drumherum, ist mir aber nicht klar. <\/p>\n<p>Der eine Stellplatz in Rovaniemi w\u00fcrde momentan 36,90 kosten, der war letztes Jahr zumindest au\u00dferhalb der Hauptsaison mit 25 \u20ac g\u00fcnstiger.<\/p>\n<p>Was auch immer hier warum f\u00fcr Leute kamen, kaum fuhren die einen nach ein paar Stunden weg, kamen um 23 Uhr die n\u00e4chsten &#8230;  kaum waren die eine halbe Stunde sp\u00e4ter weg, kam nochmals eine Gruppe, aber die blieb nicht lang.<\/p>\n<p>Auch die heutige Nacht soll wieder unter -10\u00b0 werden, war aber wesentlich k\u00e4lter, Minimumtemp. im Auto -7,6\u00b0, da fiel sogar ein Fensterschaumstoff raus, weil zusammengeschrumpft. Auch mein Kleiderspray war am Morgen eingefroren, das Frisch- und Waschwasser ebenfalls (fast).  <\/p>\n<p>Geplant h\u00e4tte ich ja nun am Sonntag Kittelfj\u00e4ll und wollte dort auch noch am Montag bleiben. Sonntag wird derzeit sonnig gemeldet, aber am Mo leichter Schneefall und: Sturm :(  In Blasj\u00f6n ist der obere SL wohl auch nach wie vor nicht offen, dort hat&#8217;s nicht geschneit und soll es auch nicht mehr bis zum n\u00e4chsten WE, au\u00dfer vielleicht nat\u00fcrlich am WE (aber die haben derzeit nur am WE offen). <\/p>\n<p>Der Winter mag nicht mit mir heuer. Alles in Allem gefiel mir der Sommer letzes Jahr mit den vielen Trams und Castles besser als der bisherige Winter. Wobei es, w\u00e4re ich in den Alpen geblieben, wohl noch negativer ausfallen w\u00fcrde. Nach der n\u00e4chsfen Woche gibts nur noch 1 Monat &#8220;Wintersaison&#8221; bevor es dann in die Gletschersaison geht&#8230; und die ist im Mai auch selten wirklich gut, Juni\/Juli war normalerweise sch\u00f6ner. Da m\u00fcsste es jetzt im April oder Mai noch ein Firnwunder geben, dass ich den Winter positiv bewerten w\u00fcrde.<\/p>\n","protected":false},"excerpt":{"rendered":"<p>Do, 20.3.2025<\/p>\n<p>Ich ging morgens noch einkaufen, Tokmanni und noch schnell ein S-Market, wobei die Himbeer-Lakritz-Kaugummi im letzteren leider g\u00fcnstiger gewesen w\u00e4ren :(<\/p>\n<p>Daf\u00fcr bekam ich dort noch Kartoffelchips mit Pfifferlingsgeschmack, mal gespannt, ob mir das gefallen wird. Ich war eigentlich nie ein sonderlicher Fan von Pfifferlingen, aber ihnen auch nicht abgeneigt. <\/p>\n<p> ^ <a href=\"http:\/\/blog.inmontanis.info\/?p=10697\">[&#8230;]<\/a><\/p>\n","protected":false},"author":1,"featured_media":10699,"comment_status":"closed","ping_status":"closed","sticky":false,"template":"","format":"standard","meta":{"footnotes":""},"categories":[940,20,917,27],"tags":[47],"class_list":["post-10697","post","type-post","status-publish","format-standard","has-post-thumbnail","hentry","category-2025-01-alpenskandinavien","category-finnlandfinland","category-luosto","category-skifahren-winterskiing-winter","tag-sl","odd"],"_links":{"self":[{"href":"http:\/\/blog.inmontanis.info\/index.php?rest_route=\/wp\/v2\/posts\/10697","targetHints":{"allow":["GET"]}}],"collection":[{"href":"http:\/\/blog.inmontanis.info\/index.php?rest_route=\/wp\/v2\/posts"}],"about":[{"href":"http:\/\/blog.inmontanis.info\/index.php?rest_route=\/wp\/v2\/types\/post"}],"author":[{"embeddable":true,"href":"http:\/\/blog.inmontanis.info\/index.php?rest_route=\/wp\/v2\/users\/1"}],"replies":[{"embeddable":true,"href":"http:\/\/blog.inmontanis.info\/index.php?rest_route=%2Fwp%2Fv2%2Fcomments&post=10697"}],"version-history":[{"count":2,"href":"http:\/\/blog.inmontanis.info\/index.php?rest_route=\/wp\/v2\/posts\/10697\/revisions"}],"predecessor-version":[{"id":10700,"href":"http:\/\/blog.inmontanis.info\/index.php?rest_route=\/wp\/v2\/posts\/10697\/revisions\/10700"}],"wp:featuredmedia":[{"embeddable":true,"href":"http:\/\/blog.inmontanis.info\/index.php?rest_route=\/wp\/v2\/media\/10699"}],"wp:attachment":[{"href":"http:\/\/blog.inmontanis.info\/index.php?rest_route=%2Fwp%2Fv2%2Fmedia&parent=10697"}],"wp:term":[{"taxonomy":"category","embeddable":true,"href":"http:\/\/blog.inmontanis.info\/index.php?rest_route=%2Fwp%2Fv2%2Fcategories&post=10697"},{"taxonomy":"post_tag","embeddable":true,"href":"http:\/\/blog.inmontanis.info\/index.php?rest_route=%2Fwp%2Fv2%2Ftags&post=10697"}],"curies":[{"name":"wp","href":"https:\/\/api.w.org\/{rel}","templated":true}]}}