{"id":10693,"date":"2025-03-19T19:46:41","date_gmt":"2025-03-19T18:46:41","guid":{"rendered":"http:\/\/blog.inmontanis.info\/?p=10693"},"modified":"2025-03-20T19:50:52","modified_gmt":"2025-03-20T18:50:52","slug":"yllas-19-3-2025","status":"publish","type":"post","link":"http:\/\/blog.inmontanis.info\/?p=10693","title":{"rendered":"Yll\u00e4s, 19.3.2025"},"content":{"rendered":"<p><strong>Mi, 19.3.2025<\/strong><\/p>\n<p>Morgens noch in den Supermarkt f\u00fcr Klo und bissl Einkauf, trotzdem schon um 9:20 Uhr an den SL der Nordseite gewesen, die momentan erst ab 10 Uhr \u00f6ffnen. Eine Pistenraupe fuhr auch noch und der Sturm, der laut Vorhersagen heute nicht so stark sein sollte, wehte \u00fcber die Pisten.<\/p>\n<p><a href='http:\/\/extra.inmontanis.info\/d\/130286-3\/DSC02753.jpg'><img src=http:\/\/extra.inmontanis.info\/d\/130285-4\/DSC02753.jpg \/><\/a><br \/>\n^ Riesen-Rentier in \u00c4k\u00e4slompolo am Einkaufszentrum<\/p>\n<p>Stand 9:30 w\u00e4re die EUB und der Gipfel-SL auf der S\u00fcdostseite plus der Verbindungslift und die 4KSB auf der Nordseite wg. Wind geschlossen, d.h. Verbindung in beiden Richtungen nicht m\u00f6glich.<\/p>\n<p>Der Skipass ging direkt (das Gl\u00fcck sollte ich morgen in Luosto nicht haben!). Wegen des starken Gegenwindes beim Abfahren bin ich auf der Nordseite nicht alle Abfahrten gefahren und nach 2h mit dem Auto auf die andere Seite gefahren. Die EUB blieb zumindest bis zu meinem Weggang au\u00dfer Betrieb, aber weil sie ja bis 19 Uhr fahren w\u00fcrde, k\u00f6nnte sie auch noch in Betrieb gegangen sein. <\/p>\n<p>Die Abfahrten waren angenehmer, weil in Windrichtung, aber die SL-Fahrten waren im Gegenwind auch nicht angenehmer. Die bl\u00f6de Zwangsverriegelungs-KSB lie\u00df ich wieder aus, auch wenn es beudetete, dass ich, weil die EUB ja nicht fuhr, zum (schnellen) F\u00f6rderband raufgehen musste, wenn ich dort unten mal aufs Klo oder zum Aufw\u00e4rmen hin wollte.<\/p>\n<p>Ich h\u00f6rte gegen 16 Uhr auf, hatte keine Lust mehr auf den Wind (obwohl er etwas schw\u00e4cher wurde) und die Beine wollten auch nicht mehr. <\/p>\n<p><a href='http:\/\/ski.inmontanis.info\/d\/338703-2\/DSC02755.jpg'><img src=http:\/\/ski.inmontanis.info\/d\/338702-3\/DSC02755.jpg \/><\/a><br \/>\n^ Heute offen\/geschlossen, wobei der Aurinkosompa (der Tellerlift neben der 4KSB) bald in Betrieb ging<\/p>\n<p><a href='http:\/\/ski.inmontanis.info\/d\/338707-2\/DSC02756.jpg'><img src=http:\/\/ski.inmontanis.info\/d\/338706-3\/DSC02756.jpg \/><\/a><br \/>\n^ Der linke (l\u00e4ngere) SL hier ist derzeit auch nicht in Betrieb<\/p>\n<p><a href='http:\/\/ski.inmontanis.info\/d\/338711-2\/DSC02758.jpg'><img src=http:\/\/ski.inmontanis.info\/d\/338710-3\/DSC02758.jpg \/><\/a><br \/>\n^ Nordseitenpano mit Yll\u00e4s-SL<\/p>\n<p><a href='http:\/\/ski.inmontanis.info\/d\/338715-3\/DSC02760.jpg'><img src=http:\/\/ski.inmontanis.info\/d\/338714-4\/DSC02760.jpg \/><\/a><br \/>\n^ Yll\u00e4s-SL, von den gro\u00dfen Werbetafeln ist nur eine belegt :)<\/p>\n<p><a href='http:\/\/ski.inmontanis.info\/d\/338719-3\/DSC02761.jpg'><img src=http:\/\/ski.inmontanis.info\/d\/338718-4\/DSC02761.jpg \/><\/a><br \/>\n^ Verbindungs-SL zur S\u00fcdseite wg. Sturm geschlossen, heute kommt man aber auch von der S\u00fcdseite nicht zum Gipfel, da EUB und SL zu<\/p>\n<p><a href='http:\/\/ski.inmontanis.info\/d\/338723-3\/DSC02762.jpg'><img src=http:\/\/ski.inmontanis.info\/d\/338722-4\/DSC02762.jpg \/><\/a><br \/>\n^ .. die nette Tal-Abfahrt unterhalb vom Verbindungslift zum SL Jokeri<\/p>\n<p><a href='http:\/\/ski.inmontanis.info\/d\/338727-3\/DSC02766.jpg'><img src=http:\/\/ski.inmontanis.info\/d\/338726-4\/DSC02766.jpg \/><\/a><br \/>\n^ An dieser Abfahrt an den \u00dcbungsliften ist heute noch keiner au\u00dfer mir gefahren, aber auch hier war Gegenwind beim Abfahren, was bei den flachen Abfahrten bl\u00f6d ist.<\/p>\n<p><a href='http:\/\/ski.inmontanis.info\/d\/338731-3\/DSC02767.jpg'><img src=http:\/\/ski.inmontanis.info\/d\/338730-4\/DSC02767.jpg \/><\/a><br \/>\n^ S\u00fcd(ost)-Seite mit der wg. Sturm geschlossenen EUB<\/p>\n<p><a href='http:\/\/ski.inmontanis.info\/d\/338735-3\/DSC02768.jpg'><img src=http:\/\/ski.inmontanis.info\/d\/338734-4\/DSC02768.jpg \/><\/a><br \/>\n^ .. um die bl\u00f6de moderne 6KSB zu umfahren, hangelte ich mich halt wieder mit den SL hinauf, rechts der SL neben der EUB zum Gipfel geht ja auch nicht wg. Sturm, aber der ganz rechte ist immerhin offen. Der ganz linke im Wald nat\u00fcrlch auch<\/p>\n<p><a href='http:\/\/ski.inmontanis.info\/d\/338739-3\/DSC02769.jpg'><img src=http:\/\/ski.inmontanis.info\/d\/338738-4\/DSC02769.jpg \/><\/a><br \/>\n^ Pano am gerade gefahrenen SL<\/p>\n<p><a href='http:\/\/ski.inmontanis.info\/d\/338743-3\/DSC02770.jpg'><img src=http:\/\/ski.inmontanis.info\/d\/338742-4\/DSC02770.jpg \/><\/a><br \/>\n^ Rechter SL auf der S\u00fcdseite, der nicht bis ganz rauf f\u00fchrt<\/p>\n<p><a href='http:\/\/ski.inmontanis.info\/d\/338747-3\/DSC02771.jpg'><img src=http:\/\/ski.inmontanis.info\/d\/338746-4\/DSC02771.jpg \/><\/a><br \/>\n^ Pano<\/p>\n<p><a href='http:\/\/ski.inmontanis.info\/d\/338751-3\/ge20250319b.jpg'><img src=http:\/\/ski.inmontanis.info\/d\/338750-4\/ge20250319b.jpg \/><\/a><br \/>\n^ GPS-Track 19.3.2025 in Magenta, vorherige Besuche in T\u00fcrkis<\/p>\n<p>Um noch ein bisschen zu fahren um das Auto zu w\u00e4rmen und um morgen etwas weniger fahren zu m\u00fcssen, probierte ich mein Nachtgl\u00fcck an einem Wander-\/Loipenparkplatz, der im Winter ger\u00e4umt sein soll.  Am n\u00e4chsten Tag stand noch ein Camperbus und ein Dachzelt-PKW hier.<\/p>\n<p>Morgen dann ca. 20-25min nach Kittil\u00e4 (ab 8 Uhr einkaufen im Tokmanni) und noch knapp 2h bis Luosto.<\/p>\n<p>In Bj\u00f6rkliden heute wieder nur der ganz kurze Kinderlift offen, Rest wegen Wind und\/oder zu viel Schnee geschlossen, Riksgr\u00e4nen wieder ganz zu, meldet aber nur 20cm Neuschnee, mikrig f\u00fcr die gemeldeten 40mm und mehr Niederschlag.<\/p>\n<p>Am n\u00e4chsten Tag (20.3.) waren in Bj\u00f6rkliden wieder (nur) die 2 \u00dcbungslifte offen, zwar angeblich kein Wind mehr, aber zu viel Neuschnee, durch die sich die Pistenmaschinen erst einmal k\u00e4mpfen m\u00fcssen. Riksgr\u00e4nsen hatte bis zum sp\u00e4ten Nachmittag nur die untere DSB offen, danach die 3SB, aber die SL blieben auch hier wg. zu viel st\u00fcrmischem Neuschnee zu. <\/p>\n<p>Dass ich dort diese Woche nicht geblieben bin, war schon sinnvoll.<\/p>\n","protected":false},"excerpt":{"rendered":"<p>Mi, 19.3.2025<\/p>\n<p>Morgens noch in den Supermarkt f\u00fcr Klo und bissl Einkauf, trotzdem schon um 9:20 Uhr an den SL der Nordseite gewesen, die momentan erst ab 10 Uhr \u00f6ffnen. Eine Pistenraupe fuhr auch noch und der Sturm, der laut Vorhersagen heute nicht so stark sein sollte, wehte \u00fcber die Pisten.<\/p>\n<p> ^ Riesen-Rentier in <a href=\"http:\/\/blog.inmontanis.info\/?p=10693\">[&#8230;]<\/a><\/p>\n","protected":false},"author":1,"featured_media":10695,"comment_status":"closed","ping_status":"closed","sticky":false,"template":"","format":"standard","meta":{"footnotes":""},"categories":[940,20,27,285],"tags":[47],"class_list":["post-10693","post","type-post","status-publish","format-standard","has-post-thumbnail","hentry","category-2025-01-alpenskandinavien","category-finnlandfinland","category-skifahren-winterskiing-winter","category-yllas","tag-sl","odd"],"_links":{"self":[{"href":"http:\/\/blog.inmontanis.info\/index.php?rest_route=\/wp\/v2\/posts\/10693","targetHints":{"allow":["GET"]}}],"collection":[{"href":"http:\/\/blog.inmontanis.info\/index.php?rest_route=\/wp\/v2\/posts"}],"about":[{"href":"http:\/\/blog.inmontanis.info\/index.php?rest_route=\/wp\/v2\/types\/post"}],"author":[{"embeddable":true,"href":"http:\/\/blog.inmontanis.info\/index.php?rest_route=\/wp\/v2\/users\/1"}],"replies":[{"embeddable":true,"href":"http:\/\/blog.inmontanis.info\/index.php?rest_route=%2Fwp%2Fv2%2Fcomments&post=10693"}],"version-history":[{"count":2,"href":"http:\/\/blog.inmontanis.info\/index.php?rest_route=\/wp\/v2\/posts\/10693\/revisions"}],"predecessor-version":[{"id":10696,"href":"http:\/\/blog.inmontanis.info\/index.php?rest_route=\/wp\/v2\/posts\/10693\/revisions\/10696"}],"wp:featuredmedia":[{"embeddable":true,"href":"http:\/\/blog.inmontanis.info\/index.php?rest_route=\/wp\/v2\/media\/10695"}],"wp:attachment":[{"href":"http:\/\/blog.inmontanis.info\/index.php?rest_route=%2Fwp%2Fv2%2Fmedia&parent=10693"}],"wp:term":[{"taxonomy":"category","embeddable":true,"href":"http:\/\/blog.inmontanis.info\/index.php?rest_route=%2Fwp%2Fv2%2Fcategories&post=10693"},{"taxonomy":"post_tag","embeddable":true,"href":"http:\/\/blog.inmontanis.info\/index.php?rest_route=%2Fwp%2Fv2%2Ftags&post=10693"}],"curies":[{"name":"wp","href":"https:\/\/api.w.org\/{rel}","templated":true}]}}