{"id":10689,"date":"2025-03-18T18:43:17","date_gmt":"2025-03-18T17:43:17","guid":{"rendered":"http:\/\/blog.inmontanis.info\/?p=10689"},"modified":"2025-03-19T19:02:51","modified_gmt":"2025-03-19T18:02:51","slug":"olos-pallas-16-18-3-2025","status":"publish","type":"post","link":"http:\/\/blog.inmontanis.info\/?p=10689","title":{"rendered":"Olos &#038; Pallas, 16.-18.3.2025"},"content":{"rendered":"<p><strong>So, 16.3.2025<\/strong><\/p>\n<p>In der Gegend meines Nachtplatzes bzw. auf dem Weg mit etwas Umweg g\u00e4be es das kleine und relativ neue Skigebiet Sattaj\u00e4rvi, da w\u00e4r ich letztes Jahr gern vorbei, lag aber nicht auf dem Weg bzw. war ich nicht am Wochenende unterwegs (weil nur da offen), heuer ist es wg. Schneemangel noch nicht offen.<\/p>\n<p><a href='http:\/\/extra.inmontanis.info\/d\/130202-2\/DSC02676.jpg'><img src=http:\/\/extra.inmontanis.info\/d\/130201-3\/DSC02676.jpg \/><\/a><br \/>\n^ Vittangi-Pajala, allerdings fuhr ich nicht bis Pajala, sondern \u00fcber Kangos schr\u00e4g rauf zur 99<\/p>\n<p><a href='http:\/\/extra.inmontanis.info\/d\/130206-2\/DSC02682.jpg'><img src=http:\/\/extra.inmontanis.info\/d\/130205-3\/DSC02682.jpg \/><\/a><br \/>\n^ .. quasi eine ca. 60km lange Diagonale um ca. 60km einzusparen<\/p>\n<p><a href='http:\/\/extra.inmontanis.info\/d\/130210-2\/DSC02687.jpg'><img src=http:\/\/extra.inmontanis.info\/d\/130209-3\/DSC02687.jpg \/><\/a><br \/>\n^ Sp\u00e4ter wurde die Stra\u00dfe dann etwas schm\u00e4ler<\/p>\n<p><a href='http:\/\/extra.inmontanis.info\/d\/130214-2\/DSC02689.jpg'><img src=http:\/\/extra.inmontanis.info\/d\/130213-3\/DSC02689.jpg \/><\/a><br \/>\n^ .. und anscheinend war ich der erste, der hier fuhr, bis mir irgendwann mal ein Auto entgegen kam<\/p>\n<p><a href='http:\/\/extra.inmontanis.info\/d\/130218-2\/DSC02693.jpg'><img src=http:\/\/extra.inmontanis.info\/d\/130217-3\/DSC02693.jpg \/><\/a><br \/>\n^ Nat\u00fcrlich gab es mal wieder einen baumfreien Bereich auf einem H\u00fcgel, aber zum Gl\u00fcck waren die Schneewehen noch nicht zu stark<\/p>\n<p><a href='http:\/\/extra.inmontanis.info\/d\/130222-2\/DSC02696.jpg'><img src=http:\/\/extra.inmontanis.info\/d\/130221-3\/DSC02696.jpg \/><\/a><br \/>\n^ Auf der 99 von Pajala scheint heute auch noch niemand gekommen zu sein &#8230;<\/p>\n<p><a href='http:\/\/extra.inmontanis.info\/d\/130226-2\/DSC02697.jpg'><img src=http:\/\/extra.inmontanis.info\/d\/130225-3\/DSC02697.jpg \/><\/a><br \/>\n^ &#8230; aber von Norden kam der eine, der mir vor einer viertel Stunde entgegen kam. Der einzige auf den 60km.<\/p>\n<p><a href='http:\/\/extra.inmontanis.info\/d\/130230-2\/DSC02698.jpg'><img src=http:\/\/extra.inmontanis.info\/d\/130229-3\/DSC02698.jpg \/><\/a><br \/>\n^ Weiter n\u00f6rdllich sah die 99 etwas mehr befahren aus, aber um 9:12 Uhr gab es heute noch keinen Schneer\u00e4umdienst<\/p>\n<p><a href='http:\/\/extra.inmontanis.info\/d\/130234-2\/DSC02703.jpg'><img src=http:\/\/extra.inmontanis.info\/d\/130233-3\/DSC02703.jpg \/><\/a><br \/>\n^ Endlich, um 9:21:45 die erste Rentiergruppe auf dieser Reise, so sp\u00e4t hab ich die wohl noch nie gesehen.<\/p>\n<p><a href='http:\/\/extra.inmontanis.info\/d\/130238-2\/DSC02704.jpg'><img src=http:\/\/extra.inmontanis.info\/d\/130237-3\/DSC02704.jpg \/><\/a><br \/>\n^ .. nat\u00fcrlich das \u00fcbliche Problem, dass sie auf der Stra\u00dfe bleiben und vor einem herrennen.<\/p>\n<p><a href='http:\/\/extra.inmontanis.info\/d\/130242-3\/DSC02705.jpg'><img src=http:\/\/extra.inmontanis.info\/d\/130241-4\/DSC02705.jpg \/><\/a><br \/>\n^ Um 9:22:35 ging die ganze Gruppe von der Stra\u00dfe weg, bis auf ein Jungtier, leider &#8230;<\/p>\n<p><a href='http:\/\/extra.inmontanis.info\/d\/130246-3\/DSC02707.jpg'><img src=http:\/\/extra.inmontanis.info\/d\/130245-4\/DSC02707.jpg \/><\/a><br \/>\n^ 9:24:08 und das kleine Rentier hoppelt immer noch vor mir her, ohne endlich mal weg zu gehen oder stehen zu bleiben, dass man vorbei k\u00f6nnte<\/p>\n<p><a href='http:\/\/extra.inmontanis.info\/d\/130250-3\/DSC02708.jpg'><img src=http:\/\/extra.inmontanis.info\/d\/130249-4\/DSC02708.jpg \/><\/a><br \/>\n^ 9:26:21..  und es rennt immer noch vor mir her. Erst um 9:29:30 kam ein Auto aus der Gegenrichtung und das Rentier ging zur Seite.<\/p>\n<p><a href='http:\/\/extra.inmontanis.info\/d\/130254-3\/DSC02711.jpg'><img src=http:\/\/extra.inmontanis.info\/d\/130253-4\/DSC02711.jpg \/><\/a><br \/>\n^ Gleich zweigt die 404 (witzig!!!)  nach Muonio ab.<\/p>\n<p><a href='http:\/\/extra.inmontanis.info\/d\/130258-3\/DSC02713.jpg'><img src=http:\/\/extra.inmontanis.info\/d\/130257-4\/DSC02713.jpg \/><\/a><br \/>\n^ Die 99 zweigt dann links ab, geradeaus die 404 nach Finnland. Man beachte auch den hohen Schnee hier auf der 99 um 9:34 Uhr<\/p>\n<p><a href='http:\/\/extra.inmontanis.info\/d\/130262-3\/DSC02716.jpg'><img src=http:\/\/extra.inmontanis.info\/d\/130261-4\/DSC02716.jpg \/><\/a><br \/>\n^ Die kurze 404<\/p>\n<p><a href='http:\/\/extra.inmontanis.info\/d\/130266-3\/DSC02719.jpg'><img src=http:\/\/extra.inmontanis.info\/d\/130265-4\/DSC02719.jpg \/><\/a><br \/>\n^ .. wurde heute auch noch nicht ger\u00e4umt<\/p>\n<p>Kurz vor 11 Uhr war ich in Muonio und ging noch in den Supermarkt. Leider war der S-Markt geschlossen, irgendwas vom 29.8. steht au\u00dfen angeschrieben, also hatte ich ein paar Minuten gewartet, denn der K-Market macht erst um 11 Uhr heute auf. <\/p>\n<p>Soll ich nun Olos oder Pallas heute fahren? W\u00e4r ja sch\u00f6n sonnig, was gut f\u00fcr Pallas w\u00e4re&#8230; aber weil mir Olos lieber ist, wollte ich hier den Skipass kaufen. <\/p>\n<p><a href='http:\/\/extra.inmontanis.info\/d\/130270-3\/DSC02720.jpg'><img src=http:\/\/extra.inmontanis.info\/d\/130269-4\/DSC02720.jpg \/><\/a><br \/>\n^ Muonio-Olos, Skigebiet in Sichtweite<\/p>\n<p>Um 11:30 am Parkplatz angekommen, sah man alle Lifte in Betrieb. Der am Skipassverkauf meinte, der Wochenskipass sei hier und in Pallas und 1 Tag in Yll\u00e4s g\u00fcltig, \u00fcber Luosto und Ounasvaara w\u00fcsste er nix. Schon komisch die unterschiedlichen Angaben \u00fcberall auf deren Webseiten. Vorsichsthalber dann spontan nur den 6-Tagespass genommen um 167 \u20ac statt des 15 \u20ac teureren 7-Tagespass; jeder weitere Tag kostet dann auch 15 \u20ac.<\/p>\n<p>Vieleicht kommts auch drauf an, wo man den Skipass kauft, in Luosto\/Ounasvaara sind alle 4 Gebiete aber kein Yll\u00e4s inkludiert, in Olos\/Pallas vielleicht 1 Tag Yll\u00e4s  aber kein Lousoto\/Ounasvaara?<\/p>\n<p>Die Frage ist, wohin ich die EMailnachfrage schicke. Nach Olos bekommts vielleicht genau der, bei dem ich den Skipass gekauft hab. Schreib ich halt mal an Pallas. Die schreiben auf ihrer Homepage eigentlich sogar beides, dass man in allen 4 Resorts fahren kann und 1 Tag in Yll\u00e4s. In dem Fall h\u00e4tt ich ja lieber 7 Tage genommen.<\/p>\n<p>Ich w\u00fcsste auch nicht, was mir im Falle einer Entweder-Oder-Variante lieber w\u00e4re bei einer Wochenkarte (bei der Saisonkarte ist&#8217;s klar). Lieber die 4 Gebiete ohne Yll\u00e4s oder ohne Luosto+Ounasvaara und daf\u00fcr 1 Tag Yll\u00e4s? Yll\u00e4s gefiel mir letztes Jahr ja eigentlich nicht, aber der Umweg nach Luosto nur f\u00fcr 1 Tag ist halt auch zweifelhaft.<\/p>\n<p>Ich fuhr gleich mal den mittleren SL und zum rechten SL, bevor der aus irgendeinem Grund den Geist aufgeben sollte &#8211; aber das war der linke Kurzb\u00fcgler, der wegen eines Defekts bald au\u00dfer Betrieb, war ohne dass ich ihn zuvor gefahren w\u00e4re, schade. Sp\u00e4ter werkelten Leute an der letzten St\u00fctze rum. Dass der rechte SL so langsam fuhr, hatte ich auch schon vergessen.<\/p>\n<p>Schnee &#8220;onpiste&#8221; war gut und so sch\u00f6n offpiste links im Wald hatte ich es letztes Jahr wohl auch nie. Die &#8220;schwarze&#8221; direkt rechts vom rechten SL ist wegen Schneemangels wieder geschlossen, da schauen oben auch einige heftige Felsen raus.<\/p>\n<p><a href='http:\/\/ski.inmontanis.info\/d\/338639-2\/DSC02722.jpg'><img src=http:\/\/ski.inmontanis.info\/d\/338638-3\/DSC02722.jpg \/><\/a><br \/>\n^ Links Graffer-Vintertec-Teller-\u00dcbungslift und Kurzb\u00fcgler, rechts der mittige SL<\/p>\n<p><a href='http:\/\/ski.inmontanis.info\/d\/338643-2\/DSC02723.jpg'><img src=http:\/\/ski.inmontanis.info\/d\/338642-3\/DSC02723.jpg \/><\/a><br \/>\n^ .. und auch der rechte Graffer-Vintertec-SL mit seinen ungew\u00f6hnlichen St\u00fctzen fuhr (sehr langsam)<\/p>\n<p><a href='http:\/\/ski.inmontanis.info\/d\/338647-2\/DSC02724.jpg'><img src=http:\/\/ski.inmontanis.info\/d\/338646-3\/DSC02724.jpg \/><\/a><br \/>\n^ Die sch\u00f6nen Abfahrten 9+10 rechts vom rechten SL<\/p>\n<p><a href='http:\/\/ski.inmontanis.info\/d\/338651-2\/DSC02727.jpg'><img src=http:\/\/ski.inmontanis.info\/d\/338650-3\/DSC02727.jpg \/><\/a><br \/>\n^ Im Wald ganz links gings heute auch gut zu fahren, erwischte ich letzets Jahr nie so gut<\/p>\n<p>Um 14:30, als es wieder sonniger wurde, ging ich trotzdem ins Restaurant, das diesmal recht voll war.<\/p>\n<p>Leider bleibt bekanntlich nichts, wie es war. Letztes Jahr gabs die Rentierk\u00f6ttbullar mit der leckeren Wildso\u00dfe je nach Portionsgr\u00f6\u00dfe um 9 bzw 16 \u20ac, die fehlen heuer leider komplett auf der Karte :(<br \/>\nDie Chicken Nuggets kosteten letztes Jahr g\u00fcnstige 8 \u20ac, heuer 11,50 \u20ac. Verglichen mit den anderen Preisen zwar immer noch g\u00fcnstig, aber eben nicht mehr so g\u00fcnstig. Nur Pommes 5 statt 4 \u20ac letztes Jahr, Munkki 3 statt 2,50.<\/p>\n<p>Wasser und Ketchup kann man sich nach wie vor gratis nehmen und nach wie vor lecker (Nuggets viel knuspriger als bei McD z.B.) und sehr s\u00e4ttigend.<\/p>\n<p><a href='http:\/\/ski.inmontanis.info\/d\/338655-2\/DSC02728.jpg'><img src=http:\/\/ski.inmontanis.info\/d\/338654-3\/DSC02728.jpg \/><\/a><br \/>\n^ Chicken Basket, heuer um 11,50. Ketchup und Wasser gratis<\/p>\n<p>Mit der Sonne kam wieder der Sturm.<\/p>\n<p><a href='http:\/\/ski.inmontanis.info\/d\/338659-2\/DSC02729.jpg'><img src=http:\/\/ski.inmontanis.info\/d\/338658-3\/DSC02729.jpg \/><\/a><br \/>\n^ St\u00fcrmischer Gipfel mit mittigem und rechtem SL<\/p>\n<p><a href='http:\/\/ski.inmontanis.info\/d\/338663-2\/DSC02731.jpg'><img src=http:\/\/ski.inmontanis.info\/d\/338662-3\/DSC02731.jpg \/><\/a><br \/>\n^ Rechter SL<\/p>\n<p><a href='http:\/\/ski.inmontanis.info\/d\/338667-2\/DSC02736.jpg'><img src=http:\/\/ski.inmontanis.info\/d\/338666-3\/DSC02736.jpg \/><\/a><br \/>\n^ Warum macht man denn so was :) (Mittlerer SL)<\/p>\n<p>Nachts soll es -10\u00b0 werden und morgen Vormittag nicht viel w\u00e4rmer .. trotzdem gegen\u00fcber der Stra\u00dfe auf dem dortigen Parkplatz frei stehen, so er ger\u00e4umt ist, oder die paar km zur\u00fcck nach Muonio und dort auf den Campingstellplatz, der heuer 29 statt 28 \u20ac kostet? <\/p>\n<p>Tja, der Parkplatz gegen\u00fcber war leider nicht ger\u00e4umt, rechts, wo ich letztes Jahr im Fr\u00fchling stand, waren Schneehaufen in unterschiedlicher H\u00f6he, links am gr\u00f6\u00dferen Platz wurde der Schnee zwar tiefer reingeschoben, aber auch schon l\u00e4nger nicht mehr und keine Autospuren, deshalb wusste man nicht, wie tief der Schnee ist, vielleicht w\u00e4rs eh gegangen, aber vielleicht w\u00e4ren auch mehr wie 20cm gelegen.  Wird wohl erst zum Langlaufevent Anfang April ger\u00e4umt.<\/p>\n<p>Also dann zu dem 29 \u20ac Stellplatz in Muonio. An der Kreuzung hab ich dann auch den neuen S-Market gesehen, der also bereits neu gebaut hatte und offen gewesen w\u00e4re. Ich hatte heute Morgen gedacht, der alte Markt w\u00fcrde umgebaut werden. Zumal auch das Licht innen brannte. Wenn die schon seit 29.8. umgesiedelt sein sollten, wieso brennt dann immer noch Licht im alten?!<\/p>\n<p>Dann h\u00e4tte ich heute nat\u00fcrlich nicht stromsparbedingt im Restaurant essen m\u00fcssen, wenn ich genug Landstrom hab.<\/p>\n<p>Je nach R\u00fcckmeldung auf die EMail, falls \u00fcberhaupt, k\u00f6nnte ich die 6 Tage wie folgt einteilen:<br \/>\n2 Tage Olos, je 1 Tag Pallas\/Luosto\/Ounasvaara\/Yll\u00e4s<br \/>\nje 2 Tage Olos und Pallas, je 1 Tag Luosto\/Ounasvaara<br \/>\nje 2 Tage Olos und Pallas, je 1 Tag Yll\u00e4s\/Ounasvaara (um sich die ca. 120km Umweg nach Luosto zu sparen)<br \/>\n3 Tage Olos, 2 Tage Pallas, 1 Tag Yll\u00e4s (auch um sich die ca. 255km Umweg nach Luosto+Ounasvaara zu sparen nur wegen jeweils 1 Tag, wenn ich ja eh n\u00e4chstes Jahr wieder l\u00e4nger mit Saisonkarte hier sein m\u00f6chte &#8230;.)<\/p>\n<p>Was den Saisonpass angeht, sind die Angaben ebenfalls unterschiedlich, teilweise soll auch daf\u00fcr 1 Tag Yll\u00e4s inkludiert sein, teilweise steht was von 10-20% Rabatt in den Restaurants, teils steht weder noch. F\u00fcr das heutige Chicken Basket soll man 20% bekommen, aber f\u00fcr die meisten Speisen gar nichts.  Aber das ist ja eh erst n\u00e4chstes Jahr wieder relevant, wenn \u00fcberhaupt. Da muss es erst den Saisonpass im Herbst wieder zu 50% geben, sonst w\u00e4re wohl ein 2-3-Wochenpass g\u00fcnstiger.<\/p>\n<p><strong>Mo, 17.3.2025<\/strong><\/p>\n<p>Der Wetterbericht auf der finnischen Vorhersagenseite \u00e4ndert sich auch halbt\u00e4glich. Eigentlich wollte ich heut nochmals Olos fahren, weil ich sonst ja gleich gestern nach Pallas h\u00e4tte fahren k\u00f6nnen, auch k\u00f6nnte man heute in Olos l\u00e4nger fahren (MO+FR haben sie ja bis 20 Uhr offen); andererseits wird heute wieder relativ sonnig f\u00fcr Pallas gemeldet (und morgen nicht) .. <\/p>\n<p>Die Antwort aus Pallas kam auch, der Skipass gilt also sowohl in allen 4 Resorts (generell, also auch z.B. Eintagesp\u00e4sse), dazu ab 6 Tagen auch 1 Tag in Yll\u00e4s, das gilt auch f\u00fcr den  Saisonpass.<\/p>\n<p>Tja, dann h\u00e4tte ich doch die 7 Tagen kaufen sollen. Muss ich jetzt schwer \u00fcberlegen, ob ich lieber 1 Tag Yll\u00e4s nehm oder ob ich doch lieber noch Luosto und Ounasvaara fahre, trotz des Umwegs oder ob ich alle 5 Gebiete besuchen m\u00f6chte &#8230; in den F\u00e4llen sollte ich wetterm\u00e4\u00df\u00edg wohl lieber heute Pallas und morgen Olos fahren statt umgekehrt. St\u00fcrmischer wird morgen auch f\u00fcr Pallas gemeldet, sollte ich also wohl sowieso heute hin. Und am MI auch in Yll\u00e4s noch Sturm, erst am DO vielleicht besser.<\/p>\n<p>Das \u00fcbliche Einerseits-Andererseits. Z.B. falls Luosto n\u00e4chstes Jahr ganz oder werktags geschlossen werden w\u00fcrde, weil gerade dieser eine fehlende Besuch von mir diese Woche den Ausschlag geben w\u00fcrde, dann w\u00fcrd ich mich schon \u00e4rgern, heuer nicht vorbei gefahren zu sein ;)<\/p>\n<p>Um 12:30 kam ich in Pallas bei blauem Himmel an, wobei die Wolken laut Vorhersage bald \u00fcberwiegen sollten. <\/p>\n<p>Arg kalter Wind heute, offpiste nat\u00fcrlich wieder windgepresst eisig unlohenswert. Der gr\u00f6\u00dfte Vorteil hier in den kleinen finnischen Skigebieten ist aber ja immer, dass es so leer ist.<\/p>\n<p>Der Munkki am kleinen Lift-Caf\u00e9 rechts (so m\u00fcssen in Italien fruher die Lift-&#8220;Bar&#8221;s auch ausgesehen haben ;) ) kostet heuer 2,50 \u20ac  (letztes Jahr 2,20), das Hotdog  6 \u20ac. Ich kaufte mir nur ein(en) Munkki, weil ich heut Abend eh was im Auto warm machen w\u00fcrde, wenn ich am bekannten Parkplatz vor Pallas frei stehen w\u00fcrde.<\/p>\n<p>Leider kann man sich im Skigebiet nirgends aufw\u00e4rmen, will man nicht zum Hotel raufgehen (darauf hab ich keine Lust, das mehrfach am Tag zu machen), im kleine Lift-Caf\u00e9 wurde ich auch nicht warm.  <\/p>\n<p>Bisher dachte ich, die neuen, billigen Amazon-Heizhandschuhe sind w\u00e4rmer, weil ich so schnell feucht wurde und die nicht atmungsaktiv zu sein schienen, aber heut bekam ich auch mit W\u00e4rmestufen 3 und Faust die Finger nicht mehr warm, sondern bekam taube Fingerspitzen, weshalb ich um 16 Uhr aufh\u00f6rte (letzte Bergfahrt 16:50).<\/p>\n<p>Am linken SL fuhr nachmittags ein Erwachsener mit einem Kind, was f\u00e4llt dem bl\u00f6den Liftler ein? Er verlangsamt den Lift, wenn die beiden einsteigen :(((<\/p>\n<p>Einmal hat er wohl die Richtung am Schalter verwechselt und der Lift fuhr ein paar St\u00fctzen lang schneller als sonst ;)<\/p>\n<p><a href='http:\/\/ski.inmontanis.info\/d\/338675-2\/DSC02739.jpg'><img src=http:\/\/ski.inmontanis.info\/d\/338674-3\/DSC02739.jpg \/><\/a><br \/>\n^ Ankunft in Pallas mit den beiden Skiliften linsk und rechts<\/p>\n<p><a href='http:\/\/ski.inmontanis.info\/d\/338679-2\/DSC02740.jpg'><img src=http:\/\/ski.inmontanis.info\/d\/338678-3\/DSC02740.jpg \/><\/a><br \/>\n^ .. der linke SL is tnach wie vor sch\u00f6n rostig :) Sch\u00f6ner als das fr\u00fchere Grau<\/p>\n<p><a href='http:\/\/ski.inmontanis.info\/d\/338683-2\/DSC02741.jpg'><img src=http:\/\/ski.inmontanis.info\/d\/338682-3\/DSC02741.jpg \/><\/a><br \/>\n^ Rechter SL<\/p>\n<p><a href='http:\/\/ski.inmontanis.info\/d\/338687-2\/DSC02743.jpg'><img src=http:\/\/ski.inmontanis.info\/d\/338686-3\/DSC02743.jpg \/><\/a><br \/>\n^ Rechter SL &#8211; es wurde noch etwas voller heute, aber einer der Hauptgr\u00fcnde, warum es mir in diesen Skigebieten so gut gef\u00e4llt, weil so wenig los ist<\/p>\n<p><a href='http:\/\/ski.inmontanis.info\/d\/338691-2\/DSC02744.jpg'><img src=http:\/\/ski.inmontanis.info\/d\/338690-3\/DSC02744.jpg \/><\/a><br \/>\n^ Verkrustung am Berg? Klar, wie \u00fcblich<\/p>\n<p><a href='http:\/\/ski.inmontanis.info\/d\/338695-2\/DSC02746.jpg'><img src=http:\/\/ski.inmontanis.info\/d\/338694-3\/DSC02746.jpg \/><\/a><br \/>\n^ Rechter SL und Pano<\/p>\n<p><a href='http:\/\/ski.inmontanis.info\/d\/338699-2\/ge20250317a.jpg'><img src=http:\/\/ski.inmontanis.info\/d\/338698-3\/ge20250317a.jpg \/><\/a><br \/>\n^ GPS-Track 17.3.2025 in Magenta, vorherige Besuche in Gelb. Am rechten SL war die Abfahrt direkt rechts vom Lift also unten etwas breiter heuer.<\/p>\n<p>-13 (evtl auch -15) \u00b0 sind heut Nacht gemeldet, +1\u00b0 morgen Nachmittag. Weit w\u00e4r der Umweg nach Muonio zum 29\u20ac-Stellplatz  ja nicht (15km in Summe), wenn ich morgen eh nochmals Olos fahrne m\u00f6chte.. Blieb aber trotzdem hier.<\/p>\n<p>Was ich ja absolut nicht kapier, ist die Steuerung meiner Standheizung. Wegen der kalten Temperaturen hab ich heute erstmals diese Saison mal wieder auf Umluft geschaltet. Selbst wenn ich da die Luft auf vorne+unten einstelle, kommt vorne mehr Luft raus als bei der Einstellung &#8220;Frischluft+vorne&#8221;, weil die Standheizung, warum auch immer, bei sehr kalten Temperaturen dann die L\u00fcfterdrehzahl viel geringer macht. Aber trotzdem alle ca. 7 Minuten schaltet sich die Benzinpumpe aus, weil anscheinend irgendwas zu warm geworden ist und erst mal abk\u00fchlen muss. Bei w\u00e4rmeren Temperaturen (oder eben heute bei Umluftschaltung) kommt das viel seltener vor und der Luftstrom ist st\u00e4rker. Macht einfach keinen Sinn, aber der Finne letztes Jahr verstand mich nicht richtig bzw. meinte, die L\u00fcftersteuerungsst\u00e4rke w\u00fcrd ich vorher einstellen (ne, das ist wurscht bei meiner automatischen Klimaanlage) und bei mir in der Arbeit ist der Webasto-Spezialist in Pension gegangen und ein anderer kennt sich da auch nicht so richtig aus.<\/p>\n<p>Die Vergangenheit hat allerdings auch schon gezeigt, dass in der Umluftstellung die Standheizung irgendwann mit einer Fehlermeldung abschaltet, wenn man sie zu lang laufen l\u00e4sst, weil -25\u00b0 drau\u00dfen sind &#8230;. <\/p>\n<p><strong>Di, 18.3.2025<\/strong><\/p>\n<p>\u00dcber Nacht fiel etwas Schnee, ich fuhr ein St\u00fcck zu einem Parkplatz vor, um das Auto noch etwas w\u00e4rmer zu bekommen und arbeitete heute nur 1,5 Stunden.<\/p>\n<p>Kurz vor 11 Uhr war ich in Olos, der Kurzb\u00fcgler fuhr bereits und die Sonne schien aufgrund des Sturmes. Ob der rechte SL heut fahren wird? In Yll\u00e4s war wegen des Sturms am Morgen mal einiges zu, die EUB auf der &#8220;S\u00fcdseite&#8221; und zB. der Verbindungslift auf der Nordseite (der Gipfel-SL parallel zur EUB war aber offen). Nachmittags waren dann die beiden fehlenden SL auf der Nordseite &#8220;gr\u00fcn&#8221; im Plan, die EUB und die 4KSB (die ich wg. der fehlenden Fu\u00dfraster ja eh nicht mehr fahren will, diesmal hab ich mich dran erinnert) dagegen nicht. Noch nicht mal der Tellerlift neben der 4KSB, mit dem man wieder zur\u00fcck kommt. <\/p>\n<p>Der rechte SL hier in Olos wurde bald in Betrieb genommen, aber ich fuhr erst einmal die linke Abfahrt und den Kurzb\u00fcgler nochmals. Als ich dann an der Talstation des rechten SL ankam, stand dieser und wollte nicht mehr anspringen :(  &#8211; also musste ich zum Kurzb\u00fcgler r\u00fcberschieben. Man sah hin und wieder einen mit dem Schneemobil rauffahren am rechten. Ich vergn\u00fcgte mich derweil im Wald ganz links.  <\/p>\n<p>Falls der rechte SL doch noch repariert w\u00fcrde (und der Wind es zulie\u00dfe), bin ich schon um 13:30 ins Restaurant, denn der rechte SL f\u00e4hrt nur bis 15:45. Ich sah mir die Speisekarte nochmals an, bei den Chickenwings sind leider keine Pommes dabei, nur Karottensticks und Dipso\u00dfen. Normale Hamburger jenseits der 20 \u20ac, nur der kleine 75g-Hamburger mit Pommes w\u00fcrde 12,50 \u20ac kosten (20% Rabatt f\u00fcr Saisonkarteninhaber), Pizzen knapp unter 20 \u20ac, zB Rentierkebab-Pizza, aber ich entschied mich dann wieder f\u00fcr die Chicken Nuggets.<\/p>\n<p>Bekam leider den T\u00fctenrest von den Pommes, also viele kleine, fettige Fitzelchen, die man kaum in die Finger nehmen konnte, um sie ins Ketchup zu tauchen.<\/p>\n<p>Auf den Pisten musste man wegen den Schneewehen konzentrierter fahren, auch offpiste ging es vorgestern besser. Der rechte SL blieb leider geschlossen, ich fuhr die Abfahrten dann vom linken SL  r\u00fcberquerend, soweit es ging und sah, dass sie an der Talstation arbeiteten. Schade, dass der heut wegfiel.<\/p>\n<p>Um 16 Uhr wurde am mittleren SL an einer St\u00fctze kurz gearbeitet, danach ging der heute endlich auch in Betrieb, keine 15min sp\u00e4ter stand der linke SL und sp\u00e4ter waren sie zu zweit wieder an der obersten St\u00fctze an einer Rollenbatterie was machen.  <\/p>\n<p>Ich blieb noch bis 16:45, ganz sch\u00f6n lange heut, daf\u00fcr, dass quasi nur ein Lift ging. Olos ist schon irgendwie mein Lieblingsgebiet in Finnland.<\/p>\n<p><a href='http:\/\/ski.inmontanis.info\/d\/338671-2\/ge20250316-18c.jpg'><img src=http:\/\/ski.inmontanis.info\/d\/338670-3\/ge20250316-18c.jpg \/><\/a><br \/>\n^ GPS-Track 16.+18.3.2025 in Magenta und Gelb, vorherige Besuche in Blau<\/p>\n<p><a href='http:\/\/extra.inmontanis.info\/d\/130274-3\/DSC02748.jpg'><img src=http:\/\/extra.inmontanis.info\/d\/130273-4\/DSC02748.jpg \/><\/a><br \/>\n^ Die Stra\u00dfe nach \u00c4k\u00e4slompolo\/Yll\u00e4s war auch wieder schwierig durch die Spurrinnen<\/p>\n<p><a href='http:\/\/extra.inmontanis.info\/d\/130278-3\/DSC02750.jpg'><img src=http:\/\/extra.inmontanis.info\/d\/130277-4\/DSC02750.jpg \/><\/a><br \/>\n^ \u00c4k\u00e4slompolo\/Yll\u00e4s<\/p>\n<p>Super-Benzin (95 E10) kostet momentan in Nordfinnland um die 1,75-1,85 \u20ac pro Liter, in Muonio g\u00fcnstiger, in Kittil\u00e4 eher teuer, am Fu\u00dfe vom Yll\u00e4s mittig 1,80 \u20ac. Zwar keine 2 \u20ac wie letztes Jahr teilweise, aber kein Vergleich zu Schweden, wo ich zuletzt mehrmals um die 1,42 \u20ac getankt hatte. <\/p>\n<p>Um 18:20 kam ich an einem bekannten Parkplatz bei +5\u00b0 nahe Yll\u00e4s an. Liftbetrieb morgen ab 10 Uhr, da k\u00f6nnte man zuvor noch einkaufen (hab die n\u00e4chsten 2 Tage Urlaub genommen).  <\/p>\n<p>Vor 19 Uhr fing es noch zu regnen an. Na wenigstens nicht tags\u00fcber. Nach dem Regen kam der Sturm, ordentlich geschaukelt worden, mein Auto.<\/p>\n<p>Am fr\u00fchen Morgen von einem lange Zeit piepsenden Schner\u00e4umdienst geweckt worden, aber am Parkplatz war er nicht und n\u00f6tig ja sowieso nicht. Aber f\u00fcr die Loipenpr\u00e4parierung w\u00fcrde man ja nicht so oft piepsend r\u00fcckw\u00e4rts fahren ..<\/p>\n<p>&#8211; &#8211; &#8211;<\/p>\n<p>Wenn die Realit\u00e4t die Satire \u00fcberholt:  &#8220;Kasse muss Epilation f\u00fcr Transperson zahlen&#8221;<br \/>\n<a href='https:\/\/wien.orf.at\/stories\/3297368\/'>https:\/\/wien.orf.at\/stories\/3297368\/<\/a><\/p>\n<p>&#8220;Wer Spahns Aussage liest, k\u00f6nnte meinen, wir w\u00e4ren im vergangenen Jahrhundert, wo immer wieder die Gefahr durch \u201eden Russen\u201c beschworen wurde. Fast dr\u00e4ngt sich der Verdacht auf, nicht Russland sei zwei Mal \u00fcberfallen worden, sondern Russland habe Europa zwei Mal \u00fcberfallen.&#8221;<br \/>\n<a href='https:\/\/www.nachdenkseiten.de\/?p=130064'>https:\/\/www.nachdenkseiten.de\/?p=130064<\/a><\/p>\n","protected":false},"excerpt":{"rendered":"<p>So, 16.3.2025<\/p>\n<p>In der Gegend meines Nachtplatzes bzw. auf dem Weg mit etwas Umweg g\u00e4be es das kleine und relativ neue Skigebiet Sattaj\u00e4rvi, da w\u00e4r ich letztes Jahr gern vorbei, lag aber nicht auf dem Weg bzw. war ich nicht am Wochenende unterwegs (weil nur da offen), heuer ist es wg. Schneemangel noch nicht offen.<\/p>\n<p> <a href=\"http:\/\/blog.inmontanis.info\/?p=10689\">[&#8230;]<\/a><\/p>\n","protected":false},"author":1,"featured_media":10691,"comment_status":"closed","ping_status":"closed","sticky":false,"template":"","format":"standard","meta":{"footnotes":""},"categories":[940,20,918,283,27],"tags":[47],"class_list":["post-10689","post","type-post","status-publish","format-standard","has-post-thumbnail","hentry","category-2025-01-alpenskandinavien","category-finnlandfinland","category-olos","category-pallas","category-skifahren-winterskiing-winter","tag-sl","odd"],"_links":{"self":[{"href":"http:\/\/blog.inmontanis.info\/index.php?rest_route=\/wp\/v2\/posts\/10689","targetHints":{"allow":["GET"]}}],"collection":[{"href":"http:\/\/blog.inmontanis.info\/index.php?rest_route=\/wp\/v2\/posts"}],"about":[{"href":"http:\/\/blog.inmontanis.info\/index.php?rest_route=\/wp\/v2\/types\/post"}],"author":[{"embeddable":true,"href":"http:\/\/blog.inmontanis.info\/index.php?rest_route=\/wp\/v2\/users\/1"}],"replies":[{"embeddable":true,"href":"http:\/\/blog.inmontanis.info\/index.php?rest_route=%2Fwp%2Fv2%2Fcomments&post=10689"}],"version-history":[{"count":2,"href":"http:\/\/blog.inmontanis.info\/index.php?rest_route=\/wp\/v2\/posts\/10689\/revisions"}],"predecessor-version":[{"id":10692,"href":"http:\/\/blog.inmontanis.info\/index.php?rest_route=\/wp\/v2\/posts\/10689\/revisions\/10692"}],"wp:featuredmedia":[{"embeddable":true,"href":"http:\/\/blog.inmontanis.info\/index.php?rest_route=\/wp\/v2\/media\/10691"}],"wp:attachment":[{"href":"http:\/\/blog.inmontanis.info\/index.php?rest_route=%2Fwp%2Fv2%2Fmedia&parent=10689"}],"wp:term":[{"taxonomy":"category","embeddable":true,"href":"http:\/\/blog.inmontanis.info\/index.php?rest_route=%2Fwp%2Fv2%2Fcategories&post=10689"},{"taxonomy":"post_tag","embeddable":true,"href":"http:\/\/blog.inmontanis.info\/index.php?rest_route=%2Fwp%2Fv2%2Ftags&post=10689"}],"curies":[{"name":"wp","href":"https:\/\/api.w.org\/{rel}","templated":true}]}}