{"id":10685,"date":"2025-03-15T19:10:45","date_gmt":"2025-03-15T18:10:45","guid":{"rendered":"http:\/\/blog.inmontanis.info\/?p=10685"},"modified":"2025-03-18T19:16:55","modified_gmt":"2025-03-18T18:16:55","slug":"bjorkliden-15-3-2025-sturmflucht","status":"publish","type":"post","link":"http:\/\/blog.inmontanis.info\/?p=10685","title":{"rendered":"Bj\u00f6rkliden, 15.3.2025 &#8211; Sturmflucht"},"content":{"rendered":"<p><strong>Sa, 15.3.2025<\/strong><\/p>\n<p>Wenigstens schien etwas die Sonne auf dem Weg nach Schweden, Wind war auch, aber die Schneeverwehungen gingen noch. <\/p>\n<p><a href='http:\/\/extra.inmontanis.info\/d\/130162-2\/DSC02644.jpg'><img src=http:\/\/extra.inmontanis.info\/d\/130161-3\/DSC02644.jpg \/><\/a><br \/>\n^ Verschneites Narvik<\/p>\n<p><a href='http:\/\/extra.inmontanis.info\/d\/130166-2\/DSC02650.jpg'><img src=http:\/\/extra.inmontanis.info\/d\/130165-3\/DSC02650.jpg \/><\/a><br \/>\n^ Narvik-Riksgr\u00e4nsen<\/p>\n<p>Kurz vor der Grenze angehalten und nochmals die Schneeberichte gecheckt, Riksgr\u00e4nsen noch sturmbedingt zu, das war zu sehen. Bj\u00f6rkliden ebenfalls keine \u00c4nderung, nur die \u00dcbungslifte offen. <\/p>\n<p>Kiruna meldet bei 8-10 m\/s Wind offen. Tja, was machen, nach Kiruna fahren, dort 200 SEK f\u00fcr die Tageskarte zahlen (gibt keine k\u00fcrzeren Skip\u00e4sse) oder sich in Bj\u00f6rkliden mit den 1-2 \u00dcbgungsiften auf der Saisonkarte und aktuell ohne Parkkosten ein oder zwei St\u00fcndchen aufhalten, zumal es hier wetterm\u00e4\u00dfig ja auch nich so \u00fcbel gerade ist?<\/p>\n<p><a href='http:\/\/extra.inmontanis.info\/d\/130170-2\/DSC02654.jpg'><img src=http:\/\/extra.inmontanis.info\/d\/130169-3\/DSC02654.jpg \/><\/a><br \/>\n^ Riksgr\u00e4nsen-Bj\u00f6rkliden<\/p>\n<p><a href='http:\/\/extra.inmontanis.info\/d\/130174-2\/DSC02656.jpg'><img src=http:\/\/extra.inmontanis.info\/d\/130173-3\/DSC02656.jpg \/><\/a><br \/>\n^ Schneer\u00e4umung bei der Eisenbahn<\/p>\n<p><a href='http:\/\/extra.inmontanis.info\/d\/130178-2\/DSC02657.jpg'><img src=http:\/\/extra.inmontanis.info\/d\/130177-3\/DSC02657.jpg \/><\/a><br \/>\n^ Riksgr\u00e4nsen-Bj\u00f6rkliden<\/p>\n<p>Um 11:10 Uhr kam ich bei halb blauem Himmel, Sonne und leichtem Schneefall und -10\u00b0 am Parkplatz in Bj\u00f6rkliden an, wo heute auch nicht ger\u00e4umt war.<\/p>\n<p><a href='http:\/\/ski.inmontanis.info\/d\/338635-2\/DSC02660.jpg'><img src=http:\/\/ski.inmontanis.info\/d\/338634-3\/DSC02660.jpg \/><\/a><br \/>\n^ Heute wg. Sturm nur der SL und der k\u00fcrzere \u00dcbungs-SL rechts dahinter offen, dazu der Parkplatz nicht ger\u00e4umt<\/p>\n<p>Offpiste im Wald war der Tiefschnee heute zu tief bzw. das Gef\u00e4lle zu flach, genervt hat aber die Liftlerin, meist drau\u00dfen stehend, aber den Teller nicht den Kids runterholend, sondern via Fast-Notstopp auf ultralangsam schaltend &#8211; das ging mir sp\u00e4testens beim dritten Mal Liftfahren wieder geh\u00f6rig  auf den Zeiger. <\/p>\n<p>Nach ca. 1h hab ich aufgeh\u00f6rt, da bei fast jeder Liftfahrt 1x langsam geschaltet wurde, was mir einfach so extrem auf die Nerven geht, dass ich lieber gar nicht fahre.<\/p>\n<p>GPS-Track spar ich mir heute.<\/p>\n<p>Dass ich n\u00e4chsten Winter nach Bj\u00f6rkliden\/Riksgr\u00e4nsen\/Narvik fahren w\u00fcrde, ist ziemlich ausgeschlossen. Wobei ja eh noch sehr fraglich ist, ob ich mir n\u00e4chsten Winter den Scandinavian Skipass \u00fcberhaupt wieder kaufe oder mal ein Jahr aussetze.<\/p>\n<p>4 Skitage in Narvik und 2 schlechte Skitage in Bj\u00f6rkliden anstatt 5 in Narvik plus 5-7 in Bj\u00f6rkliden und Rikgsr\u00e4nsen, das war zwar kein kompletter Reinfall, aber doch ziemlich bescheuert, die Fahrerei hier rauf  :(  .. h\u00e4tte bei den suboptimalen Wettervorhersagen wohl gleich verzichten sollen .. oder eben doch gleich vor T\u00e4rnaby hier rauf und danach T\u00e4rnaby. Oder eine Woche l\u00e4nger s\u00fcdlich bleiben sollen?!  Wobei ich ja eh bef\u00fcrchtet hatte, dass Anfang\/Mitte M\u00e4rz noch zu fr\u00fch w\u00e4re f\u00fcr Bj\u00f6rkliden+Riksgr\u00e4nsen.<\/p>\n<p>Mein urspr\u00fcnglicher Plan war ja, am Anfang gleich die Norwegentour (Sogn\/Stranda) zu machen, dann Mitte\/Ende M\u00e4rz Bj\u00f6rkliden\/Riksgr\u00e4nsen\/Narvik und im April die Woche T\u00e4rnaby, aber das fiel wegen Schneemangels in NO ja aus.<\/p>\n<p><a href='http:\/\/extra.inmontanis.info\/d\/130182-2\/DSC02662.jpg'><img src=http:\/\/extra.inmontanis.info\/d\/130181-3\/DSC02662.jpg \/><\/a><br \/>\n^ Zwischen Bj\u00f6rkliden und Kiruna wurde es mal richtig sch\u00f6n sonnig<\/p>\n<p><a href='http:\/\/extra.inmontanis.info\/d\/130186-2\/DSC02663.jpg'><img src=http:\/\/extra.inmontanis.info\/d\/130185-3\/DSC02663.jpg \/><\/a><br \/>\n^ Zwischen Bj\u00f6rkliden und Kiruna wurde es mal richtig sch\u00f6n sonnig<\/p>\n<p><a href='http:\/\/extra.inmontanis.info\/d\/130190-2\/DSC02667.jpg'><img src=http:\/\/extra.inmontanis.info\/d\/130189-3\/DSC02667.jpg \/><\/a><br \/>\n^ In Kiruna wars wieder bedeckt; ich wollte diesmal nicht tanken und nicht einkaujfen und konnte die Umgehungsstra\u00dfe fahren. Bei den alten T\u00fcrmen hatte ich ja letztes Jahr eine Begutachtung samt Fotos gemacht.<\/p>\n<p>Da heute erst SA ist, g\u00e4be es nun folgende M\u00f6glichkeiten ab Kiruna:<br \/>\n&#8211; morgen Nalovardo, in T\u00e4rnaby meine letzte Nacht am Campingplatz stehen und dann ab MO Kittelfj\u00e4ll\/Klimpfj\u00e4ll\/Borgafj\u00e4ll und n\u00e4chstes WE Bl\u00e5sj\u00f6n, dazu sollte ich heute besser in G\u00e4llivare \u00fcbernachten<br \/>\n&#8211; morgen 1 Woche Finnland und dann 6-7 Tage sp\u00e4ter die oben genannten Skigebiete abklappern, dazu ist \u00dcbernachten in Kiruna auch noch zu fr\u00fch.<\/p>\n<p>Die Vorhersagen f\u00fcr Kittel- und Klimpfj\u00e4ll in den n\u00e4chsten Tagen zeigten zwar nur am DI etwas mehr Schneefall, aber mal bis inkl. MI Sturm. Vielleicht eine Woche sp\u00e4ter ja besser? Also dann Finnland.<\/p>\n<p>Um 16:30 kam ich an einem m\u00f6glichen Nachtplatz in Vittangi an, wo bereits ein deutsches Wohnmobil den sch\u00f6neren Platz genommen hatte. Gegen\u00fcber hinstellen oder direkt vor die, dort w\u00e4re es f\u00fcr mich ja angenehmer. Blieb gegen\u00fcber.  <\/p>\n<p><a href='http:\/\/extra.inmontanis.info\/d\/130194-2\/DSC02669.jpg'><img src=http:\/\/extra.inmontanis.info\/d\/130193-3\/DSC02669.jpg \/><\/a><br \/>\n^ Mein heuiger Nachtplatz in Vittangi<\/p>\n<p><a href='http:\/\/extra.inmontanis.info\/d\/130198-2\/DSC02672.jpg'><img src=http:\/\/extra.inmontanis.info\/d\/130197-3\/DSC02672.jpg \/><\/a><br \/>\n^ .. halbe Stunde sp\u00e4ter, noch sp\u00e4ter war es ziemlich bedeckt<\/p>\n<p>Morgen h\u00e4tte ich wohl noch 2-2,5 Fahrt bis Olos vor mir zzgl. 1 Stunde Zeitverlust durch die Zeitzone.  Plus evtl. ein kurzer Einkauf in Finnland. <\/p>\n<p>Ab 22 Uhr wurde es st\u00fcrmisch auf meinem Parkplatz, hatte aber nur anfangs geschaukelt. Abgesehen vom Wind, der zum Gl\u00fcck nicht weiter st\u00f6rte, verlief die Nacht komplett ruhig.<\/p>\n<p>Montag:<br \/>\nIn Bj\u00f6rkliden waren gestern wieder nur die \u00dcbungslifte offen, Riksgr\u00e4nsen konnte im Tagesverlauf aber das ganze Skigebiet \u00f6ffnen. Heute Morgen meldet Bj\u00f6rkliden wieder den selben Status, auch Riksgr\u00e4nsen hat die \u00d6ffnung  verschoben (im Laufe des Tages aber doch noch einiges \u00f6ffnen k\u00f6nnen) und meldet 35cm Neuschnee. Und der dicke Batzen soll ja nach wie vor erst morgen kommen. Tja, h\u00e4tte das nicht letztes Jahr so viel schneien k\u00f6nnen?<\/p>\n<p>Dienstag:<br \/>\nIn Bj\u00f6rkliden konnte heute noch nicht mal der vordere kurze SL vom Foto oben wegen des Sturms  in Betrieb gehen, d.h. nur der ganz kurze Kinderlift lief! Riksgr\u00e4nsen war ganz zu. Auch Narvik war heute komplett zu, noch nicht mal der untere SL lief. Gestern offen mit 20-40cm Neuschnee.<\/p>\n<p>Wie es mir in Finnland erging -> n\u00e4chster Bericht ;)<\/p>\n","protected":false},"excerpt":{"rendered":"<p>Sa, 15.3.2025<\/p>\n<p>Wenigstens schien etwas die Sonne auf dem Weg nach Schweden, Wind war auch, aber die Schneeverwehungen gingen noch. <\/p>\n<p> ^ Verschneites Narvik<\/p>\n<p> ^ Narvik-Riksgr\u00e4nsen<\/p>\n<p>Kurz vor der Grenze angehalten und nochmals die Schneeberichte gecheckt, Riksgr\u00e4nsen noch sturmbedingt zu, das war zu sehen. Bj\u00f6rkliden ebenfalls keine \u00c4nderung, nur die \u00dcbungslifte offen. <\/p>\n<p> <a href=\"http:\/\/blog.inmontanis.info\/?p=10685\">[&#8230;]<\/a><\/p>\n","protected":false},"author":1,"featured_media":10687,"comment_status":"closed","ping_status":"closed","sticky":false,"template":"","format":"standard","meta":{"footnotes":""},"categories":[940,689,19,27],"tags":[45,47],"class_list":["post-10685","post","type-post","status-publish","format-standard","has-post-thumbnail","hentry","category-2025-01-alpenskandinavien","category-bjorkliden","category-schwedensweden","category-skifahren-winterskiing-winter","tag-see","tag-sl","odd"],"_links":{"self":[{"href":"http:\/\/blog.inmontanis.info\/index.php?rest_route=\/wp\/v2\/posts\/10685","targetHints":{"allow":["GET"]}}],"collection":[{"href":"http:\/\/blog.inmontanis.info\/index.php?rest_route=\/wp\/v2\/posts"}],"about":[{"href":"http:\/\/blog.inmontanis.info\/index.php?rest_route=\/wp\/v2\/types\/post"}],"author":[{"embeddable":true,"href":"http:\/\/blog.inmontanis.info\/index.php?rest_route=\/wp\/v2\/users\/1"}],"replies":[{"embeddable":true,"href":"http:\/\/blog.inmontanis.info\/index.php?rest_route=%2Fwp%2Fv2%2Fcomments&post=10685"}],"version-history":[{"count":2,"href":"http:\/\/blog.inmontanis.info\/index.php?rest_route=\/wp\/v2\/posts\/10685\/revisions"}],"predecessor-version":[{"id":10688,"href":"http:\/\/blog.inmontanis.info\/index.php?rest_route=\/wp\/v2\/posts\/10685\/revisions\/10688"}],"wp:featuredmedia":[{"embeddable":true,"href":"http:\/\/blog.inmontanis.info\/index.php?rest_route=\/wp\/v2\/media\/10687"}],"wp:attachment":[{"href":"http:\/\/blog.inmontanis.info\/index.php?rest_route=%2Fwp%2Fv2%2Fmedia&parent=10685"}],"wp:term":[{"taxonomy":"category","embeddable":true,"href":"http:\/\/blog.inmontanis.info\/index.php?rest_route=%2Fwp%2Fv2%2Fcategories&post=10685"},{"taxonomy":"post_tag","embeddable":true,"href":"http:\/\/blog.inmontanis.info\/index.php?rest_route=%2Fwp%2Fv2%2Ftags&post=10685"}],"curies":[{"name":"wp","href":"https:\/\/api.w.org\/{rel}","templated":true}]}}