{"id":10679,"date":"2025-03-14T19:39:43","date_gmt":"2025-03-14T18:39:43","guid":{"rendered":"http:\/\/blog.inmontanis.info\/?p=10679"},"modified":"2025-03-15T20:27:16","modified_gmt":"2025-03-15T19:27:16","slug":"narvik-11-14-3-2025-pulver-am-fjord-aber","status":"publish","type":"post","link":"http:\/\/blog.inmontanis.info\/?p=10679","title":{"rendered":"Narvik, 11.-14.3.2025 &#8212; Pulver am Fjord, aber &#8230;"},"content":{"rendered":"<p><strong>Di, 11.3.2025<\/strong><\/p>\n<p>Ich hielt erst an einem Rema 1000 Supermarkt, konnte mich nicht f\u00fcr Abendessen f\u00fcr die n\u00e4chsten Tage entscheiden.  <\/p>\n<p>Pizzabakkeren w\u00e4r wieder offen, wollte ich mittags vorbei, falls zuf\u00e4llig einer der wenigen Parkpl\u00e4tze frei w\u00e4re. Gl\u00fcck gehabt. Nahm diesmal aber nur eine kleine BBQ-Pizza um 82 NOK (7 \u20ac) mit.<\/p>\n<p>Danach nochmals einkaufen, Europris und Extra. Hab nun Speckw\u00fcrfel und R\u00e4ucherlachs in Scheiben (der ist in Norwegen ja immer recht g\u00fcnstig) plus K\u00e4se und Sahne und kann mich morgen Abend dann entscheiden. An der Talstation des SL, wo fr\u00fcher die GUB gestartet ist, ist ja der Kiwi, da kann ich ggf. die n\u00e4chsten Tage eh noch einkaufen.<\/p>\n<p><a href='http:\/\/ski.inmontanis.info\/d\/338159-2\/DSC02372.jpg'><img src=http:\/\/ski.inmontanis.info\/d\/338158-3\/DSC02372.jpg \/><\/a><br \/>\n^ Fr\u00fcher parkte man hier und stieg in die GUB ein, heute muss man weiter hinauf fahren zur 10EUB.<\/p>\n<p><a href='http:\/\/ski.inmontanis.info\/d\/130907-3\/DSC02332.jpg'><img src=http:\/\/ski.inmontanis.info\/d\/130906-4\/DSC02332.jpg \/><\/a><br \/>\n^ Talstation GUB und SL 1 vom 1.4.2011<\/p>\n<p>Somit schaffte ich es nicht zur Betriebs\u00f6ffnung um 13 Uhr (wie schon erw\u00e4hnt, au\u00dferhalb der Ferien wochentags nur 13-20 Uhr offen, wobei die Sonne eh erst am Nachmittag hier ist und man so den Sonnenuntergang mitnehmen kann. <\/p>\n<p>Auf dem Zettel f\u00fcr den Scandinavian Skipass kam ich ganz oben auf die Liste &#8211; entweder es gibt jeden Monat einen neuen Zettel oder der andere war zuf\u00e4llig voll oder ich war der erste ;) An den n\u00e4chsten Tagen, egal von welchem Mitarbeiter, wurde ich aber nicht auf die Liste gesetzt. Man k\u00f6nnte also problemlos mehr als die erlaubten 5 Tage hier Ski fahren.<\/p>\n<p>Bei meinem letzten Besuch, 2011, war die GUB, der SL 1 und SL 3 und die DSB offen. Wie schon erw\u00e4hnt, ist die DSB seit letztem Jahr wg. eines glaub Sturmschadens stillgelegt und soll auf n\u00e4chste Saison mit einer KSB er\u00f6ffnet werden. <\/p>\n<p>Die GUB wurde mit einer 10EUB vom BMF ersetzt und startet nun wesentlich weiter oben, von den SL sind &#8211; auch schon letztes Jahr, wenn ich mich an die Schneeberichte recht erinnere &#8211; normalerweise nur Sektion 1 und 2 offen. Was sich in den Tagen als sehr bescheuer herausgestellt hat:<\/p>\n<p>1. hat der SL 2 nur einen sehr steilen Hang, weshalb keiner fahren will, au\u00dfer es ist mal ein Trainingskurs gesteckt<br \/>\n2. h\u00e4tte der SL 3 eine blaue Abfahrt und w\u00e4re somit garantiert beliebter<br \/>\n3. zudem ist der Schnee oben besser und pulvriger<br \/>\n4. wenn alle 3 SL gingen, k\u00f6nnte man sich die EUB sparen<br \/>\n5. um die linke Piste von oben aus zu fahren, m\u00fcsste man von der Bergstation EUB ein St\u00fcck aufsteigen, der SL geht weiter hinauf (das w\u00fcrde auch den Zugang zur DSB betreffen, aber die f\u00e4llt ja eh weg)<\/p>\n<p>Ge\u00f6ffnet ist eigentlich nur die Hauptabfahrt von der EUB-Bergstation aus an den SL entlang plus die Verbindung von\/zur EUB und der obere Teil der Skiwegabfahrt. Der untere Teil des Weges wurde aber ebenfalls sehr befahren.<\/p>\n<p>Allerdings sind fast alle anderen Abfahrten eh nur noch als Offpiste-Abfahrten im Plan. Einige Schneisen k\u00f6nnten ja f\u00fcr die WM reaktiviert werden, wodurch ich ein Verbreitern, Modellieren, Beschneien usw. bef\u00fcrchte, weshalb ich mich haupts\u00e4chlich auf diese Varianten konzentrieren wollte.<\/p>\n<p>Die geschlossenen Abfahrten samt der Offpistevarianten hatten allesamt einen guten  Pulverschnee, nur an einigen wenigen abgefahreren Stellen war es eisig. Allerdings waren auch viele Abschnitte sehr verwachsen &#8211; oder es lag einfach zu wenig Schnee.<\/p>\n<p>Ich musste allerdings mehrmals den Pistenplan rausholen, um das &#8220;Kauderwelsch&#8221; an Schneisen halbwegs zu verstehen &#8211; und erwischte dann doch mehrmals nicht die, die ich fahren wollte.<\/p>\n<p>Die 10EUB f\u00e4hrt recht langsam (was bei der K\u00fcrze f\u00fcr mich ein Vorteil ist) und wohl nur mit halber Best\u00fcckung, lt. Aushang sollte sie 38 Kabinen haben und 2.400 p\/h machen. Maximal die H\u00e4lfte an Kabinen war am Seil. <\/p>\n<p>Das nervigste an der EUB sind aber die innenligenden Skik\u00f6cher, die ich sowieso nicht so gern mag wie die \u00e4u\u00dferen, aber hier zudem noch so bescheuert sind, dass die Ski nicht halten und entweder auf einem selbst oder den gegen\u00fcber lehnen oder 2 Pl\u00e4tze nach links oder rechts schief liegen. Was hat BMF denn da f\u00fcr einen M\u00fcll produziert!<\/p>\n<p>Schmal sind die Kabinen auch, daf\u00fcr, dass sie innenliegende Skik\u00f6cher haben. Wenn beim Einsteigen die Leutchen nicht gleich ordentlich einsteigen, kann da keiner einsteigen und an den vorderen Skiern vorbei nach hinten gehen, wie ich es z.B. in Hinterstoder diese Saison schon gemacht hab, wenn ich mich recht erinnere.<\/p>\n<p>Als ich abends noch den unteren SL gefahren bin .. auch hier gibts leider die Nicht-B\u00fcgelgeber, die Liftlangsamschaltfaulpelze :( Daher gar nicht nochmals gefahren.<\/p>\n<p>Um 17:40 Uhr machte ich meine letzte Fahrt mit der Gondelbahn, die beleuchtete Piste ist ja nicht gerade die sch\u00f6nste hier. Wenn der 3. SL offen w\u00e4r, w\u00e4r es abends definitiv sch\u00f6ner.<\/p>\n<p><a href='http:\/\/ski.inmontanis.info\/d\/338163-2\/DSC02374.jpg'><img src=http:\/\/ski.inmontanis.info\/d\/338162-3\/DSC02374.jpg \/><\/a><br \/>\n^ Ende Abfahrt 9 in Bildmitte sah mir zu haarig aus, bin ich nicht gefahren<\/p>\n<p><a href='http:\/\/ski.inmontanis.info\/d\/338167-2\/DSC02376.jpg'><img src=http:\/\/ski.inmontanis.info\/d\/338166-3\/DSC02376.jpg \/><\/a><br \/>\n^ Pistenplan, wobei die DSB stillgelegt wurde und n\u00e4chstes Jahr mit einer KSB ersetzt werden soll :(<\/p>\n<p><a href='http:\/\/ski.inmontanis.info\/d\/338171-2\/DSC02382.jpg'><img src=http:\/\/ski.inmontanis.info\/d\/338170-3\/DSC02382.jpg \/><\/a><br \/>\n^ Abfahrt 1 F\u00f8rste am unteren SL1<\/p>\n<p><a href='http:\/\/ski.inmontanis.info\/d\/338175-2\/DSC02384.jpg'><img src=http:\/\/ski.inmontanis.info\/d\/338174-3\/DSC02384.jpg \/><\/a><br \/>\n^ SL 2 mit Abfahrt 2 Andre und 7 Utforl\u00f8ypa. Sah vor ein paar Jahren auch sch\u00f6ner aus hier:<\/p>\n<p><a href='http:\/\/ski.inmontanis.info\/d\/130738-3\/DSC02189.jpg'><img src=http:\/\/ski.inmontanis.info\/d\/130737-4\/DSC02189.jpg \/><\/a><br \/>\n^ 1.4.2011<\/p>\n<p><a href='http:\/\/ski.inmontanis.info\/d\/338179-2\/DSC02388.jpg'><img src=http:\/\/ski.inmontanis.info\/d\/338178-3\/DSC02388.jpg \/><\/a><br \/>\n^ SL 1-2, um vom 1er zum 2er zu kommen, muss man schieben<\/p>\n<p><a href='http:\/\/ski.inmontanis.info\/d\/338183-2\/DSC02390.jpg'><img src=http:\/\/ski.inmontanis.info\/d\/338182-3\/DSC02390.jpg \/><\/a><br \/>\n^ SL 2, ist mit GMD angeschrieben<\/p>\n<p><a href='http:\/\/ski.inmontanis.info\/d\/338187-2\/DSC02397.jpg'><img src=http:\/\/ski.inmontanis.info\/d\/338186-3\/DSC02397.jpg \/><\/a><br \/>\n^ Weil es auf der anderen Seite keinen Ausgang gibt, m\u00fcsste man von der 10 EUB aus hier aufsteigen, um zum Start der Abfahrt 3, zur Bergstation SL 3 und zur Talstation der DSB zu gelangen .. wie bescheuert ist das denn..<\/p>\n<p><a href='http:\/\/ski.inmontanis.info\/d\/338191-2\/DSC02398.jpg'><img src=http:\/\/ski.inmontanis.info\/d\/338190-3\/DSC02398.jpg \/><\/a><br \/>\n^ .. oder man f\u00e4hrt unterhalb der EUB-Station, verpasst dann halt den oberen Teil der Abfahrt auf der anderen Seite und die DSB f\u00e4hrt ja eh nicht mehr<\/p>\n<p><a href='http:\/\/ski.inmontanis.info\/d\/338195-2\/DSC02399.jpg'><img src=http:\/\/ski.inmontanis.info\/d\/338194-3\/DSC02399.jpg \/><\/a><br \/>\n^ Ex-GUB-Bergstation<\/p>\n<p><a href='http:\/\/ski.inmontanis.info\/d\/338199-2\/DSC02404.jpg'><img src=http:\/\/ski.inmontanis.info\/d\/338198-3\/DSC02404.jpg \/><\/a><br \/>\n^ Fjordpano<\/p>\n<p><a href='http:\/\/ski.inmontanis.info\/d\/338203-2\/DSC02405.jpg'><img src=http:\/\/ski.inmontanis.info\/d\/338202-3\/DSC02405.jpg \/><\/a><br \/>\n^ 13 Fjellveien<\/p>\n<p><a href='http:\/\/ski.inmontanis.info\/d\/338207-2\/DSC02406.jpg'><img src=http:\/\/ski.inmontanis.info\/d\/338206-3\/DSC02406.jpg \/><\/a><br \/>\n^ Hin und wieder gibts ein Pistennummernschild auf den Offpistevarianten, das aber 1. eine andere Nummer hat als im aktuellen Plan und 2. wei\u00df man trotzdem nicht, ob das Schild nun f\u00fcr die linke oder die rechte Schneise gedacht ist &#8230;<\/p>\n<p><a href='http:\/\/ski.inmontanis.info\/d\/338211-2\/DSC02408.jpg'><img src=http:\/\/ski.inmontanis.info\/d\/338210-3\/DSC02408.jpg \/><\/a><br \/>\n^ 12 S-en oberer Bereich<\/p>\n<p><a href='http:\/\/ski.inmontanis.info\/d\/338215-2\/DSC02411.jpg'><img src=http:\/\/ski.inmontanis.info\/d\/338214-3\/DSC02411.jpg \/><\/a><br \/>\n^ 12 S-en unterer Bereich<\/p>\n<p><a href='http:\/\/ski.inmontanis.info\/d\/338219-2\/DSC02414.jpg'><img src=http:\/\/ski.inmontanis.info\/d\/338218-3\/DSC02414.jpg \/><\/a><br \/>\n^ Die 10EUB hat so bescheuerte Skik\u00f6cher, dass die Ski selbst im 2. K\u00f6cher so schr\u00e4g liegen, dass sie auf der Scheibe aufliegen<\/p>\n<p><a href='http:\/\/ski.inmontanis.info\/d\/338223-2\/DSC02415.jpg'><img src=http:\/\/ski.inmontanis.info\/d\/338222-3\/DSC02415.jpg \/><\/a><br \/>\n^ Die 10EUB hat bescheuerte Skik\u00f6cher und ist eng f\u00fcr innenliegende Skik\u00f6cher<\/p>\n<p><a href='http:\/\/ski.inmontanis.info\/d\/338227-2\/DSC02416.jpg'><img src=http:\/\/ski.inmontanis.info\/d\/338226-3\/DSC02416.jpg \/><\/a><br \/>\n^ Die 10EUB hat bescheuerte Skik\u00f6cher und ist eng f\u00fcr innenliegende Skik\u00f6cher<\/p>\n<p><a href='http:\/\/ski.inmontanis.info\/d\/338231-2\/DSC02423.jpg'><img src=http:\/\/ski.inmontanis.info\/d\/338230-3\/DSC02423.jpg \/><\/a><br \/>\n^ 14 Diagonalen mit Fjordpano<\/p>\n<p><a href='http:\/\/ski.inmontanis.info\/d\/338235-2\/DSC02424.jpg'><img src=http:\/\/ski.inmontanis.info\/d\/338234-3\/DSC02424.jpg \/><\/a><br \/>\n^ 14 Diagonalen, Einm\u00fcndung in die 11<\/p>\n<p><a href='http:\/\/ski.inmontanis.info\/d\/338239-2\/DSC02430.jpg'><img src=http:\/\/ski.inmontanis.info\/d\/338238-3\/DSC02430.jpg \/><\/a><br \/>\n^ 10EUB Bergstation und rechts die Ex-GUB-Bergstation<\/p>\n<p><a href='http:\/\/ski.inmontanis.info\/d\/338243-2\/DSC02431.jpg'><img src=http:\/\/ski.inmontanis.info\/d\/338242-3\/DSC02431.jpg \/><\/a><br \/>\n^ Die Mitarbeiter vom Pistendienst nahmen stets den offenen Materialkorb mit der seitlichen Holzbank<\/p>\n<p><a href='http:\/\/ski.inmontanis.info\/d\/338247-2\/DSC02432.jpg'><img src=http:\/\/ski.inmontanis.info\/d\/338246-3\/DSC02432.jpg \/><\/a><br \/>\n^ Variante an der 9 Singstadsklia<\/p>\n<p><a href='http:\/\/ski.inmontanis.info\/d\/338251-2\/DSC02436.jpg'><img src=http:\/\/ski.inmontanis.info\/d\/338250-3\/DSC02436.jpg \/><\/a><br \/>\n^ 4 Snaua rechts vom SL 3, hatte die besten Offpisteverh\u00e4ltnisse, ist aber auch als normale Piste im Plan, war 2011 auch pr\u00e4pariert.<\/p>\n<p><a href='http:\/\/ski.inmontanis.info\/d\/338255-2\/DSC02437.jpg'><img src=http:\/\/ski.inmontanis.info\/d\/338254-3\/DSC02437.jpg \/><\/a><br \/>\n^ 4 Snaua rechts vom SL 3<\/p>\n<p><a href='http:\/\/ski.inmontanis.info\/d\/338259-2\/DSC02440.jpg'><img src=http:\/\/ski.inmontanis.info\/d\/338258-3\/DSC02440.jpg \/><\/a><br \/>\n^ SL 3 und Fjord, Wetter war heut besser als gemeldet<\/p>\n<p><a href='http:\/\/ski.inmontanis.info\/d\/338263-2\/DSC02448.jpg'><img src=http:\/\/ski.inmontanis.info\/d\/338262-3\/DSC02448.jpg \/><\/a><br \/>\n^ 10 Black Kids links vom SL 2<\/p>\n<p><a href='http:\/\/ski.inmontanis.info\/d\/338267-2\/DSC02450.jpg'><img src=http:\/\/ski.inmontanis.info\/d\/338266-3\/DSC02450.jpg \/><\/a><br \/>\n^ 10 Black Kids links vom SL 2<\/p>\n<p><a href='http:\/\/ski.inmontanis.info\/d\/338271-2\/DSC02453.jpg'><img src=http:\/\/ski.inmontanis.info\/d\/338270-3\/DSC02453.jpg \/><\/a><br \/>\n^ 10 Black Kids links vom SL 2<\/p>\n<p><a href='http:\/\/ski.inmontanis.info\/d\/338275-2\/DSC02462.jpg'><img src=http:\/\/ski.inmontanis.info\/d\/338274-3\/DSC02462.jpg \/><\/a><br \/>\n^ 12 S-en unterer Bereich<\/p>\n<p><a href='http:\/\/ski.inmontanis.info\/d\/338279-2\/DSC02465.jpg'><img src=http:\/\/ski.inmontanis.info\/d\/338278-3\/DSC02465.jpg \/><\/a><br \/>\n^ 11 Boomerangen, die rechteste Variante<\/p>\n<p><a href='http:\/\/ski.inmontanis.info\/d\/338283-2\/DSC02467.jpg'><img src=http:\/\/ski.inmontanis.info\/d\/338282-3\/DSC02467.jpg \/><\/a><br \/>\n^ 11 Boomerangen, die rechteste Variante<\/p>\n<p><a href='http:\/\/ski.inmontanis.info\/d\/338287-2\/DSC02470.jpg'><img src=http:\/\/ski.inmontanis.info\/d\/338286-3\/DSC02470.jpg \/><\/a><br \/>\n^ 11 Boomerangen, die rechteste Variante, gegen\u00fcber das Skigebiet von Ankenes, wo es mir letztes Jahr auch gefiel<\/p>\n<p><a href='http:\/\/ski.inmontanis.info\/d\/338291-2\/DSC02473.jpg'><img src=http:\/\/ski.inmontanis.info\/d\/338290-3\/DSC02473.jpg \/><\/a><br \/>\n^ Bald ist Sonnenuntergang<\/p>\n<p><a href='http:\/\/ski.inmontanis.info\/d\/338295-2\/DSC02474.jpg'><img src=http:\/\/ski.inmontanis.info\/d\/338294-3\/DSC02474.jpg \/><\/a><br \/>\n^ F\u00f6rderband<\/p>\n<p><a href='http:\/\/ski.inmontanis.info\/d\/338299-2\/DSC02477.jpg'><img src=http:\/\/ski.inmontanis.info\/d\/338298-3\/DSC02477.jpg \/><\/a><br \/>\n^ Fjordpano aus der EUB<\/p>\n<p><a href='http:\/\/ski.inmontanis.info\/d\/338303-2\/DSC02479.jpg'><img src=http:\/\/ski.inmontanis.info\/d\/338302-3\/DSC02479.jpg \/><\/a><br \/>\n^ 10EUB und Fjord<\/p>\n<p><a href='http:\/\/ski.inmontanis.info\/d\/338307-2\/DSC02481.jpg'><img src=http:\/\/ski.inmontanis.info\/d\/338306-3\/DSC02481.jpg \/><\/a><br \/>\n^ DSB und Mond<\/p>\n<p><a href='http:\/\/ski.inmontanis.info\/d\/338311-2\/DSC02482.jpg'><img src=http:\/\/ski.inmontanis.info\/d\/338310-3\/DSC02482.jpg \/><\/a><br \/>\n^ 3 Tredje am SL 3, der leider momentan nicht l\u00e4uft<\/p>\n<p><a href='http:\/\/ski.inmontanis.info\/d\/338315-2\/DSC02486.jpg'><img src=http:\/\/ski.inmontanis.info\/d\/338314-3\/DSC02486.jpg \/><\/a><br \/>\n^ Abendd\u00e4mmerung mit Fjord<\/p>\n<p>Die linke STRG-Taste ist nun an meiner Tastatur kaputt und einige andere gehen ja auch schon manchmal nicht mehr so gut &#8211; da werd ich wohl sp\u00e4testens in AT eine neue brauchen. Die Umstellung, nun die rechte statt der linken Taste nehmen zu m\u00fcssen, wird wohl einige Tage in Anspruch nehmen &#8230;<\/p>\n<p><strong>Mi, 12.3.2025<\/strong><\/p>\n<p>Heute soll es sehr sonnig (und somit sehr kalt) werden, daf\u00fcr morgen+\u00fcbermorgen nachmittags+abends etwas st\u00e4rker schneien (n\u00e4chste Woche eher regnen). <\/p>\n<p>Der Nachteil, wenn die Sonne scheint: es gibt nur dann auch Schatten, der auf Fotos auch wieder negativ sein kann. Dennoch hab ich sehr viele gestrige Fotos heut nochmals gemacht und musste sie folglich sp\u00e4ter aussortieren.<\/p>\n<p>Bei der Skipasskasse im Shop gibts einen kleinen Imbiss, W\u00fcrstel mit Brot (also Hotdog) 55,- NOK, W\u00fcrstel ohne (!) Brot 45 (!!), Waffel 45, da stand nix dabei, ob die natur ist oder mit Marmelade oder mit Marmelade+Sahne oder mit karamellisiertem Ziegenk\u00e4se (leckere Kombination). Nachgefragt: man kann selbst w\u00e4hlen bzw. sp\u00e4ter als ich sie kaufte, man kann sich sogar jeweils selbst bedienen. Nur die Sahne blieb immer im K\u00fchlschrank. Vielleicht h\u00e4tte man drum bitten k\u00f6nnen.<\/p>\n<p>45 NOK, also unter 4 \u20ac, f\u00fcr eine frische Waffel mit K\u00e4se oder Marmelade ist ja fast ein Schn\u00e4ppchen. Manchmal ist Norwegen eben auch g\u00fcnstig.  Kaufte ich mir somit heute und die n\u00e4chsten Tage. Bild folgt ganz unten. Die Waffel war auch dicker als die in T\u00e4rnaby letztens. Warum man aber dann gleich viel f\u00fcr ein W\u00fcrstel ohne alles verlangt?!<\/p>\n<p>Ab 16 Uhr wurde es voller, um 17:15 wechselte ich Ski und Brille und nach 18 Uhr waren mir definitiv zu viel nervige Kids da und die Hauptabfahrten eh viel zu eisighart abgerutscht mittlerweile.<\/p>\n<p><a href='http:\/\/ski.inmontanis.info\/d\/338319-2\/DSC02489.jpg'><img src=http:\/\/ski.inmontanis.info\/d\/338318-3\/DSC02489.jpg \/><\/a><br \/>\n^ 8 Familien, von der Talstation 10EUB runter zum SL 1<\/p>\n<p><a href='http:\/\/ski.inmontanis.info\/d\/338323-2\/DSC02491.jpg'><img src=http:\/\/ski.inmontanis.info\/d\/338322-3\/DSC02491.jpg \/><\/a><br \/>\n^ SL 1 und Abfahrt 1 F\u00f8rste<\/p>\n<p><a href='http:\/\/ski.inmontanis.info\/d\/338327-2\/DSC02492.jpg'><img src=http:\/\/ski.inmontanis.info\/d\/338326-3\/DSC02492.jpg \/><\/a><br \/>\n^ SL 1 und Abfahrt 1 F\u00f8rste<\/p>\n<p><a href='http:\/\/ski.inmontanis.info\/d\/338331-2\/DSC02493.jpg'><img src=http:\/\/ski.inmontanis.info\/d\/338330-3\/DSC02493.jpg \/><\/a><br \/>\n^ Nicht im Plan eingezeichnet ist diese Abfahrtsvariante am SL 1<\/p>\n<p><a href='http:\/\/ski.inmontanis.info\/d\/338335-2\/DSC02494.jpg'><img src=http:\/\/ski.inmontanis.info\/d\/338334-3\/DSC02494.jpg \/><\/a><br \/>\n^ Ex-DSB<\/p>\n<p><a href='http:\/\/ski.inmontanis.info\/d\/338339-2\/DSC02496.jpg'><img src=http:\/\/ski.inmontanis.info\/d\/338338-3\/DSC02496.jpg \/><\/a><br \/>\n^ 10EUB und Abfahrt 13 Fjellveien<\/p>\n<p><a href='http:\/\/ski.inmontanis.info\/d\/338343-2\/DSC02499.jpg'><img src=http:\/\/ski.inmontanis.info\/d\/338342-3\/DSC02499.jpg \/><\/a><br \/>\n^ 11 Boomerangen, die ganz rechte<\/p>\n<p><a href='http:\/\/ski.inmontanis.info\/d\/338347-2\/DSC02502.jpg'><img src=http:\/\/ski.inmontanis.info\/d\/338346-3\/DSC02502.jpg \/><\/a><br \/>\n^ 11 Boomerangen, die ganz rechte<\/p>\n<p><a href='http:\/\/ski.inmontanis.info\/d\/338411-2\/DSC02536.jpg'><img src=http:\/\/ski.inmontanis.info\/d\/338410-3\/DSC02536.jpg \/><\/a><br \/>\n^ 3 Tredje<\/p>\n<p><a href='http:\/\/ski.inmontanis.info\/d\/338415-2\/DSC02537.jpg'><img src=http:\/\/ski.inmontanis.info\/d\/338414-3\/DSC02537.jpg \/><\/a><br \/>\n^ 3 Tredje<\/p>\n<p><a href='http:\/\/ski.inmontanis.info\/d\/338419-2\/DSC02540.jpg'><img src=http:\/\/ski.inmontanis.info\/d\/338418-3\/DSC02540.jpg \/><\/a><br \/>\n^ Ex-DSB<\/p>\n<p><a href='http:\/\/ski.inmontanis.info\/d\/338423-2\/DSC02542.jpg'><img src=http:\/\/ski.inmontanis.info\/d\/338422-3\/DSC02542.jpg \/><\/a><br \/>\n^ 10EUB und links die Ex-DSB<\/p>\n<p><a href='http:\/\/ski.inmontanis.info\/d\/338427-2\/DSC02544.jpg'><img src=http:\/\/ski.inmontanis.info\/d\/338426-3\/DSC02544.jpg \/><\/a><br \/>\n^ 10EUB, Fjord und 3 Tredje<\/p>\n<p><a href='http:\/\/ski.inmontanis.info\/d\/338431-2\/DSC02546.jpg'><img src=http:\/\/ski.inmontanis.info\/d\/338430-3\/DSC02546.jpg \/><\/a><br \/>\n^ Offpiste links davon<\/p>\n<p><a href='http:\/\/ski.inmontanis.info\/d\/338435-2\/DSC02547.jpg'><img src=http:\/\/ski.inmontanis.info\/d\/338434-3\/DSC02547.jpg \/><\/a><br \/>\n^ SL 2 Bergstation und rechts irgendein Relikt<\/p>\n<p><a href='http:\/\/ski.inmontanis.info\/d\/338439-2\/DSC02549.jpg'><img src=http:\/\/ski.inmontanis.info\/d\/338438-3\/DSC02549.jpg \/><\/a><br \/>\n^ 10 Black Kids links vom SL 2<\/p>\n<p><a href='http:\/\/ski.inmontanis.info\/d\/338443-2\/DSC02550.jpg'><img src=http:\/\/ski.inmontanis.info\/d\/338442-3\/DSC02550.jpg \/><\/a><br \/>\n^ 10 Black Kids links vom SL 2, hier kann man entweder die Variante links reinfahren oder geradeaus die offizielle 10er weiter fahren ..<\/p>\n<p><a href='http:\/\/ski.inmontanis.info\/d\/338447-2\/DSC02551.jpg'><img src=http:\/\/ski.inmontanis.info\/d\/338446-3\/DSC02551.jpg \/><\/a><br \/>\n^ .. die Variante an der 10<\/p>\n<p><a href='http:\/\/ski.inmontanis.info\/d\/338451-2\/DSC02553.jpg'><img src=http:\/\/ski.inmontanis.info\/d\/338450-3\/DSC02553.jpg \/><\/a><br \/>\n^ .. die Variante an der 10<\/p>\n<p><a href='http:\/\/ski.inmontanis.info\/d\/338455-2\/DSC02554.jpg'><img src=http:\/\/ski.inmontanis.info\/d\/338454-3\/DSC02554.jpg \/><\/a><br \/>\n^ .. die Variante an der 10<\/p>\n<p><a href='http:\/\/ski.inmontanis.info\/d\/338459-2\/DSC02555.jpg'><img src=http:\/\/ski.inmontanis.info\/d\/338458-3\/DSC02555.jpg \/><\/a><br \/>\n^ Links vom SL 2 steht noch eine alte Liftstation ..<\/p>\n<p><a href='http:\/\/ski.inmontanis.info\/d\/338463-2\/DSC02557.jpg'><img src=http:\/\/ski.inmontanis.info\/d\/338462-3\/DSC02557.jpg \/><\/a><br \/>\n^ .. k\u00f6nnte die Platte links zum Auskuppeln der Geh\u00e4nge gedient haben und das so ein Lift gewesen sein, wie ich ihn in Kirgisistan noch erleben durfte? Dann w\u00e4re der Lift im Uhrzeigersinn gegangen und die Leute w\u00e4ren links raus, wo jetzt weiter unten so dichter Wald ist?!<\/p>\n<p><a href='http:\/\/ski.inmontanis.info\/d\/338467-2\/DSC02559.jpg'><img src=http:\/\/ski.inmontanis.info\/d\/338466-3\/DSC02559.jpg \/><\/a><br \/>\n^ 10 Black Kids, nun nicht in die Variante eingebogen, sondern weiter gefahren, da muss man so sch\u00f6n durch die Felsen durch<\/p>\n<p><a href='http:\/\/ski.inmontanis.info\/d\/338471-2\/DSC02561.jpg'><img src=http:\/\/ski.inmontanis.info\/d\/338470-3\/DSC02561.jpg \/><\/a><br \/>\n^ Blick mit Baum zum Fjord und Narvik<\/p>\n<p><a href='http:\/\/ski.inmontanis.info\/d\/338475-2\/DSC02565.jpg'><img src=http:\/\/ski.inmontanis.info\/d\/338474-3\/DSC02565.jpg \/><\/a><br \/>\n^ 7 Utforl\u00f8ypa<\/p>\n<p><a href='http:\/\/ski.inmontanis.info\/d\/338479-2\/DSC02566.jpg'><img src=http:\/\/ski.inmontanis.info\/d\/338478-3\/DSC02566.jpg \/><\/a><br \/>\n^ 7 Utforl\u00f8ypa, daf\u00fcr dass da links so Fangzauninstallationen stehen, hat die hier erstaunlicherweise noch einen Graben .. au\u00dfer die war noch nicht als Rennpiste offen.<\/p>\n<p><a href='http:\/\/ski.inmontanis.info\/d\/338483-2\/DSC02567.jpg'><img src=http:\/\/ski.inmontanis.info\/d\/338482-3\/DSC02567.jpg \/><\/a><br \/>\n^ Offpiste zwischen EUB und Abfahrt 4<\/p>\n<p><a href='http:\/\/ski.inmontanis.info\/d\/338487-2\/DSC02568.jpg'><img src=http:\/\/ski.inmontanis.info\/d\/338486-3\/DSC02568.jpg \/><\/a><br \/>\n^ 16:55, der Sonnenuntergang kommt bald<\/p>\n<p><a href='http:\/\/ski.inmontanis.info\/d\/338491-2\/DSC02573.jpg'><img src=http:\/\/ski.inmontanis.info\/d\/338490-3\/DSC02573.jpg \/><\/a><br \/>\n^ Abendlicher Blick zum Fjord mit 10EUB<\/p>\n<p><a href='http:\/\/ski.inmontanis.info\/d\/338495-2\/DSC02575.jpg'><img src=http:\/\/ski.inmontanis.info\/d\/338494-3\/DSC02575.jpg \/><\/a><br \/>\n^ Abendlicher Blick zum Fjord mit 10EUB<\/p>\n<p><a href='http:\/\/ski.inmontanis.info\/d\/338499-2\/DSC02576.jpg'><img src=http:\/\/ski.inmontanis.info\/d\/338498-3\/DSC02576.jpg \/><\/a><br \/>\n^ 12 S-en, unterer Bereich<\/p>\n<p><a href='http:\/\/ski.inmontanis.info\/d\/338503-2\/DSC02577.jpg'><img src=http:\/\/ski.inmontanis.info\/d\/338502-3\/DSC02577.jpg \/><\/a><br \/>\n^ 12 S-en, unterer Bereich (17:05 Uhr)<\/p>\n<p><a href='http:\/\/ski.inmontanis.info\/d\/338507-2\/DSC02578.jpg'><img src=http:\/\/ski.inmontanis.info\/d\/338506-3\/DSC02578.jpg \/><\/a><br \/>\n^ 6 Traversen (17:42 Uhr)<\/p>\n<p><a href='http:\/\/ski.inmontanis.info\/d\/338511-2\/DSC02579.jpg'><img src=http:\/\/ski.inmontanis.info\/d\/338510-3\/DSC02579.jpg \/><\/a><br \/>\n^ Ex-GUB-Bergstation und Fjordpano (17:56)<\/p>\n<p><a href='http:\/\/ski.inmontanis.info\/d\/338515-2\/DSC02580.jpg'><img src=http:\/\/ski.inmontanis.info\/d\/338514-3\/DSC02580.jpg \/><\/a><br \/>\n^ Abendd\u00e4mmerung mit 10EUB und Fjord (17:58)<\/p>\n<p><a href='http:\/\/ski.inmontanis.info\/d\/338519-2\/DSC02581.jpg'><img src=http:\/\/ski.inmontanis.info\/d\/338518-3\/DSC02581.jpg \/><\/a><br \/>\n^ Abendd\u00e4mmerung mit 10EUB und Fjord (18:00)<\/p>\n<p><a href='http:\/\/ski.inmontanis.info\/d\/338523-2\/DSC02584.jpg'><img src=http:\/\/ski.inmontanis.info\/d\/338522-3\/DSC02584.jpg \/><\/a><br \/>\n^ SL 2 ist so unbeliebt, dass die Lifttrasse um 18:07 Uhr noch fast unbenutzt aussah. Ich wette, der SL 3 w\u00e4re bliebter.<\/p>\n<p><a href='http:\/\/ski.inmontanis.info\/d\/338527-2\/DSC02585.jpg'><img src=http:\/\/ski.inmontanis.info\/d\/338526-3\/DSC02585.jpg \/><\/a><br \/>\n^ Abendd\u00e4mmerungam Ausstieg SL 2 um 18:07<\/p>\n<p><a href='http:\/\/ski.inmontanis.info\/d\/338531-2\/DSC02586.jpg'><img src=http:\/\/ski.inmontanis.info\/d\/338530-3\/DSC02586.jpg \/><\/a><br \/>\n^ Abfahrt 2 Andre am SL 2<\/p>\n<p><a href='http:\/\/ski.inmontanis.info\/d\/338535-2\/DSC02588.jpg'><img src=http:\/\/ski.inmontanis.info\/d\/338534-3\/DSC02588.jpg \/><\/a><br \/>\n^ Abendd\u00e4mmerung zum Fjord um 18:24<\/p>\n<p><a href='http:\/\/ski.inmontanis.info\/d\/338539-2\/DSC02589.jpg'><img src=http:\/\/ski.inmontanis.info\/d\/338538-3\/DSC02589.jpg \/><\/a><br \/>\n^ Abendd\u00e4mmerung zum Fjord um 18:24<\/p>\n<p><a href='http:\/\/ski.inmontanis.info\/d\/338543-2\/DSC02590.jpg'><img src=http:\/\/ski.inmontanis.info\/d\/338542-3\/DSC02590.jpg \/><\/a><br \/>\n^ Abendd\u00e4mmerung mit Narvik um 18:24<\/p>\n<p><a href='http:\/\/ski.inmontanis.info\/d\/338547-2\/DSC02592.jpg'><img src=http:\/\/ski.inmontanis.info\/d\/338546-3\/DSC02592.jpg \/><\/a><br \/>\n^ Abendd\u00e4mmerung zum Fjord und Ankenes um 18:27<\/p>\n<p><a href='http:\/\/ski.inmontanis.info\/d\/338551-2\/DSC02594.jpg'><img src=http:\/\/ski.inmontanis.info\/d\/338550-3\/DSC02594.jpg \/><\/a><br \/>\n^ Abendd\u00e4mmerung mit 10EUB um 18:28<\/p>\n<p><a href='http:\/\/ski.inmontanis.info\/d\/338555-2\/DSC02597.jpg'><img src=http:\/\/ski.inmontanis.info\/d\/338554-3\/DSC02597.jpg \/><\/a><br \/>\n^ Abendd\u00e4mmerung mit Narvik um 18:31<\/p>\n<p><a href='http:\/\/ski.inmontanis.info\/d\/338559-2\/DSC02598.jpg'><img src=http:\/\/ski.inmontanis.info\/d\/338558-3\/DSC02598.jpg \/><\/a><br \/>\n^ Abendd\u00e4mmerung mit Narvik um 18:31<\/p>\n<p><a href='http:\/\/ski.inmontanis.info\/d\/338563-2\/DSC02599.jpg'><img src=http:\/\/ski.inmontanis.info\/d\/338562-3\/DSC02599.jpg \/><\/a><br \/>\n^ Abendd\u00e4mmerung zum Fjord und Ankenes um 18:31<\/p>\n<p><a href='http:\/\/ski.inmontanis.info\/d\/338567-2\/DSC02600.jpg'><img src=http:\/\/ski.inmontanis.info\/d\/338566-3\/DSC02600.jpg \/><\/a><br \/>\n^ Narvik und Fjord von Abfahrt 1 um 18:46<\/p>\n<p>Abends wollte ich nochmals aufs Klo gehen, aber nix, die WCs im Shop\/Caf\u00e9 waren mit Band abgesperrt und oben w\u00e4ren sie vmtl. im Restaurant gewesen, das fur mich unerreichbar war, denn es ging lediglich eine absch\u00fcssige Rampe aus Holzplanken runter und der Schneebereich nebendran mit Gel\u00e4nder versperrt. Wer l\u00e4sst sich denn so einen Scheiss einfallen?? Ich rutsch mit den Skischuhen ja schon auf Holzterrassen aus, da kann ich doch nicht so eine Holzrampe runtergehen! Bliebe noch der ebenfalls steile und rutschgef\u00e4hrdete Weg zum Servicehaus vom Parkplatz, das ja echt bescheuert positioniert ist, aber da ich mir die Sache noch nicht bei Licht angesehen hatte, wie ich von dort mit den Skiern zum SL r\u00fcber k\u00e4me, wollte ich auch nicht runter.<\/p>\n<p><a href='http:\/\/ski.inmontanis.info\/d\/338571-2\/DSC02604.jpg'><img src=http:\/\/ski.inmontanis.info\/d\/338570-3\/DSC02604.jpg \/><\/a><br \/>\n^ Abendd\u00e4mmerung zum Fjord und Ankenes um 18:58 von der  Ex-GUB-Bergstation<\/p>\n<p><a href='http:\/\/ski.inmontanis.info\/d\/338575-2\/DSC02605.jpg'><img src=http:\/\/ski.inmontanis.info\/d\/338574-3\/DSC02605.jpg \/><\/a><br \/>\n^ Klar, ne Holzrampe zum Restaurnat im Winter und der Schneebereich daneben ist abgesperrt, dass man ja nicht dort gehen kann, wo man nicht ausrutschen w\u00fcrde&#8230;<\/p>\n<p><a href='http:\/\/ski.inmontanis.info\/d\/338579-2\/DSC02606.jpg'><img src=http:\/\/ski.inmontanis.info\/d\/338578-3\/DSC02606.jpg \/><\/a><br \/>\n^ Abendd\u00e4mmerung zum Fjord und Ankenes um 19:00<\/p>\n<p><a href='http:\/\/ski.inmontanis.info\/d\/338583-2\/DSC02607.jpg'><img src=http:\/\/ski.inmontanis.info\/d\/338582-3\/DSC02607.jpg \/><\/a><br \/>\n^ Abendd\u00e4mmerung zum Fjord und Ankenes um 19:00<\/p>\n<p><a href='http:\/\/ski.inmontanis.info\/d\/338587-2\/DSC02608.jpg'><img src=http:\/\/ski.inmontanis.info\/d\/338586-3\/DSC02608.jpg \/><\/a><br \/>\n^ 3 Tredje am SL 3 um 19:04<\/p>\n<p><a href='http:\/\/ski.inmontanis.info\/d\/338591-3\/DSC02609.jpg'><img src=http:\/\/ski.inmontanis.info\/d\/338590-4\/DSC02609.jpg \/><\/a><br \/>\n^ 3 Tredje am SL 3 mit Narvik um 19:04<\/p>\n<p><a href='http:\/\/ski.inmontanis.info\/d\/338595-3\/DSC02610.jpg'><img src=http:\/\/ski.inmontanis.info\/d\/338594-4\/DSC02610.jpg \/><\/a><br \/>\n^ 3 Tredje am SL 3 mit Narvik und Fjord um 19:04<\/p>\n<p><a href='http:\/\/ski.inmontanis.info\/d\/338599-3\/DSC02611.jpg'><img src=http:\/\/ski.inmontanis.info\/d\/338598-4\/DSC02611.jpg \/><\/a><br \/>\n^ Abendd\u00e4mmerung um 19:04<\/p>\n<p>Wegen K\u00e4lte und eisiger Pisten (so toll wie der Pulver abseits der Piste ist, so nervig (sch)eisighart ist die Hauptpiste) hab ich kurz nach 19 Uhr aufgeh\u00f6rt, was vielleicht ein Fehler war, denn es wurde nun dunkler und die Polarloicht-App, die ich erst im Auto checken konnte, weil die Klos ja nicht erreichbar waren, sagte 88% Wahrscheinlichkeit und einen hohen kp-Index von \u00fcber 4. Da h\u00e4tte ich wohl noch bis 20 Uhr im Skigebiet bleiben m\u00fcsse. Aber Abendessen musste ich ja auch noch kochen.<\/p>\n<p>Man sah um 19:30 tats\u00e4chlich auch aus dem Auto am Parkplatz welche (also die Cam, ohne eher nicht).<\/p>\n<p><a href='http:\/\/ski.inmontanis.info\/d\/338603-3\/DSC02618.jpg'><img src=http:\/\/ski.inmontanis.info\/d\/338602-4\/DSC02618.jpg \/><\/a><br \/>\n^ Tja, h\u00e4tt ich wohl doch noch nicht aufh\u00f6ren sollen, Polarlichter um 19:33 am Parkplatz :(<\/p>\n<p>Nochmals die Ski vom Dach holen und wieder zur EUB vorlaufen? Heute einzige Chance, ab morgen gibt&#8217;s Schneefall abends. <\/p>\n<p>Obwohl ich die Skischuhe noch anhatte, konnte ich mich noch nicht mal aufraffen, die T\u00fcr zu \u00f6ffnen und rauszugehen. Ich bin wohl bei meinen fr\u00fcheren Reisen zu oft den Nordlichtern hinterhergereist und sie interessieren mich wohl nicht mehr genug. Also l\u00f6sch ich die Polarlicht-App vom Handy, piepst es wenigstens nicht laufend. Wieder ein St\u00fcck mehr Freiheit und ein Diktat weniger. Da mein Auto ja quasi mein zweites Zuhause ist, gehts mir hier nun wie daheim &#8211; wenn ich abends mal daheim bin, will ich einfach nicht mehr raus.<\/p>\n<p><a href='http:\/\/ski.inmontanis.info\/d\/338607-3\/DSC02627.jpg'><img src=http:\/\/ski.inmontanis.info\/d\/338606-4\/DSC02627.jpg \/><\/a><br \/>\n^ Fels und Sterne am Parkplatz<\/p>\n<p><a href='http:\/\/ski.inmontanis.info\/d\/338611-3\/DSC02631.jpg'><img src=http:\/\/ski.inmontanis.info\/d\/338610-4\/DSC02631.jpg \/><\/a><br \/>\n^ .. aus dem anderen Fenster rausfotografiert um 19:42<\/p>\n<p>Das Fjord-Panorma ist hier zwar ganz nett, aber ganz ehrlich, da gef\u00e4llt mir Heiligenblut trotzdem besser, da gibt&#8217;s momentan wenigstens noch keine so eine nervige 10EUB mit innenliegenden Skik\u00f6chern und es ist abwechslungsreicher. Ohne die DSB ist Narvik halt auch etwas kastriert, aber falls das eine Einzelsitzzwangsverriegelung-KSB werden sollte, werd ich die in Zukunft ja auch nicht fahren wollen. Und falls dann noch einige der jetzigen Abfahrten modelliert werden sollten wegen der WM &#8230; es gibt sch\u00f6nere Skigebiete in Norwegen mit Meer\/Fjordpano, da hab ich ja letztes Jahr auch einige besucht. <\/p>\n<p>Mittlerweile hat auch SMHI die Niederschlagsprognose f\u00fcr Bj\u00f6rkliden am DI von Klart \u00fcbernommen: 33mm (als Schnee), YR steht noch bei 13mm. Bei 33mm hat eine \u00dcbernachtung dort f\u00fcr mich leider keinen Sinn. Die Frage w\u00e4r h\u00f6chstens, ob ich hier bis SO Morgen bleiben sollte und dann bei Schneefall rauf nach Riksgr\u00e4nsen bzw. Bj\u00f6rkliden komm oder nicht, dann evtl. SO+MO dort noch bleiben und am DI nach Kiruna, wo es nur etwas regnen soll (jaja, auch bl\u00f6d), wobei das kleine Skigebiet da ja nur von 15-20 Uhr offen hat. Ok, ist noch fast eine Woche hin.<\/p>\n<p>Abends musste ich mit Bodenheizer auf Stufe 2 plus Schuhheizer heizen, weil es sonst nicht warm geworden w\u00e4re, auch so ein Nachteil, wenn man bis 19 Uhr Ski f\u00e4hrt. Im Bodenbereich, wo kein Heizluftstrom hinkam, war es eiskalt, der K\u00fchlschrank meldete -1\u00b0 innen.<\/p>\n<p><strong>Do, 13.3.2025<\/strong><\/p>\n<p>F\u00fcr heute wird der st\u00e4rkste Schneefall um die fr\u00fchen Nachmittagsstunden gemeldet. Ansonsten haben sich die Vorhersagen eher wieder etwas verschlechtert, was n\u00e4chste Woche angeht. W\u00e4r eh jetzt egal, aber war nach wie vor gut, dass ich die letzten beiden Tage hier war.<\/p>\n<p><a href='http:\/\/extra.inmontanis.info\/d\/130154-3\/DSC02633.jpg'><img src=http:\/\/extra.inmontanis.info\/d\/130153-4\/DSC02633.jpg \/><\/a><br \/>\n^ Gut, dass ich mich gegen n\u00e4chste Woche hier Narvik entschieden hatte und jetzt schon da war bei den Wetteraussichten &#8230;<\/p>\n<p>Warum ich die Tage trotzdem noch hier bleibe &#8211; weil es anderswo in der Gegend auch nicht besser gemeldet wird und weil ich hier den g\u00fcnstigeren Stellplatz hab. Ok, au\u00dfer man w\u00fcrde weiter in den Osten fahren, z.B. Kiruna. Oder Finnland.<\/p>\n<p>Seit heute sind im Schneebericht hier nun offiziell die Offpisteabfahrten offen :)) Somit 12 von 15 Abfahrten offen. Obwohl die geschlossene 4 offpistem\u00e4\u00dfig viel besser geht als die offiziellen Offpisteabfahrten, die nun offen sind. <\/p>\n<p>Die frisch pr\u00e4parierten und mit 1-2cm Neuschnee versehenen leichteren Abfahrten am unteren SL gingen zu Beginn gut zu fahren, offpiste aber schlechte Bodensicht, die Eisplatten und Steine heut schlechter zu sehen, bin heut nicht mehr alle Varianten gefahren, \u00e4hneln sich ja eh stark. Morgen werden dann auch manche abgeschnittene dicke Stoppel schwer zu sehen sein und aufgrund der geringen Abwechslung &#8230; k\u00f6nnte ich wohl doch schon am Samstag anderswohin fahren.<\/p>\n<p>Kurz vor 15 Uhr ging&#8217;s wieder zum Waffelessen, muss man ja ausn\u00fctzen mit dem K\u00e4se ;) Pancakes mit Marmelade und Sahne bekomm ich auch in Schweden wieder.<\/p>\n<p>Hatte heute Pinkelkanister und Getr\u00e4nkeflasche den ganzen Tag dabei, ersteres nat\u00fcrlich vorm Skifahren im WC im Shop\/Cafe geleert, letztere bei der letzten Fahrt am Servicehaus aufgef\u00fcllt und von dort zum SL runtergequert. Wird morgen nicht gehen, da ich noch in den Supermarkt schauen will und Platz im Rucksack daf\u00fcr brauche.<\/p>\n<p>Als ich aus dem Servicehaus rauskam, sah man etwas blauen Himmel, aber weil am SL nun mehr los ist und mehr Anf\u00e4nger da sind, schl\u00e4gt mal wieder der faule Liftler durch &#8211; ja, auch hier kein B\u00fcgelgeber, sondern ein Langsamfahrer-und-Anhalter. Am 2. SL nix los, aber auch keine Abfahrt, die ich fahren m\u00f6chte und der 3. SL f\u00e4hrt ja nicht und laufend die EUB mit der Skitragerei und den bl\u00f6den Skik\u00f6chern nervt auch. Echt bescheuert, dass der 3. SL nicht f\u00e4hrt.<\/p>\n<p>Als Skigebiet ist Narvik f\u00fcr mich genauso wenig lohnenswert wie Riksgransen und Bj\u00f6rkliden, jedes f\u00fcr sich genommen w\u00fcrde die weite Fahrt hier rauf keinesfalls lohnen, in Kombination und mit Saisonkarte schaut die Sache etwas weniger schlimm aus, aber auch verzichtbar oder zumindest nicht jedes Jahr n\u00f6tig.<\/p>\n<p>Nat\u00fcrlich auch heute wieder zu fr\u00fch aufgeh\u00f6rt, denn es gab dann noch einige rote Wolken zur Abendd\u00e4mmerung, aber ich h\u00e4tte meine Cam heut eh nicht dabei gehabt.<\/p>\n<p>Gestern in einer Gondel niederl\u00e4ndisch geh\u00f6rt, heut das passende Auto am Parkplatz gesehen, waren aber andere Insassen. Und wie die Norweger: Auto starten, die paar Meter zum Ticketautomaten fahren und dann erst das Ticket bezahlen. Selbst wenn der Automat direkt gegen\u00fcber steht. Am Abreisetag musste ich das aber auch so machen, da ich nicht wusste, ob ich bei dem tiefen Schnee problemlos rausfahren w\u00fcrde k\u00f6nnen &#8230;<\/p>\n<p>Essen in diesen Tagen in Norwegen: Nudeln, Tomatenmark, Sahneso\u00dfe, K\u00e4se und ger\u00e4uchterter Lachs (in Scheiben, kann man auch aufs Brot tun) &#8211; der ist in Norwegen auch g\u00fcnstig.<\/p>\n<p><a href='http:\/\/extra.inmontanis.info\/d\/130158-3\/DSC02636.jpg'><img src=http:\/\/extra.inmontanis.info\/d\/130157-4\/DSC02636.jpg \/><\/a><br \/>\n^ 4 Tage lang Nudeln mit Lachs und Tomaten-Sahne-K\u00e4se-Sauce<\/p>\n<p>Bin mir gar nicht sicher, ob das letztes Jahr auch schon war, aber die Skip\u00e4sse in Pallas\/Olos\/Luosto\/Ounasvaara kosten gleich und gelten auch generell in allen 4 Skigebieten, nicht nur die Saisonkarte, die ich letztes Jahr hatte. Ab 6 Tagen gibts wohl sogar 1 Tag Yll\u00e4s dazu, vielleicht h\u00e4tte ich da letztes Jahr doch einen Tag gratis fahren k\u00f6nnen mit meiner Sasionkarte &#8211; aber die  war ja im Vorverkauf eh so g\u00fcnstig.<\/p>\n<p>6 Tage w\u00fcrden 167 \u20ac kosten, w\u00e4r ja schon eine \u00dcberlegung wert, auch wenn ich n\u00e4chste Saison eigentlich eh wieder die Saisonkarte im g\u00fcnstigen Vorverkauf kaufen m\u00f6chte. Umweg ists halt schon. Zudem sind die ganzen Informationen sehr verstreut, bei einigen Preistafeln wird weder das eine, noch das andere erw\u00e4hnt, bei einer anderen das mit Yll\u00e4s, bei der dritten, dass der Skipass in allen 4 Resorts gilt. Da wei\u00df man auch immer gar nicht, ist alles noch aktuell?<\/p>\n<p>Aua aua aua!!! Wettervorhersagen melden mittlerweile f\u00fcr Bj\u00f6rkliden schon am MO 30mm Niederschlag und am DI nochmals 20mm .. so ein Mist, h\u00e4tte das nicht letzte Woche kommen k\u00f6nnen? Das k\u00f6nnte mind. einen Meter Schnee geben n\u00e4chste Woche, aber ich will \u00e4u\u00dferst ungern bei so viel Neuschnee mit dem Auto am Campingplatz stehen &#8230;.  zudem wird ja auch Sturm gemeldet, da werden ja auch wieder kaum Lifte gehen &#8211; und weil baumfrei sieht man dann auch nix. Mist, doch wieder die falsche Woche erwischt. Kiruna hat montags auch nicht offen, das w\u00fcrde als Alternative auch wegfallen, Dundret hat montags und dienstags nicht offen, Porjus hat unter der Woche nur mittwochs abends &#8211; da g\u00e4be es also gar keine M\u00f6glichkeit bis Kabdalis.<\/p>\n<p>Zwischen Narvik und T\u00e4rnaby wird f\u00fcr ein Skigebiet in Norwegen sogar noch mehr Schnee gemeldet (auch schon am Samstag), f\u00fcr Schweden (T\u00e4rnaby oder J\u00e4ckvik) dagegen so gut wie nix, Kittelfj\u00e4ll usw. quasi gar nix. Sonne wird weder dort noch in Finnland sonderlich gemeldet.<\/p>\n<p>Tja, das w\u00e4re schon ein mordsm\u00e4\u00dfiger Umweg im Vgl zu innerhalb NO&#8230; lt. Gmaps:<\/p>\n<p>.. via ein mir unbekanntes Skigebiet in NO: 622km<br \/>\n.. via J\u00e4ckvik, wo mein Saisonpass gilt: 693km  (bei den ersten beiden Varianten w\u00e4r ich jeweils 1 Woche fr\u00fcher am n\u00e4chsten Ziel in Schweden)<br \/>\n.. via Kiruna und Nalovardo: 789km (das geht aber nur, wenn ich zumindest am MO noch in Bj\u00f6rkliden fahren k\u00f6nnte &#8211; au\u00dfer ich w\u00fcrd noch einen Tag fr\u00fcher abfahren)<br \/>\n.. zus\u00e4tzlich via Finnland, aber nur die 2 n\u00f6rdlichen Gebiete: 1180km<br \/>\n.. zus\u00e4tzlich auch die 3 anderen Gebiete in FI: 1441km<\/p>\n<p>Obwohl abends am Berg und in der Stadt tiefe Minusgrade gemeldet waren, h\u00f6rte sich das nach 22 Uhr sehr nach Regen an, hab aber am n\u00e4chsten Tag nirgends den Anschein gehabt, dass es geregnet oder eisgeregnet h\u00e4tte.<\/p>\n<p><strong>Fr, 14.3.2025<\/strong><\/p>\n<p>Heute Mittag mal etwas die Bilder durchgegangen, \u00fcber 200 hab ich an den ersten beiden Tagen gemacht, klarerweise viele doppelt, wo ich dann aussortieren muss, ob das Bild am ersten oder zweiten Tag sch\u00f6ner ist.<\/p>\n<p>Heute bereits sp\u00fcrbar windiger und das ist ja erst der Anfang.<\/p>\n<p>Wie schon im Auto bef\u00fcrchtet zu wenig Neuschnee, um offpiste die Eispltten zu \u00fcberdecken, aber zu viel, dass diverse &#8220;Stolperstoppel&#8221; nicht mehr so sichtbar sind.<\/p>\n<p>Daher nur noch auf wenige Varianten Lust gehabt, die pr\u00e4parierten Pisten sind ja auch nicht so interessant, ich muss morgen anderswo hin. Windm\u00e4\u00dfig wird aber Riksgr\u00e4nsen und Bj\u00f6rkliden vermutlich zu st\u00fcrmisch werden. <\/p>\n<p><a href='http:\/\/ski.inmontanis.info\/d\/338615-3\/DSC02637.jpg'><img src=http:\/\/ski.inmontanis.info\/d\/338614-4\/DSC02637.jpg \/><\/a><br \/>\n^ Heut hin und wieder das Wasser im Fjord gesehen<\/p>\n<p><a href='http:\/\/ski.inmontanis.info\/d\/338619-3\/DSC02639.jpg'><img src=http:\/\/ski.inmontanis.info\/d\/338618-4\/DSC02639.jpg \/><\/a><br \/>\n^ Hafen<\/p>\n<p>Nat\u00fcrlich kaufte ich mir auch heute nochmals eine frische Waffel und entschied mich wieder f\u00fcr folgende Teilung:<\/p>\n<p><a href='http:\/\/ski.inmontanis.info\/d\/338623-3\/DSC02640.jpg'><img src=http:\/\/ski.inmontanis.info\/d\/338622-4\/DSC02640.jpg \/><\/a><br \/>\n^ Waffel, unten mit saurer Sahne und karamellisiertem Ziegenk\u00e4se, oben mit Erdbeermarmelade<\/p>\n<p><a href='http:\/\/ski.inmontanis.info\/d\/338627-3\/DSC02642.jpg'><img src=http:\/\/ski.inmontanis.info\/d\/338626-4\/DSC02642.jpg \/><\/a><br \/>\n^ Heut hab ich ja Pech, erst stellt sich ein PKW direkt neben mich, obwohl der ganze Parkplatz leer war und dann stellt sich auch noch ein Wohnmobil f\u00fcr die Nacht genau vor mich hin, obwohl alles frei w\u00e4r :(<\/p>\n<p>St\u00f6rt mich zwar nicht sichtm\u00e4\u00dfig, aber T\u00fcr-Auf-T\u00fcr-Zu vielleicht schon.<\/p>\n<p>Allerdings h\u00f6rte ich nach dem Einkaufen um 16:30 Uhr schon auf, Nebel oben, Schneefall (der mich so trocken aber weniger st\u00f6ren w\u00fcrde), am unteren SL wieder diese schei\u00df Langsamfahrerei statt B\u00fcgelgeben (das SL-Fahren wird mir heuer nicht nur in \u00d6sterreich geh\u00f6rig vermiest!!), am oberen SL sind mir heute einige gl\u00e4nzende Eisplatten auf der steilen Pisten aufgefallen und die EUB h\u00e4ngt mir ebenfalls zum Hals raus. Da kann auch der auf einigen Abschnitten so tolle Pulverschnee die Lage leider nur noch wenig verbessern. <\/p>\n<p>Sollten f\u00fcr die WM die rechten Abfahrten lediglich vom Unrat befreit und dadurch ein paar H\u00fcgel gegl\u00e4ttet werden, h\u00e4tte ich nichts einzuwenden, auch wenn sie dann pr\u00e4pariert werden w\u00fcrden. Vollmodelliert mit Beschneiung, so lang wenigstens die Kurven drin und die Breite gleich bleiben, w\u00fcrden sie mir wohl immer noch besser gefallen als die direkte Abfahrt an den 3 SL entlang. Zu bef\u00fcrchten w\u00e4re heutzutage allerdings eine Vollmodellierung samt Verbreiterung, Unfahrbarkeit einiger anderer Abschnitte dadurch und der Skiweg untertunnelt an den Pistenquerungen. <\/p>\n<p>Ich w\u00fcrd gern sagen &#8220;Schweden ist sch\u00f6ner&#8221;, aber in den hier nahen Skigebieten Riksgr\u00e4nsen und Bj\u00f6rkliden st\u00f6rte mich letztes Jahr auch zu viel, wohingegen es mir in den nahen norwegischen Skigebieten Ankenes und Gratangsfjellet gut gefiel.<\/p>\n<p>Hier in Narvik w\u00e4re morgen weniger Schnee und weniger kalt als in Riksgr\u00e4nsen gemeldet. St\u00fcrmisch wird auch schon morgen f\u00fcr Riksgr\u00e4nsen\/Bj\u00f6rkliden gemeldet. Naja, zur Not m\u00fcsste ich halt morgen schon bis Kiruna weiter. Wobei da f\u00fcrs WE auch st\u00fcrmisch gemeldet wird. <\/p>\n<p>Zur Not halt doch hier bleiben, wobei sp\u00e4ter fahren auch nicht besser werden wird, wenn es mit Sturm und Niederschlag dann richtig losgeht. S\u00fcdw\u00e4rts schon morgen st\u00e4rkerer Schneefall. Nordw\u00e4rts oder westw\u00e4rts w\u00e4r nur am WE sinnvoll, da m\u00fcsste ich dann Option auf weniger Sturm und weniger Schneefall f\u00fcr die Gegend hier ab Mo\/Di haben und da soll es ja erst richtig losgehen. Und auch dieses WE ist es weiter n\u00f6rdlich nicht lohnenswert. Alles Kacke.<\/p>\n<p>Abends noch weiter Bilder aussortiert und betitelt, 124 sinds nun geworden. Am n\u00e4chsten Tag 120. <\/p>\n<p>Mir fehlt meine linke STRG-Taste. A,S,X,Y,C,V,W,Q alle wichtigen STRG-Kombinatinen liegen links und gingen einh\u00e4ndig, jetzt brauch ich daf\u00fcr beide H\u00e4nde :(<\/p>\n<p><strong>Sa, 15.3.2025<\/strong><\/p>\n<p>\u00dcber Nacht hatte es  wesenlich mehr geschneit als die letzten Tage, so 10-15cm hier an der Talstation.   Bei meinem Klogang um ca. 9-9:15 war der Parkplatz noch nicht ger\u00e4umt (obwohl ja ab 10 Uhr Skibetrieb sein sollte), auch die Pisten wurden wohl nicht mehr pr\u00e4pariert. Allerdings gerade kein Schneefall.<\/p>\n<p>Danach nochmals diverse Wetterchecks, Stra\u00dfenchecks und was Riks&#038;Bj\u00f6rk heute schneeberichtsm\u00e4\u00dfig melden.<\/p>\n<p>Wow, auf schwedischer Seite von Norwegen zum Skigebiet J\u00e4ckvik (nat\u00fcrlich nicht so weit) gibt&#8217;s Kolonnenfahren &#8211; das kennt man sonst ja nur aus Norwegen, wusste gar nicht, dass das in Schweden auch vorkommen kann!<\/p>\n<p>Der starke Schneefall soll nun nicht erst am Mo+Di kommen, sondern schon ab SO anfangen, wobei es in Bj\u00f6rkliden vielleicht SO+MO doch nicht zu viel schneien k\u00f6nnte, erst am DI. Riksgr\u00e4nsen schon fr\u00fcher.<\/p>\n<p>Bj\u00f6rkliden meldet heute schon starken Wind und nur die beiden \u00dcbgungslifte offen, Riksgr\u00e4nsen wartet mal ab, ob sie \u00f6ffnen k\u00f6nnen. Tja, dann hier bleiben, trotzdem kurz in Bj\u00f6rkliden halten oder bis Kiruna? <\/p>\n<p>Jedenfalls sollte ich weg von dieser Unwettersituation, da ist leider mal wieder zu viel.<\/p>\n<p>Ich fuhr ab und bbezahlte wie letztes Jahr wieder nur den g\u00fcnstigeren PKW-Tarif am Automat anstelle des Wohnmobiltarifs; es wird nach wie vor weder online noch offline erkl\u00e4rt, wie man da korrekt vorgehen sollte.<\/p>\n<p><a href='http:\/\/ski.inmontanis.info\/d\/338631-2\/ge20250311-14c.jpg'><img src=http:\/\/ski.inmontanis.info\/d\/338630-3\/ge20250311-14c.jpg \/><\/a><br \/>\n^ GPS-Track 11.-14.3.2025 in den Farben au\u00dfer Blau (=1.4.2011) &#8211; man erkennt schon, es ist alles sehr gedr\u00e4ngt, dazu eben alles sehr \u00e4hnlich, wenig Abwechslung.<\/p>\n<p>&#8211; &#8211; &#8211;<\/p>\n<p>Sch\u00f6ne (b\u00f6se) Zusammenfassung zu Ukraine &#038; Co:<br \/>\n&#8220;Ihre verbale Giftgas-Flatulenz ist gesellschaftsf\u00e4hig, staatstragend. &#8221;<br \/>\n<a href='https:\/\/www.nachdenkseiten.de\/?p=130048'>https:\/\/www.nachdenkseiten.de\/?p=130048<\/a><\/p>\n<p>BILD-Hetze und Doppel-Standards:<br \/>\n<a href='https:\/\/www.nachdenkseiten.de\/?p=129962'>https:\/\/www.nachdenkseiten.de\/?p=129962<\/a><\/p>\n","protected":false},"excerpt":{"rendered":"<p>Di, 11.3.2025<\/p>\n<p>Ich hielt erst an einem Rema 1000 Supermarkt, konnte mich nicht f\u00fcr Abendessen f\u00fcr die n\u00e4chsten Tage entscheiden. <\/p>\n<p>Pizzabakkeren w\u00e4r wieder offen, wollte ich mittags vorbei, falls zuf\u00e4llig einer der wenigen Parkpl\u00e4tze frei w\u00e4re. Gl\u00fcck gehabt. Nahm diesmal aber nur eine kleine BBQ-Pizza um 82 NOK (7 \u20ac) mit.<\/p>\n<p>Danach nochmals einkaufen, <a href=\"http:\/\/blog.inmontanis.info\/?p=10679\">[&#8230;]<\/a><\/p>\n","protected":false},"author":1,"featured_media":10682,"comment_status":"closed","ping_status":"closed","sticky":false,"template":"","format":"standard","meta":{"footnotes":""},"categories":[940,582,18,27],"tags":[72,38,37,65,45,47],"class_list":["post-10679","post","type-post","status-publish","format-standard","has-post-thumbnail","hentry","category-2025-01-alpenskandinavien","category-narvik","category-norwegennorway","category-skifahren-winterskiing-winter","tag-10eub","tag-dsb","tag-meer","tag-nachtski","tag-see","tag-sl","odd"],"_links":{"self":[{"href":"http:\/\/blog.inmontanis.info\/index.php?rest_route=\/wp\/v2\/posts\/10679","targetHints":{"allow":["GET"]}}],"collection":[{"href":"http:\/\/blog.inmontanis.info\/index.php?rest_route=\/wp\/v2\/posts"}],"about":[{"href":"http:\/\/blog.inmontanis.info\/index.php?rest_route=\/wp\/v2\/types\/post"}],"author":[{"embeddable":true,"href":"http:\/\/blog.inmontanis.info\/index.php?rest_route=\/wp\/v2\/users\/1"}],"replies":[{"embeddable":true,"href":"http:\/\/blog.inmontanis.info\/index.php?rest_route=%2Fwp%2Fv2%2Fcomments&post=10679"}],"version-history":[{"count":4,"href":"http:\/\/blog.inmontanis.info\/index.php?rest_route=\/wp\/v2\/posts\/10679\/revisions"}],"predecessor-version":[{"id":10684,"href":"http:\/\/blog.inmontanis.info\/index.php?rest_route=\/wp\/v2\/posts\/10679\/revisions\/10684"}],"wp:featuredmedia":[{"embeddable":true,"href":"http:\/\/blog.inmontanis.info\/index.php?rest_route=\/wp\/v2\/media\/10682"}],"wp:attachment":[{"href":"http:\/\/blog.inmontanis.info\/index.php?rest_route=%2Fwp%2Fv2%2Fmedia&parent=10679"}],"wp:term":[{"taxonomy":"category","embeddable":true,"href":"http:\/\/blog.inmontanis.info\/index.php?rest_route=%2Fwp%2Fv2%2Fcategories&post=10679"},{"taxonomy":"post_tag","embeddable":true,"href":"http:\/\/blog.inmontanis.info\/index.php?rest_route=%2Fwp%2Fv2%2Ftags&post=10679"}],"curies":[{"name":"wp","href":"https:\/\/api.w.org\/{rel}","templated":true}]}}