{"id":10675,"date":"2025-03-10T12:00:35","date_gmt":"2025-03-10T11:00:35","guid":{"rendered":"http:\/\/blog.inmontanis.info\/?p=10675"},"modified":"2025-03-13T12:36:56","modified_gmt":"2025-03-13T11:36:56","slug":"bjorkliden-10-3-2025","status":"publish","type":"post","link":"http:\/\/blog.inmontanis.info\/?p=10675","title":{"rendered":"Bj\u00f6rkliden, 10.3.2025"},"content":{"rendered":"<p><strong>Mo, 10.3.2025<\/strong><\/p>\n<p>F\u00fcr MI wird Sonne in Narvik gemeldet (danach aber Schneefall), also sollte ich wohl ab DI oder MI dort sein, falls die Vorhersagen f\u00fcr n\u00e4chste Woche eintreten sollten .. und es wird nicht nur f\u00fcr Narvik, sondern auch bis Absiko schlecht und Schneefall (oder in Narvik: Regen) gemeldet. Normalerweise ist da ja h\u00e4ufig dann nix. Anders gesagt, die Schlechtwetterwoche in T\u00e4rnaby, wo ich noch meinte, vielleicht n\u00fctze mir das dann wenigstens beim Wetter hier oben was, wird sich wohl nicht erf\u00fcllen.<\/p>\n<p>Innen war es heute Nacht etwas weniger kalt (weil auch k\u00fcrzer), au\u00dfen (weil fr\u00fcher) daf\u00fcr noch etwas k\u00e4lter (-13\u00b0 laut Auto). Um 7:30 war ich am ICA-Supermarkt in Kiruna. <\/p>\n<p><a href='http:\/\/extra.inmontanis.info\/d\/130126-2\/DSC02331.jpg'><img src=http:\/\/extra.inmontanis.info\/d\/130125-3\/DSC02331.jpg \/><\/a><br \/>\n^ Abbruch-Siedlung in Kiruna &#8211; wie lang man die Stra\u00dfe hier wohl noch wird fahren d\u00fcrfen &#8230;<\/p>\n<p><a href='http:\/\/extra.inmontanis.info\/d\/130130-2\/DSC02335.jpg'><img src=http:\/\/extra.inmontanis.info\/d\/130129-3\/DSC02335.jpg \/><\/a><br \/>\n^ Eisen-Eisenbahn ;)<\/p>\n<p><a href='http:\/\/extra.inmontanis.info\/d\/130134-2\/DSC02338.jpg'><img src=http:\/\/extra.inmontanis.info\/d\/130133-3\/DSC02338.jpg \/><\/a><br \/>\n^ .. hat da jemand die Bauruine vom Skigebiet in Kiruna mit Eisw\u00fcrfel nachgebaut? :)<\/p>\n<p>Tja, schlechte Nachrichten aus Abisko bei dem sonnig gemeldeten Wetter heute: wegen Personalmangel bleibt das Skigebiet heute und morgen geschlossen :(  Aber f\u00fcr Fu\u00dfg\u00e4nger ist die DSB offen. Da kann man dann in einem reinen Freeride-Skigebiet doch nicht so viel zus\u00e4tzliches Personal brauchen?!<\/p>\n<p>Dann also doch schon heute Riksgr\u00e4nsen und morgen schon Narvik? Oder Bj\u00f6rkliden heute, dann Narvik und dann schon via Norwegen wieder s\u00fcdw\u00e4rts?  Da wird das Wetter aber auch zu schlecht n\u00e4chstes WE. <\/p>\n<p>Wetterm\u00e4\u00dfig sollte ich heute wohl lieber Bj\u00f6rkliden als Riksgr\u00e4nsen fahren, vielleicht mehr Sonne.<\/p>\n<p>Also erst noch etwas rumtr\u00f6deln, damit ich um 10 Uhr noch in den Godisfabriken-Shop in Abisko gehen kann, falls ich nach Narvik doch via NO runterfahren sollte. Die T\u00fcte war dann \u00fcber 1 kg schwer &#8230;<\/p>\n<p>In Riksgr\u00e4nsen hat man es auf heute geschafft, die rechte Talabfahrt zu pr\u00e4parieren. Die war letzte Saison ja nie offiziell pr\u00e4pariert und offen. <\/p>\n<p><a href='http:\/\/ski.inmontanis.info\/d\/338127-2\/DSC02343.jpg'><img src=http:\/\/ski.inmontanis.info\/d\/338126-3\/DSC02343.jpg \/><\/a><br \/>\n^ Skigebiet Abisko von der Stra\u00dfe aus. Schaut nach mehr Schnee aus als letztes Jahr, aber leider heut kein Skibetrieb<\/p>\n<p><a href='http:\/\/ski.inmontanis.info\/d\/338131-2\/DSC02344.jpg'><img src=http:\/\/ski.inmontanis.info\/d\/338130-3\/DSC02344.jpg \/><\/a><br \/>\n^ Auch in Bj\u00f6rkliden hat es mehr Schnee als letztes Jahr<\/p>\n<p>An der Abzweigung nach Bj\u00f6rkliden musste ich bis zum Stillstand langsam abbremsen, weil es so eisig war, dass sich das ABS die ganze Zeit bemerkbar machte. Am SL-Parkplatz angekommen, Verwirrung, denn das Hinweisschild zur Kostenpflichtigkeit mit der Parkzonennummer war entfernt oder \u00fcberklebt, aber die Aimo-Telefonnummer stand noch da. Laut Aimo-App nach wie vor kostenpflichtig. <\/p>\n<p>4h kosten 72, 24h 94 und der Tagestarif w\u00fcrde von jetzt startend ab 15:55 Uhr gelten. <\/p>\n<p>Ich zahlte mal nix und fragte das M\u00e4del am Lift, die bejahte, dass der Parkplatz frei sei. Hab aber nicht nachgefragt, ob generell oder nur zur jetzigen Zwischensaison.<\/p>\n<p>Oben am Sportshop bekam ich gleich ungefragt eine Saisonkarte auf den Scandinavian aufgebucht. Daf\u00fcr, dass ich heuer vielleicht nur 1 Tag hier sein w\u00fcrde, etwas \u00fcbertrieben ;)<\/p>\n<p>Der Schnee war auf den Pisten wesentlich h\u00e4rter als in den letzten Tagen.<\/p>\n<p>Offpiste war es, wo abgeweht, extrem  vereist, wo nicht verweht, gut , selbst die Schneew\u00e4chten gingen gut zu fahren. Die rote Abfahrt rechts am langen SL, die noch nicht offen war, hatte aber fast gar keine Tiefschneebereiche und war gro\u00dfteils eisig, unten im Flachen war unter 1mm Schnee wohl eine so eisige Platte, dass es mich hingehauen hat, war aber eh sehr langsam, in Schrittgeschwindigkeit.<\/p>\n<p><a href='http:\/\/ski.inmontanis.info\/d\/338135-2\/DSC02346.jpg'><img src=http:\/\/ski.inmontanis.info\/d\/338134-3\/DSC02346.jpg \/><\/a><br \/>\n^ SL K\u00e5ppasliften, hier ist heuer die linke Abfahrt offen, aber die rechte nicht, war aber trotzdem pr\u00e4pariert und kein Stein oder so<\/p>\n<p><a href='http:\/\/ski.inmontanis.info\/d\/338139-2\/DSC02348.jpg'><img src=http:\/\/ski.inmontanis.info\/d\/338138-3\/DSC02348.jpg \/><\/a><br \/>\n^ Kitteldalsliften, den Zwillingslift in Tschiertschen konnte ich heuer ja leider nicht fahren<\/p>\n<p><a href='http:\/\/ski.inmontanis.info\/d\/338143-2\/DSC02349.jpg'><img src=http:\/\/ski.inmontanis.info\/d\/338142-3\/DSC02349.jpg \/><\/a><br \/>\n^ Die Au\u00dfenrum-Offpistevariante am Kitteldalsliften ist leider noch nicht offen<\/p>\n<p><a href='http:\/\/ski.inmontanis.info\/d\/338147-2\/DSC02350.jpg'><img src=http:\/\/ski.inmontanis.info\/d\/338146-3\/DSC02350.jpg \/><\/a><br \/>\n^ Abfahrt rechts vom K\u00e5ppasliften, offiziell als unpr\u00e4parierte Abfahrt geschlossen oder offen, war aber in ganzer L\u00e4nge eigentlich pr\u00e4pariert<\/p>\n<p>Ein verdammt eisig kalter Wind, weshalb ich um 12:45 in die V\u00e4rmestuga ging und mir gleich die f\u00fcr eigentlich heut Abend gekaufte Portion Raggmunk in den Mikrowellenofen schob.<\/p>\n<p><a href='http:\/\/extra.inmontanis.info\/d\/130138-2\/DSC02353.jpg'><img src=http:\/\/extra.inmontanis.info\/d\/130137-3\/DSC02353.jpg \/><\/a><br \/>\n^ .. dann halt in der Mikro in der V\u00e4rmestuga aufgew\u00e4rmt, die Portion Raggmunk<\/p>\n<p>.. und mir dann die Racecarver rausgeholt, weil offpiste eh unlohnenswert. Ok, es soll ja Neuschnee kommen, wenn ich dann die n\u00e4chsten Tage in Narvik bin, dann k\u00f6nnte es ja auch hier auf und neben den Pisten wieder besser gehen. Dann wohl wirklich lieber Schneefall jeden Tag als nun die ganze Woche Sonne bei den momentanen Verh\u00e4ltnissen, weil mir die heute auch nicht gefielen. <\/p>\n<p><a href='http:\/\/ski.inmontanis.info\/d\/338151-2\/DSC02354.jpg'><img src=http:\/\/ski.inmontanis.info\/d\/338150-3\/DSC02354.jpg \/><\/a><br \/>\n^ Letzte Sonnenstrahlen am \u00dcbungslift mit ebenfalls kaum befahrener Abfahrt heut.<\/p>\n<p><a href='http:\/\/ski.inmontanis.info\/d\/338155-2\/ge20250310c.jpg'><img src=http:\/\/ski.inmontanis.info\/d\/338154-3\/ge20250310c.jpg \/><\/a><br \/>\n^ GPS-Track 10.3.2025 in T\u00fcrkis, vorherige Besuche in Orange<\/p>\n<p>Am Campingplatz sind heute anscheinend mind. 2 der 3 Drop-In-Pl\u00e4tze belegt, bei mehr Schneefall oder k\u00e4lteren Temperaturen w\u00fcrd ich wohl lieber dort stehen, auch wenn sie ja recht teuer sind.<\/p>\n<p>Heute wollte ich frei stehen und weil ich mich ja schon f\u00fcr Narvik morgen entschieden hab, lieber unten am Fjord frei stehen, weil weniger kalt. Da das Skigebiet unter der Woche nur von 13-20 Uhr offen ist, w\u00e4r morgen nach der Arbeit noch Zeit zum Einkaufen.<\/p>\n<p>Vorteil aber, morgen noch Riksgransen zu fahren, w\u00e4re, in Narvik bis Sonntag bleiben zu k\u00f6nnen, da ich ja nur 5 Skitage frei habe. Allerdings wird morgen trocken gmeldet und am SO evtl. nickt. <\/p>\n<p>Ich h\u00f6rte um 15:30 auf und fuhr nach Norwegen und runter zum Fjord. <\/p>\n<p><a href='http:\/\/extra.inmontanis.info\/d\/130142-2\/DSC02355.jpg'><img src=http:\/\/extra.inmontanis.info\/d\/130141-3\/DSC02355.jpg \/><\/a><br \/>\n^ Riksgr\u00e4nsen-Narvik, die Stra\u00dfe in Norwegen ist schm\u00e4ler, aber mit Splitt gestreut<\/p>\n<p>Unten am Fjord stand diesmal kein Wohnwagen\/Wohnmobil, hatte schon bef\u00fcrchtet, da w\u00fcrde mal wieder viel los sein samt Generator&#8230; kann nat\u00fcrlich noch passieren. 2 LKWs kamen bei Dunkelheit noch.<\/p>\n<p><a href='http:\/\/extra.inmontanis.info\/d\/130146-2\/DSC02359.jpg'><img src=http:\/\/extra.inmontanis.info\/d\/130145-3\/DSC02359.jpg \/><\/a><br \/>\n^ Unten am Fjord mit Blick zur Br\u00fccke um 16:57 ..<\/p>\n<p><a href='http:\/\/extra.inmontanis.info\/d\/130150-2\/DSC02360.jpg'><img src=http:\/\/extra.inmontanis.info\/d\/130149-3\/DSC02360.jpg \/><\/a><br \/>\n^ .. und um 19:42 Uhr<\/p>\n<p>Ich ging abends die alternativen M\u00f6glichkeiten f\u00fcr n\u00e4chste Woche durch bzw. checkte,  welche Skigebiete wann offen sind, viele ja tags\u00fcber nur am WE, was insb. die norwegischen Skigebiete betrifft &#8211; da w\u00fcrd ich mir einige  durchaus mal anschauen wollen.  Wobei da halt Maut oder F\u00e4hre anfallen w\u00fcrden. Abendski ab 17 Uhr w\u00e4re mittlerweile sichtm\u00e4\u00dfig immerhin noch interessant, insb. falls man zuvor eine weite Strecke mit dem Auto fahren k\u00f6nnte\/m\u00fcsste<\/p>\n<p><em>N\u00e4chster Bericht aus Narvik nach meinem letzten Skitag, also evtl. am SA oder SO.<\/em><\/p>\n","protected":false},"excerpt":{"rendered":"<p>Mo, 10.3.2025<\/p>\n<p>F\u00fcr MI wird Sonne in Narvik gemeldet (danach aber Schneefall), also sollte ich wohl ab DI oder MI dort sein, falls die Vorhersagen f\u00fcr n\u00e4chste Woche eintreten sollten .. und es wird nicht nur f\u00fcr Narvik, sondern auch bis Absiko schlecht und Schneefall (oder in Narvik: Regen) gemeldet. Normalerweise ist da ja h\u00e4ufig <a href=\"http:\/\/blog.inmontanis.info\/?p=10675\">[&#8230;]<\/a><\/p>\n","protected":false},"author":1,"featured_media":10677,"comment_status":"closed","ping_status":"closed","sticky":false,"template":"","format":"standard","meta":{"footnotes":""},"categories":[940,695,689,19,27],"tags":[],"class_list":["post-10675","post","type-post","status-publish","format-standard","has-post-thumbnail","hentry","category-2025-01-alpenskandinavien","category-abisko","category-bjorkliden","category-schwedensweden","category-skifahren-winterskiing-winter","odd"],"_links":{"self":[{"href":"http:\/\/blog.inmontanis.info\/index.php?rest_route=\/wp\/v2\/posts\/10675","targetHints":{"allow":["GET"]}}],"collection":[{"href":"http:\/\/blog.inmontanis.info\/index.php?rest_route=\/wp\/v2\/posts"}],"about":[{"href":"http:\/\/blog.inmontanis.info\/index.php?rest_route=\/wp\/v2\/types\/post"}],"author":[{"embeddable":true,"href":"http:\/\/blog.inmontanis.info\/index.php?rest_route=\/wp\/v2\/users\/1"}],"replies":[{"embeddable":true,"href":"http:\/\/blog.inmontanis.info\/index.php?rest_route=%2Fwp%2Fv2%2Fcomments&post=10675"}],"version-history":[{"count":2,"href":"http:\/\/blog.inmontanis.info\/index.php?rest_route=\/wp\/v2\/posts\/10675\/revisions"}],"predecessor-version":[{"id":10678,"href":"http:\/\/blog.inmontanis.info\/index.php?rest_route=\/wp\/v2\/posts\/10675\/revisions\/10678"}],"wp:featuredmedia":[{"embeddable":true,"href":"http:\/\/blog.inmontanis.info\/index.php?rest_route=\/wp\/v2\/media\/10677"}],"wp:attachment":[{"href":"http:\/\/blog.inmontanis.info\/index.php?rest_route=%2Fwp%2Fv2%2Fmedia&parent=10675"}],"wp:term":[{"taxonomy":"category","embeddable":true,"href":"http:\/\/blog.inmontanis.info\/index.php?rest_route=%2Fwp%2Fv2%2Fcategories&post=10675"},{"taxonomy":"post_tag","embeddable":true,"href":"http:\/\/blog.inmontanis.info\/index.php?rest_route=%2Fwp%2Fv2%2Ftags&post=10675"}],"curies":[{"name":"wp","href":"https:\/\/api.w.org\/{rel}","templated":true}]}}