{"id":10666,"date":"2025-03-08T20:15:17","date_gmt":"2025-03-08T19:15:17","guid":{"rendered":"http:\/\/blog.inmontanis.info\/?p=10666"},"modified":"2025-03-09T20:41:17","modified_gmt":"2025-03-09T19:41:17","slug":"kabdalis-8-3-2025-die-schwedischste-pizza","status":"publish","type":"post","link":"http:\/\/blog.inmontanis.info\/?p=10666","title":{"rendered":"K\u00e5bdalis, 8.3.2025  + die schwedischste Pizza?"},"content":{"rendered":"<p><strong>Sa, 8.3.2025<\/strong><\/p>\n<p>Um 8 Uhr fuhr ich los. Die Stra\u00dfe von Nalovardo nach Sorsele hatte Spurrinnen und Schneeverwehungen, also Langsamfahren. Schlimmer war aber heute sogar die E45 dann ab Sorsele, ein Mischmasch aus vereisten Spuren plus den Windb\u00f6en sorgten f\u00fcr dauerhaftes Schlingern und Schleudergefahr, so dass ich kaum mehr als 60, meist eher um die 50 fahren konnte. Paar Schneeverwehungen gabs auch. Vielleicht sollte ich mal den Reifenluftdruck messen und etwas Luft ablassen, vielleicht w\u00e4r es dann angenehmer?   <\/p>\n<p>Um 9.30 sagte die Website von Kabdalis nur 3\/4 Lifte offen, aber eine geschlossene 3SB w\u00fcrd ich bei dem Wind heut ja eh erwarten. Laut Biankas und Uwes Reiseblog war &#8211; wie von mir schon bef\u00fcrchtet &#8211; der lange SL in Nalovardo heute wegen Sturm auch nicht ge\u00f6ffnet. Vermutlich w\u00fcrde mir Nalovardo nur mit dem kurzen SL trotzdem besser gefallen als Kabdalis.<\/p>\n<p>Hinter Arvidsjaur hatte es mal etwas geschneit und die Stra\u00dfe war dann viel angenehmer zu fahren. Sp\u00e4ter, 100m tiefer und 2\u00b0 w\u00e4rmer, lag etwas Schneematsch, aber auch der lie\u00df sich mit 80 km\/h fahren.<\/p>\n<p><a href='http:\/\/extra.inmontanis.info\/d\/130102-3\/DSC02265.jpg'><img src=http:\/\/extra.inmontanis.info\/d\/130101-4\/DSC02265.jpg \/><\/a><br \/>\n^ E45, dank des Neuschnees von zuvor ist die Stra\u00dfe nun wieder sch\u00f6n zu fahren, da die eisigen Spurrinnen nun wieder weniger sp\u00fcrbar sind<\/p>\n<p><a href='http:\/\/extra.inmontanis.info\/d\/130106-3\/DSC02269.jpg'><img src=http:\/\/extra.inmontanis.info\/d\/130105-4\/DSC02269.jpg \/><\/a><br \/>\n^ Daf\u00fcr, dass hier  laufend (mit den schwarzen Fahnen) so viel vor Rentieren gewarnt wird, hab ich auf dieser Reise nach wie vor noch kein einziges Rentier auf oder neben der Stra\u00dfe gesehen!!<\/p>\n<p>Wegen der Stra\u00dfenverh\u00e4ltnisse kam ich nicht zwischen 10 und 11 Uhr am Skigebiet an, sondern ca. eine Stunde sp\u00e4ter um 11:25, wobei auch unten im Tal ein starker Wind wehte. <\/p>\n<p>2h kosten 370 SEK, Tageskarte 430. W\u00e4ren die 370 f\u00fcr 3h, w\u00e4r die Sache um die Uhrzeit klar, so \u00fcberlegte ich etwas und entschied mich doch f\u00fcr die Tageskarte.<\/p>\n<p>Am Kurven-SL war die  H\u00f6lle los, zum Gl\u00fcck lief der rechte SL und da war&#8217;s leer, aber da fehlte die 3SB, da die auch eher leer ist, weil die leichtesten Abfarten am Kurven-SL sind. Dort  war sogar die Bergstation besetzt &#8211; ohne Haus, der Liflter stand in freier Natur.<\/p>\n<p>Leider zu wenig Neuschnee, auf den unpr\u00e4parierten Abfahrten bzw. den Skirouten im Wald fuhr man fast laufend auf dem eisigen Untergrund. Wie schon zuletzt in T\u00e4rnaby, waren auch hier die Lifttrassen sehr eisig.  <\/p>\n<p>Um 13:15 mal zur Mittagspause ins Auto und die Ski gewechselt.  2 Stunden h\u00e4tten heute auch gereicht hier. Hin und wieder gab&#8217;s danach auch  am rechten SL Wartezeiten.<\/p>\n<p>Nach 15 Uhr wurde es zwar am Kurvenllift etwas leerer, h\u00f6rte aber doch um 15:30 auf. Wollte noch nach Jokkmokk fahren und dort kurz einkaufen und mir auch eine Pizza kaufen.<\/p>\n<p><a href='http:\/\/ski.inmontanis.info\/d\/337995-2\/DSC02271.jpg'><img src=http:\/\/ski.inmontanis.info\/d\/337994-3\/DSC02271.jpg \/><\/a><br \/>\n^ 3SB heut wg. Wind au\u00dfer Betrieb, rechts daneben die hohen Schneedepots f\u00fcr den n\u00e4chsten Saisonstart im Oktober.<\/p>\n<p><a href='http:\/\/ski.inmontanis.info\/d\/337999-2\/DSC02272.jpg'><img src=http:\/\/ski.inmontanis.info\/d\/337998-3\/DSC02272.jpg \/><\/a><br \/>\n^ Lange Warteschlange am Kurven-SL und dann auch noch bergauf :(<\/p>\n<p><a href='http:\/\/ski.inmontanis.info\/d\/338003-2\/DSC02273.jpg'><img src=http:\/\/ski.inmontanis.info\/d\/338002-3\/DSC02273.jpg \/><\/a><br \/>\n^ Kurvern-SL mit eisiger Lifttrasse, genauso nervig zu fahren wie die Stra\u00dfen<\/p>\n<p><a href='http:\/\/ski.inmontanis.info\/d\/338007-2\/DSC02274.jpg'><img src=http:\/\/ski.inmontanis.info\/d\/338006-3\/DSC02274.jpg \/><\/a><br \/>\n^ Abfahrt 3SB bzw. zum rechten SL, rechts die riesigen Schneedepots<\/p>\n<p><a href='http:\/\/ski.inmontanis.info\/d\/338011-2\/DSC02276.jpg'><img src=http:\/\/ski.inmontanis.info\/d\/338010-3\/DSC02276.jpg \/><\/a><br \/>\n^ Rechter SL war leerer als der Kurvenlift<\/p>\n<p><a href='http:\/\/ski.inmontanis.info\/d\/338015-2\/DSC02277.jpg'><img src=http:\/\/ski.inmontanis.info\/d\/338014-3\/DSC02277.jpg \/><\/a><br \/>\n^ Buckelpiste rechts vom rechten SL, leider zu wenig Neuschnee und man rutschte meistens auf der eisigharten Piste<\/p>\n<p><a href='http:\/\/ski.inmontanis.info\/d\/338019-2\/DSC02278.jpg'><img src=http:\/\/ski.inmontanis.info\/d\/338018-3\/DSC02278.jpg \/><\/a><br \/>\n^ .. im unteren Teil<\/p>\n<p><a href='http:\/\/ski.inmontanis.info\/d\/338023-2\/DSC02280.jpg'><img src=http:\/\/ski.inmontanis.info\/d\/338022-3\/DSC02280.jpg \/><\/a><br \/>\n^ Steile Lucky Luc Variante im Wald, auch viel zu eisig f\u00fcr meinen Geschmack<\/p>\n<p><a href='http:\/\/ski.inmontanis.info\/d\/338027-2\/DSC02281.jpg'><img src=http:\/\/ski.inmontanis.info\/d\/338026-3\/DSC02281.jpg \/><\/a><br \/>\n^ Nochmal die Abfahrt links vom rechten SL mit den gro\u00dfen Schneedepots<\/p>\n<p><a href='http:\/\/ski.inmontanis.info\/d\/338031-2\/DSC02282.jpg'><img src=http:\/\/ski.inmontanis.info\/d\/338030-3\/DSC02282.jpg \/><\/a><br \/>\n^ Abfahrt zum rechten SL<\/p>\n<p><a href='http:\/\/ski.inmontanis.info\/d\/338035-2\/ge20250308c.jpg'><img src=http:\/\/ski.inmontanis.info\/d\/338034-3\/ge20250308c.jpg \/><\/a><br \/>\n^ GPS-Track 8.3.2025 in Gelb, vorherige Besuche in T\u00fcrkis. Ob die Schneise oben im Bild wohl schon die Abfahrt vom geplanten, neuen SL werden wird?<\/p>\n<p>Entweder es haben laut \u00d6ffnungsplan hier alle Lifte offen, dann ist anscheinend immer die H\u00f6lle los, oder dann unter der Woche ggf. nur Kurven-SL mit oder ohne 3SB offen, aber die Skip\u00e4sse sind dann auch nicht g\u00fcnstiger, aber immerhin t\u00e4glich und tags\u00fcber offen, was in der Umgebung eben auch sehr selten ist.<\/p>\n<p>Im Plan steht aktuell ein Erweiterungsprojekt mit einem Zubringer-SL und einem l\u00e4ngeren SL weiter links plus neue H\u00fctten\/Ferienhaussiedlung, hoffentlich muss ich vor dem Bau der neuen SL keinen Skipass mehr hier kaufen&#8230;.    <\/p>\n<p>Die Pizzen in Jokkmokk waren auf der Karte im Restaurant anders als im Internet, weniger und anders ausgeschrieben, aber meine dann doch wie im Internet und nicht wie auf der Aushangkarte zubereitet.  Ich probierte die Pizza &#8220;Lappland&#8221;,  Rentierfleisch, Preiselbeermarmelade und Bearnaisesauce<br \/>\nund dann noch in &#8220;B\u00e5t&#8221;-Form &#8211; ist wohl die schwedischste Pizza, die man bekommen kann. Au\u00dfer es gibt   irgendwo eine mit K\u00f6ttbullar und Preiselbeeren statt Rentierfleisch ;) Kostete 130 SEK.<\/p>\n<p><a href='http:\/\/extra.inmontanis.info\/d\/130110-3\/IMG_20250308_165605.jpg'><img src=http:\/\/extra.inmontanis.info\/d\/130109-4\/IMG_20250308_165605.jpg \/><\/a><br \/>\n^ Pizza mit Rentierfleisch und Preiselbeermarmelade auf Bearnaiseso\u00dfe<\/p>\n<p>Ich konnte mich absolut nicht entscheiden, ob sie mir nun geschmeckt hat oder nicht. Definitiv ungewohnt und definitiv besser als die eine Pizza mit Pistazien damals in Italien. Aber ob ich sie mir nochmals kaufen m\u00f6chte?!<\/p>\n<p>Schwierig, was den morgigen Tag angeht. Der Einzellift Bomyrberget mit ca. 3 Abfahrten liegt \u00fcber 40km in die falsche Richtung, hat aber halt auch nur recht selten offen und k\u00f6nnte ich morgen mal besuchen, der kurze Lift in Porjus l\u00e4uft auch , da hatte ich ja mal eine Skitour gemacht, aber erst ab 13 Uhr und ist uninteressanter.<\/p>\n<p>Beides k\u00f6nnte man ggf. auch auf dem Weg nach S\u00fcden mal brauchen als Besser-als-nix-Zwischenziel oder ich besuch morgen beides mit ca. 1,5h Fahrt dazwischen, was bei den \u00d6ffnungszeiten von 11-16 (Bomyrb.) bzw. 13-16 (Porjus) auch nicht so einfach ist. Im Zweifel w\u00fcrd ich nat\u00fcrlich das 11-Uhr-Skigebiet anfahren und mir dort eine Tageskarte kaufen m\u00fcssen und dann ja immer noch entscheiden k\u00f6nnen nach 1-2 Stunden, ob es mir nun dort reicht und ich noch Porjus besuchen m\u00f6chte oder nicht. Ich m\u00f6chte morgen aber auch noch bis nach Kiruna fahren.<\/p>\n<p>\u00dcbernachtet wird an der E45 am Stausee nahe Jokkmokk, vielleicht sieht man mal ein paar Nordlichter heut. Bis Ende M\u00e4rz ist momentan fast jeden Tag eine Intensit\u00e4t um die 4-5 vorhergesagt. <\/p>\n<p>Der Wind soll heute aufh\u00f6ren, aber nachts je nach Aufklarung bis -14\u00b0 werden. F\u00fcr Abisko\/Bj\u00f6rkliden\/RIksgr\u00e4nsen\/Narvik ist derzeit die n\u00e4chsten 14 Tage leider kein einziger Sonnentag in Sicht :( (und auch keine einzige klare Nacht.)<\/p>\n<p><a href='http:\/\/extra.inmontanis.info\/d\/130114-3\/DSC02288.jpg'><img src=http:\/\/extra.inmontanis.info\/d\/130113-4\/DSC02288.jpg \/><\/a><br \/>\n^ Etwas zu bew\u00f6lkt f\u00fcr die Nordlichter hier am Stausee<\/p>\n<p>Minimumtemp. nachts im Auto -3,4\u00b0, waren unproblematisch, wobei mein Auto morgens um 8:45 auch drau\u00dfen noch -11\u00b0 anzeigte.<\/p>\n","protected":false},"excerpt":{"rendered":"<p>Sa, 8.3.2025<\/p>\n<p>Um 8 Uhr fuhr ich los. Die Stra\u00dfe von Nalovardo nach Sorsele hatte Spurrinnen und Schneeverwehungen, also Langsamfahren. Schlimmer war aber heute sogar die E45 dann ab Sorsele, ein Mischmasch aus vereisten Spuren plus den Windb\u00f6en sorgten f\u00fcr dauerhaftes Schlingern und Schleudergefahr, so dass ich kaum mehr als 60, meist eher um die <a href=\"http:\/\/blog.inmontanis.info\/?p=10666\">[&#8230;]<\/a><\/p>\n","protected":false},"author":1,"featured_media":10668,"comment_status":"closed","ping_status":"closed","sticky":false,"template":"","format":"standard","meta":{"footnotes":""},"categories":[940,659,19,27],"tags":[55,47],"class_list":["post-10666","post","type-post","status-publish","format-standard","has-post-thumbnail","hentry","category-2025-01-alpenskandinavien","category-kabdalis","category-schwedensweden","category-skifahren-winterskiing-winter","tag-3sb","tag-sl","odd"],"_links":{"self":[{"href":"http:\/\/blog.inmontanis.info\/index.php?rest_route=\/wp\/v2\/posts\/10666","targetHints":{"allow":["GET"]}}],"collection":[{"href":"http:\/\/blog.inmontanis.info\/index.php?rest_route=\/wp\/v2\/posts"}],"about":[{"href":"http:\/\/blog.inmontanis.info\/index.php?rest_route=\/wp\/v2\/types\/post"}],"author":[{"embeddable":true,"href":"http:\/\/blog.inmontanis.info\/index.php?rest_route=\/wp\/v2\/users\/1"}],"replies":[{"embeddable":true,"href":"http:\/\/blog.inmontanis.info\/index.php?rest_route=%2Fwp%2Fv2%2Fcomments&post=10666"}],"version-history":[{"count":3,"href":"http:\/\/blog.inmontanis.info\/index.php?rest_route=\/wp\/v2\/posts\/10666\/revisions"}],"predecessor-version":[{"id":10670,"href":"http:\/\/blog.inmontanis.info\/index.php?rest_route=\/wp\/v2\/posts\/10666\/revisions\/10670"}],"wp:featuredmedia":[{"embeddable":true,"href":"http:\/\/blog.inmontanis.info\/index.php?rest_route=\/wp\/v2\/media\/10668"}],"wp:attachment":[{"href":"http:\/\/blog.inmontanis.info\/index.php?rest_route=%2Fwp%2Fv2%2Fmedia&parent=10666"}],"wp:term":[{"taxonomy":"category","embeddable":true,"href":"http:\/\/blog.inmontanis.info\/index.php?rest_route=%2Fwp%2Fv2%2Fcategories&post=10666"},{"taxonomy":"post_tag","embeddable":true,"href":"http:\/\/blog.inmontanis.info\/index.php?rest_route=%2Fwp%2Fv2%2Ftags&post=10666"}],"curies":[{"name":"wp","href":"https:\/\/api.w.org\/{rel}","templated":true}]}}