{"id":10661,"date":"2025-03-07T20:16:51","date_gmt":"2025-03-07T19:16:51","guid":{"rendered":"http:\/\/blog.inmontanis.info\/?p=10661"},"modified":"2025-03-08T20:31:51","modified_gmt":"2025-03-08T19:31:51","slug":"nalovardo-6-7-3-2025","status":"publish","type":"post","link":"http:\/\/blog.inmontanis.info\/?p=10661","title":{"rendered":"Nalovardo, 6.+7.3.2025"},"content":{"rendered":"<p><strong>Do, 6.3.2025<\/strong><\/p>\n<p>Die Wettervorhersagen verdichten sich leider auf heute+morgen ziemlich ganztags Schneefall in Nalovardo, nur heute Abend k\u00f6nnte es sinnloserweise auflockern, wo heute kein Skibetrieb, aber morgen w\u00e4re :(<\/p>\n<p>Somit reicht es heute um 13 Uhr dort zu sein zur Nachmittagshalbtageskarte und ich hab doch noch 1,5 Stunden gearbeitet.<\/p>\n<p>Im Coop-Supermarkt gab&#8217;s heute wieder keine Zimtschnecken, richtig schlimm heuer. Sp\u00e4ter im Skigebiet sollte ich eine bekommen. Normalerweise geh ich in Storuman in den ICA-Supermarkt, glaub der ist sch\u00f6ner.<\/p>\n<p>Die E45 war heute durch den Neuschnee gut zu fahren (ganz im Gegensatz zu 2 Tage sp\u00e4ter am Samstag!), um 1210 kam ich in Nalovardo an, es war gerade etwas sonnig und auch windig, aber ich wollte mir ja erst die Halbtageskarte um 13 Uhr kaufen. Man spart bei 1+0,5 tage zwar nicht mal 1,50 \u20ac zur 2-Tageskarte, aber naja, wirklich lohnen tut sich&#8217;s sonst ja auch nicht bis zum Umziehen und dann check ich halt jetzt erst ein und mach gleich die Verkabelung usw.<\/p>\n<p><a href='http:\/\/extra.inmontanis.info\/d\/130094-2\/DSC02198.jpg'><img src=http:\/\/extra.inmontanis.info\/d\/130093-3\/DSC02198.jpg \/><\/a><br \/>\n^ E45 Inlandsv\u00e4gen, mit der Schneeauflage heute gut zu fahren gewesen<\/p>\n<p><a href='http:\/\/extra.inmontanis.info\/d\/130098-2\/DSC02201.jpg'><img src=http:\/\/extra.inmontanis.info\/d\/130097-3\/DSC02201.jpg \/><\/a><br \/>\n^ Sorsele-Nalovardo<\/p>\n<p>&#128681; Gespeicherte Geolocation &#8211; Karte anzeigen: <a href='https:\/\/www.google.com\/maps\/@?api=1&#038;map_action=map&#038;center=65.6510946,17.4994319&#038;zoom=12&#038;basemap=terrain' target=_blank> GoogleMaps<\/a> &#128681; <a href='https:\/\/www.openstreetmap.org\/?&#038;mlat=65.6510946&#038;mlon=17.4994319#map=10\/65.6510946\/17.4994319&#038;layers=P' target=_blank> OSM &#128681;<\/a><\/p>\n<p>Im gerade recht vollen Restaurant, das auch der check-in sein soll, kannten sich die Mitarbeiter mal wieder nicht aus, also wartete ich etwas und hab mir eine Zimtschnecke gekauft. Ich bekam einen Chip f\u00fcr das Servicehaus (bzw. wohl den vom Mitarbeiter), man erkl\u00e4rte mir nicht, wo ich mich hinstellen sollte, aber es gibt ja nicht viel M\u00f6glichkeiten, einzig unklar ist, dass die Drop-In-Pl\u00e4tze mit 1-6 angeschrieben stehen und derzeit wohl nur 4 vermietet werden.<\/p>\n<p>Bianka &#038; Uwe (<a href='https:\/\/ski-web24.de\/reisen\/2024-25_winterreise\/frame.htm'>https:\/\/ski-web24.de\/reisen\/2024-25_winterreise\/frame.htm<\/a>) sind schon seit gestern da, aber heute nicht Ski gefahren. Wenig sp\u00e4ter kaufte ich mir also die Halbtageskarte um 345,-.<\/p>\n<p>Ohne dem Neuschnee w\u00e4re es wohl recht eisig, teilweise fuhr man auf dem eisigharten Untergrund, aber eher selten. Der lange SL war netterweise bis oben offen, die linken Abfahrten aber unpr\u00e4pariert. Neuschnee gut, solang man nicht auf die abgewehten, eisigharten St\u00fccke kam, aber ging noch. <\/p>\n<p>Etliche Abfahrten weiter unten schienen auch noch nicht oder vielleicht generell nicht mehr pr\u00e4pariert zu werden.<\/p>\n<p>Um 14:45 Uhr hatten es 2 Deppen geschafft, gleichzeitig beide SLstill zu legen!! Hatten die sich abgesprochen, gleichzeitig oben zu sp\u00e4t abzub\u00fcgeln oder was!?!<\/p>\n<p>Der linke SL wurde um 15:45 eingestellt, ich durfte um 15:46 gerade noch so rein; als ich dann wieder unten war um 16:05, war aber der rechte SL auch schon zu und die Pistenraupe fuhr bereits meine Abfahrt hinauf.<\/p>\n<p>In Summe aber recht nett heute gewesen, es blieb auch trocken und die Sonne kam hin und wieder durch. <\/p>\n<p><a href='http:\/\/ski.inmontanis.info\/d\/337867-2\/DSC02205.jpg'><img src=http:\/\/ski.inmontanis.info\/d\/337866-3\/DSC02205.jpg \/><\/a><br \/>\n^ Dal-SL, der k\u00fcrzere mit ca. 1 km<\/p>\n<p><a href='http:\/\/ski.inmontanis.info\/d\/337871-2\/DSC02206.jpg'><img src=http:\/\/ski.inmontanis.info\/d\/337870-3\/DSC02206.jpg \/><\/a><br \/>\n^ Nalovardo hat wie Edsasdalen nicht nur auf die Outby-Keycard umgestellt, sondern ebenfalls ihrem alten Alimak-SL einen neuen, blauen Anstrich verpasst. Auch sch\u00f6n., Wobei der Rost letztes Mal auch nett war ;)<\/p>\n<p><a href='http:\/\/ski.inmontanis.info\/d\/337875-2\/DSC02208.jpg'><img src=http:\/\/ski.inmontanis.info\/d\/337874-3\/DSC02208.jpg \/><\/a><br \/>\n^ Nalo-SL<\/p>\n<p><a href='http:\/\/ski.inmontanis.info\/d\/337879-2\/DSC02215.jpg'><img src=http:\/\/ski.inmontanis.info\/d\/337878-3\/DSC02215.jpg \/><\/a><br \/>\n^ Nalo-SL Bergstation,die schwarzen Abfahrten neben dem SL sind oben noch etwas schneearm und werden evtl nicht mehr pr\u00e4pariert<\/p>\n<p><a href='http:\/\/ski.inmontanis.info\/d\/337883-2\/DSC02217.jpg'><img src=http:\/\/ski.inmontanis.info\/d\/337882-3\/DSC02217.jpg \/><\/a><br \/>\n^ Abfahrt Skorpionen rechts vom Nalo-SL, unpr\u00e4pariert<\/p>\n<p><a href='http:\/\/ski.inmontanis.info\/d\/337887-2\/DSC02218.jpg'><img src=http:\/\/ski.inmontanis.info\/d\/337886-3\/DSC02218.jpg \/><\/a><br \/>\n^ Einstieg schwarze Abfahrten links vom Nalo-SL nun als Offpiste-Skiroute<\/p>\n<p><a href='http:\/\/ski.inmontanis.info\/d\/337891-2\/DSC02219.jpg'><img src=http:\/\/ski.inmontanis.info\/d\/337890-3\/DSC02219.jpg \/><\/a><br \/>\n^ Abfahrt 8 wird laut Plan ebenfalls nicht mehr pr\u00e4pariert, zumindest der breite Ast m\u00fcsste 2021 meinen alten Bildern nach pr\u00e4pariert gewesen sein &#8230;<\/p>\n<p><a href='http:\/\/ski.inmontanis.info\/d\/337895-2\/DSC02220.jpg'><img src=http:\/\/ski.inmontanis.info\/d\/337894-3\/DSC02220.jpg \/><\/a><br \/>\n^ .. weiter unten hat die Abfahrt 8 Vagen zwei Schneisen, ob der schmale Ast hier 2021 noch pr\u00e4pariert wurde, kann ich anhand der alten Bilder nicht eindeutig erkennen ..<\/p>\n<p><a href='http:\/\/ski.inmontanis.info\/d\/337899-2\/DSC02221.jpg'><img src=http:\/\/ski.inmontanis.info\/d\/337898-3\/DSC02221.jpg \/><\/a><br \/>\n^ &#8230; jedenfalls gab es die Str\u00e4ucher oder Jungb\u00f6ume nicht und mehr Schnee und alles war weniger h\u00fcgelig und leichter zu fahren gewesen<\/p>\n<p><a href='http:\/\/ski.inmontanis.info\/d\/337903-2\/DSC02226.jpg'><img src=http:\/\/ski.inmontanis.info\/d\/337902-3\/DSC02226.jpg \/><\/a><br \/>\n^ Das A&amp;O des ca. 1,7km langen Nalo-SL ist nat\u00fcrlich der obere Steilhang<\/p>\n<p><a href='http:\/\/ski.inmontanis.info\/d\/337907-2\/DSC02229.jpg'><img src=http:\/\/ski.inmontanis.info\/d\/337906-3\/DSC02229.jpg \/><\/a><br \/>\n^ Links die 4 schwarzen \/ offpiste Schneisen, unter dem Neuschnee war eine eisigharte Schicht, die mal mehr, mal weniger zum Vorschein kam<\/p>\n<p><a href='http:\/\/ski.inmontanis.info\/d\/337911-2\/DSC02230.jpg'><img src=http:\/\/ski.inmontanis.info\/d\/337910-3\/DSC02230.jpg \/><\/a><br \/>\n^ Variante rechts oben am Nalo-SL zwischen der roten und der blauen Abfahrt<\/p>\n<p><a href='http:\/\/ski.inmontanis.info\/d\/337915-2\/DSC02231.jpg'><img src=http:\/\/ski.inmontanis.info\/d\/337914-3\/DSC02231.jpg \/><\/a><br \/>\n^ Abfahrt Draken rechts vom Nalo-SL, den man links im Bild sieht<\/p>\n<p><a href='http:\/\/ski.inmontanis.info\/d\/337919-2\/DSC02232.jpg'><img src=http:\/\/ski.inmontanis.info\/d\/337918-3\/DSC02232.jpg \/><\/a><br \/>\n^ Nalo-SL BJ 1966. Offizielle Betriebszeit laut Homepage bis 16 Uhr, hier steht nun letzte Bergfahrt 15:45. 2021 ist auf meinem Bild noch 15:50 Uhr zu sehen.<\/p>\n<p><a href='http:\/\/ski.inmontanis.info\/d\/337923-2\/DSC02234.jpg'><img src=http:\/\/ski.inmontanis.info\/d\/337922-3\/DSC02234.jpg \/><\/a><br \/>\n^ Loch in der Liftspur<\/p>\n<p><a href='http:\/\/ski.inmontanis.info\/d\/337927-2\/DSC02235.jpg'><img src=http:\/\/ski.inmontanis.info\/d\/337926-3\/DSC02235.jpg \/><\/a><br \/>\n^ Die ganz rechte Abfahrt am Dal-SL hatte zwar auch eine sch\u00f6ne Neuschneeauflage, aber zu wenig, bei jedem Schwung kratzte man auf dem eisigharten Untergrund<\/p>\n<p><a href='http:\/\/ski.inmontanis.info\/d\/337931-2\/DSC02237.jpg'><img src=http:\/\/ski.inmontanis.info\/d\/337930-3\/DSC02237.jpg \/><\/a><br \/>\n^ Die sch\u00f6ne Offpistevariante links vom Dal-SL<\/p>\n<p><a href='http:\/\/ski.inmontanis.info\/d\/337935-2\/DSC02238.jpg'><img src=http:\/\/ski.inmontanis.info\/d\/337934-3\/DSC02238.jpg \/><\/a><br \/>\n^ Die sch\u00f6ne Offpistevariante links vom Dal-SL<\/p>\n<p><a href='http:\/\/ski.inmontanis.info\/d\/337939-2\/DSC02239.jpg'><img src=http:\/\/ski.inmontanis.info\/d\/337938-3\/DSC02239.jpg \/><\/a><br \/>\n^ Unversch\u00e4mt, sich so nah direkt neben mich hinzustellen. Wobei es auch nicht ganz klar war, welche der Pl\u00e4tze nun f\u00fcr Durchreisende Camper verwendet werden d\u00fcrfen\/sollen<\/p>\n<p>Nachdem ich nun \u00fcber 1 Jahr lang, seitdem ich das von dem Umstieg des Skigebiets hier auf das Outby-System wusste, mein Halstuch aus Protest deshalb umgekehrt getragen hab, hab ich es seit heute wieder richtig rum getragen, schlie\u00dflich w\u00fcrde ich Nalovardo schon zu meinen Schweden-Top-10-Gebieten z\u00e4hlen.<\/p>\n<p>Ich hab mir ja auf der Isle of Man eins gekauft, aber das ist wesentlich d\u00fcnner und zum Skifahren leider nur bei w\u00e4rmeren Temperaturen geeignet. Wobei es heut und die letzten Tage ja nicht so kalt gewesen w\u00e4re. Es soll aber die n\u00e4chsten Tage oder N\u00e4chte wieder k\u00e4lter werden.<\/p>\n<p>Nach 16 Uhr wurde es noch etwas sonniger, aber leider ist erst morgen der rechte SL  bis 18 Uhr offen und morgen Nachmittag\/Abend ist nun Schneefall gemeldet. Daf\u00fcr solls nun vormittags trocken bleiben.<\/p>\n<p>Heute Nachmittag wurde ich noch zu Kaffee\/Kakao und Kuchen eingeladen, erst nach 19 Uhr ging ich wieder zur\u00fcck in mein Auto, um mir mein Abendessen zu machen.<\/p>\n<p>Die Nacht verlief recht kalt, so -6 bis -10\u00b0 waren gemeldet.<\/p>\n<p><strong>Fr, 7.3.2025<\/strong><\/p>\n<p>Da ich annahm, dass ich nicht aus der Milch trinken k\u00f6nnte, wenn der bl\u00f6de Verschluss dran bliebe, weil gro\u00df und Milchpackung hoch und schr\u00e4g und oben die Kante (im Gegensatz zu den oben flachen Packungen), hab ich den Verschluss halt wie bei Getr\u00e4nkeflaschen abgezwickt, aber schon gleich bemerkt, dass das ein M\u00fcllverschluss ist, weil er viel zu wenig Gewinde hat und ja nix \u00fcbrig bleibt. Wundert mich, dass das ohne Abzwicken dicht halten soll, aber nach dem Entfernen jedenfalls nicht mehr oder maximal in einer bestimmten Position. Wie ich die EU neuerdings hasse!!!! Der Verschluss landet jetzt jedenfalls nicht im M\u00fcll, sondern aus Protest in der Natur. Das habt ihr nun davon, verfickte EU-B\u00fcrokraten und Hersteller, die ihr so einen M\u00fcll produziert!!<\/p>\n<p><a href='http:\/\/extra.inmontanis.info\/d\/130082-3\/IMG_20250307_071628.jpg'><img src=http:\/\/extra.inmontanis.info\/d\/130081-4\/IMG_20250307_071628.jpg \/><\/a><br \/>\n^ Mal wieder ein komplett bescheuerter Milchverschluss, wenn man den abtrennt\/abrei\u00dft, bleibt nicht mehr genug Gewinde \u00fcbrig, damit das sauber schlie\u00dft. Dass das drangelassen dicht halten soll, kann man sich auch nicht vorstellen.<\/p>\n<p><a href='http:\/\/extra.inmontanis.info\/d\/130086-3\/IMG_20250307_071638.jpg'><img src=http:\/\/extra.inmontanis.info\/d\/130085-4\/IMG_20250307_071638.jpg \/><\/a><br \/>\n^ .. aber wie soll man denn bei so einer steil schr\u00e4gen Milchpackung mit dem gro\u00dfen Verschluss, wenn man den dranl\u00e4sst, aus der Packung trinken k\u00f6nnen?! Schei\u00df EU-M\u00fcll.<\/p>\n<p>Zu dritt gingen wir nach 10 Uhr auf die Piste, ich durfte heut etwas den &#8220;Guide&#8221; spielen und wir fuhren fast alle pr\u00e4parierten und unpr\u00e4parierten Abfahrten ab. Bereits ab 11 Uhr gab es leichten Schneefall, die Sicht war daher nicht so sch\u00f6n wie gestern, aber ging noch.<\/p>\n<p>Die beiden gingen um 12:30 in ihr Wohnmobil zum Mittagessen. Nach 13 Uhr wurde es oben nebliger, ging aber noch. F\u00fcr morgen nach wie vor Sonne und Sturm gemeldet, f\u00fcr heut Nachmittag mehr Schnee. <\/p>\n<p><a href='http:\/\/ski.inmontanis.info\/d\/337943-2\/DSC02240.jpg'><img src=http:\/\/ski.inmontanis.info\/d\/337942-3\/DSC02240.jpg \/><\/a><br \/>\n^ Pistenplan, im Gegensatz zu 2021 sind nun einige Abfahrten als offpiste gekennzeichnet<\/p>\n<p><a href='http:\/\/ski.inmontanis.info\/d\/337947-2\/DSC02242.jpg'><img src=http:\/\/ski.inmontanis.info\/d\/337946-3\/DSC02242.jpg \/><\/a><br \/>\n^ Nicht im Plan, aber mit Skiroutenzeichen an den B\u00e4umen ausgezeichnet ist diese Schneise gleich links vom Dal-SL; leider sehr viel befahren und daher sehr eisig<\/p>\n<p><a href='http:\/\/ski.inmontanis.info\/d\/337951-2\/DSC02245.jpg'><img src=http:\/\/ski.inmontanis.info\/d\/337950-3\/DSC02245.jpg \/><\/a><br \/>\n^ .. weiter unten im Wald konnte man freier fahren, da gings besser<\/p>\n<p><a href='http:\/\/ski.inmontanis.info\/d\/337955-2\/DSC02247.jpg'><img src=http:\/\/ski.inmontanis.info\/d\/337954-3\/DSC02247.jpg \/><\/a><br \/>\n^ Ganz links ist im Sat-Bild so eine komische Stra\u00dfe mit Kehre unterm Steilhang eingezeichnet, deren Sinn sich mir nicht erschlie\u00dft. Heut bin ich sie mal abgefahren ..<\/p>\n<p><a href='http:\/\/ski.inmontanis.info\/d\/337959-2\/DSC02249.jpg'><img src=http:\/\/ski.inmontanis.info\/d\/337958-3\/DSC02249.jpg \/><\/a><br \/>\n^ .. hier steht wohl ein Wild\/Schie\u00dfstand?!<\/p>\n<p><a href='http:\/\/ski.inmontanis.info\/d\/337963-2\/DSC02250.jpg'><img src=http:\/\/ski.inmontanis.info\/d\/337962-3\/DSC02250.jpg \/><\/a><br \/>\n^ Weiter abw\u00e4rts ..<\/p>\n<p><a href='http:\/\/ski.inmontanis.info\/d\/337967-2\/DSC02251.jpg'><img src=http:\/\/ski.inmontanis.info\/d\/337966-3\/DSC02251.jpg \/><\/a><br \/>\n^ .. sieht man auch nochmals eine kleine H\u00fctte, deren T\u00fcr offen stand<\/p>\n<p><a href='http:\/\/ski.inmontanis.info\/d\/337971-2\/DSC02252.jpg'><img src=http:\/\/ski.inmontanis.info\/d\/337970-3\/DSC02252.jpg \/><\/a><br \/>\n^ .. und etwas weiter unten nochmals so eine kleine H\u00fctte<\/p>\n<p><a href='http:\/\/ski.inmontanis.info\/d\/337975-2\/DSC02253.jpg'><img src=http:\/\/ski.inmontanis.info\/d\/337974-3\/DSC02253.jpg \/><\/a><br \/>\n^ Die St\u00fctzen am Nalo-SL sind teilweise etwas unterschiedlich, normalerweise eigentlich rechteckige Betonfundamente, aber hier ein rundes.<\/p>\n<p><a href='http:\/\/ski.inmontanis.info\/d\/337979-2\/DSC02254.jpg'><img src=http:\/\/ski.inmontanis.info\/d\/337978-3\/DSC02254.jpg \/><\/a><br \/>\n^ St\u00fctze 11 hat so einen Seilanhebebock montiert, das schaut an einer anderen St\u00fctze weiter oben etwas anders aus<\/p>\n<p><a href='http:\/\/ski.inmontanis.info\/d\/337983-2\/DSC02255.jpg'><img src=http:\/\/ski.inmontanis.info\/d\/337982-3\/DSC02255.jpg \/><\/a><br \/>\n^ Und das war glaub ich St\u00fctze 14, die schaut unten etwas anders aus als die anderen<\/p>\n<p><a href='http:\/\/ski.inmontanis.info\/d\/337987-2\/DSC02256.jpg'><img src=http:\/\/ski.inmontanis.info\/d\/337986-3\/DSC02256.jpg \/><\/a><br \/>\n^ Abfahrt rechts vom Dal-SL hat anscheinend zwei riesige Schneedepots, damit man vmtl. im Okt\/Nov schneller f\u00fcr Renntraining \u00f6ffnen kann.<\/p>\n<p><a href='http:\/\/ski.inmontanis.info\/d\/337991-2\/ge20250306-07c.jpg'><img src=http:\/\/ski.inmontanis.info\/d\/337990-3\/ge20250306-07c.jpg \/><\/a><br \/>\n^ GPS-Track 6.-7.3.2025 in T\u00fcrkis und Rosa, vorherige Besuche 2021 in Gelb<\/p>\n<p>F\u00fcr weitere Bilder aus dem Skigebiet empfehle ich meine Berichte von 2021<\/p>\n<p>Um 15:10 h\u00f6rte ich dann auf, alles gefahren, was ich fahren wollte und es schneite jetzt auch recht stark. Sp\u00e4ter gings wieder zu Kaffee\/Kakao und Kuchen ins Wohnmobil r\u00fcber, wo ich wieder bis ca. 19 Uhr blieb, bevor es &#8220;heim&#8221; ins Auto ging und ich mir meinen &#8220;Taco Paj&#8221; machte. Schaut klein aus, hat aber \u00fcber 600 kcal .. naja, trotzdem (und trotz des Kuchens) bin ich nicht richtig satt geworden.<\/p>\n<p><a href='http:\/\/extra.inmontanis.info\/d\/130090-3\/IMG_20250307_195056.jpg'><img src=http:\/\/extra.inmontanis.info\/d\/130089-4\/IMG_20250307_195056.jpg \/><\/a><br \/>\n^ Tacopaj<\/p>\n<p>Morgen plane ich also Kabdalis (\u00fcbrigens Skipass teurer als hier, auch Campingplatz w\u00e4r teurer als hier &#8211; obwohl das Skigebiet wesentlich unspektakul\u00e4rer und kleiner ist, zudem gibts alternativ zur Tageskarte nur eine 2-Stundenkarte, keine 3h oder Halbtageskarten, die interessanter w\u00e4ren, zudem kostet die 2h-Karte dort mehr als die 3h-Karte hier!!), aber vielleicht halte ich auf dem S\u00fcdweg nochmals hier in Nalovardo, besser als Kabdalis oder Dundret gef\u00e4llt&#8217;s mir hier jedenfalls. <\/p>\n<p>Das hier westlich gelegene Skigebietchen Ammarn\u00e4s werd ich mir dann vielleicht n\u00e4chstes Jahr mal anschauen. Es ist halt schon ein weiter Umweg, da ca. 80km taleinw\u00e4rts, die man wieder rausfahren muss.<\/p>\n<p>Auch nicht sch\u00f6n, die schwedische Krone wird momentan teurer und teurer, mittlerweile gibts f\u00fcr 1 \u20ac nicht mal mehr 11 SEK. Vor 2-3 Monaten bekam man noch 11,50. Auch f\u00fcr Norweger wird Schweden teurer, von 0,98 auf 0,93 gesunken. <\/p>\n<p>Es ist mal wieder .. das Kabel von einem Therm-IC-Netzteil f\u00fcr die Skischuhakkus abgebr\u00f6selt. Obwohl ich das Ende am Netzteil extra mit Klebeband verst\u00e4rkt hatte, dass es sich nicht verdrillen sollte. Nat\u00fcrlich bricht das auch immer direkt am Geh\u00e4use, dass man es nicht so leicht reparieren kann. <\/p>\n<p>Hinten unten im Kofferraum scheint es mal wieder recht feucht zu sein, anhand des Karton-Zustandes, wo das (repariertre) Ersatznetzteil drin war.  <\/p>\n<p>Bereits am sp\u00e4teren Abend kamen die ersten Sturmb\u00f6en. Ob morgen in Kabdalis die 3SB gehen w\u00fcrde? Eher nicht. Ob hier der lange Nalo-SL laufen w\u00fcrde?<\/p>\n<p>&#8211; &#8211; &#8211;<\/p>\n<p>Ich krieg SO das Kotzen von dieser kriegspropagandistischen L\u00fcgerei und Fakten-Verdrehung:<br \/>\n<a href='https:\/\/orf.at\/stories\/3386911\/'>https:\/\/orf.at\/stories\/3386911\/<\/a><br \/>\n&#8212; haben die EU-Politiker eigentlich jemals gesagt, warum Russland gegen Europa Krieg f\u00fchren wollen sollte? Wegen den zahlreichen \u00d6l- und Gasvorkommen und sonstigen Bodensch\u00e4tzen, f\u00fcr die Europa ja so bekannt ist? Oder vielleicht weil Russland so klein ist und sie mehr Platz br\u00e4uchten? H\u00f6chstens weil die EU laufend gegen Russland spuckt, fremdes Verm\u00f6gen beschlagnahmen m\u00f6chte, mit den Sanktionen bereits einen (einseitigen) Wirtschaftskrieg angezettelt hat. <\/p>\n<p>Frankreich sollte man momentan ja auch boykottieren:<br \/>\n<a href='https:\/\/anti-spiegel.ru\/2025\/macrons-rede-an-die-nation-klingt-wie-kriegserklaerung-an-russland\/'>https:\/\/anti-spiegel.ru\/2025\/macrons-rede-an-die-nation-klingt-wie-kriegserklaerung-an-russland\/<\/a><\/p>\n<p>&#8220;In Russland sagen viele halb im Scherz, halb im Ernst, dass Europa leider immer wieder seine Geschichte vergisst, weshalb es alle hundert Jahre aufs Neue versucht, Russland zu erobern und zu zerschlagen, was f\u00fcr Europa jedes Mal mit einer totalen Niederlage geendet hat.&#8221;<br \/>\n<a href='https:\/\/anti-spiegel.ru\/2025\/putin-erinnert-die-europaeer-an-das-schicksal-napoleons\/'>https:\/\/anti-spiegel.ru\/2025\/putin-erinnert-die-europaeer-an-das-schicksal-napoleons\/<\/a><\/p>\n<p>&#8220;All das l\u00e4sst bef\u00fcrchten, dass die Europ\u00e4er keinen Frieden mit Russland wollen, sondern notfalls sogar zum offenen Krieg mit Russland bereit sind.&#8221;<br \/>\n<a href='https:\/\/anti-spiegel.ru\/2025\/der-ukraine-krieg-duerfte-noch-lange-weitergehen\/'>https:\/\/anti-spiegel.ru\/2025\/der-ukraine-krieg-duerfte-noch-lange-weitergehen\/<\/a><\/p>\n<p>Die Steuerbefreiung\/verg\u00fcnstigung von E-Autos in AT ist nun bald vorbei, richtig so, schlie\u00dflich zahlen die ja schon keine Mineral\u00f6lsteuern f\u00fcr den Stra\u00dfenbau:<br \/>\n<a href='https:\/\/help.orf.at\/stories\/3229222'>https:\/\/help.orf.at\/stories\/3229222<\/a><\/p>\n","protected":false},"excerpt":{"rendered":"<p>Do, 6.3.2025<\/p>\n<p>Die Wettervorhersagen verdichten sich leider auf heute+morgen ziemlich ganztags Schneefall in Nalovardo, nur heute Abend k\u00f6nnte es sinnloserweise auflockern, wo heute kein Skibetrieb, aber morgen w\u00e4re :(<\/p>\n<p>Somit reicht es heute um 13 Uhr dort zu sein zur Nachmittagshalbtageskarte und ich hab doch noch 1,5 Stunden gearbeitet.<\/p>\n<p>Im Coop-Supermarkt gab&#8217;s heute wieder keine <a href=\"http:\/\/blog.inmontanis.info\/?p=10661\">[&#8230;]<\/a><\/p>\n","protected":false},"author":1,"featured_media":10664,"comment_status":"closed","ping_status":"closed","sticky":false,"template":"","format":"standard","meta":{"footnotes":""},"categories":[940,643,59,19,27],"tags":[47],"class_list":["post-10661","post","type-post","status-publish","format-standard","has-post-thumbnail","hentry","category-2025-01-alpenskandinavien","category-nalovardo","category-nostalgie","category-schwedensweden","category-skifahren-winterskiing-winter","tag-sl","odd"],"_links":{"self":[{"href":"http:\/\/blog.inmontanis.info\/index.php?rest_route=\/wp\/v2\/posts\/10661","targetHints":{"allow":["GET"]}}],"collection":[{"href":"http:\/\/blog.inmontanis.info\/index.php?rest_route=\/wp\/v2\/posts"}],"about":[{"href":"http:\/\/blog.inmontanis.info\/index.php?rest_route=\/wp\/v2\/types\/post"}],"author":[{"embeddable":true,"href":"http:\/\/blog.inmontanis.info\/index.php?rest_route=\/wp\/v2\/users\/1"}],"replies":[{"embeddable":true,"href":"http:\/\/blog.inmontanis.info\/index.php?rest_route=%2Fwp%2Fv2%2Fcomments&post=10661"}],"version-history":[{"count":3,"href":"http:\/\/blog.inmontanis.info\/index.php?rest_route=\/wp\/v2\/posts\/10661\/revisions"}],"predecessor-version":[{"id":10665,"href":"http:\/\/blog.inmontanis.info\/index.php?rest_route=\/wp\/v2\/posts\/10661\/revisions\/10665"}],"wp:featuredmedia":[{"embeddable":true,"href":"http:\/\/blog.inmontanis.info\/index.php?rest_route=\/wp\/v2\/media\/10664"}],"wp:attachment":[{"href":"http:\/\/blog.inmontanis.info\/index.php?rest_route=%2Fwp%2Fv2%2Fmedia&parent=10661"}],"wp:term":[{"taxonomy":"category","embeddable":true,"href":"http:\/\/blog.inmontanis.info\/index.php?rest_route=%2Fwp%2Fv2%2Fcategories&post=10661"},{"taxonomy":"post_tag","embeddable":true,"href":"http:\/\/blog.inmontanis.info\/index.php?rest_route=%2Fwp%2Fv2%2Ftags&post=10661"}],"curies":[{"name":"wp","href":"https:\/\/api.w.org\/{rel}","templated":true}]}}