{"id":1066,"date":"2010-01-29T23:00:23","date_gmt":"2010-01-29T22:00:23","guid":{"rendered":"http:\/\/blog.inmontanis.info\/?p=1066"},"modified":"2023-07-30T21:33:44","modified_gmt":"2023-07-30T19:33:44","slug":"camp-dargent-col-de-turini-29-1-2010","status":"publish","type":"post","link":"http:\/\/blog.inmontanis.info\/?p=1066","title":{"rendered":"Camp d&#8217;Argent (Col de Turini), 29.1.2010"},"content":{"rendered":"<p><strong>29.1.2010 &#8211; 7. Tag &#8211; Teil 2: Col de Turini<\/strong><\/p>\n<p><img src=http:\/\/ski.inmontanis.info\/d\/107698-2\/ge_suedalpen201001.jpg \/><br \/>\nL: Col de Turini \/ Camp d&#8217;Argent<\/p>\n<p>Das Wetter Richtung Meer war schlecht, also was nun? Turini? Bringts bei dem Wetter eigentlich nicht. Valberg ? Ist f\u00fcr 2,5h eigentlich zu gro\u00df&#8230; Schon nach Italien r\u00fcber? F\u00e4hrt man abr ja nur ca. 2-2,5h also hab ich doch noch Zeit&#8230;<!--more--><\/p>\n<p>Also auf zum Col de Turini bzw. Camp d&#8217;Argent. Die Stra\u00dfe da rauf ist ja schon ziemlich extrem..<\/p>\n<p><a href='http:\/\/ski.inmontanis.info\/d\/109578-2\/P1470621.JPG'><img src=http:\/\/ski.inmontanis.info\/d\/109577-3\/P1470621.JPG \/><\/a><br \/>\n^ West-Rampe Col de Turini<\/p>\n<p><a href='http:\/\/ski.inmontanis.info\/d\/109582-2\/P1470628.JPG'><img src=http:\/\/ski.inmontanis.info\/d\/109581-3\/P1470628.JPG \/><\/a><br \/>\n^ Spektakul\u00e4re West-Rampe Col de Turini<\/p>\n<p>Hotels hats dort auch einige .. einige Busse mit Schulklassen waren da und in Summe hatte mich hier alles recht abget\u00f6rnt, so dass ich drauf und dran war, wieder abzufahren. Bin aber doch geblieben und hab mir um 14:30 noch die Nachmittagskarte um 9,- gekauft und gelesen, dass Mo+Di geschlossen ist (au\u00dfer in den Schulferien) &#8211; hatte ich ja glatt &#8220;Gl\u00fcck&#8221;, dass heute nicht Mo oder Di ist!<\/p>\n<p>F\u00fcr Meerblick war das Wetter allerdings weit entfernt. Der Haupt-Lift mit seinen 2 Kurven ist ja schon recht kurios gebaut, wie man hier mal wieder auf die Idee kam, ein Skigebiet zu bauen, kurios, absolut kurios. Eine Runde rauf+runter dauert ca. 5 Minuten. Gegen 15:30 waren die Leute der Meinung, sie m\u00fcssten den langen KSSL einstellen und ein paar Geh\u00e4nge montieren &#8211; h\u00e4tten&#8217;s das nicht nach 16:30 oder wenistens nach 16 Uhr machen k\u00f6nnen? Grummel. Um 16 Uhr bin ich dann wieder ab, der kurze KSSL, auch wenns hier mehr Varianten gibt, ist dann doch arg kurz.<\/p>\n<p>Fotos, anklicken zum Vergr\u00f6\u00dfern:<\/p>\n<p><a href='http:\/\/ski.inmontanis.info\/d\/109574-2\/ge_turini20100129.jpg'><img src=http:\/\/ski.inmontanis.info\/d\/109572-3\/ge_turini20100129.jpg \/><\/a><br \/>\n^ GPS-Track, ausnahmsweise von oben &#8211; so ein Meer-Pano k\u00f6nnte man hier auf der Abfahrt haben, wenn es das Wetter zul\u00e4sst&#8230;<\/p>\n<p><a href='http:\/\/ski.inmontanis.info\/d\/109586-2\/P1470634.JPG'><img src=http:\/\/ski.inmontanis.info\/d\/109585-3\/P1470634.JPG \/><\/a><br \/>\n^ Woran merkt man, dass wir hier nicht in Italien, sondern z.B. in Frankreich sind? Die Fensterl\u00e4den sind offen!<\/p>\n<p><a href='http:\/\/ski.inmontanis.info\/d\/109590-2\/P1470665.JPG'><img src=http:\/\/ski.inmontanis.info\/d\/109589-3\/P1470665.JPG \/><\/a><br \/>\n^ \u00dcbungs-KSSL, dahinter die beiden Haupt-KSSL, der linke geht da recht kurvig bis da auf das kleine Gipfelchen. Das war&#8217;s dann aber auch schon, das Skigebietchen hier&#8230;.<\/p>\n<p><a href='http:\/\/ski.inmontanis.info\/d\/109594-2\/P1470657.JPG'><img src=http:\/\/ski.inmontanis.info\/d\/109593-3\/P1470657.JPG \/><\/a><br \/>\n^ Mittleres St\u00fcck des langen KSSL<\/p>\n<p><a href='http:\/\/ski.inmontanis.info\/d\/109598-2\/P1470661.JPG'><img src=http:\/\/ski.inmontanis.info\/d\/109597-3\/P1470661.JPG \/><\/a><br \/>\n^ 2. Kurve am KSSL<\/p>\n<p><a href='http:\/\/ski.inmontanis.info\/d\/109602-2\/P1470663.JPG'><img src=http:\/\/ski.inmontanis.info\/d\/109601-3\/P1470663.JPG \/><\/a><br \/>\n^ Oberer Steilhang. Wie krank muss man sein, um hier einen Lift zu bauen? Ich find das geil!<\/p>\n<p><a href='http:\/\/ski.inmontanis.info\/d\/109606-2\/P1470650.JPG'><img src=http:\/\/ski.inmontanis.info\/d\/109605-3\/P1470650.JPG \/><\/a><br \/>\n^ Pano hinterm KSSL, da ist wohl eine Rundfahrt mit dem Auto m\u00f6glich &#8211; evtl. mit Maut, weil da ein H\u00e4uschen steht?<\/p>\n<p><a href='http:\/\/ski.inmontanis.info\/d\/109610-2\/P1470638.JPG'><img src=http:\/\/ski.inmontanis.info\/d\/109609-3\/P1470638.JPG \/><\/a><br \/>\n^ Steile schmale Abfahrt samst KSSL auf diesem schmalen Grat hier&#8230; selten so einen kuriosen Lift gesehen.<\/p>\n<p><a href='http:\/\/ski.inmontanis.info\/d\/109614-2\/P1470656.JPG'><img src=http:\/\/ski.inmontanis.info\/d\/109613-3\/P1470656.JPG \/><\/a><br \/>\n^ Gipfel-Steilhang<\/p>\n<p><a href='http:\/\/ski.inmontanis.info\/d\/109618-2\/P1470655.JPG'><img src=http:\/\/ski.inmontanis.info\/d\/109617-3\/P1470655.JPG \/><\/a><br \/>\n^ mittlerer, leichterer Teil, gegen\u00fcber zu sehen der derzeit geschlossene KSSL am Col de Turini. Die beiden Skigebiete hier sind nicht mittels Liften verbunden, auch wenn die Schneise da rechts den Eindruck machen k\u00f6nnte &#8211; da geht nur dei Stromleitung r\u00fcber.<\/p>\n<p><a href='http:\/\/ski.inmontanis.info\/d\/109622-2\/P1470645.JPG'><img src=http:\/\/ski.inmontanis.info\/d\/109621-3\/P1470645.JPG \/><\/a><br \/>\n^ Talstation der oberen Lifte und der untere \u00dcbungs-Lift<\/p>\n<p><a href='http:\/\/ski.inmontanis.info\/d\/109626-2\/P1470664.JPG'><img src=http:\/\/ski.inmontanis.info\/d\/109625-3\/P1470664.JPG \/><\/a><br \/>\n^ Hier sind beide Bergstationen der oberen Lifte zu sehen, rechts die Stra\u00dfe<\/p>\n<p><a href='http:\/\/ski.inmontanis.info\/d\/109630-2\/P1470652.JPG'><img src=http:\/\/ski.inmontanis.info\/d\/109629-3\/P1470652.JPG \/><\/a><br \/>\n^ Zoom zum KSSL am Col de Turini<\/p>\n<p><a href='http:\/\/ski.inmontanis.info\/d\/109634-2\/P1470668.JPG'><img src=http:\/\/ski.inmontanis.info\/d\/109633-3\/P1470668.JPG \/><\/a><br \/>\n^ Col de Turini<\/p>\n<p><a href='http:\/\/ski.inmontanis.info\/d\/109638-2\/P1470669.JPG'><img src=http:\/\/ski.inmontanis.info\/d\/109637-3\/P1470669.JPG \/><\/a><br \/>\n^ Col de Turini und KSSL-Talstation<\/p>\n<p>Fazit: Mit aktivierter Meer-Pano-Wetter-Option und der Reaktivierung des KSSL am Passes w\u00e4r&#8217;s durchaus einen Wiederholungsbesuch wert. <\/p>\n<p>Danach sollte es also in ca. 2-2,5 \u00fcber den Tendepass in die Alpi Mondovi gehen. Sollte! Der Turini hat ja 2 S\u00fcdrampen, die \u00f6stlichere w\u00e4re die richtung Tende sinnvollere gewesen, da stand allerdings ein Schild, dass die Stra\u00dfe nach Sospel ab &#038; zu geschlossen w\u00e4re, wenn Arbeiten im Gange sind. Wann stand aber nicht dabei. Also dann die andere Strecke \u00fcber Pe\u00efra-Cava? Wo es ja ein stillgelegtes kleines Skigebiet geben soll, wo es fr\u00fcher einen kurzen Sessellift und eine SL gab. Naja, gesehen hab ich nix, die meterhohen Schneemauern links und rechts der Mauer, und ich hatte es mir im GE vorher nicht angesehen, wo ich \u00fcberhaupt h\u00e4tte suchen sollen.<\/p>\n<p><a href='http:\/\/ski.inmontanis.info\/d\/109642-2\/P1470670.JPG'><img src=http:\/\/ski.inmontanis.info\/d\/109641-3\/P1470670.JPG \/><\/a><br \/>\n^ Hinweisschilder am schon lange stillgelegten Skigebiet in Pe\u00efra-Cava<\/p>\n<p><a href='http:\/\/ski.inmontanis.info\/d\/109646-2\/ge_peiracava.jpg'><img src=http:\/\/ski.inmontanis.info\/d\/109645-3\/ge_peiracava.jpg \/><\/a><br \/>\n^ GE-Foto Pe\u00efra-Cava, vmtl. war unten der KSSL und oben die Sesselbahn, m\u00fcsste man wohl mal im Sommer erkunden (und h\u00e4tte bei passendem Wetter nettes Meer-Pano)<\/p>\n<p>Danach gings in den Nebel rein und auf einer vermutlich ebenso krassen Stra\u00dfe wieder talw\u00e4rts, und dann h\u00e4tte es links ab Richtung Sospel gehen sollen. Wegweiser OK, Stra\u00dfe ger\u00e4umt OK, Schleudergefahr-Schild OK,  aber darunter ein Fahrverbotsschild?! Versteh ich nicht. Also dann lieber au\u00dfenrum. Und jetzt zog es sich gewaltig. Runter auf 300m, rauf auf 1000m, runter auf 300m, rauf auf 800m, runter auf 300m, alles extrem kurvig. Bis ich \u00fcberhaupt erst mal auf der Tende-Pass-Stra\u00dfe war, hab ich auf den 50-70km satte 40-50 Minuten verloren, also doppelt so lang ben\u00f6tigt als mein Navi gemeint hat! Raus aus den Bergen und \u00fcber die Autobahn w\u00e4re vermutlich schneller gewesen .. So kam ich eben erst nach 19 Uhr \u00fcber den Tende&#8230;.. (der Tunnel ist ja auch ziemlich cool, weil er etwas schm\u00e4ler ist, da passen vmtl. keine 2 LKW\/Busse nebeneinander, daher werden die wohl nur wechselweise durchgelassen&#8230;)<\/p>\n","protected":false},"excerpt":{"rendered":"<p>29.1.2010 &#8211; 7. Tag &#8211; Teil 2: Col de Turini<\/p>\n<p> L: Col de Turini \/ Camp d&#8217;Argent<\/p>\n<p>Das Wetter Richtung Meer war schlecht, also was nun? Turini? Bringts bei dem Wetter eigentlich nicht. Valberg ? Ist f\u00fcr 2,5h eigentlich zu gro\u00df&#8230; Schon nach Italien r\u00fcber? F\u00e4hrt man abr ja nur ca. 2-2,5h also hab <a href=\"http:\/\/blog.inmontanis.info\/?p=1066\">[&#8230;]<\/a><\/p>\n","protected":false},"author":1,"featured_media":0,"comment_status":"open","ping_status":"closed","sticky":false,"template":"","format":"standard","meta":{"footnotes":""},"categories":[71,301,16,27],"tags":[48],"class_list":["post-1066","post","type-post","status-publish","format-standard","hentry","category-201001-southernalps","category-col-de-turini","category-france","category-skifahren-winterskiing-winter","tag-kssl","odd"],"_links":{"self":[{"href":"http:\/\/blog.inmontanis.info\/index.php?rest_route=\/wp\/v2\/posts\/1066","targetHints":{"allow":["GET"]}}],"collection":[{"href":"http:\/\/blog.inmontanis.info\/index.php?rest_route=\/wp\/v2\/posts"}],"about":[{"href":"http:\/\/blog.inmontanis.info\/index.php?rest_route=\/wp\/v2\/types\/post"}],"author":[{"embeddable":true,"href":"http:\/\/blog.inmontanis.info\/index.php?rest_route=\/wp\/v2\/users\/1"}],"replies":[{"embeddable":true,"href":"http:\/\/blog.inmontanis.info\/index.php?rest_route=%2Fwp%2Fv2%2Fcomments&post=1066"}],"version-history":[{"count":3,"href":"http:\/\/blog.inmontanis.info\/index.php?rest_route=\/wp\/v2\/posts\/1066\/revisions"}],"predecessor-version":[{"id":8911,"href":"http:\/\/blog.inmontanis.info\/index.php?rest_route=\/wp\/v2\/posts\/1066\/revisions\/8911"}],"wp:attachment":[{"href":"http:\/\/blog.inmontanis.info\/index.php?rest_route=%2Fwp%2Fv2%2Fmedia&parent=1066"}],"wp:term":[{"taxonomy":"category","embeddable":true,"href":"http:\/\/blog.inmontanis.info\/index.php?rest_route=%2Fwp%2Fv2%2Fcategories&post=1066"},{"taxonomy":"post_tag","embeddable":true,"href":"http:\/\/blog.inmontanis.info\/index.php?rest_route=%2Fwp%2Fv2%2Ftags&post=1066"}],"curies":[{"name":"wp","href":"https:\/\/api.w.org\/{rel}","templated":true}]}}