{"id":10652,"date":"2025-02-27T18:06:21","date_gmt":"2025-02-27T17:06:21","guid":{"rendered":"http:\/\/blog.inmontanis.info\/?p=10652"},"modified":"2025-03-02T18:20:00","modified_gmt":"2025-03-02T17:20:00","slug":"hemavan-27-2-2025","status":"publish","type":"post","link":"http:\/\/blog.inmontanis.info\/?p=10652","title":{"rendered":"Hemavan, 27.2.2025"},"content":{"rendered":"<p><strong>Do, 27.2.2025<\/strong><\/p>\n<p>Um 10 Uhr kam ich bei nicht mehr so sonnigem Wetter wie in T\u00e4rnaby am leeren Parkplatz des vorderen SL in Hemavan an. <\/p>\n<p>Ich war noch nicht mal angezogen, da fing es an zu nieseln?! Heute sollte ja eigentlich der einzig trockene Tag der 8 Tage hier sein und das sogar mit etwas Sonnenschein&#8230; war dann aber auch bald wieder trocken und blieb so.<\/p>\n<p>Am oberen SL war der Schnee toll, um 11:30 wurde es dort etwas voller und ich fuhr mal die neue Au\u00dfenrumabfahrt links runter, wo es im unteren Bereich aber schnell eisige Platten unter wenig Schnee gab. An der Kombibahn spurtete ich zu einer Gondel, weil die anderen nicht eingestiegen sind, wurde aber am Rucksack von der T\u00fcr eingeklemt und die Bahn musste wegen mir anhalten.  <\/p>\n<p>Eigenartigerweise ist die T\u00fcr n\u00e4mlich vor (!) dem Schild, dass man nicht mehr weiter gehen soll, bereits komplett geschlossen. Mag ja sein, dass das an Kombibahnen oder generell in den letzten Jahren so gebaut wurde, dann w\u00fcrde es mal wieder in die Kategorie &#8220;wer l\u00e4sst sich heutzutage denn nur so einen unlogischen Schei\u00df einfallen&#8221; passen.<\/p>\n<p>Ich musste dann aussteigen und somit auf die \u00fcbern\u00e4chste Gondel warten. Grrr. Da am Sessel meist weniger anstanden heute als an der Gondel (genau: nix) und es ja nicht so kalt war, fuhr ich heut meist mit dem Sessel. Selbst den (ja eh etwas kurzen) SL links daneben nur 1x.<\/p>\n<p>Weil wenig Leute, war ich um 12:30 schon wieder am oberen SL und  nachmittags wurden auch die unteren Abfahrten teilweise sch\u00f6n weich.<\/p>\n<p>Wenn so wenig los ist und der obere SL mit allen Abfahrten offen ist, gef\u00e4llt es mir hier schon auch. Gut m\u00f6glich, dass das heute sogar der beste Tag meiner diesj\u00e4hrigen T\u00e4rnaby-Woche war.<\/p>\n<p><a href='http:\/\/ski.inmontanis.info\/d\/337671-2\/DSC02099.jpg'><img src=http:\/\/ski.inmontanis.info\/d\/337670-3\/DSC02099.jpg \/><\/a><br \/>\n^ Kungsliften, endlich mal wieder in ganzer L\u00e4nge und mit allen (noch vorhandenen) Abfahrten offen &#8211; die schwarze(n) Abfahrt(en) links vom SL im oberen Bereich gibts ja nicht mehr<\/p>\n<p><a href='http:\/\/ski.inmontanis.info\/d\/337675-2\/DSC02101.jpg'><img src=http:\/\/ski.inmontanis.info\/d\/337674-3\/DSC02101.jpg \/><\/a><br \/>\n^ Kungsliften, die linke Abfahrt geht weit hinten<\/p>\n<p><a href='http:\/\/ski.inmontanis.info\/d\/337679-2\/DSC02103.jpg'><img src=http:\/\/ski.inmontanis.info\/d\/337678-3\/DSC02103.jpg \/><\/a><br \/>\n^ Kungsliften<\/p>\n<p><a href='http:\/\/ski.inmontanis.info\/d\/337683-2\/DSC02105.jpg'><img src=http:\/\/ski.inmontanis.info\/d\/337682-3\/DSC02105.jpg \/><\/a><br \/>\n^ Kungsliften Bergstation oben und linke Abfahrt<\/p>\n<p><a href='http:\/\/ski.inmontanis.info\/d\/337687-3\/DSC02106.jpg'><img src=http:\/\/ski.inmontanis.info\/d\/337686-4\/DSC02106.jpg \/><\/a><br \/>\n^ Kungsliften linke Abfahrt, hier zweigt nun nach rechts die neue Abfahrt Sytervyn ab<\/p>\n<p><a href='http:\/\/ski.inmontanis.info\/d\/337691-3\/DSC02107.jpg'><img src=http:\/\/ski.inmontanis.info\/d\/337690-4\/DSC02107.jpg \/><\/a><br \/>\n^ .. ich blieb aber erst einmal auf der Abfahrt, die wieder zur\u00fcck zum Kungsliften f\u00fchrt<\/p>\n<p><a href='http:\/\/ski.inmontanis.info\/d\/337695-3\/DSC02113.jpg'><img src=http:\/\/ski.inmontanis.info\/d\/337694-4\/DSC02113.jpg \/><\/a><br \/>\n^ Neue Au\u00dfenrum-Abfahrt Sytervyn, sch\u00f6n geschwungen<\/p>\n<p><a href='http:\/\/ski.inmontanis.info\/d\/337699-3\/DSC02114.jpg'><img src=http:\/\/ski.inmontanis.info\/d\/337698-4\/DSC02114.jpg \/><\/a><br \/>\n^ Neue Au\u00dfenrum-Abfahrt Sytervyn, sch\u00f6n geschwungen<\/p>\n<p><a href='http:\/\/ski.inmontanis.info\/d\/337703-3\/DSC02116.jpg'><img src=http:\/\/ski.inmontanis.info\/d\/337702-4\/DSC02116.jpg \/><\/a><br \/>\n^ Pano auf der Sytervyn-Abfahrt, die aktuell eine Au\u00dfenrumabfahrt ohne Blick ins Skigebiet ist<\/p>\n<p><a href='http:\/\/ski.inmontanis.info\/d\/337707-3\/DSC02117.jpg'><img src=http:\/\/ski.inmontanis.info\/d\/337706-4\/DSC02117.jpg \/><\/a><br \/>\n^ Sytervyn, neue Abfahrt, die ab n\u00e4chste Saison mit einem neuen Lift erschlossen sein soll (und die in wenigen Tagen mit Bustransfer offen war); geplant ist meines Wissens eine Sesselbahn und ein Skilift im unteren Teil vom Tal aus und ein Skilift als 2. Sektion<\/p>\n<p><a href='http:\/\/ski.inmontanis.info\/d\/337711-3\/DSC02119.jpg'><img src=http:\/\/ski.inmontanis.info\/d\/337710-4\/DSC02119.jpg \/><\/a><br \/>\n^ Sytervyn, neue Abfahrt, zweigt nun nach links zur Kombibahn ab; geradeaus dann noch eine zweite Abfahrtsschneise zu den zuk\u00fcnftigen Liften<\/p>\n<p><a href='http:\/\/ski.inmontanis.info\/d\/337715-3\/DSC02122.jpg'><img src=http:\/\/ski.inmontanis.info\/d\/337714-4\/DSC02122.jpg \/><\/a><br \/>\n^ Abfahrt zum SL L\u00e4nken unterhalb des Kungsliften<\/p>\n<p><a href='http:\/\/ski.inmontanis.info\/d\/337719-3\/DSC02124.jpg'><img src=http:\/\/ski.inmontanis.info\/d\/337718-4\/DSC02124.jpg \/><\/a><br \/>\n^ Abfahrt rechts vom Kungsliften<\/p>\n<p><a href='http:\/\/ski.inmontanis.info\/d\/337723-3\/ge20250227c.jpg'><img src=http:\/\/ski.inmontanis.info\/d\/337722-3\/ge20250227c.jpg \/><\/a><br \/>\n^ GPS-Track 27.2.2025 in Gelb und voherige Besuche in Rosa. Gut zu erkennen, dass bei einem nicht offenen Kungsliften (oder nur bis zum Zwischenausstieg) ein Gro\u00dfteil des Skigebiets wegf\u00e4llt.<\/p>\n<p>F\u00fcr Bilder aus Hemavan mit besserem Wetter empfehle ich wieder einmal meine vorherigen Berichte.<\/p>\n<p>Lifte laufen bis 17 Uhr, aber weil ich noch in den Supermarkt wollte und nicht erst bei Dunkelheit am Campingplatz, falls die beiden Pl\u00e4tze belegt sein sollten und ich noch einen anderen suchen m\u00fcsste oder an der Rezeption fragen m\u00fcsste, h\u00f6rte ich um 16:15 auf, als ich mit fast allen Pisten und zumindest mit denen, die ich fahren wollte, durch war.<\/p>\n<p>Der ICA-Supermarkt in Hemavan ist aber auch nochmals teurer. Ob da der Coop in T\u00e4rnaby nicht vielleicht g\u00fcnstiger w\u00e4re?! Wenn die Milch mit dem sp\u00e4ter verrechneten Preis ausgezeichnet gewesen w\u00e4r, h\u00e4tt ich sie mir nicht gekauft oder maximal die g\u00fcnstigere 0,5%-Milch. <\/p>\n<p>Leider mal wieder erst nach der Tankstgeflle eingefallen, dass ich auch gleich h\u00e4tte tanken k\u00f6nnen, weil mit 16,14 gerade g\u00fcnstig und ich ja ggf. die n\u00e4chsten Tage nun am Campingplatz stehen bleiben w\u00fcrde, so lang die DSB nicht wg. Wind eingestellt ist und ggf.  erst am letzten Tag bei Abfahrt dann evtl. unpassenderweise morgens tanken m\u00fcsste &#8230;<\/p>\n<p><em>Bericht aus T\u00e4rnaby folgt nach dem letzten Skitag dort, also am MI oder DO. Davor wird zum 100. Saisonskitag noch ein Update meiner Statistik kommen.<\/em><\/p>\n","protected":false},"excerpt":{"rendered":"<p>Do, 27.2.2025<\/p>\n<p>Um 10 Uhr kam ich bei nicht mehr so sonnigem Wetter wie in T\u00e4rnaby am leeren Parkplatz des vorderen SL in Hemavan an. <\/p>\n<p>Ich war noch nicht mal angezogen, da fing es an zu nieseln?! Heute sollte ja eigentlich der einzig trockene Tag der 8 Tage hier sein und das sogar mit <a href=\"http:\/\/blog.inmontanis.info\/?p=10652\">[&#8230;]<\/a><\/p>\n","protected":false},"author":1,"featured_media":10654,"comment_status":"closed","ping_status":"closed","sticky":false,"template":"","format":"standard","meta":{"footnotes":""},"categories":[940,625,19,27],"tags":[47],"class_list":["post-10652","post","type-post","status-publish","format-standard","has-post-thumbnail","hentry","category-2025-01-alpenskandinavien","category-hemavan-tarnaby","category-schwedensweden","category-skifahren-winterskiing-winter","tag-sl","odd"],"_links":{"self":[{"href":"http:\/\/blog.inmontanis.info\/index.php?rest_route=\/wp\/v2\/posts\/10652","targetHints":{"allow":["GET"]}}],"collection":[{"href":"http:\/\/blog.inmontanis.info\/index.php?rest_route=\/wp\/v2\/posts"}],"about":[{"href":"http:\/\/blog.inmontanis.info\/index.php?rest_route=\/wp\/v2\/types\/post"}],"author":[{"embeddable":true,"href":"http:\/\/blog.inmontanis.info\/index.php?rest_route=\/wp\/v2\/users\/1"}],"replies":[{"embeddable":true,"href":"http:\/\/blog.inmontanis.info\/index.php?rest_route=%2Fwp%2Fv2%2Fcomments&post=10652"}],"version-history":[{"count":2,"href":"http:\/\/blog.inmontanis.info\/index.php?rest_route=\/wp\/v2\/posts\/10652\/revisions"}],"predecessor-version":[{"id":10655,"href":"http:\/\/blog.inmontanis.info\/index.php?rest_route=\/wp\/v2\/posts\/10652\/revisions\/10655"}],"wp:featuredmedia":[{"embeddable":true,"href":"http:\/\/blog.inmontanis.info\/index.php?rest_route=\/wp\/v2\/media\/10654"}],"wp:attachment":[{"href":"http:\/\/blog.inmontanis.info\/index.php?rest_route=%2Fwp%2Fv2%2Fmedia&parent=10652"}],"wp:term":[{"taxonomy":"category","embeddable":true,"href":"http:\/\/blog.inmontanis.info\/index.php?rest_route=%2Fwp%2Fv2%2Fcategories&post=10652"},{"taxonomy":"post_tag","embeddable":true,"href":"http:\/\/blog.inmontanis.info\/index.php?rest_route=%2Fwp%2Fv2%2Ftags&post=10652"}],"curies":[{"name":"wp","href":"https:\/\/api.w.org\/{rel}","templated":true}]}}