{"id":10648,"date":"2025-02-25T20:06:14","date_gmt":"2025-02-25T19:06:14","guid":{"rendered":"http:\/\/blog.inmontanis.info\/?p=10648"},"modified":"2025-02-27T20:21:04","modified_gmt":"2025-02-27T19:21:04","slug":"borgafjall-24-25-2-2025-wenig-schnee","status":"publish","type":"post","link":"http:\/\/blog.inmontanis.info\/?p=10648","title":{"rendered":"Borgafj\u00e4ll, 24.-25.2.2025 &#8211; wenig Schnee"},"content":{"rendered":"<p><strong>Mo, 24.2.2025<\/strong><\/p>\n<p>Die Wochenkarte des Mittagsbuffets im kleinen Restaurant neben dem langen Lift war bereits im Netz zu finden, heut g\u00e4be es K\u00f6ttbullar, morgen Kasslergrat\u00e4ng und am Mittwoch Pyttipanna, man liest also nix von wegen Bearnaise (war das nicht letzes Jahr beim Kassler?)  &#8211; kosten tut es 135,- und da werd ich wohl zumindest heute mal vorbei schauen m\u00fcssen.<\/p>\n<p>Die Fahrt verlief trockener als gemeldet, ab ca. 40km vor Borgafj\u00e4ll gab es etwas Nieselregen und um 11:30 am Skigebietsparkplatz erst ein paar Schneeflocken bei +1\u00b0, wenig sp\u00e4ter eher etwas Nieselregen, war aber auch bald vorbei.<\/p>\n<p>Der Parkplatz am vorderen SL ist mittlerweile kostenpflichtig, vielleicht parken hier jetzt mehr. Die Fahrt zum vorderen Parkplatz ist zwar auch etwas abenteuerlich, wenn Schnee liegt, daf\u00fcr spart man sich die Fahrt \u00fcber den Berg. Hier liegt heuer auch sichtbar weniger Schnee als letztes Jahr.<\/p>\n<p>Bleibe ich die geplanten 3 Tage, komm ich auf dem Weg nach S\u00fcden nochmals f\u00fcr 2 Tage vorbei, oder bleib ich gleich 4 Tage, verk\u00fcrze T\u00e4rnaby um einen Tag und w\u00fcrde mir die Fahrt hier her dann sp\u00e4ter sparen? Falls ich aber Klimpfjall und Blasj\u00f6n fahren m\u00f6chte, w\u00fcrd ich eh auf dem Weg fast vorbei kommen &#8211; au\u00dfer in Bl\u00e5sj\u00f6n w\u00fcrde dann nach wie vor noch nicht genug Schnee liegen und ich w\u00fcrde es auslassen.<\/p>\n<p>F\u00fcr T\u00e4rnaby wird mittlerweile am Freitag und Sonntag jeweils nachmittags Regen gemeldet :( bzw. die Tage danach auch entweder Schnee bei knappen Plusgraden oder entsprechend Regen oder Nassschnee.. So ein Mist &#8230; W\u00e4r es vielleicht doch erst im April sinnvoller gewesen? Wegen Nassschneefall- und Regengefahr hab ich mich extra gegen April und f\u00fcr jetzt entschieden :( Jetzt ist es zu sp\u00e4t f\u00fcr eine \u00c4nderung, weil ich f\u00fcr ein ganzes Monat nicht so viel anderen Ziele h\u00e4tte&#8230; <\/p>\n<p>Ich k\u00f6nnte hier auch einen Tag weniger bleiben und am MI bereits nach T\u00e4rnaby, um wenigstens dort noch einen oder zwei trocken gemeldete Tage zu verbringen.<\/p>\n<p>Hier sind noch viele Abfahrten geschlossen bzw. nur als offpiste befahrbar,  war dort aber gleich mal sehr hart, wenn auch nicht zu eisig. Trotzdem hie\u00df das, die Skirouten solte ich auslassen :( Mein erster Tag heute hier ohne Pulverschnee und ohne die sch\u00f6nen schmalen Waldvarianten.<\/p>\n<p>Nerviger war allerdings, dass die Liftler hier teilweise wohl auch faul sind und den Lift langsamer stellen anstatt den B\u00fcgel zu geben. Am n\u00e4chsten Tag standen sie doch eher drau\u00dfen, insb. wenn es n\u00f6tig war.<\/p>\n<p><a href='http:\/\/ski.inmontanis.info\/d\/337635-2\/DSC02039.jpg'><img src=http:\/\/ski.inmontanis.info\/d\/337634-3\/DSC02039.jpg \/><\/a><br \/>\n^ Parkplatz am Borga-SL mit Elektrotankstelle und Nachtparkverbot<\/p>\n<p><a href='http:\/\/ski.inmontanis.info\/d\/337639-2\/DSC02040.jpg'><img src=http:\/\/ski.inmontanis.info\/d\/337638-3\/DSC02040.jpg \/><\/a><br \/>\n^ Linke Abfahrt, im oberen Teil als offpiste bzw. dann ab dem oberen SL-Zwischenausstieg pr\u00e4pariert<\/p>\n<p><a href='http:\/\/ski.inmontanis.info\/d\/337643-2\/DSC02041.jpg'><img src=http:\/\/ski.inmontanis.info\/d\/337642-3\/DSC02041.jpg \/><\/a><br \/>\n^ Rechte Abfahrt, die ist nur im unteren Teil ab dem unteren Zwischenausstieg offen<\/p>\n<p>Um 13:15 kaufte ich mir also das heutige Tagesbuffet um 135 SEK (ca. 12 \u20ac), K\u00f6ttbullar, Preiselbeeren, gekochte Kartoffeln (im Ganzen) und eine sehr leckere, braune Sahneso\u00dfe und holte mir mehrmals Nachschlag. Den Salat lie\u00df ich gro\u00dfteils aus. Eine Portion Fish&#8217;n&#8217;Chips von der Karte ist hier fast doppelt so teuer wie das Tagesgericht!<\/p>\n<p>Die pr\u00e4parierten  Abfahrten waren wenigstens halbwegs weich und nicht so vereist wie gestern Gruvbacken, aber offpiste, insb. die Skirouten, da war es mir viel zu schlecht. Am ehesten ging noch die Skiroute am vorderen SL.<\/p>\n<p><a href='http:\/\/ski.inmontanis.info\/d\/337647-2\/DSC02042.jpg'><img src=http:\/\/ski.inmontanis.info\/d\/337646-3\/DSC02042.jpg \/><\/a><br \/>\n^ Skiroute am Avasj\u00f6-SL, gut eingefahren und der Schnee halbwegs brauchbar<\/p>\n<p>Jedenfalls sinnlos, hier derzeit 4-5 Tage zu bleiben, dann lieber nur morgen und evtl. mehr Gl\u00fcck auf dem Weg retour in ein paar Wochen f\u00fcr nochmals 2-3 Tage. Mit dem Scandinavian darf ich hier 5 Tage fahren.<\/p>\n<p>Ich fuhr zum &#8220;Campingplatz&#8221;, wo ich letztes Jahr schon war und die Inhaber, deren Haupthaus im Oktober leider abgebrannt ist, sagten, dass es der schlechteste Winter hier sei seitdem sie seit ca. 6 Jahren hier sind und es hier normalerweise immer guten Schnee gibt &#8230; und ich zahlte mal nur f\u00fcr 1 Nacht.<\/p>\n<p>Letztes Jahr war ich ja f\u00fcr mehrere Tage hier und weil die Sauna damals vorgebucht war, bekam ich den Schl\u00fcssel zu einer der H\u00fctten f\u00fcr WC\/Dusche. Heute sollte ich am Haupt-PKW-Parklatz stehen (weil Stromkabel k\u00fcrzer, dort mit alten Motorw\u00e4rme-Steckdosen, die mit alten Steck\/Dreh-Sicherungen abgesichert sind, aber die meisten haben keine Sicherung mehr drin oder die ist kaputt). Zur Sauna, wo das einzige WC und auch eine Dusche w\u00e4re, m\u00fcsste man eben ein St\u00fcck bergauf laufen und das war bei den eisigen Verh\u00e4ltnissen mir runterw\u00e4rts auch mit den Spikes an den Schuhen und trotz Splittstreung viel zu gef\u00e4hrlich, so dass ich im tiefen Schnee daneben runterging.  Da das morgen Fr\u00fch wohl noch eisiger sein k\u00f6nnte, hoff ich, dass ich das WC nicht brauchen werde.<\/p>\n<p>Der PKW-Platz ist in mehreren Richtungen schr\u00e4g und 4G-Mobilfunkempfang nur hin und wieder vorhanden, egal welches Netz. Das Campingplatz-WLAN gabs wohl auch nur im Rezeptions-Container. Gut, dass ich nur 1 Nacht hier bin.<\/p>\n<p>Als es noch kein 4G gab, war ja 3G recht gut und schnell, es gab sogar in den Anfangsjahren von 4G manchmal bei 3G schnelleres Internet, wenn viele auf 4G waren und keiner auf 3G. Aber heutzutage, so es noch 3G gibt, hat man dort eigentlich \u00fcberhaupt keinen sp\u00fcrbaren Internetempfang mehr. Konsequenterweise haben manche Anbieter ja nur noch 2G statt 3G f\u00fcrs Telefonieren. Ich frag mich, wie lang es wohl dauert, bis die Mobilfunktanbieter 4G genauso lahm und tot machen wie 3G, um die Leute auf neue Handys mit 5G zu zwingen?!<\/p>\n<p>Die Alternative zu T\u00e4rnaby in den n\u00e4chsten Tagen w\u00e4re also, erst weiter nach Norden zu fahren und ggf. T\u00e4rnaby runterw\u00e4rts zu besuchen, wo die DSB dann halt nur FR-SO in Betrieb w\u00e4re, wo ich dann also MO-DO entweder nach Hemavan fahren m\u00fcsste oder zu den SL in T\u00e4rnaby vom Campingplatz r\u00fcberfahren m\u00fcsste. Aber vielleicht wird das Wetter n\u00e4chste Woche ja doch nicht so schlecht wie es derzeit gemeldet wird oder vielleicht w\u00fcrde es dann genau in der Woche, wo ich dann runterfahrenderweise dort w\u00e4re, noch (viel) regnerischer sein?!<\/p>\n<p>Meistens ist es ja keine gute Idee, wegen Wettervorhersagen irgendwelche Umwege zu fahren &#8230; die Erkenntnis hab ich zwar schon lang, dennoch verfall ich jedes Jahr ins selbe Muster.<\/p>\n<p>Die Wettervorhersagen f\u00fcr Hemavan in den n\u00e4chsten 8 Tagen sind jedenfalls viel schlechter als f\u00fcr T\u00e4rnaby, wenn die f\u00fcr T\u00e4rnaby auch so aussehen w\u00fcrden, dann w\u00fcrd ich nicht hinfahren.<\/p>\n<p>N\u00e4chstes Problem ist aber, dass n\u00e4chste Woche die Hauptferienzeit hier im Norden ist, d.h. da wirds vermutlich schwieriger ausschauen mit einem der seltenen Stellplatze in Bj\u00f6rkliden. Da w\u00e4r es dann sinnvoller gewesen, anstelle von Borgafj\u00e4ll heute lieber gleich zu den kleinen Gebiete nahe Meer zu fahren und da noch ein paar zu besuchen &#8230;<\/p>\n<p><strong>Di, 25.2.2025<\/strong><\/p>\n<p>Am Mogen nieselte der Nebel etwas. <\/p>\n<p>Ich wei\u00df nach wie vor nicht, was ich machen soll. Mich w\u00fcrde es nicht st\u00f6ren, wenn das bisschen Schneefall bei -5\u00b0 gemeldet wird, aber dass der leichte Schneefall fast jeden Tag bei +1\u00b0 und +2\u00b0 gemeldet wird (und manchmal auch als Regen bei +3\u00b0), gef\u00e4llt mir eben gar nicht, zudem dann auch noch Sturm gemeldet wird.<\/p>\n<p>Das heutige Tagesgericht sah mir dann doch nicht sonderlich lohnenswert aus, wobei die hier ja so gut kochen, dass vmtl. alles sehr lecker schmeckt. Die Reste von ihren Tagesgerichten verkaufen sie mittlerweile tiefgek\u00fchlt in einer Tiefk\u00fchltruhe neben dem WC um 50,- SEK pro Portion. Von den gestrigen K\u00f6ttbullar gabs einige Portionen und daher nahm ich mir eine f\u00fcr heut Abend mit. In der Hoffnung, dass es dann bis dahin auftaut und die So\u00dfe kein Unheil anrichtet.<\/p>\n<p><a href='http:\/\/ski.inmontanis.info\/d\/337651-2\/DSC02048.jpg'><img src=http:\/\/ski.inmontanis.info\/d\/337650-3\/DSC02048.jpg \/><\/a><br \/>\n^ Alle Abfahrten am Avasj\u00f6-SL offen<\/p>\n<p><a href='http:\/\/ski.inmontanis.info\/d\/337655-2\/DSC02050.jpg'><img src=http:\/\/ski.inmontanis.info\/d\/337654-3\/DSC02050.jpg \/><\/a><br \/>\n^ Daf\u00fcr, dass der kurze SL (Avasj\u00f6) nicht mehr so typisch nach Alimak ausschaut, hat er doch als einer der wenigen ein Alimak &#8211; Herstellerschild<\/p>\n<p><a href='http:\/\/ski.inmontanis.info\/d\/337659-2\/DSC02051.jpg'><img src=http:\/\/ski.inmontanis.info\/d\/337658-3\/DSC02051.jpg \/><\/a><br \/>\n^ Verbindungsabfahrt vom vorderen (kurzen) Lift zum langen Lift &#8211; ob die noch lang durchh\u00e4lt?!<\/p>\n<p><a href='http:\/\/ski.inmontanis.info\/d\/337663-2\/DSC02053.jpg'><img src=http:\/\/ski.inmontanis.info\/d\/337662-3\/DSC02053.jpg \/><\/a><br \/>\n^ Wie so h\u00e4ufig in Schweden hat man die l\u00e4ngste Warteschlange des Tages um\/nach 15 Uhr<\/p>\n<p><a href='http:\/\/ski.inmontanis.info\/d\/337667-2\/ge20250224-25b.jpg'><img src=http:\/\/ski.inmontanis.info\/d\/337666-3\/ge20250224-25b.jpg \/><\/a><br \/>\n^ GPS-Track vorherige Besuche in T\u00fcrkis und aktuell magerer Track vom 24.-25.2.2025 in Orange und Magenta<\/p>\n<p>F\u00fcr sch\u00f6nere Fotos von hier verweise ich wieder einmal auf meine vorherigen Berichte.<\/p>\n<p>Schneem\u00e4\u00dfig gefiel es mir heut sehr gut auf den fr\u00fchlingshaft aufgefirnten \/ leicht aufgesulzten Pisten, so dass ich dem Tag sogar 4 Sterne gab. H\u00e4tte wohl doch noch einen dritten Tag bleiben k\u00f6nnen. Wenn es so in T\u00e4rnaby bliebe die n\u00e4chsten 10 Tage, h\u00e4tte ich auch nix dagegen. Nur tags\u00fcber Regen oder Pappschnee w\u00e4r unsch\u00f6n.<\/p>\n<p>Auch um 16 Uhr waren die Wettervorhersagen f\u00fcr T\u00e4rnaby n\u00e4chste Woche weder eindeutig brauchbar noch komplett mies &#8230; <\/p>\n<p>Mangels besserer Einf\u00e4lle fuhr ich noch ca. die halbe Strecke nach T\u00e4rnaby. Die Stra\u00dfen erforderten wieder hohe Konzentration, wobei die Naturstra\u00dfe vor Stalon noch am besten ging, da sie keine Spurrinnen wie die asphaltierten Stra\u00dfen hatte. <\/p>\n<p><a href='http:\/\/extra.inmontanis.info\/d\/130014-3\/DSC02055.jpg'><img src=http:\/\/extra.inmontanis.info\/d\/130013-4\/DSC02055.jpg \/><\/a><br \/>\n^ Borgafj\u00e4ll-Risb\u00e4ck<\/p>\n<p><a href='http:\/\/extra.inmontanis.info\/d\/130018-3\/DSC02059.jpg'><img src=http:\/\/extra.inmontanis.info\/d\/130017-4\/DSC02059.jpg \/><\/a><br \/>\n^ Abk\u00fcrzung nach Stalon \u00fcber die Naturstra\u00dfe, die ging besser zu fahren, da sie keine Spurrinnen hatte<\/p>\n<p><a href='http:\/\/extra.inmontanis.info\/d\/130022-3\/DSC02061.jpg'><img src=http:\/\/extra.inmontanis.info\/d\/130021-4\/DSC02061.jpg \/><\/a><br \/>\n^ .. aber gut, dass man die Stra\u00dfe momentan so gut sieht, nicht noch mehr Nebel ist oder Schneefall oder Sturm.<\/p>\n<p><a href='http:\/\/extra.inmontanis.info\/d\/130026-3\/DSC02066.jpg'><img src=http:\/\/extra.inmontanis.info\/d\/130025-4\/DSC02066.jpg \/><\/a><br \/>\n^ Die alte Tankstelle und das Gesch\u00e4ft in Stalon m\u00fcssten ja schon seit vielen Jahren geschlossen sein? Oder nur im Winter? Immerhin beleuchtet.<\/p>\n<p><a href='http:\/\/extra.inmontanis.info\/d\/130030-3\/DSC02068.jpg'><img src=http:\/\/extra.inmontanis.info\/d\/130029-4\/DSC02068.jpg \/><\/a><br \/>\n^ Stalon-Dikan\u00e4s<\/p>\n<p>Nach ca. 2 Stunden kam ich um 18:20 an einem bekannten Parkplatz zwischen Stalon und Dikan\u00e4s an, den ich nur als Notplatz f\u00fcr den Winter bezeichnen w\u00fcrde, da er direkt an der Stra\u00dfe ist, auch wenn die sehr ruhig sein d\u00fcrfte. <\/p>\n<p>Wollte ich morgen anstelle nach T\u00e4rnaby nach Klimpfj\u00e4ll, m\u00fcsste ich retour bis Stalon fahren, von Dikan\u00e4s aus geht&#8217;s nach Kittelfj\u00e4ll, dort w\u00e4r aber auf dem Retourweg in einigen Wochen der Skipass unter der Woche ca. 30% g\u00fcnstiger als jetzt in den Ferienwochen. Eine ganze Woche wie letztes Jahr auf dem dortigen Campingplatz m\u00f6chte ich da eh nicht bleiben, eher 1-2 Tage, wenn \u00fcberhaupt. Das w\u00fcrde allerdings bedeuen, dass ich heuer diesen Abschnitt auf dem Inlandsv\u00e4gen (E45) um Vilhelmina wohl \u00fcberhaupt nicht fahren w\u00fcrde.<\/p>\n<p><a href='http:\/\/extra.inmontanis.info\/d\/130034-3\/DSC02071.jpg'><img src=http:\/\/extra.inmontanis.info\/d\/130033-4\/DSC02071.jpg \/><\/a><br \/>\n^ Leckere K\u00f6ttbullar vom gestrigen Tagesgericht, gute Portion um 50,- SEK<\/p>\n<p>Das Essen war noch etwas gefroren. Vielleicht h\u00e4tte ich mir doch noch ein zweites, anderes Gericht f\u00fcr heute und die K\u00f6ttbullar f\u00fcr morgen mitnehmen sollen&#8230;<\/p>\n<p>Von der So\u00dfe hat man leider nicht mehr viel gesehen, da waren sie etwas sparsam, vielleicht auch weil sie die Kartoffeln zerstampft haben. Vom Umfang her jedoch war&#8217;s mehr als man in einem Supermarkt um einen teureren Preis erhalten w\u00fcrde.<\/p>\n<p>Die Vorhersagen f\u00fcr T\u00e4rnaby sind auf yr nun eher schlechter geworden :( Immerhin wird morgen und \u00fcbermorgen noch ein wenig Sonne gemeldet.<\/p>\n<p><a href='http:\/\/extra.inmontanis.info\/d\/130038-3\/DSC02072.jpg'><img src=http:\/\/extra.inmontanis.info\/d\/130037-4\/DSC02072.jpg \/><\/a><br \/>\n^ Da h\u00e4tte man mal einen dunklen Parkplatz und auch Nordlichtaktivit\u00e4t (wie heuer sehr h\u00e4ufig, wenn ich nicht so faul w\u00e4re), aber dann hat&#8217;s Wolken und Nebel. (10sek, also mit blo\u00dfem Auge war das Gr\u00fcn aus dem Fenster nicht erkennbar)<\/p>\n<p>Am n\u00e4chsten Mogen wachte ich bei leichtem Schneefall auf, arbeitete f\u00fcr 1,5 Stunden und \u00fcberlegte dann nochmals eine Stunde, ob ich nach T\u00e4rnaby oder nicht fahren sollte &#8230;<\/p>\n","protected":false},"excerpt":{"rendered":"<p>Mo, 24.2.2025<\/p>\n<p>Die Wochenkarte des Mittagsbuffets im kleinen Restaurant neben dem langen Lift war bereits im Netz zu finden, heut g\u00e4be es K\u00f6ttbullar, morgen Kasslergrat\u00e4ng und am Mittwoch Pyttipanna, man liest also nix von wegen Bearnaise (war das nicht letzes Jahr beim Kassler?) &#8211; kosten tut es 135,- und da werd ich wohl zumindest heute <a href=\"http:\/\/blog.inmontanis.info\/?p=10648\">[&#8230;]<\/a><\/p>\n","protected":false},"author":1,"featured_media":10650,"comment_status":"closed","ping_status":"closed","sticky":false,"template":"","format":"standard","meta":{"footnotes":""},"categories":[940,686,19,27],"tags":[47],"class_list":["post-10648","post","type-post","status-publish","format-standard","has-post-thumbnail","hentry","category-2025-01-alpenskandinavien","category-borgafjall","category-schwedensweden","category-skifahren-winterskiing-winter","tag-sl","odd"],"_links":{"self":[{"href":"http:\/\/blog.inmontanis.info\/index.php?rest_route=\/wp\/v2\/posts\/10648","targetHints":{"allow":["GET"]}}],"collection":[{"href":"http:\/\/blog.inmontanis.info\/index.php?rest_route=\/wp\/v2\/posts"}],"about":[{"href":"http:\/\/blog.inmontanis.info\/index.php?rest_route=\/wp\/v2\/types\/post"}],"author":[{"embeddable":true,"href":"http:\/\/blog.inmontanis.info\/index.php?rest_route=\/wp\/v2\/users\/1"}],"replies":[{"embeddable":true,"href":"http:\/\/blog.inmontanis.info\/index.php?rest_route=%2Fwp%2Fv2%2Fcomments&post=10648"}],"version-history":[{"count":2,"href":"http:\/\/blog.inmontanis.info\/index.php?rest_route=\/wp\/v2\/posts\/10648\/revisions"}],"predecessor-version":[{"id":10651,"href":"http:\/\/blog.inmontanis.info\/index.php?rest_route=\/wp\/v2\/posts\/10648\/revisions\/10651"}],"wp:featuredmedia":[{"embeddable":true,"href":"http:\/\/blog.inmontanis.info\/index.php?rest_route=\/wp\/v2\/media\/10650"}],"wp:attachment":[{"href":"http:\/\/blog.inmontanis.info\/index.php?rest_route=%2Fwp%2Fv2%2Fmedia&parent=10648"}],"wp:term":[{"taxonomy":"category","embeddable":true,"href":"http:\/\/blog.inmontanis.info\/index.php?rest_route=%2Fwp%2Fv2%2Fcategories&post=10648"},{"taxonomy":"post_tag","embeddable":true,"href":"http:\/\/blog.inmontanis.info\/index.php?rest_route=%2Fwp%2Fv2%2Ftags&post=10648"}],"curies":[{"name":"wp","href":"https:\/\/api.w.org\/{rel}","templated":true}]}}