{"id":10639,"date":"2025-02-22T19:10:45","date_gmt":"2025-02-22T18:10:45","guid":{"rendered":"http:\/\/blog.inmontanis.info\/?p=10639"},"modified":"2025-02-23T19:22:32","modified_gmt":"2025-02-23T18:22:32","slug":"trillevallen-21-22-2-2025-2-tage-2-jahreszeiten","status":"publish","type":"post","link":"http:\/\/blog.inmontanis.info\/?p=10639","title":{"rendered":"Trillevallen, 21.-22.2.2025 &#8211; 2 Tage, 2 Jahreszeiten"},"content":{"rendered":"<p><strong>Fr, 21.2.2025<\/strong><\/p>\n<p>Nachts wurde ich ein paar Mal vom Sturm geweckt, bevor es zu schneien anfing. Es blieb recht warm im Auto mit einem Innenminimum von 4,9\u00b0, da waren die 3 Decken im Schlafsack fast etwas zu warm.<\/p>\n<p>F\u00fcr die Nacht auf Sonntag bleibt es leider immer noch bei der Regenmeldung, wie schon vor vielen Tagen vorhergesagt &#8211; ob sich da dann lohnt, Gruvbacken zu fahren?<\/p>\n<p>Auch f\u00fcr Borgafj\u00e4ll wird etwas Regen und Tauwetter gemeldet, was f\u00fcr die dortigen Offpistevarianten durch den Wald auch nicht gut ist. <\/p>\n<p>Um 10:10 Uhr kam ich am Parkplatz in Trillevallen an, wo es einige Abgrenzungen innerhalb des Platzes gibt, damit die Leute die Reihen besser bilden. Ein Camper oder Wohnmobil stand nicht herum, weshalb ich mal wieder nicht entscheiden konnte, wo ich mich hinstellen sollte und entschied mich f\u00fcr den Platz direkt unter der Piste, wo es dann nachts wg. den Pistenraupen auch laut werden k\u00f6nnte.<\/p>\n<p>Ich lie\u00df mir den Skipass samt Parkplatz (der jetzt zur Zeit kostenpflichtig w\u00e4re bis Ende April, aber nicht f\u00fcr Skipassinhaber) mal vorsichtshalber bis inkl. Sonntag aufladen.<\/p>\n<p>Der rechte SL fuhr nicht, weil die 4SB fuhr und es nicht so voll war, also fuhr ich gleich mal den linken SL f\u00fcr \u00fcber 1,5h und hab noch nicht mal alle 3 Abfahrtsvarianten geschafft :) Weil ich sonst nur offpiste gefahren bin.<\/p>\n<p><a href='http:\/\/ski.inmontanis.info\/d\/337519-2\/DSC01994.jpg'><img src=http:\/\/ski.inmontanis.info\/d\/337518-3\/DSC01994.jpg \/><\/a><br \/>\n^ Blick ins Skigebiet von der Zufahrt<\/p>\n<p><a href='http:\/\/ski.inmontanis.info\/d\/337523-2\/DSC01995.jpg'><img src=http:\/\/ski.inmontanis.info\/d\/337522-3\/DSC01995.jpg \/><\/a><br \/>\n^ SL Rip<\/p>\n<p><a href='http:\/\/ski.inmontanis.info\/d\/337527-2\/DSC01996.jpg'><img src=http:\/\/ski.inmontanis.info\/d\/337526-3\/DSC01996.jpg \/><\/a><br \/>\n^ Vom SL Rip zur 4SB<\/p>\n<p><a href='http:\/\/ski.inmontanis.info\/d\/337531-2\/DSC02000.jpg'><img src=http:\/\/ski.inmontanis.info\/d\/337530-3\/DSC02000.jpg \/><\/a><br \/>\n^ SL Rip und dann wohl in Bildmitte hinter dem See das Bergmassif, wo Bydalen liegt. Kann man umgekehrt leichter erkennen<\/p>\n<p><a href='http:\/\/ski.inmontanis.info\/d\/337535-2\/DSC02001.jpg'><img src=http:\/\/ski.inmontanis.info\/d\/337534-3\/DSC02001.jpg \/><\/a><br \/>\n^ Auch die alte Talstation vom \u00c4lgliften steht noch<\/p>\n<p><a href='http:\/\/ski.inmontanis.info\/d\/337539-2\/DSC02002.jpg'><img src=http:\/\/ski.inmontanis.info\/d\/337538-3\/DSC02002.jpg \/><\/a><br \/>\n^ SL J\u00e4rv, der linke mit den Offpistevarianten<\/p>\n<p><a href='http:\/\/ski.inmontanis.info\/d\/337543-2\/DSC02004.jpg'><img src=http:\/\/ski.inmontanis.info\/d\/337542-3\/DSC02004.jpg \/><\/a><br \/>\n^ Offpiste weit links am J\u00e4rvlift<\/p>\n<p><a href='http:\/\/ski.inmontanis.info\/d\/337547-2\/DSC02005.jpg'><img src=http:\/\/ski.inmontanis.info\/d\/337546-3\/DSC02005.jpg \/><\/a><br \/>\n^ Offpiste weit links am J\u00e4rvlift<\/p>\n<p><a href='http:\/\/ski.inmontanis.info\/d\/337551-2\/DSC02007.jpg'><img src=http:\/\/ski.inmontanis.info\/d\/337550-3\/DSC02007.jpg \/><\/a><br \/>\n^ Die kleinen Freuden in Schweden (Offpiste links am J\u00e4rvlift)<\/p>\n<p><a href='http:\/\/ski.inmontanis.info\/d\/337555-2\/DSC02008.jpg'><img src=http:\/\/ski.inmontanis.info\/d\/337554-3\/DSC02008.jpg \/><\/a><br \/>\n^ Offpiste links am J\u00e4rvlift, so viele M\u00f6glichkeiten, wie fahr ich da denn jetzt im Wald weiter &#8230;<\/p>\n<p><a href='http:\/\/ski.inmontanis.info\/d\/337559-2\/DSC02009.jpg'><img src=http:\/\/ski.inmontanis.info\/d\/337558-3\/DSC02009.jpg \/><\/a><br \/>\n^ SL J\u00e4rv<\/p>\n<p><a href='http:\/\/ski.inmontanis.info\/d\/337563-2\/DSC02011.jpg'><img src=http:\/\/ski.inmontanis.info\/d\/337562-3\/DSC02011.jpg \/><\/a><br \/>\n^ SL J\u00e4rv<\/p>\n<p><a href='http:\/\/ski.inmontanis.info\/d\/337567-2\/DSC02014.jpg'><img src=http:\/\/ski.inmontanis.info\/d\/337566-3\/DSC02014.jpg \/><\/a><br \/>\n^ Pano Offpiste weit links am J\u00e4rvlift<\/p>\n<p><a href='http:\/\/ski.inmontanis.info\/d\/337571-2\/DSC02015.jpg'><img src=http:\/\/ski.inmontanis.info\/d\/337570-3\/DSC02015.jpg \/><\/a><br \/>\n^ .. und wie so h\u00e4ufig in Schweden, geht eine sichtbare Spur retour<\/p>\n<p>Das Tagesgericht ist heute Fisch = da wird man wohl nicht satt genug. Tagespizza Hawaii, auch nix f\u00fcr mich. Dann also Pommes und Pfannkuchen (Pommes 55, Pfannkuchen 1\/2\/3\/4 St\u00fcck 30\/55\/70\/90); W\u00fcrstel mit Pommes 75, wobei diese Sachen alle auf der &#8220;Kinderkarte&#8221; stehen &#8230;<\/p>\n<p>Das Tagesgericht w\u00e4r dann um 14:30 sogar schon ausverkauft gewesen. Die Pommesportion ist nach wie vor viel zu gro\u00df &#8211; die H\u00e4lfte w\u00fcrd mir da locker reichen. Letztes Mal nahm ich den Rest ja mit, wollte es erst im Auto w\u00e4rmen, hatte sie dann aber doch in der Mikro in der V\u00e4rmestuga erw\u00e4rmt &#8230;  auch heute musste ich wieder einen Teil mitnehmen, sonst passt kein Pfannkuchen mehr rein.<\/p>\n<p><a href='http:\/\/ski.inmontanis.info\/d\/337575-2\/DSC02016.jpg'><img src=http:\/\/ski.inmontanis.info\/d\/337574-3\/DSC02016.jpg \/><\/a><br \/>\n^ Viel (zu viel) Pommes, einen Teil nahm ich mir wieder mit ..<\/p>\n<p><a href='http:\/\/ski.inmontanis.info\/d\/337579-2\/DSC02017.jpg'><img src=http:\/\/ski.inmontanis.info\/d\/337578-3\/DSC02017.jpg \/><\/a><br \/>\n^ &#8230; weil ich nat\u00fcrlich noch einen Pfannkuchen mit Erdbeermarmelade und Sahne essen wollte ;) (ca. 2,60-2,70 \u20ac)<\/p>\n<p><a href='http:\/\/ski.inmontanis.info\/d\/337583-2\/DSC02018.jpg'><img src=http:\/\/ski.inmontanis.info\/d\/337582-3\/DSC02018.jpg \/><\/a><br \/>\n^ um 15:20 fuhr ich dann auch endlich einmal mit der 4SB, weil der Kurzb\u00fcgel-SL rechts daneben nicht fuhr. Aber eigentlich kann man rechts eh alles mit dem mittleren SL fahren<\/p>\n<p><a href='http:\/\/ski.inmontanis.info\/d\/337587-3\/DSC02019.jpg'><img src=http:\/\/ski.inmontanis.info\/d\/337586-4\/DSC02019.jpg \/><\/a><br \/>\n^ Skigebiete Eds\u00e5sdalen und \u00c5re. \u00c5re liegt nachmtitags so sch\u00f6n in der Sonne. Von hier aus sieht man auch mal, wie weit die Bergstation der Lifte noch vom Gipfel entfernt sind. Das wirkt an der Gondelbahnbergstation ganz anders.<\/p>\n<p>Trillevallen ist ja seit letztem Jahr eines meiner Lieblingsgebiete im Scandinavian-Skipass und gefiel mir auch heute wieder.<\/p>\n<p>Spontanerweise wird nun seit heute Nachmittag auch f\u00fcr Borgafj\u00e4ll (mehr) Regen oder Nassschneefall gemeldet, sowohl morgen Nachmittag+Nacht, wie auch am Montag tags\u00fcber und Montag h\u00e4tte ich dort meinen ersten Tag verbringen wollen und mir wg. der Fahrt vormittags ja bereits Urlaub genommen. <\/p>\n<p>Alternativerweise k\u00f6nnt ich ja hier in Trillevallen bis SO bleiben, dann erst am MO Gruvbacken und nur am DI+MI Borgafj\u00e4ll. Halt unpassend wg. des Urlaubstages am MO.<\/p>\n<p>Heute (oder morgen) g\u00e4be es noch mehrere Abfragen im Netz zu t\u00e4tigen, die f\u00fcr gewisse Weichenstellungen wichtig sein k\u00f6nnten:<br \/>\n&#8211; keine Info, dass der SL in H\u00f6glekardalen aufsperren w\u00fcrde (relevant f\u00fcr SO)<br \/>\n&#8211; kein Update auch in Valadalen (relevant f\u00fcr SO)<br \/>\n&#8211; T\u00e4rnaby hat die DSB ge\u00f6ffnet, nun alle Liften und Abfahrten ge\u00f6ffnet, perfetto. Wenn auch mit dem Hinweis, dass es teilweise schneearm sei.<\/p>\n<p>Eigentlich wollt ich heut Abend ja nicht im Auto kochen .. aber als ich die Pommes dann raus hab, haben sie so lecker gerochen, dass ich sie doch in der Pfanne nochmals aufw\u00e4rmen musste.<\/p>\n<p>Abends st\u00fcrmte es noch und es schneite oder regnete oder eisregnete.<\/p>\n<p><strong>Sa, 22.2.2025<\/strong><\/p>\n<p>Die Nacht verlief st\u00fcrmisch unruhig, Pistenraupe erst ab ca 6 Uhr im Einsatz, der R\u00e4umdienst streute nach 7 Uhr Splitt auf den Parkplatz, hatte also wohl eher geregnet und getaut.<\/p>\n<p>Das Skigebiet zeigt sich heute ganz anders, etliche braune Stellen auf den Pisten, einige Offpistevarianten von gestern waren nun aper &#8211; da muss es aber nochmals schneien, sonst wird das nix mit Ende April, die fahren ja jetzt schon an der Grenze. Wenigstens waren die Pisten noch etwas weich, sonst w\u00e4r das ein reines Eisrutschen gewesen. <\/p>\n<p><a href='http:\/\/ski.inmontanis.info\/d\/337591-3\/DSC02020.jpg'><img src=http:\/\/ski.inmontanis.info\/d\/337590-4\/DSC02020.jpg \/><\/a><br \/>\n^ V\u00e4rmestuga: 5 Mikrowellen, Waschbecken und sogar gratis Sp\u00fclmittel<\/p>\n<p><a href='http:\/\/ski.inmontanis.info\/d\/337595-3\/DSC02022.jpg'><img src=http:\/\/ski.inmontanis.info\/d\/337594-4\/DSC02022.jpg \/><\/a><br \/>\n^ SL Rip &#8211; nach dem bisschen Regen nachts und dem starken Wind schaut es nicht wie gestern nach Winter aus, sondern Fr\u00fchjahr mit vielen braunen Stellen<\/p>\n<p>Der Wind wurde im Tagesverlauf wieder st\u00e4rker, daher hatte ich Gl\u00fcck und ab 12:45 lief doch noch der Kurzb\u00fcgel-SL anstelle der 4SB. Wobei man ja sowieso auch zum mittleren SL k\u00e4me.<\/p>\n<p><a href='http:\/\/ski.inmontanis.info\/d\/337599-3\/DSC02025.jpg'><img src=http:\/\/ski.inmontanis.info\/d\/337598-4\/DSC02025.jpg \/><\/a><br \/>\n^ Variante rechts vom Kurzb\u00fcgel-SL Bj\u00f6rn, oben zu sehen<\/p>\n<p>Essensm\u00e4\u00dfig wieder nix lohnenswertes, Kartoffelgratin mit Wurst (Falukorv) und Tagespizza nur mit Schinken, daf\u00fcr ist sie ja etwas teuer. <\/p>\n<p>Entschied mich &#8211; eine Stunde fr\u00fcher als gestern, weil kaputt &#8211; f\u00fcr den &#8220;Kinder&#8221; 90g Hamburger &#8220;natur&#8221; mit Pommes um 98,- &#8211; selbst wenn ich da noch einen Pfannkuchen um 30,- dazu kauf, bin ich g\u00fcnstiger als das Tagesgericht. Und das wollte ich ja durchaus auch noch, denn die g\u00fcnstigen Pfannkuchen mit Erdbeermarmelade und Sahne sind ja auch ein Highlight in Schweden. In den Alpen w\u00fcrde man vmtl. schon allein f\u00fcr die Sahne 1-2 \u20ac extra zahlen m\u00fcssen &#8230;.<\/p>\n<p><a href='http:\/\/ski.inmontanis.info\/d\/337603-3\/DSC02028.jpg'><img src=http:\/\/ski.inmontanis.info\/d\/337602-4\/DSC02028.jpg \/><\/a><br \/>\n^ 90g-Kinder-Hamburger (ohne alles) mit Pommes um unter 9 \u20ac.<\/p>\n<p><a href='http:\/\/ski.inmontanis.info\/d\/337607-3\/ge20260221-22c.jpg'><img src=http:\/\/ski.inmontanis.info\/d\/337606-4\/ge20260221-22c.jpg \/><\/a><br \/>\n^ 21.-22.2.2025 in Gelb und T\u00fcrkis; vorherige Besuche in Rosa (ohne den unteren SL in ganzer L\u00e4nge)<\/p>\n<p>Wenn ich nur w\u00fcsste, was ich jetzt mit dem Montag machen soll .. weiterhin Schneeregen in Borgafj\u00e4ll gemeldet, aber auf einen dritten Tag Trillevallen hab ich morgen eigentlich auch keine Lust, wenn es offpiste nicht besser geht, Gruvbacken reicht aber auch nur 1 Tag (morgen oder Montag) und die weite Fahrt nach Storlien will ich mir jetzt nicht antun. Morgen schon Borgafj\u00e4ll? Allerdings m\u00fcsste ich dann am MO vom Campingplatz aus starten (Fu\u00dfweg) und m\u00fcsste ggf. dann bei Regen  retour. Evtl. sollte ich morgens, solang es noch schneit, dort sein, was aber auch schwierig ist, wenn ich noch ca. 3h am Montag von meinem angedachten Nachtplatz fahren muss&#8230;<\/p>\n<p>Weil vielleicht ruhiger, zumindest was Pistenraupen anbelangt, probierte ich heut Nacht mal den Parkplatz am unteren Lift, auch wenn hier nat\u00fcrlich etwas mehr Autoverkehr ist. <\/p>\n<p>Gab abends noch ein paar Regentropfen und ich war um 20 Uhr von dem Essen um 14 Uhr immer noch sehr satt.<\/p>\n","protected":false},"excerpt":{"rendered":"<p>Fr, 21.2.2025<\/p>\n<p>Nachts wurde ich ein paar Mal vom Sturm geweckt, bevor es zu schneien anfing. Es blieb recht warm im Auto mit einem Innenminimum von 4,9\u00b0, da waren die 3 Decken im Schlafsack fast etwas zu warm.<\/p>\n<p>F\u00fcr die Nacht auf Sonntag bleibt es leider immer noch bei der Regenmeldung, wie schon vor vielen <a href=\"http:\/\/blog.inmontanis.info\/?p=10639\">[&#8230;]<\/a><\/p>\n","protected":false},"author":1,"featured_media":10641,"comment_status":"closed","ping_status":"closed","sticky":false,"template":"","format":"standard","meta":{"footnotes":""},"categories":[940,19,27,624],"tags":[49,47],"class_list":["post-10639","post","type-post","status-publish","format-standard","has-post-thumbnail","hentry","category-2025-01-alpenskandinavien","category-schwedensweden","category-skifahren-winterskiing-winter","category-trillevallen","tag-4sb","tag-sl","odd"],"_links":{"self":[{"href":"http:\/\/blog.inmontanis.info\/index.php?rest_route=\/wp\/v2\/posts\/10639","targetHints":{"allow":["GET"]}}],"collection":[{"href":"http:\/\/blog.inmontanis.info\/index.php?rest_route=\/wp\/v2\/posts"}],"about":[{"href":"http:\/\/blog.inmontanis.info\/index.php?rest_route=\/wp\/v2\/types\/post"}],"author":[{"embeddable":true,"href":"http:\/\/blog.inmontanis.info\/index.php?rest_route=\/wp\/v2\/users\/1"}],"replies":[{"embeddable":true,"href":"http:\/\/blog.inmontanis.info\/index.php?rest_route=%2Fwp%2Fv2%2Fcomments&post=10639"}],"version-history":[{"count":2,"href":"http:\/\/blog.inmontanis.info\/index.php?rest_route=\/wp\/v2\/posts\/10639\/revisions"}],"predecessor-version":[{"id":10642,"href":"http:\/\/blog.inmontanis.info\/index.php?rest_route=\/wp\/v2\/posts\/10639\/revisions\/10642"}],"wp:featuredmedia":[{"embeddable":true,"href":"http:\/\/blog.inmontanis.info\/index.php?rest_route=\/wp\/v2\/media\/10641"}],"wp:attachment":[{"href":"http:\/\/blog.inmontanis.info\/index.php?rest_route=%2Fwp%2Fv2%2Fmedia&parent=10639"}],"wp:term":[{"taxonomy":"category","embeddable":true,"href":"http:\/\/blog.inmontanis.info\/index.php?rest_route=%2Fwp%2Fv2%2Fcategories&post=10639"},{"taxonomy":"post_tag","embeddable":true,"href":"http:\/\/blog.inmontanis.info\/index.php?rest_route=%2Fwp%2Fv2%2Ftags&post=10639"}],"curies":[{"name":"wp","href":"https:\/\/api.w.org\/{rel}","templated":true}]}}