{"id":10633,"date":"2025-02-20T18:23:20","date_gmt":"2025-02-20T17:23:20","guid":{"rendered":"http:\/\/blog.inmontanis.info\/?p=10633"},"modified":"2025-02-21T18:49:34","modified_gmt":"2025-02-21T17:49:34","slug":"edsasdalen-20-2-2025-das-kleine-skigebiet-mit-den-vielen-highlights","status":"publish","type":"post","link":"http:\/\/blog.inmontanis.info\/?p=10633","title":{"rendered":"Eds\u00e5sdalen, 20.2.2025 &#8211; das kleine Skigebiet mit den vielen Highlights"},"content":{"rendered":"<p><strong>Do, 20.2.2025<\/strong><\/p>\n<p>Mein Auto meldete heute Morgen -18\u00b0, noch k\u00e4lter als gemeldet. Ich gab noch schnell den Schl\u00fcssel vom Campingplatz ab und fuhr um 8 Uhr los, bei den Stra\u00dfen momentan etwas vorsichtiger. <\/p>\n<p><a href='http:\/\/extra.inmontanis.info\/d\/129982-2\/DSC01949.jpg'><img src=http:\/\/extra.inmontanis.info\/d\/129981-3\/DSC01949.jpg \/><\/a><br \/>\n^ Unterwegs von Bydalen nach J\u00e4rpen<\/p>\n<p><a href='http:\/\/extra.inmontanis.info\/d\/129986-2\/DSC01951.jpg'><img src=http:\/\/extra.inmontanis.info\/d\/129985-3\/DSC01951.jpg \/><\/a><br \/>\n^ Unterwegs von Bydalen nach J\u00e4rpen<\/p>\n<p>In J\u00e4rpen hielt ich am Coop, unerwarteterweise gab es geschnittene Paprikawurst (H\u00fchnchen) und mit 200g um ca. 1,40 \u20ac sogar recht g\u00fcnstig. Ich nahm auch ein Fertiggericht mit, um es entweder in der V\u00e4rmestuga oder dann eben abends im Auto zu w\u00e4rmen.<\/p>\n<p>Um 9:45 kam ich bei leichtem Nebel in Eds\u00e5sdalen an. <\/p>\n<p>Das Skigebiet hier w\u00fcrd ich zu meinen pers\u00f6nlichen Top-5 in Schweden z\u00e4hlen, ohne nun genau zu wissen, welche anderen 4 dazu geh\u00f6ren und ob es mehr oder weniger als 5 in den Top 5 gibt ;) Platz 1 ging letztes Jahr ja an T\u00e4rnaby. Mal schaun, ob das heuer wieder so sein wird. \u00c5re samt Duved\/Tegefj\u00e4ll w\u00e4r auch dabei. T\u00e4nn\u00e4skr\u00f6ket war bis zur Stilllegung der DSB dabei, aber ob jetzt noch?!<\/p>\n<p>Mein letzter Besuch hier war 2022, damals kostete die Tageskarte 390,- SEK, was ca.  37,50 \u20ac waren. Mittlerweile kostet die Tageskarte 440,- SEK, was aktuell 39,41 \u20ac sind, wobei der Euro zur Krone in den letzten Wochen ziemlich abgesackt ist, vor 3 Monaten w\u00e4re es noch 1 \u20ac g\u00fcnstiger gewesen.<\/p>\n<p>Bei meinen Besuchen 2021+22 gab es noch alte Skidata-Magnetkarten von Katschberg und Hochficht, mittlerweile hat man ja leider auf das neue Outby-System umgestellt, bei dem ich mich letztes Jahr geweigert hatte, eine Keycard zu kaufen. Allerdings k\u00f6nnen die vermutlich durch g\u00fcnstige Preise mehr und mehr der kleinen Skigebiete in Schweden f\u00fcr sich gewinnen, die bisher gar keine Keycards hatten und neben Edsasdalen ist da auch Klimpfj\u00e4ll und Nalovardo, die ich gern mal wieder besuchen m\u00f6chte.<\/p>\n<p>Immerhin &#8211; und deshalb bin ich auch jetzt hier &#8211; ist die Outby-Karte hier in Edsasdalen mit 60,- SEK g\u00fcnstiger als oft anderswo; gefunden hab ich diese Preise:  Blasj\u00f6n 80,-,  Nalovardo 70,- , Klimpfj\u00e4ll 85,-, Hanasl\u00f6v (kannte ich bisher nicht, war noch nicht in meiner Map, w\u00e4r s\u00fcdlicher als Isaberg und w\u00e4r vielleicht nach der F\u00e4hre erreichbar) 50,-, G\u00e4ll\u00f6 65,-<\/p>\n<p>Der Kassierer hatte Schwierigkeiten, die neue Outby-Karte im Webshop zu aktivieren und wollte mir schon eine von ihren Karten leihweise geben, falls ich nur einen Tag bleiben w\u00fcrde, aber ich wollte ja die Karte kaufen f\u00fcr die anderen Skigebiete &#8211; und evtl. auch f\u00fcr hier dann n\u00e4chstes Jahr wieder.  Hoffentlich hab ich es dann einfacher, die Karte in den n\u00e4chsten Skigebieten zu laden &#8230;<\/p>\n<p>Er sei auch ein Fan vom Scandinavian Skipass und sagte, Eds\u00e5sdalen sollte auch dazu geh\u00f6ren, weil die umliegenden Skigebiete auch inkludiert w\u00e4ren ;) Richtige Einstellung. <\/p>\n<p>Allerdings scheint nicht das Skigebiet Schuld sein, dass es nicht inkludiert ist, sondern das Management vom Scandinavian Skipass &#8211; Ivo sieht hier mehr Kosten als dass er dadurch mehr Karten verkaufen w\u00fcrde. Das ist dann wohl der Nachteil, wenn die Saisonkarten nicht von Skigebieten, sondern von Dritten angeboten werden. Und man kann sich bei so manch anderem inkludierten Skigebiet wundern, warum das dann dabei ist&#8230;<\/p>\n<p>Sein Schwerpunkt liegt derzeit auf mehr Skigebiete in den Alpen, er h\u00e4tte gerne Kappl+See und neuerdings einige kleinere aus dem Aostatal inkludiert. Bisher ist ja nur Limone Piemonte f\u00fcr 5 Tage dabei. Schade, dass er nicht meine Lieblingsgebiete inkludieren will ;)<\/p>\n<p><a href='http:\/\/ski.inmontanis.info\/d\/337419-2\/DSC01955.jpg'><img src=http:\/\/ski.inmontanis.info\/d\/337418-3\/DSC01955.jpg \/><\/a><br \/>\n^ Puh, einen Design-Award werden diese Outby-Leser wohl nicht bekommen :)))<\/p>\n<p><a href='http:\/\/ski.inmontanis.info\/d\/337423-2\/DSC01956.jpg'><img src=http:\/\/ski.inmontanis.info\/d\/337422-3\/DSC01956.jpg \/><\/a><br \/>\n^ Verbindung zum Teller-SL Dal, dessen Talstation unbesetzt ist (=Highlight)<\/p>\n<p><a href='http:\/\/ski.inmontanis.info\/d\/337427-2\/DSC01958.jpg'><img src=http:\/\/ski.inmontanis.info\/d\/337426-3\/DSC01958.jpg \/><\/a><br \/>\n^ Die sch\u00f6ne Muldenabfahrt am Ravin-SL (=Highlight)<\/p>\n<p><a href='http:\/\/ski.inmontanis.info\/d\/337431-2\/DSC01960.jpg'><img src=http:\/\/ski.inmontanis.info\/d\/337430-3\/DSC01960.jpg \/><\/a><br \/>\n^ SL Ravin, die St\u00fctzen wurden teils neu und wieder in Blau lackiert  (=Highlight), allerdings mit Glanzlack<\/p>\n<p>Ich fuhr dann gleich mal um 11 Uhr die erste Tolkning-Fahrt zum Renfj\u00e4llsliften, die ja st\u00fcndlich abgeht.<\/p>\n<p>Die anderen Leute waren dann irgendwie nach 1 Fahrt weg und ich hatte den Lift f\u00fcr mich allein (!) bis zur n\u00e4chsten Ankunft nach 12 Uhr.<\/p>\n<p>Zur Abwechslung mal kein Wind heute hier oben! Offpiste teilweise windgepresst, aber ging noch. Kein Steinkontakt.<\/p>\n<p>Ich blieb ca. 1,5h am oberen Lift, retour gings auch heute ohne Pappschnee nicht ohne zu schieben. Da sollte ich n\u00e4chstes Mal mal fragen, ob man sich auch runterw\u00e4rts mit dem Schneemobil ziehen lassen kann&#8230;<\/p>\n<p>An den unteren Liften war es dann sp\u00fcrbar k\u00e4lter.<\/p>\n<p><a href='http:\/\/ski.inmontanis.info\/d\/337435-2\/DSC01962.jpg'><img src=http:\/\/ski.inmontanis.info\/d\/337434-3\/DSC01962.jpg \/><\/a><br \/>\n^ St\u00fcndliches Scooter-Tolkning zum Renfj\u00e4llslift (=Highlight)<\/p>\n<p><a href='http:\/\/ski.inmontanis.info\/d\/337439-2\/DSC01964.jpg'><img src=http:\/\/ski.inmontanis.info\/d\/337438-3\/DSC01964.jpg \/><\/a><br \/>\n^ SL Renfj\u00e4ll (=Highlight) &#8211; aber Rentiere hab ich keihe gesehen, sind vielleicht eher im Sommer hier oben.<\/p>\n<p><a href='http:\/\/ski.inmontanis.info\/d\/337447-2\/DSC01970.jpg'><img src=http:\/\/ski.inmontanis.info\/d\/337446-3\/DSC01970.jpg \/><\/a><br \/>\n^ Man wird an der Talstation instruiert, den B\u00fcgel erst nach der Umlenkscheibe loszulassen. Das ist bei dem langen Ausstieg (siehe vorheriges Bild) gar nicht so einfach :)<\/p>\n<p><a href='http:\/\/ski.inmontanis.info\/d\/337443-2\/DSC01966.jpg'><img src=http:\/\/ski.inmontanis.info\/d\/337442-3\/DSC01966.jpg \/><\/a><br \/>\n^ SL Renfj\u00e4ll; die direkte Abfahrt ist im oberen Bereich noch nicht offen, daher hier Zwischenausstieg<\/p>\n<p><a href='http:\/\/ski.inmontanis.info\/d\/337451-2\/DSC01971.jpg'><img src=http:\/\/ski.inmontanis.info\/d\/337450-3\/DSC01971.jpg \/><\/a><br \/>\n^ SL Renfj\u00e4ll, offpiste<\/p>\n<p><a href='http:\/\/ski.inmontanis.info\/d\/337455-2\/DSC01972.jpg'><img src=http:\/\/ski.inmontanis.info\/d\/337454-3\/DSC01972.jpg \/><\/a><br \/>\n^ SL Renfj\u00e4ll, offpiste, nicht perfekt aber f\u00fcr die schwedisch windverseuchten baumfreien Bereiche ganz OK heut.<\/p>\n<p><a href='http:\/\/ski.inmontanis.info\/d\/337459-2\/DSC01973.jpg'><img src=http:\/\/ski.inmontanis.info\/d\/337458-3\/DSC01973.jpg \/><\/a><br \/>\n^ SL Renfj\u00e4ll, ein sch\u00f6ner, alter Alimak mit schwedenblauen St\u00fctzen und den typischen Alimak-Querrollen an der ersten St\u00fctze (= quasi multiple Highlights)<\/p>\n<p><a href='http:\/\/ski.inmontanis.info\/d\/337463-2\/DSC01974.jpg'><img src=http:\/\/ski.inmontanis.info\/d\/337462-3\/DSC01974.jpg \/><\/a><br \/>\n^ SL Renfj\u00e4ll, Alimak &#8211; Talstation, nicht wirklich sch\u00f6n, aber selten<\/p>\n<p><a href='http:\/\/ski.inmontanis.info\/d\/337467-2\/DSC01975.jpg'><img src=http:\/\/ski.inmontanis.info\/d\/337466-3\/DSC01975.jpg \/><\/a><br \/>\n^ R\u00fcckblick zum SL Renfj\u00e4ll hinten in Bildmitte von der langen Verbindung retour, die leider nicht ganz ohne zu schieben geht.<\/p>\n<p><a href='http:\/\/ski.inmontanis.info\/d\/337471-2\/DSC01976.jpg'><img src=http:\/\/ski.inmontanis.info\/d\/337470-3\/DSC01976.jpg \/><\/a><br \/>\n^ Die kurze, aber steile Skiroute (=Highlight) neben dem SL Dal konnte heute leider schneem\u00e4\u00dfig nicht \u00fcberzeugen, wird vom Bewuchs her auch immer schwieriger<\/p>\n<p><a href='http:\/\/ski.inmontanis.info\/d\/337475-2\/DSC01978.jpg'><img src=http:\/\/ski.inmontanis.info\/d\/337474-3\/DSC01978.jpg \/><\/a><br \/>\n^ SL Dal; der Campingplatz darunter ist voll und vmtl. nur f\u00fcr Dauercamper, hab aber nicht nachgefragt.<\/p>\n<p><a href='http:\/\/ski.inmontanis.info\/d\/337479-2\/DSC01979.jpg'><img src=http:\/\/ski.inmontanis.info\/d\/337478-3\/DSC01979.jpg \/><\/a><br \/>\n^ Abfahrt am Hedungsliften, der ganz linke SL<\/p>\n<p><a href='http:\/\/ski.inmontanis.info\/d\/337483-2\/DSC01981.jpg'><img src=http:\/\/ski.inmontanis.info\/d\/337482-3\/DSC01981.jpg \/><\/a><br \/>\n^ Kaum befahrene Abfahrt am SL Dal mit Glitzerschnee<\/p>\n<p><a href='http:\/\/ski.inmontanis.info\/d\/337487-2\/DSC01983.jpg'><img src=http:\/\/ski.inmontanis.info\/d\/337486-3\/DSC01983.jpg \/><\/a><br \/>\n^ Teller-SL Dal, ebenfalls mit Seilscheibenausstieg<\/p>\n<p>Wie schon fast bef\u00fcrchtet, hatte ich dann keine Lust (und Zeit) mehr, das Tiefk\u00fchl-Fertiggericht zu holen, ist ja auch ein St\u00fcck Fu\u00dfweg hinauf. Aber den unteren Lift wollte ich heute zum Abschluss erstmals fahren.<\/p>\n<p><a href='http:\/\/ski.inmontanis.info\/d\/337491-2\/DSC01984.jpg'><img src=http:\/\/ski.inmontanis.info\/d\/337490-3\/DSC01984.jpg \/><\/a><br \/>\n^ Aufstieg von der Stra\u00dfe \/ Parkplatz \/ \u00dcbungs-SSL zum SL Ravin<\/p>\n<p><a href='http:\/\/ski.inmontanis.info\/d\/337495-2\/DSC01985.jpg'><img src=http:\/\/ski.inmontanis.info\/d\/337494-3\/DSC01985.jpg \/><\/a><br \/>\n^ Erstmals bin ich heut den \u00dcbungs-SSL gefahren<\/p>\n<p><a href='http:\/\/ski.inmontanis.info\/d\/337499-2\/DSC01986.jpg'><img src=http:\/\/ski.inmontanis.info\/d\/337498-3\/DSC01986.jpg \/><\/a><br \/>\n^ Talstation \/ drunter am \u00dcbungs-SSL<\/p>\n<p><a href='http:\/\/ski.inmontanis.info\/d\/337503-2\/DSC01987.jpg'><img src=http:\/\/ski.inmontanis.info\/d\/337502-3\/DSC01987.jpg \/><\/a><br \/>\n^ Outby-Keycard<\/p>\n<p><a href='http:\/\/ski.inmontanis.info\/d\/337507-2\/DSC01988.jpg'><img src=http:\/\/ski.inmontanis.info\/d\/337506-3\/DSC01988.jpg \/><\/a><br \/>\n^ Outby-Keycard<\/p>\n<p><a href='http:\/\/ski.inmontanis.info\/d\/337515-2\/ge20250220b.jpg'><img src=http:\/\/ski.inmontanis.info\/d\/337514-3\/ge20250220b.jpg \/><\/a><br \/>\n^ GPS-Track 20.2.2025 in T\u00fcrkis, vorherige Besuche in Rosa. Immer wieder faszinierend, wie weit diese Scooter-Tolkning-Strecke ist, also wie weit der obere SL von den anderen entfernt ist.<\/p>\n<p><a href='http:\/\/ski.inmontanis.info\/d\/337511-2\/DSC01991.jpg'><img src=http:\/\/ski.inmontanis.info\/d\/337510-3\/DSC01991.jpg \/><\/a><br \/>\n^ Hinterer Parkplatz, am Hedungsliften, dessen Talstation vor dem roten Haus links ist und wo man wohl etwas ruhiger und weniger abfallend (wenn auch nicht ganz gerade) stehen kann.<\/p>\n<p>F\u00fcr weitere sch\u00f6ne Bilder aus dem Skigebiet empfehle ich wieder einmal meine vorherigen Berichte.<\/p>\n<p>Morgen fr\u00fch ist etwas Schneefall gemeldet, damit einhergehend auch etwas weniger kalt, aber die meiste Zeit der Nacht soll es um\/unter -10\u00b0 sein.<\/p>\n<p>Das Heizen mit Standheizung ist ja bei mir sehr unterschiedlich zum Heizen mit Strom am Campingplatz. Letzteres ist weniger warm und l\u00e4uft im Winter meist durchgehend, 1 oder 2 Heizger\u00e4te. Standheizung dagegen l\u00e4uft nur 10-30min und heizt in der Zeit auf hei\u00dfe Sommertemperaturen, danach k\u00fchlt es wieder langsam ab und wenn es ca. 15-17^ hat, was sich an einer kalten Nasenspitze bemerkbar macht, schalt ich sie wieder ein &#8211; oder dann sp\u00e4ter am Abend verkrieche ich mich unter die Decke und Spiel noch am Handy, bevor ich die Heizung dann vor dem Schlafengehen nochmals f\u00fcr 20-30min einschalte und (normalerweise) auf 10min vor meiner Handy-Weckzeit f\u00fcr den n\u00e4chsten Tag programmiere.<\/p>\n<p>Das TK-Fertiggericht kam bei der ersten Heizsession gleich mal aufs Armaturenbrett um noch etwas besser aufzutauen.<\/p>\n<p>Durch die 2. Batterie und der baldigen Abfahrt und die dann baldigen Campingpl\u00e4tze muss ich zwar momentan nicht sparsam sein, was Stromverbrauch anbelangt, aber in Trillevallen werd ich trotzdem wieder am fr\u00fchen Nachmittag essen gehen &#8211; entweder Dagens Lunch oder Dagens Pizza oder eben wieder eine Portion Pommes oder W\u00fcrstl mit Pommes und danach Pfannkuchen.<\/p>\n<p>Mal ein bisschen &#8220;was wurde eigentlich aus&#8221; &#8230;<\/p>\n<p>.. meiner Rippenprellung? Sp\u00fcr ich nur noch ganz selten, st\u00f6rt nicht weiter<\/p>\n<p>.. dem Ellenbogen: Ja, der ist nach wie vor ein Problem, bald nun ein Jahr, wird also wohl nicht mehr vergehen, an machen Tagen sp\u00fcr ich kaum bis nix, vor wenigen Tagen jedoch war ich nachts irgendwie bl\u00f6d gelegen und es tat mehr weh. Wegen der Offpistefahrerei nehm ich auch wieder \u00f6fters beide Skistecken.<\/p>\n<p>.. den Frostbeulen an den Zehen: Noch nicht so genau angesehen heuer, aber es war wohl selbst in den Alpen diesen Winter teilweise grenzwertig, weil rot.<\/p>\n<p>.. den heizbaren Socken, heute wieder getragen: Sehr geil. Kabel minimal st\u00f6rend, die Zehen ganz vorne sind auch etwas kalt, aber die W\u00e4rme ist wesentlich angenehmer &#8211; Stufe 1 von 4 heut ganztags w\u00e4rmer als Stufe 2-3 von 3 der Heizsohle gestern.<\/p>\n<p>.. dem neu gekauften 12V-USB-Adapter: H\u00e4lt zig mal besser in der 12V-Steckdose als der andere; d.h. beim n\u00e4chsten Biltema-Besuch kauf ich mir da noch einen zweiten, um auch meinen anderen zu ersetzen. Den muss ich n\u00e4mlich mehrmals am Abend wieder reindr\u00fccken, damit die Handys weiter aufladen. Das nervt.<\/p>\n<p>.. dem Schnee in den Alpen? Nicht wirklich mehr nachverfolgt, interessiert mich dann auch wenig, aber die Lage hat sich wohl nicht nennenswert verbessert.  Bisher war meine Entscheidung f\u00fcr Schweden also richtig.<\/p>\n<p>&#8211; &#8211; &#8211; <\/p>\n<p>Auch Oliver Kern von Skiresort war letztens in Schweden (S\u00e4len) und hat &#8220;mal wieder&#8221; einen Weltrekord aufgestellt, 101 verschiedene Skilifte an einem Tag:<br \/>\n<a href='https:\/\/www.skiresort.de\/weltrekorde\/skiresort-weltrekord-nr-7-oliver-kern\/'>https:\/\/www.skiresort.de\/weltrekorde\/skiresort-weltrekord-nr-7-oliver-kern\/<\/a><br \/>\nBei der Auflistung aufgefallen, dass in Skistar Hundfj\u00e4llet wohl der sch\u00f6ne alte schweizer Kurzb\u00fcgel-Kurvenlift ersetzt wurde .. aber mit einem neuen Kurven-KSSL. Da w\u00e4r ich jetzt auch nicht sooo traurig ;)<\/p>\n<p>&#8211;<\/p>\n<p>&#8220;Es treffen nicht jeder Satz und jede Aussage zu, die Trump in dem Beitrag zum Ukrainekonflikt schreibt \u2013 aber das gilt ja f\u00fcr die \u201eandere Seite\u201c in noch viel extremerem Ma\u00dfe&#8221;<br \/>\n<a href='https:\/\/www.nachdenkseiten.de\/?p=129049'>https:\/\/www.nachdenkseiten.de\/?p=129049<\/a><\/p>\n","protected":false},"excerpt":{"rendered":"<p>Do, 20.2.2025<\/p>\n<p>Mein Auto meldete heute Morgen -18\u00b0, noch k\u00e4lter als gemeldet. Ich gab noch schnell den Schl\u00fcssel vom Campingplatz ab und fuhr um 8 Uhr los, bei den Stra\u00dfen momentan etwas vorsichtiger. <\/p>\n<p> ^ Unterwegs von Bydalen nach J\u00e4rpen<\/p>\n<p> ^ Unterwegs von Bydalen nach J\u00e4rpen<\/p>\n<p>In J\u00e4rpen hielt ich am Coop, unerwarteterweise <a href=\"http:\/\/blog.inmontanis.info\/?p=10633\">[&#8230;]<\/a><\/p>\n","protected":false},"author":1,"featured_media":10635,"comment_status":"closed","ping_status":"closed","sticky":false,"template":"","format":"standard","meta":{"footnotes":""},"categories":[940,680,59,19,27],"tags":[45,47],"class_list":["post-10633","post","type-post","status-publish","format-standard","has-post-thumbnail","hentry","category-2025-01-alpenskandinavien","category-edsasdalen","category-nostalgie","category-schwedensweden","category-skifahren-winterskiing-winter","tag-see","tag-sl","odd"],"_links":{"self":[{"href":"http:\/\/blog.inmontanis.info\/index.php?rest_route=\/wp\/v2\/posts\/10633","targetHints":{"allow":["GET"]}}],"collection":[{"href":"http:\/\/blog.inmontanis.info\/index.php?rest_route=\/wp\/v2\/posts"}],"about":[{"href":"http:\/\/blog.inmontanis.info\/index.php?rest_route=\/wp\/v2\/types\/post"}],"author":[{"embeddable":true,"href":"http:\/\/blog.inmontanis.info\/index.php?rest_route=\/wp\/v2\/users\/1"}],"replies":[{"embeddable":true,"href":"http:\/\/blog.inmontanis.info\/index.php?rest_route=%2Fwp%2Fv2%2Fcomments&post=10633"}],"version-history":[{"count":4,"href":"http:\/\/blog.inmontanis.info\/index.php?rest_route=\/wp\/v2\/posts\/10633\/revisions"}],"predecessor-version":[{"id":10638,"href":"http:\/\/blog.inmontanis.info\/index.php?rest_route=\/wp\/v2\/posts\/10633\/revisions\/10638"}],"wp:featuredmedia":[{"embeddable":true,"href":"http:\/\/blog.inmontanis.info\/index.php?rest_route=\/wp\/v2\/media\/10635"}],"wp:attachment":[{"href":"http:\/\/blog.inmontanis.info\/index.php?rest_route=%2Fwp%2Fv2%2Fmedia&parent=10633"}],"wp:term":[{"taxonomy":"category","embeddable":true,"href":"http:\/\/blog.inmontanis.info\/index.php?rest_route=%2Fwp%2Fv2%2Fcategories&post=10633"},{"taxonomy":"post_tag","embeddable":true,"href":"http:\/\/blog.inmontanis.info\/index.php?rest_route=%2Fwp%2Fv2%2Ftags&post=10633"}],"curies":[{"name":"wp","href":"https:\/\/api.w.org\/{rel}","templated":true}]}}