{"id":10629,"date":"2025-02-19T19:12:30","date_gmt":"2025-02-19T18:12:30","guid":{"rendered":"http:\/\/blog.inmontanis.info\/?p=10629"},"modified":"2025-02-20T19:32:10","modified_gmt":"2025-02-20T18:32:10","slug":"bydalen-15-19-2-2025","status":"publish","type":"post","link":"http:\/\/blog.inmontanis.info\/?p=10629","title":{"rendered":"Bydalen, 15.-19.2.2025"},"content":{"rendered":"<p><strong>Sa, 15.2.2025<\/strong><\/p>\n<p>\u00dcber Nacht fielen noch 1-2 cm Schnee. Um 9:45 kam ich am vorderen Skigebietsparkplatz an, auf der Fahrt war es zumeist -9\u00b0 und bedeckt, das f\u00fcr hier sonnig gemeldete Wetter schien sich (zumindest noch) \u00fcber \u00d6stersund abzuspielen, wobei f\u00fcr die n\u00e4chsten Tage auch wenig\/keine Sonne gemeldet sein w\u00fcrde.<\/p>\n<p>Da ich entweder bis MI oder DO hier fahren m\u00f6chte, lie\u00df ich mir den Skipass mal bis DO buchen.<\/p>\n<p>Der H\u00f6gfj\u00e4ll-SL rechts oben musste noch pr\u00e4pariert werden, denn es gab ca. 20cm Neuschnee, teilweise auch mehr, oben wegen Wind nat\u00fcrlich weniger. Sp\u00e4ter hab ich unter dem Neuschnee aber auch einige Eisplatten gesp\u00fcrt.<\/p>\n<p>\u00dcberraschenderweise war auch der Paradliften offen, der gestern noch geschlossen im Schneebericht war.<\/p>\n<p>Unpassenderweise hatte ich mich heut f\u00fcr die V\u00f6lkl Racecarver entschieden um mal wieder den Kantenrost abzuschaben, weil ich heut eher auf Pistentag als Offpiste eingestelt war.  Am Dromlift fuhr ich doch etwas offpiste, denn wenn der Verbindungslift \u00fcber den Fluss wegen Tauwetter im Fr\u00fchjahr nicht mehr in Betrieb sein w\u00fcrde (was ich im Fr\u00fchjahr schon einmal erlebte), dann w\u00fcrd ich wohl den Drom-Bereich meistens auslassen.<\/p>\n<p><a href='http:\/\/ski.inmontanis.info\/d\/337311-2\/DSC01901.jpg'><img src=http:\/\/ski.inmontanis.info\/d\/337310-3\/DSC01901.jpg \/><\/a><br \/>\n^ Doppel-SL Tr\u00e4dgr\u00e4ns mit gut 20cm Neuschnee<\/p>\n<p><a href='http:\/\/ski.inmontanis.info\/d\/337315-2\/DSC01904.jpg'><img src=http:\/\/ski.inmontanis.info\/d\/337314-3\/DSC01904.jpg \/><\/a><br \/>\n^ SL H\u00f6gfj\u00e4ll<\/p>\n<p><a href='http:\/\/ski.inmontanis.info\/d\/337319-2\/DSC01905.jpg'><img src=http:\/\/ski.inmontanis.info\/d\/337318-3\/DSC01905.jpg \/><\/a><br \/>\n^ L\u00e5ngravin-Abfahrt mit Eis in der Luft<\/p>\n<p><a href='http:\/\/ski.inmontanis.info\/d\/337323-2\/DSC01908.jpg'><img src=http:\/\/ski.inmontanis.info\/d\/337322-3\/DSC01908.jpg \/><\/a><br \/>\n^ L\u00e5ngravin-Abfahrt mit Eis in der Luft, gegen\u00fcber SL Drom und rechts der SL Falkf\u00e5nger am Campingplatz H\u00f6glekardalen<\/p>\n<p><a href='http:\/\/ski.inmontanis.info\/d\/337327-2\/DSC01909.jpg'><img src=http:\/\/ski.inmontanis.info\/d\/337326-3\/DSC01909.jpg \/><\/a><br \/>\n^ SL Hovde mit seinen (umgebauten) Grafferst\u00fctzen<\/p>\n<p><a href='http:\/\/ski.inmontanis.info\/d\/337331-2\/DSC01910.jpg'><img src=http:\/\/ski.inmontanis.info\/d\/337330-3\/DSC01910.jpg \/><\/a><br \/>\n^ SL Topp, hier aktuell nur die linke Abfahrt offen, f\u00fcr die rechten beiden fehlte noch der Schnee<\/p>\n<p><a href='http:\/\/ski.inmontanis.info\/d\/337335-2\/DSC01911.jpg'><img src=http:\/\/ski.inmontanis.info\/d\/337334-3\/DSC01911.jpg \/><\/a><br \/>\n^ SL Parad, auch hier liegt das Minimum an Schnee, links drau\u00dfen sind lauter Steine und Felszacken unterm Schnee<\/p>\n<p><a href='http:\/\/ski.inmontanis.info\/d\/337339-2\/DSC01913.jpg'><img src=http:\/\/ski.inmontanis.info\/d\/337338-3\/DSC01913.jpg \/><\/a><br \/>\n^ Eine der Abfahrten zwischen SL Hovde und SL F\u00e4bo, da brauchte ich wieder mehrere Tage bis ich mir ob der Pistenvarianten und Abzweigungen sicher war<\/p>\n<p>In der V\u00e4rmestuga waren nicht nur die B\u00e4nke an den Tischen belegt, sondern auch die B\u00e4nke am Eingang, die eher f\u00fcrs Skischuhanziehen gedacht sein d\u00fcrften und wo ich mich dann halt hinsetz und kurz mein &#8220;Pausenbrot&#8221; esse, aber daraus wurde nichts, da die Leute hier ihre Rucks\u00e4cke geparkt haben &#8211; tja, dann muss ich eben das WC ein paar Minuten l\u00e4nger besetzen. <\/p>\n<p><a href='http:\/\/ski.inmontanis.info\/d\/337343-2\/DSC01916.jpg'><img src=http:\/\/ski.inmontanis.info\/d\/337342-3\/DSC01916.jpg \/><\/a><br \/>\n^ V\u00e4rmestuga ist voll und an der Bank kann man sich auch nicht mehr hinsetzen<\/p>\n<p>Leider wurde es heute nicht so sonnig, wie es mittags mal den Anschein hatte, zudem war es sehr kalt und oben im waldfreien Bereich ein zwar nur leichtes, aber eben eisigkaltes Windchen.<\/p>\n<p>Der SL \u00fcber dem Campingplatz ist leider auch wieder nicht in Betrieb, der w\u00fcrde mir ja noch fehlen, h\u00e4tte vielleicht ein paar nette Varianten und wenn der liefe, w\u00fcrd ich auch mal probieren, mit dessen Hilfe schr\u00e4g durch den Wald zum Dromliften vor zu kommen (und nachmittags umgekehert durch den Wald wieder retour) &#8211; sollte vielleicht schaffbar sein, wenn nicht, dann zumindest fast. So muss ich halt  jeden Tag die ca. 2km mit dem Auto hin und retour fahren.<\/p>\n<p>Am Campingplatz hab ich mich mal bis DO einquartiert, auch wenn ich am DO vielleicht schon in Trillevallen Ski fahren w\u00fcrde, aber dazwischen gibt&#8217;s weder mit noch ohne Campingplatz im Winter all zu viele Nachtplatzm\u00f6glichkeiten&#8230; und erst recht nicht um den Preis hier, 300 SEK mit Strom.<\/p>\n<p>Bei -12\u00b0 am Campingplatz und einem heut ganztags ausgek\u00fchlten Auto (das &#8220;Nudelwasser&#8221; im &#8220;Keller&#8221; ist etwas gefroren) dauerte es einige Zeit, bis es warm wurde.)<\/p>\n<p>Trotz der K\u00e4lte spielten viele Kids drau\u00dfen, auch direkt hinter meinem Auto schaufelten sie H\u00f6hlen und sonstwas in den Schnee.<\/p>\n<p>Heut Nacht kalt, morgen etwas Schneefall, danach wieder einstellige Minustemperaturen und n\u00e4chstes Wochenende sind +5\u00b0 gemeldet und evtl. danach sogar etwas Regen&#8230; naja, noch lang hin ..<\/p>\n<p>.. aber grundlegend bin ich dann doch froh, dass es nicht mehr viele solche kalte Tage&#038;N\u00e4chte wie heute geben d\u00fcrfte diesen Winter, das ist auch mit Strom im Auto schwierig.  Da lass ich dann bei solch kalten N\u00e4chten die Heizmatten unter den Batterien die ganze Nacht eingeschaltet auf Stufe 1. <\/p>\n<p>Das morgige Tagesgericht im Restaurant Drommen w\u00e4re &#8220;Biff \u00e0 la Lindstr\u00f6m&#8221;, faschierte Laibchen, wobei zu dem Hackfleisch insb. rote Beete und wohl auch Kapern gemischt werden. Ich m\u00fcsste die mal fertig im 5er Pack oder so gekauft haben   &#8230;  k\u00f6nnte man  durchaus probieren,  bevor es dann am MO Spaghetti oder so gibt ;) <\/p>\n<p>Es gibt auch Pizzen, aber zu mittags keine wirklich lohnenswerten Varianten, diese (mit Rind- oder Rentierfleisch) gibts vermutlich erst nach 18 Uhr, wobei das in der Karte auch nicht so genau steht, wann es die anderen Pizzen nun gibt.<\/p>\n<p><strong>So, 16.2.2025<\/strong><\/p>\n<p>F\u00fcr Waschmaschine und Trockner m\u00fcsste man an diesem Campingplatz nichts extra zahlen, aber ich bin heuer ja nicht schon seit Oktober unterwegs wie letztes Jahr, hatte daheim auch noch was ausgewechselt und h\u00e4tte ja auch noch einigen Ersatz da.  Wenn, dann wohl gleich morgens so eine 15-20-min Schnellw\u00e4sche und w\u00e4hrend der Arbeit vormittags trocknen lassen.<\/p>\n<p>Am Vormittag fuhr ich erst noch die Abfahrten und Varianten, die ich gestern ausgelassen hatte, bevor es einen kurzen V\u00e4rmestuga-Aufenthalt gab.<\/p>\n<p>Der einzige Lift, au\u00dfer dem am Campingplatz, der momentan nicht f\u00e4hrt, ist der linke SL im benachbarten Gr\u00e4ft\u00e5vallen, wo der Skipass ja auch gilt.  Die Anfahrt da hin ist aber ja eh immer etwas abenteuerlich.<\/p>\n<p>Die oberen Lifte liefen heute trotz des st\u00e4rkeren Windes, aber es fuhr kaum jemand &#8211; der eisige Wind war zu unsch\u00f6n und die Sicht neblig schlecht ganz oben.<\/p>\n<p>An der Talstation des rechten Doppel-SL gibts nun einen &#8220;Food truck&#8221;, verkauft laut Schild wohl Hotdog, Pizzast\u00fccke usw., aber selten jemand dort gesehen, liegt auch etwas ung\u00fcnstig &#8211; bis man da in der V\u00e4rmestuga ist, ist das Essen wohl wieder kalt und muss  in die Mikro ;) Hotdog klein 35, french Hotdog 40 (also ca. 3,50 \u20ac), Pizzast\u00fcck 50.<\/p>\n<p>Auch heute am Steilhang vor der Talstation SL F\u00e4bo eine veritable Eisplatte erwischt. M\u00f6chte nicht wissen, wie es hier gehen w\u00fcrde, wenn es nicht die 20-30cm Neuschnee gegeben h\u00e4tte!!<\/p>\n<p>Um 13:30 war ich dann im Restaurant, die Portion sah etwas klein aus, als dass mir das bis inklusive Abend reichen w\u00fcrde, aber die Semmel nahm ich mir trotzdem lieber f\u00fcr morgen Fr\u00fch mit.<\/p>\n<p><a href='http:\/\/ski.inmontanis.info\/d\/337347-2\/IMG_20250216_133338.jpg'><img src=http:\/\/ski.inmontanis.info\/d\/337346-3\/IMG_20250216_133338.jpg \/><\/a><br \/>\n^ Tagesgericht heute Biff a la Lindstr\u00f6m plus der kleine Salat mit der Semmel, Getr\u00e4nk gibts auch dazu um ca. 11 \u20ac.<\/p>\n<p>Die Salzgurken waren mir zu salzig, die So\u00dfe war dick und kr\u00e4ftig, also nicht das beste, was ich hier gegessen hab, aber doch gut genug, dass es sich mal gelohnt hatte. Ob da nun Kapern in der So\u00dfe oder im Fleisch waren, keine Ahnung, ich ess die zu selten als dass ich den Geschmack genau erkennen w\u00fcrde.<\/p>\n<p>Weil das Essen so schnell kam, war ich in einer viertel Stunde schon fertig.<\/p>\n<p>Hatte heute nur die etwas leichtere IR-Cam dabei und nur wenig fotografiert.<\/p>\n<p><a href='http:\/\/ski.inmontanis.info\/d\/337351-2\/DSC05623.jpg'><img src=http:\/\/ski.inmontanis.info\/d\/337350-3\/DSC05623.jpg \/><\/a><br \/>\n^ Eine der noch unpr\u00e4parierten Abfahrten zwischen SL Hovde und SL F\u00e4bo (IR)<\/p>\n<p>Einer der gr\u00f6\u00dften Vorteile der heizbaren Str\u00fcmpfe (die gestern und heute wirklich mehr gebracht haben als meine Sohlenheizung) ist, dass man nach dem Skifahren damit auch in die kalten Stra\u00dfenschuhe kann und dort warme F\u00fc\u00dfe hat.<\/p>\n<p>Heut Abend ist der Campingplatz wieder leer &#8211; die ganzen Kiddies, die gestern hier waren, hatten wohl letzte Woche Ferien oder waren nur am WE da.<\/p>\n<p>Ich hab nun die Packung Lebkuchen-Brezen\/Sterne\/Herzen aus dem &#8220;Keller&#8221; geholt. Da hatte ich ja diese Saison schon einmal Schimmel entfernt, der Karton war fest an der Holzwand regelrecht festgeklebt aktuell mit Eis (!), der Karton feucht und klarerweise Schimmel am Holz. Ich mein, da kann ja gar keine Luft hingekommen sein, so direkt wie der Karton neben dem Holz war, wie  kann \u00fcberhaupt ausgerechnet dort Kondenswasser enstehen?! Zumal ich mir seit letzter Saison bereits angewohnt hatte, neben dem Bett beiderseits meine Handt\u00fccher neben die Matratze bzw. nahe der offenen Bereiche hinzulegen, damit meine n\u00e4chtliche Ausatemluft sich doch bitte m\u00f6glichst im Handtuch sammelt&#8230;<\/p>\n<p>Also mal wieder entschimmelt und den Schuhheizer dort hinblasen lassen, auf dass die restlichen Schimmelsporen nun aufgewirbelt durchs Auto fliegen.<\/p>\n<p><strong>Mo, 17.2.2025<\/strong><\/p>\n<p>\u00dcberraschenderweise wurden heute Vormittag die Abfahrten am SL gegen\u00fcber vom Campingplatz pr\u00e4pariert. Ob der wohl am WE laufen w\u00fcrde? So knapp verpasst? Oder bleib ich noch 3 Tage l\u00e4nger hier und verzichte auf Borgafj\u00e4ll beim Rauffahren, wo es nun mit etwas Pech etwas regnen und tauen soll n\u00e4chstes WE? Ok, erst einmal frag ich da morgen per SMS beim Campingplatzchef nach.<\/p>\n<p><a href='http:\/\/ski.inmontanis.info\/d\/337355-2\/DSC01920.jpg'><img src=http:\/\/ski.inmontanis.info\/d\/337354-3\/DSC01920.jpg \/><\/a><br \/>\n^ Am SL Falkf\u00e5nger in H\u00f6glekardalen wurden die Pisten pr\u00e4pariert, schade, dass er noch nicht l\u00e4uft. Entweder ist man da immer zu fr\u00fch oder zu sp\u00e4t hier ..<\/p>\n<p>Es war auch heute wieder etwas windig, aber da es nicht so kalt war, nicht so schlimm. <\/p>\n<p>Ich hatte noch ein CZ-Fertiggericht, das bis 20.2. haltbar w\u00e4re, in den beiden Restaurants g\u00e4bs heut als Tagesgericht H\u00fchnchen mit Tomatenso\u00dfe bzw. Falukorv, reizte mich beides nicht.<\/p>\n<p>Zeitweise blickte die Sonne durch, aber nach 13 Uhr gab&#8217;s auch mal starken Schneefall.<\/p>\n<p><a href='http:\/\/ski.inmontanis.info\/d\/337359-2\/DSC01922.jpg'><img src=http:\/\/ski.inmontanis.info\/d\/337358-3\/DSC01922.jpg \/><\/a><br \/>\n^ Die netten Offpistevarianten neben dem SL F\u00e4bo<\/p>\n<p><a href='http:\/\/ski.inmontanis.info\/d\/337363-2\/DSC01927.jpg'><img src=http:\/\/ski.inmontanis.info\/d\/337362-3\/DSC01927.jpg \/><\/a><br \/>\n^ Neues Restaurand am SL Hovde mit teils italienischer Karte (hab nicht reingeschaut)<\/p>\n<p>Am Abend r\u00e4umte ich den hintersten Kofferraumbereich aus (hinter\/unter Schrank), weil ich einerseits ein Sweatshirt rausholen wollte, um den Pullover morgen zu waschen, andererseits einen 12V-Stecker und die 12V-L\u00fcfterchen rausholen wollte, um zu versuchen, was zu basteln, damit das eingebaute Navi-Radio nicht immer \u00fcberhitzt nach einiger Zeit, wenn ich wegen kalter Temperaturen die Heizung auf voller Pulle laufen lassen muss.<\/p>\n<p>Bei der Gelegenheit also mal geschaut, es gibt etwas Eis am Boden am Rand, aber keinen Kondenswassersee und Schimmel fiel mir auch nicht auf. Danach nat\u00fcrlich mal den Schuhtrockner reinh\u00e4ngen lassen, um dort unten mal wieder aufzuheizen oder ggf. um noch mehr Schimmelsporen durch die Luft zu wirbeln ;) <\/p>\n<p>Beim heutigen dritten und letzten Svickova-Fertiggericht (mangels interessanterer Alternativen wurden es eben 3 in CZ) hatte ich diesmal leider etwas Pech, was die Rindfleischqualit\u00e4t anging &#8211; flachsig, z\u00e4h, fett, alle 3 St\u00fccke. Die anderen beiden Portionen waren mit dem L\u00f6ffel zerteilbar. <\/p>\n<p>Das Tagesgericht morgen w\u00e4re Lachs, da wird man wohl noch weniger satt ..<\/p>\n<p><strong>Di, 18.2.2025<\/strong><\/p>\n<p>Ich stand also eine halbe Stunde fr\u00fcher auf, um eine 15min-Schnellw\u00e4sche mit der Maschine zu machen, hatte dann aber doch Zeit f\u00fcr eine 30min-W\u00e4sche. <\/p>\n<p>Dank der gro\u00dfen Schranktrockner war um 11 Uhr alles wieder trocken, au\u00dfer einer kleinen Stelle an der Skijacke.<\/p>\n<p>Auf gestern und heute wurden jeweils leider einige Abfahrtsst\u00fccke pr\u00e4pariert, die zuvor unpr\u00e4pariert waren. Str\u00e4ucher und Strauchstoppel sind recht unproblematisch in Pulverschne, aber mutieren zu Stolperfallen, wenn pr\u00e4pariert ist, prompt w\u00e4r ich fast hingefallen.<\/p>\n<p>Teilweise war es etwas sonniger, aber im oberen Bereich wieder etwas st\u00fcrmischer und k\u00e4lter.<\/p>\n<p>Beim Campingplatz-Chef per SMS nachgefragt, ob er w\u00fcsste, wann der SL aufgeht (laut Website scheint der ja auch hier dazu zu geh\u00f6ren?!), seine Antwort war, er w\u00fcsste es nicht, vielleicht am WE. Tja&#8230;  dann werd ich wohl lieber nicht verl\u00e4ngern, f\u00fcr nur ein &#8220;vielleicht&#8221; &#8230; ich k\u00f6nnte sonst auch am SO nochmals herfahren, da h\u00e4tte ich Gruvbacken mit dem KSSL angedacht, w\u00f6r nicht so umwegig.<\/p>\n<p>GMaps rechnet laufend direktere Routen zwischen Bydalen und Trillevallen ohne auf die Hauptstra\u00dfen zu m\u00fcssen. Da gibts nicht mal Streetview-Bilder :) Ob diese Naturstra\u00dfenverbindungen im Winter ger\u00e4umt werden?! Falls ja, w\u00e4ren sie jetzt im Winter wohl besser zu fahren als im Sommer (oder Fr\u00fchjahr bei Schneeschmelze), aber falls nur einspurig ger\u00e4umt ist und dann Gegenverkehr kommt &#8230; <\/p>\n<p>In der N\u00e4he der Verbindung, also s\u00fcdlich von Trillevallen, gibts ja auch noch den kurzen Lift in V\u00e5l\u00e5dalen, vergleichbar von den Daten mit dem hier am Campingplatz, laut Website aber nur in den Weihnachts-, Sport- und Osterferien offen. Tja, aktuell k\u00f6nnten irgendwo in Schweden ja Sportferien sein jetzt Mitte Februar, aber in diesem Bereich erst \u00fcbern\u00e4chste Woche, also vielleicht offen, vielleicht nicht&#8230;.<\/p>\n<p><strong>Mi, 19.2.2025<\/strong><\/p>\n<p>Der f\u00fcr heute gemeldete Sturm wurde wohl auf morgen und die Tage darauf verschoben.<\/p>\n<p>So wirklich konnte ich mich auch heute  nicht f\u00fcrs Tagesgericht begeistern als dass ich daf\u00fcr h\u00e4tte zahlen wollen, wenn ich schon am Campingplatz Strom hab. Weil der Foodtruck gestern zu war, konnte ich mir auch des Hotdogs dort heute nicht sicher sein, weshalb ich im kleinen Supermarkt ein tiefgek\u00fchltes Gorbys Pizzat\u00e4schchen mitnahm, um es am Nachmittag in einer V\u00e4rmestuga aufzuw\u00e4rmen (plus abends eine Dose Linseneintopf, die ich mal weg haben m\u00f6chte).<\/p>\n<p><a href='http:\/\/ski.inmontanis.info\/d\/337371-2\/DSC01930.jpg'><img src=http:\/\/ski.inmontanis.info\/d\/337370-3\/DSC01930.jpg \/><\/a><br \/>\n^ Blick von der Bergstation SL Topp zu den Abfahrtsschneisen der Skigebiete Trillevallen (links) und dann wohl \u00c5re (rechts); in der Mitte m\u00fcsste dann wohl Eds\u00e5sdalen sein<\/p>\n<p>Am See dazwischen sollten laut Gmaps also beidseitig Stra\u00dfen entlang f\u00fchren und ca. 20km Ersparnis bringen. Aber ob die im Winter ger\u00e4umt sind bzw. welche?!<\/p>\n<p><a href='http:\/\/ski.inmontanis.info\/d\/337375-2\/DSC01931.jpg'><img src=http:\/\/ski.inmontanis.info\/d\/337374-3\/DSC01931.jpg \/><\/a><br \/>\n^ SL Topp<\/p>\n<p><a href='http:\/\/ski.inmontanis.info\/d\/337379-3\/DSC01932.jpg'><img src=http:\/\/ski.inmontanis.info\/d\/337378-4\/DSC01932.jpg \/><\/a><br \/>\n^ Blick von Bergstation SL Topp\/Parad zur Bergstation SL L\u00e5ngravin (endet links hinterm Windrad)<\/p>\n<p><a href='http:\/\/ski.inmontanis.info\/d\/337367-2\/DSC01928.jpg'><img src=http:\/\/ski.inmontanis.info\/d\/337366-3\/DSC01928.jpg \/><\/a><br \/>\n^ SL F\u00e4bo heuer mit bescheuertem Warteschlangenzaun, da man im Zaun  bergauf schieben muss, obwohl es diese Woche fast nie wartezeitentechnisch n\u00f6tig gewesen w\u00e4re. Bl\u00f6d insb. auch, wenn man rechts vom SL (vom Weg oder offpiste) kommt<\/p>\n<p>Der Foodtruck war dann doch offen, aber sp\u00e4ter nicht mehr, evtl. war ich gestern also nur zur falschen Zeit hier. <\/p>\n<p><a href='http:\/\/ski.inmontanis.info\/d\/337383-3\/DSC01935.jpg'><img src=http:\/\/ski.inmontanis.info\/d\/337382-4\/DSC01935.jpg \/><\/a><br \/>\n^ SL Tr\u00e4dgr\u00e4ns, dahinter der Foodtruck. Da der rechte (erste) SL mit Bedienung und der linke SB ist, stehen manchmal so viele am rechten SL bis zu den Skipasslesern links au\u00dferhalb des Bildes, w\u00e4hrend der linke Lift komplett leer ist.<\/p>\n<p><a href='http:\/\/ski.inmontanis.info\/d\/337387-3\/DSC01936.jpg'><img src=http:\/\/ski.inmontanis.info\/d\/337386-4\/DSC01936.jpg \/><\/a><br \/>\n^ SL H\u00f6gfj\u00e4ll, bisher war nur die eine Abfahrt offen, keine Verbindung &#8230;<\/p>\n<p><a href='http:\/\/ski.inmontanis.info\/d\/337391-3\/DSC01937.jpg'><img src=http:\/\/ski.inmontanis.info\/d\/337390-4\/DSC01937.jpg \/><\/a><br \/>\n^ .. aber seit heute ist doch die Rechtsau\u00dfen-Abfahrt \u00fcber Fj\u00e4llhalsen pr\u00e4pariert. Dann probier ich die heut halt mal wieder, auch wenn ich Schiebest\u00fccke und Gegenaufstiege im Kopf hatte, dass ich sie kein zweites Mal mehr bisher gefahren bin, hatte ich doch auch einige sch\u00f6ne Abschnitte in Erinnerung.<\/p>\n<p><a href='http:\/\/ski.inmontanis.info\/d\/337395-3\/DSC01939.jpg'><img src=http:\/\/ski.inmontanis.info\/d\/337394-4\/DSC01939.jpg \/><\/a><br \/>\n^ Pano retour<\/p>\n<p><a href='http:\/\/ski.inmontanis.info\/d\/337399-3\/DSC01943.jpg'><img src=http:\/\/ski.inmontanis.info\/d\/337398-4\/DSC01943.jpg \/><\/a><br \/>\n^ Der obere Bereich und der Waldbereich l\u00e4sst sich ja ganz nett fahren ..<\/p>\n<p><a href='http:\/\/ski.inmontanis.info\/d\/337403-3\/DSC01944.jpg'><img src=http:\/\/ski.inmontanis.info\/d\/337402-4\/DSC01944.jpg \/><\/a><br \/>\n^ .. nur retour gibts halt diesen bl\u00f6den Gegenhang (wo ich, weil einfacher, die Ski abschnall und zu Fu\u00df raufgeh)<\/p>\n<p><a href='http:\/\/ski.inmontanis.info\/d\/337407-3\/DSC01945.jpg'><img src=http:\/\/ski.inmontanis.info\/d\/337406-4\/DSC01945.jpg \/><\/a><br \/>\n^ Windrad nahe SL-L\u00e5ngravin-Bergstation hinter mir und gegen\u00fcber rechts hinten Bergstation SL Parad+Topp<\/p>\n<p><a href='http:\/\/ski.inmontanis.info\/d\/337411-3\/DSC01946.jpg'><img src=http:\/\/ski.inmontanis.info\/d\/337410-4\/DSC01946.jpg \/><\/a><br \/>\n^ SL Drom &#8211; egal ob Sonne oder nicht, Beleuchtung wird ab 16 Uhr eingschaltet&#8230; Lift f\u00e4hrt bis 17 Uhr und mehrmals pro Woche nochmals ab 18 Uhr<\/p>\n<p><a href='http:\/\/ski.inmontanis.info\/d\/337415-3\/ge20250215-19a.jpg'><img src=http:\/\/ski.inmontanis.info\/d\/337414-4\/ge20250215-19a.jpg \/><\/a><br \/>\n^ GPS-Track vorherige Besuche in T\u00fcrkis und die anderen Farben 15.-19.2.2025. Immerhin 5 Tage und an allen Tagen waren alle oberen Lifte in Betrieb! Das kenn ich auch anders.<\/p>\n<p>Bevor es ab Freitag Plusgrade und evtl. etwas Regen geben soll, gibt es heute Nacht und morgen Vormittag erst noch einmal zweistellige Minusgrade. Gut, dass ich heut Nacht also nochmal Campingplatz mit Strom hab..<\/p>\n<p>Geplant f\u00fcr die n\u00e4chsten Tage war morgen+\u00fcbermorgen Trillevallen, Samstag Eds\u00e5sdalen und Gruvbacken am Sonntag. Dass es ausgerechnet am Sonntag sonnig werden soll, wo Gruvbacken ja auf der schattigen Nordseite vom \u00c5reskutan ist, l\u00e4\u00dft mich an dieser Reihenfolge etwas zweifeln..<\/p>\n<p>Da ich zudem in Eds\u00e5sdalen keinen Wind wegen des oberen SL brauch, k\u00f6nnte ich auch das morgen vorziehen, zudem morgen das Wetter besser sein soll als am SA und wenn ich schon 500,- SEK samt neuer Keycard dort zu zahlen bereit bin &#8230;  (Morgen und Montag hab ich mir ganz, Freitag &#8220;halbtags&#8221; (also ab 9:30 Uhr) Urlaub genommen.) <\/p>\n<p>Bydalen ist nicht nur einer der vielen Gr\u00fcnde, warum ich gerne in Schweden Ski fahre, sondern auch ein wichtiges Mitglied f\u00fcr mich beim Scandinavian Skipass. Dank des Neuschnees und der offenen Lifte waren die 5 Tage durchaus erfolgreich, wenn auch teilweise etwas arg kalt.<\/p>\n<p>F\u00fcr mehr und sch\u00f6nere Bilder aus Bydalen empfehle ich meine vorherigen Berichte.<\/p>\n<p>&#8211; &#8211; &#8211;<\/p>\n<p>Und weil es in der Politik momentan rund geht..<\/p>\n<p>Deutschland: &#8220;Warum die Bundestagswahl keine demokratische Wahl ist&#8221;<br \/>\n<a href='https:\/\/reitschuster.de\/post\/warum-die-bundestagswahl-keine-demokratische-wahl-ist\/'>https:\/\/reitschuster.de\/post\/warum-die-bundestagswahl-keine-demokratische-wahl-ist\/<\/a><\/p>\n<p>&#8220;Wie Trump und Musk den Sumpf des Tiefen Staates in Washington austrocknen&#8221;<br \/>\n<a href='https:\/\/anti-spiegel.ru\/2025\/wie-trump-und-musk-den-sumpf-des-tiefen-staates-in-washington-austrocknen\/'>https:\/\/anti-spiegel.ru\/2025\/wie-trump-und-musk-den-sumpf-des-tiefen-staates-in-washington-austrocknen\/<\/a><\/p>\n<p>&#8220;Deutsche Medien zitieren US-Au\u00dfenminister Rubio mit den Worten, die Europ\u00e4er m\u00fcssten an k\u00fcnftigen Verhandlungsrunden \u00fcber die Ukraine beteiligt werden. Wie so oft verschweigen sie dabei wichtige Teile der Erkl\u00e4rung.&#8221;<br \/>\n<a href='https:\/\/anti-spiegel.ru\/2025\/was-rubio-ueber-die-aufhebung-von-sanktionen-und-eine-beteiligung-der-eu-an-verhandlungen-gesagt-hat\/'>https:\/\/anti-spiegel.ru\/2025\/was-rubio-ueber-die-aufhebung-von-sanktionen-und-eine-beteiligung-der-eu-an-verhandlungen-gesagt-hat\/<\/a><\/p>\n","protected":false},"excerpt":{"rendered":"<p>Sa, 15.2.2025<\/p>\n<p>\u00dcber Nacht fielen noch 1-2 cm Schnee. Um 9:45 kam ich am vorderen Skigebietsparkplatz an, auf der Fahrt war es zumeist -9\u00b0 und bedeckt, das f\u00fcr hier sonnig gemeldete Wetter schien sich (zumindest noch) \u00fcber \u00d6stersund abzuspielen, wobei f\u00fcr die n\u00e4chsten Tage auch wenig\/keine Sonne gemeldet sein w\u00fcrde.<\/p>\n<p>Da ich entweder bis MI <a href=\"http:\/\/blog.inmontanis.info\/?p=10629\">[&#8230;]<\/a><\/p>\n","protected":false},"author":1,"featured_media":10631,"comment_status":"closed","ping_status":"closed","sticky":false,"template":"","format":"standard","meta":{"footnotes":""},"categories":[940,683,19,27],"tags":[47],"class_list":["post-10629","post","type-post","status-publish","format-standard","has-post-thumbnail","hentry","category-2025-01-alpenskandinavien","category-bydalen","category-schwedensweden","category-skifahren-winterskiing-winter","tag-sl","odd"],"_links":{"self":[{"href":"http:\/\/blog.inmontanis.info\/index.php?rest_route=\/wp\/v2\/posts\/10629","targetHints":{"allow":["GET"]}}],"collection":[{"href":"http:\/\/blog.inmontanis.info\/index.php?rest_route=\/wp\/v2\/posts"}],"about":[{"href":"http:\/\/blog.inmontanis.info\/index.php?rest_route=\/wp\/v2\/types\/post"}],"author":[{"embeddable":true,"href":"http:\/\/blog.inmontanis.info\/index.php?rest_route=\/wp\/v2\/users\/1"}],"replies":[{"embeddable":true,"href":"http:\/\/blog.inmontanis.info\/index.php?rest_route=%2Fwp%2Fv2%2Fcomments&post=10629"}],"version-history":[{"count":2,"href":"http:\/\/blog.inmontanis.info\/index.php?rest_route=\/wp\/v2\/posts\/10629\/revisions"}],"predecessor-version":[{"id":10632,"href":"http:\/\/blog.inmontanis.info\/index.php?rest_route=\/wp\/v2\/posts\/10629\/revisions\/10632"}],"wp:featuredmedia":[{"embeddable":true,"href":"http:\/\/blog.inmontanis.info\/index.php?rest_route=\/wp\/v2\/media\/10631"}],"wp:attachment":[{"href":"http:\/\/blog.inmontanis.info\/index.php?rest_route=%2Fwp%2Fv2%2Fmedia&parent=10629"}],"wp:term":[{"taxonomy":"category","embeddable":true,"href":"http:\/\/blog.inmontanis.info\/index.php?rest_route=%2Fwp%2Fv2%2Fcategories&post=10629"},{"taxonomy":"post_tag","embeddable":true,"href":"http:\/\/blog.inmontanis.info\/index.php?rest_route=%2Fwp%2Fv2%2Ftags&post=10629"}],"curies":[{"name":"wp","href":"https:\/\/api.w.org\/{rel}","templated":true}]}}