{"id":1062,"date":"2010-01-29T12:00:34","date_gmt":"2010-01-29T11:00:34","guid":{"rendered":"http:\/\/blog.inmontanis.info\/?p=1062"},"modified":"2023-07-30T21:47:09","modified_gmt":"2023-07-30T19:47:09","slug":"la-colmiane-29-1-2010","status":"publish","type":"post","link":"http:\/\/blog.inmontanis.info\/?p=1062","title":{"rendered":"La Colmiane, 29.1.2010"},"content":{"rendered":"<p><strong>29.1.2010 &#8211; 7. Tag &#8211; Teil 1: La Colmiane<\/strong><\/p>\n<p><img src=http:\/\/ski.inmontanis.info\/d\/107698-2\/ge_suedalpen201001.jpg \/><br \/>\nK: La Colmiane<\/p>\n<p>Vorabend<\/p>\n<p>Um 16:45 fuhr ich von Greolieres los, und bei knapp 2h Autofahrt nach Colmiane sollte man doch problemlos ein Zimmer finden k\u00f6nnen und dort Abend essen k\u00f6nnen?<!--more--><\/p>\n<p>Tjaaaa&#8230;. Denkste!<\/p>\n<p>Die Fahrt \u00fcber den Col Vence nach Vence war ja noch ganz nett, aber dann wurde es doch extremst nervig, hier, oberhalb von Nizza. Als ich endlich von Vence wieder runter kam, ging mein Navi mal nicht und ich in die falsche Richtung abgebogen. Wollte eigentlich zur Tankstelle und landete auf der Schnellstra\u00dfe nach Nizza&#8230; und am R\u00fcckweg dito, eigentlich wollt ich auf der anderen Seite des Flusses fahren, aber irgendwie hie\u00df es dann pl\u00f6tzlich Autobahn, das wollt ich nicht, und schwubbs war ich wieder auf der Schnellstra\u00dfe. &#8230; und dann hat mich mein Navi falsch gelotst zu der Tankstelle und ich musste noch mal umkehren. Grummel. Und dann geht die Zapfs\u00e4ule nicht. L\u00f6sung? Man muss im Vorhinein rein ins Gesch\u00e4fft und an der Kasse zahlen, f\u00fcr wieviel man tanken will, und dann geht&#8217;s erst.. boahhh&#8230;.<\/p>\n<p>So kam es, dass ich erst gegen 20 Uhr in Colmiane ankam, immer auf der Suche nach Hotels, aber nix (brauchbares) gefunden. In Colmiane hab ich nur eins am Sessel gefunden, Mini, die waren mit 4-5 Autos ausgebucht.<\/p>\n<p>&#8230; weiter ins Tinee-Tal, durch Isola bis nach St. Etienne, wo ich gegen 21:20 Uhr endlich ein 1-Sterne-Hotel fand, 40km von Colmiane entfernt, am Fu\u00dfe des Skigebiets von Auron, wo ich eigentlich gar nicht hinwollte&#8230; <\/p>\n<p>Hotel+Zimmer sind aber in Ordnung, keine Ahnung, was hier 1 Stern weniger wert ist&#8230; Pizza hab ich noch gegessen, war ganz OK, 50,- kostet das Zimmer mit Fr\u00fchst\u00fcck, Pizza irgendwas um die 10,- mehr. W\u00e4hrend ich in Italien in jedem Hotel meinen Ausweis \u00fcber Nacht an der Rezeption deponieren muss, musste ich hier in Frankreich im ersten Hotel gerade mal meinen Namen und meine Handynummer sagen, gestern h\u00e4tte der Ausweis kopiert werden sollen (aber der Kopierer streikte) und heute, die wollte gar nix von mir :)<\/p>\n<p>Auron\/Etienne schaut vom Plan her so la-la aus, kann man mal mitnehmen, muss man aber wohl nicht, lt. GE hatte ich&#8217;s ziemlich modelliert in Erinnerung &#8211; also was tun? Trotzdem es mal hier probieren? Oder wieder die 50 Minuten nach Colmiane morgen fr\u00fch? M\u00fcsste man v.a. wissen, wie morgen die Meer-Sicht wird &#8211; wenn kein Meerblick dann br\u00e4ucht ich nicht zum Turini und dann br\u00e4ucht ich vorher auch nicht unbedingt nach la Colmiane&#8230;.<\/p>\n<p>&#8212;<\/p>\n<p>Das Fr\u00fchst\u00fcck war dann doch recht verbesserungsw\u00fcrdig &#8211; das Toastbrot war nichts besonderes, das andere Brot erst recht nicht, das Erdbeer-Apfel-Kompott im Becher war noch am besten &#8230;<\/p>\n<p>Bin dann doch nach La Colmiane und hab mir die Halbtageskarte um 11,50 gekauft. Naja. Wenn man nicht dort war, hat man auch nicht wirklich was verpasst. Obwohl ich die 3 Stunden gebraucht hab, um alle Abfahren durch zu fahren und die eine oder andere ja ganz nett war, in Summe kein Grund f\u00fcr einen Wiederholungsbesuch.<\/p>\n<p>Fotos, anklicken zum Vergr\u00f6\u00dfern:<\/p>\n<p><a href='http:\/\/ski.inmontanis.info\/d\/109481-2\/P1470620.JPG'><img src=http:\/\/ski.inmontanis.info\/d\/109479-3\/P1470620.JPG \/><\/a><br \/>\n^ Pistenplan<\/p>\n<p><a href='http:\/\/ski.inmontanis.info\/d\/109485-2\/ge_colmiane20100129.jpg'><img src=http:\/\/ski.inmontanis.info\/d\/109484-3\/ge_colmiane20100129.jpg \/><\/a><br \/>\n^ GPS-Track, rechts sieht man eine schmale, stillgelegte Waldschneise, m\u00fcsste man aber noch fahren k\u00f6nnen und zum SL kommen&#8230;<\/p>\n<p><a href='http:\/\/ski.inmontanis.info\/d\/109489-2\/P1470579.JPG'><img src=http:\/\/ski.inmontanis.info\/d\/109488-3\/P1470579.JPG \/><\/a><br \/>\n^ Vorne der \u00dcbungs-KSSL du Col, dahinter KSSL du Conquet (erst am sp\u00e4teren Vormittag in Betrieb)<\/p>\n<p><a href='http:\/\/ski.inmontanis.info\/d\/109494-2\/P1470581.JPG'><img src=http:\/\/ski.inmontanis.info\/d\/109493-3\/P1470581.JPG \/><\/a><br \/>\n^ KSSL de la Banane (&#8230;.), Zubringer zur 4SB und KSSL du Pic<\/p>\n<p><a href='http:\/\/ski.inmontanis.info\/d\/109498-2\/P1470582.JPG'><img src=http:\/\/ski.inmontanis.info\/d\/109497-3\/P1470582.JPG \/><\/a><br \/>\n^ Abfahrt 4 links der 4SB mit Talpano<\/p>\n<p><a href='http:\/\/ski.inmontanis.info\/d\/109502-2\/P1470583.JPG'><img src=http:\/\/ski.inmontanis.info\/d\/109501-3\/P1470583.JPG \/><\/a><br \/>\n^ Blick r\u00fcber zum Conquet samt KSSL und Abfahrten<\/p>\n<p><a href='http:\/\/ski.inmontanis.info\/d\/109506-2\/P1470585.JPG'><img src=http:\/\/ski.inmontanis.info\/d\/109505-3\/P1470585.JPG \/><\/a><br \/>\n^ Nette, V-f\u00f6rmige unpr\u00e4parierte Abfahrtsvariante<\/p>\n<p><a href='http:\/\/ski.inmontanis.info\/d\/109510-2\/P1470586.JPG'><img src=http:\/\/ski.inmontanis.info\/d\/109509-3\/P1470586.JPG \/><\/a><br \/>\n^ Rote Abfahrt 15 links der 4SB, und ehemalige SL-Trasse (?)<\/p>\n<p><a href='http:\/\/ski.inmontanis.info\/d\/109514-2\/P1470587.JPG'><img src=http:\/\/ski.inmontanis.info\/d\/109513-3\/P1470587.JPG \/><\/a><br \/>\n^ Talpano von der 4SB-Bergstation<\/p>\n<p><a href='http:\/\/ski.inmontanis.info\/d\/109519-2\/P1470589.JPG'><img src=http:\/\/ski.inmontanis.info\/d\/109518-3\/P1470589.JPG \/><\/a><br \/>\n^ Zoom-Pano<\/p>\n<p><a href='http:\/\/ski.inmontanis.info\/d\/109523-2\/P1470590.JPG'><img src=http:\/\/ski.inmontanis.info\/d\/109522-3\/P1470590.JPG \/><\/a><br \/>\n^ Zoom-Pano, im Original kann man 2 Lifte erkennen.<\/p>\n<p><a href='http:\/\/ski.inmontanis.info\/d\/109527-2\/P1470596.JPG'><img src=http:\/\/ski.inmontanis.info\/d\/109526-3\/P1470596.JPG \/><\/a><br \/>\n^ Start der Abfahrten rechts der 4SB, hier stehen ein paar ehemalige KSSL-St\u00fctzen rum &#8230;<\/p>\n<p><a href='http:\/\/ski.inmontanis.info\/d\/109531-2\/P1470600.JPG'><img src=http:\/\/ski.inmontanis.info\/d\/109530-3\/P1470600.JPG \/><\/a><br \/>\n^ Abfahrt und Talstation KSSL de St. Dalmas<\/p>\n<p><a href='http:\/\/ski.inmontanis.info\/d\/109535-2\/P1470603.JPG'><img src=http:\/\/ski.inmontanis.info\/d\/109534-3\/P1470603.JPG \/><\/a><br \/>\n^ Blick von der Bergstation KSSL St Dalmas zur 4SB mit diversen Abfahrten<\/p>\n<p><a href='http:\/\/ski.inmontanis.info\/d\/109539-2\/P1470607.JPG'><img src=http:\/\/ski.inmontanis.info\/d\/109538-3\/P1470607.JPG \/><\/a><br \/>\n^ St\u00fctze KSSL Dalmas, von Montagner<\/p>\n<p><a href='http:\/\/ski.inmontanis.info\/d\/109543-2\/P1470608.JPG'><img src=http:\/\/ski.inmontanis.info\/d\/109542-3\/P1470608.JPG \/><\/a><br \/>\n^ St\u00fctzennummernschild mit Montagner-Logo &#8211; inkl. Sessel im Logo (mir ist aber noch kein Montagner-Sessellift bisher untergekommen)<\/p>\n<p><a href='http:\/\/ski.inmontanis.info\/d\/109547-2\/P1470609.JPG'><img src=http:\/\/ski.inmontanis.info\/d\/109546-3\/P1470609.JPG \/><\/a><br \/>\n^ Talpano (S\u00fcden)<\/p>\n<p><a href='http:\/\/ski.inmontanis.info\/d\/109551-2\/P1470612.JPG'><img src=http:\/\/ski.inmontanis.info\/d\/109550-3\/P1470612.JPG \/><\/a><br \/>\n^ Tiefblicke &#8211; hier geht&#8217;s steil abw\u00e4rts&#8230;<\/p>\n<p><a href='http:\/\/ski.inmontanis.info\/d\/109555-2\/P1470613.JPG'><img src=http:\/\/ski.inmontanis.info\/d\/109554-3\/P1470613.JPG \/><\/a><br \/>\n^ Bergstation KSSL du Conquet<\/p>\n<p><a href='http:\/\/ski.inmontanis.info\/d\/109559-2\/P1470614.JPG'><img src=http:\/\/ski.inmontanis.info\/d\/109558-3\/P1470614.JPG \/><\/a><br \/>\n^ Bergstation KSSL du Conquet, extrem rostig :)<\/p>\n<p><a href='http:\/\/ski.inmontanis.info\/d\/109563-2\/P1470616.JPG'><img src=http:\/\/ski.inmontanis.info\/d\/109562-3\/P1470616.JPG \/><\/a><br \/>\n^ Schwarze Buckelpiste am KSSL du Conquet und Blick zur Station Colmiane am Pass<\/p>\n<p><a href='http:\/\/ski.inmontanis.info\/d\/109567-2\/P1470618.JPG'><img src=http:\/\/ski.inmontanis.info\/d\/109566-3\/P1470618.JPG \/><\/a><br \/>\n^ 4SB und Abfahrten<\/p>\n","protected":false},"excerpt":{"rendered":"<p>29.1.2010 &#8211; 7. Tag &#8211; Teil 1: La Colmiane<\/p>\n<p> K: La Colmiane<\/p>\n<p>Vorabend<\/p>\n<p>Um 16:45 fuhr ich von Greolieres los, und bei knapp 2h Autofahrt nach Colmiane sollte man doch problemlos ein Zimmer finden k\u00f6nnen und dort Abend essen k\u00f6nnen?<\/p>\n<p> <a href=\"http:\/\/blog.inmontanis.info\/?p=1062\">[&#8230;]<\/a><\/p>\n","protected":false},"author":1,"featured_media":0,"comment_status":"open","ping_status":"closed","sticky":false,"template":"","format":"standard","meta":{"footnotes":""},"categories":[71,16,312,27],"tags":[49,48],"class_list":["post-1062","post","type-post","status-publish","format-standard","hentry","category-201001-southernalps","category-france","category-la-colmiane","category-skifahren-winterskiing-winter","tag-4sb","tag-kssl","odd"],"_links":{"self":[{"href":"http:\/\/blog.inmontanis.info\/index.php?rest_route=\/wp\/v2\/posts\/1062","targetHints":{"allow":["GET"]}}],"collection":[{"href":"http:\/\/blog.inmontanis.info\/index.php?rest_route=\/wp\/v2\/posts"}],"about":[{"href":"http:\/\/blog.inmontanis.info\/index.php?rest_route=\/wp\/v2\/types\/post"}],"author":[{"embeddable":true,"href":"http:\/\/blog.inmontanis.info\/index.php?rest_route=\/wp\/v2\/users\/1"}],"replies":[{"embeddable":true,"href":"http:\/\/blog.inmontanis.info\/index.php?rest_route=%2Fwp%2Fv2%2Fcomments&post=1062"}],"version-history":[{"count":3,"href":"http:\/\/blog.inmontanis.info\/index.php?rest_route=\/wp\/v2\/posts\/1062\/revisions"}],"predecessor-version":[{"id":1065,"href":"http:\/\/blog.inmontanis.info\/index.php?rest_route=\/wp\/v2\/posts\/1062\/revisions\/1065"}],"wp:attachment":[{"href":"http:\/\/blog.inmontanis.info\/index.php?rest_route=%2Fwp%2Fv2%2Fmedia&parent=1062"}],"wp:term":[{"taxonomy":"category","embeddable":true,"href":"http:\/\/blog.inmontanis.info\/index.php?rest_route=%2Fwp%2Fv2%2Fcategories&post=1062"},{"taxonomy":"post_tag","embeddable":true,"href":"http:\/\/blog.inmontanis.info\/index.php?rest_route=%2Fwp%2Fv2%2Ftags&post=1062"}],"curies":[{"name":"wp","href":"https:\/\/api.w.org\/{rel}","templated":true}]}}