{"id":10617,"date":"2025-02-10T18:32:31","date_gmt":"2025-02-10T17:32:31","guid":{"rendered":"http:\/\/blog.inmontanis.info\/?p=10617"},"modified":"2025-02-14T18:49:09","modified_gmt":"2025-02-14T17:49:09","slug":"lofsdalen-10-2-2025-endlich-sl-tvaren","status":"publish","type":"post","link":"http:\/\/blog.inmontanis.info\/?p=10617","title":{"rendered":"Lofsdalen, 10.2.2025 &#8211; ENDLICH: SL Tv\u00e4ren"},"content":{"rendered":"<p><strong>Mo, 10.2.2025<\/strong><\/p>\n<p>Das Bild h\u00e4tte in den gestrigen Bericht gesollt:<br \/>\n<a href='http:\/\/ski.inmontanis.info\/d\/337103-3\/DSC01808.jpg'><img src=http:\/\/ski.inmontanis.info\/d\/337102-4\/DSC01808.jpg \/><\/a><br \/>\n^ Blick ins Skigebiet vom Campingplatz<\/p>\n<p>&#8211;<br \/>\nAls ich (nach der Arbeit) am Skigebiet ankam, eine lange Schlange an der 6KSB, aber es fuhr gerade ein Sessel leer.. wie hei\u00dft&#8217;s so sch\u00f6n: &#8220;Die menschliche Dummheit und das Weltall sind grenzenlos, aber beim Weltall bin ich mir nicht sicher &#8230;&#8221; <\/p>\n<p>Am SL war nix los, aber der ist ja etwas umst\u00e4ndlich zu erreichen vom Tal aus, zumal das Fahren mit dem \u00dcbungslift mit den Anf\u00e4ngern auch nervenaufreibend ist. Trotzdem zog ich das vor.<\/p>\n<p><a href='http:\/\/ski.inmontanis.info\/d\/337107-2\/DSC01811.jpg'><img src=http:\/\/ski.inmontanis.info\/d\/337106-3\/DSC01811.jpg \/><\/a><br \/>\n^ B\u00e4h, massig viele Leute an der 6KSB Sektion 1 (und um 15:45 fast gleich viel) &#8211; da umfahr ich lieber erst mit dem \u00dcbungs-SL und dann ..<\/p>\n<p><a href='http:\/\/ski.inmontanis.info\/d\/337111-2\/DSC01814.jpg'><img src=http:\/\/ski.inmontanis.info\/d\/337110-3\/DSC01814.jpg \/><\/a><br \/>\n^ .. mit dem Skogsliften. Oben rechts zu sehen die schwarze Abfahrt, die heuer noch nicht ge\u00f6ffnet ist. Letztes Jahr bin ich sie ja auch nicht gefahren, weil sie mir zu kunstbeeist aussah<\/p>\n<p>Letztes Jahr konnte ich ja erstmals den KSSL parallel zur oberen 6KSB fahren, der lief heute nicht, aber heute war endlich, endlich einmal der rechteste SL Tv\u00e4ren offen, der ja unten und oben etwas l\u00e4nger als der daneben liegende Bergslift ist. Den Lift rechts daneben gibts ja leider nicht mehr.<\/p>\n<p>Die Abfahrten unter der Auflage schon wesentlich h\u00e4rter und im 6KSB-Bereich auch Eisplatten. Da war Fj\u00e4tervalen gestern viel besser und hoffentlich vermutlich auch T\u00e4nn\u00e4s, also dann lieber morgen dort und nicht nochmals Lofsdalen.<\/p>\n<p>Da es mir an der unteren 6KSB auch nach 15:30 noch zu voll war, hab ich halt gleich aufgeh\u00f6rt, ohne sie heute gefahren zu sein. Erst wenige Minuten vor Betriebsschluss kurz vor 16 Uhr w\u00e4re es dort leerer gewesen.<\/p>\n<p><a href='http:\/\/ski.inmontanis.info\/d\/337115-2\/DSC01815.jpg'><img src=http:\/\/ski.inmontanis.info\/d\/337114-3\/DSC01815.jpg \/><\/a><br \/>\n^ Den SL Bergsliften bin ich heute nicht so oft gefahren &#8230;<\/p>\n<p><a href='http:\/\/ski.inmontanis.info\/d\/337119-2\/DSC01817.jpg'><img src=http:\/\/ski.inmontanis.info\/d\/337118-3\/DSC01817.jpg \/><\/a><br \/>\n^ .. da der SL Tv\u00e4ren endlich einmal offen war, wenn ich da bin. Noch nie erlebt bisher.<\/p>\n<p><a href='http:\/\/ski.inmontanis.info\/d\/337123-2\/DSC01818.jpg'><img src=http:\/\/ski.inmontanis.info\/d\/337122-3\/DSC01818.jpg \/><\/a><br \/>\n^ SL Tv\u00e4ren Talstation. Hier soll es auch einen Parkplatz geben oder zumindest gegeben haben<\/p>\n<p><a href='http:\/\/ski.inmontanis.info\/d\/337127-2\/DSC01819.jpg'><img src=http:\/\/ski.inmontanis.info\/d\/337126-3\/DSC01819.jpg \/><\/a><br \/>\n^ SL Tv\u00e4ren<\/p>\n<p><a href='http:\/\/ski.inmontanis.info\/d\/337131-2\/DSC01820.jpg'><img src=http:\/\/ski.inmontanis.info\/d\/337130-3\/DSC01820.jpg \/><\/a><br \/>\n^ Rechts vom SL Tv\u00e4ren gab es ja einst einen weiteren Lift &#8211; leider ist der nicht mehr. VIelleicht war das links damals eine V\u00e4rmestuga<\/p>\n<p><a href='http:\/\/ski.inmontanis.info\/d\/337135-2\/DSC01822.jpg'><img src=http:\/\/ski.inmontanis.info\/d\/337134-3\/DSC01822.jpg \/><\/a><br \/>\n^ SL Tv\u00e4ren<\/p>\n<p><a href='http:\/\/ski.inmontanis.info\/d\/337139-2\/DSC01824.jpg'><img src=http:\/\/ski.inmontanis.info\/d\/337138-3\/DSC01824.jpg \/><\/a><br \/>\n^ SL Tv\u00e4ren<\/p>\n<p><a href='http:\/\/ski.inmontanis.info\/d\/337143-2\/DSC01825.jpg'><img src=http:\/\/ski.inmontanis.info\/d\/337142-3\/DSC01825.jpg \/><\/a><br \/>\n^ SL Tv\u00e4ren<\/p>\n<p><a href='http:\/\/ski.inmontanis.info\/d\/337147-2\/DSC01826.jpg'><img src=http:\/\/ski.inmontanis.info\/d\/337146-3\/DSC01826.jpg \/><\/a><br \/>\n^ SL Tv\u00e4ren hat den Vorteil, dass er oben viel weiter hinauf geht als der Bergsliften, somit man oben noch mehr Abfahrtsm\u00f6glichkeiten hat &#8211; aber von hier aus alle links, leider nix rechts.<\/p>\n<p><a href='http:\/\/ski.inmontanis.info\/d\/337151-2\/DSC01827.jpg'><img src=http:\/\/ski.inmontanis.info\/d\/337150-3\/DSC01827.jpg \/><\/a><br \/>\n^ Oberer Verbindungsweg von der 6KSB Sektion 2 aus, bin ich sp\u00e4ter gefahren, krasse Blankeisplatten!!<br \/>\n(An der oberen 6KSB \u00fcbrigens keine Wartezeiten)<\/p>\n<p><a href='http:\/\/ski.inmontanis.info\/d\/337155-2\/DSC01828.jpg'><img src=http:\/\/ski.inmontanis.info\/d\/337154-3\/DSC01828.jpg \/><\/a><br \/>\n^ Abfahrt SL Tv\u00e4ren oberhalb Bergsliften<\/p>\n<p><a href='http:\/\/ski.inmontanis.info\/d\/337159-2\/DSC01829.jpg'><img src=http:\/\/ski.inmontanis.info\/d\/337158-3\/DSC01829.jpg \/><\/a><br \/>\n^ 6KSB Sektion 2, auch auf der steilen Abfahrt direkt an der KSB gab es einige braune Eisplatten; der parallele KSSL war leider nicht in Betrieb<\/p>\n<p><a href='http:\/\/ski.inmontanis.info\/d\/337163-2\/DSC01831.jpg'><img src=http:\/\/ski.inmontanis.info\/d\/337162-3\/DSC01831.jpg \/><\/a><br \/>\n^ Links der 6KSB Sektion 2 ist offiziell nur 1 Abfahrt offen, ich bin zus\u00e4tzlich die \u00e4u\u00dfere gefahren, aber .. steinig\/felsig, aufpassen.<\/p>\n<p><a href='http:\/\/ski.inmontanis.info\/d\/337167-2\/DSC01835.jpg'><img src=http:\/\/ski.inmontanis.info\/d\/337166-3\/DSC01835.jpg \/><\/a><br \/>\n^ R\u00fcckseitenpano, schade, dass es hier nicht noch einen Lift gibt.<\/p>\n<p><a href='http:\/\/ski.inmontanis.info\/d\/337171-2\/DSC01838.jpg'><img src=http:\/\/ski.inmontanis.info\/d\/337170-3\/DSC01838.jpg \/><\/a><br \/>\n^ R\u00fcckseitenpano, rechts der wei\u00dfen Berge dahinter sieht man Abfahrtsschneisen &#8211; durch Ausschlussverfahren kann das nur Bj\u00f6rnrike sein<\/p>\n<p><a href='http:\/\/ski.inmontanis.info\/d\/337175-2\/DSC01840.jpg'><img src=http:\/\/ski.inmontanis.info\/d\/337174-3\/DSC01840.jpg \/><\/a><br \/>\n^ Abenteuerpiste an der unteren KSB hat auch noch wenig Schnee und es muss stets mit Feindkontakt gerechnet werden<\/p>\n<p><a href='http:\/\/ski.inmontanis.info\/d\/337179-2\/DSC01843.jpg'><img src=http:\/\/ski.inmontanis.info\/d\/337178-3\/DSC01843.jpg \/><\/a><br \/>\n^ R\u00fcckseitenpano, links mit Mond und &#8230;<\/p>\n<p><a href='http:\/\/ski.inmontanis.info\/d\/337183-2\/DSC01844.jpg'><img src=http:\/\/ski.inmontanis.info\/d\/337182-3\/DSC01844.jpg \/><\/a><br \/>\n^ .. vielen Windkraftanlagen<\/p>\n<p><a href='http:\/\/ski.inmontanis.info\/d\/337187-2\/DSC01845.jpg'><img src=http:\/\/ski.inmontanis.info\/d\/337186-3\/DSC01845.jpg \/><\/a><br \/>\n^ Seitenpano<\/p>\n<p><a href='http:\/\/ski.inmontanis.info\/d\/337191-2\/DSC01846.jpg'><img src=http:\/\/ski.inmontanis.info\/d\/337190-3\/DSC01846.jpg \/><\/a><br \/>\n^ Pano mit Sky Bar<\/p>\n<p><a href='http:\/\/ski.inmontanis.info\/d\/337195-2\/DSC01847.jpg'><img src=http:\/\/ski.inmontanis.info\/d\/337194-3\/DSC01847.jpg \/><\/a><br \/>\n^ Nicht nur in den Dolomiten sind abendrot-beleuchtete Berge sch\u00f6n ;) (16:35 Uhr)<\/p>\n<p><a href='http:\/\/ski.inmontanis.info\/d\/337199-2\/ge20250210a.jpg'><img src=http:\/\/ski.inmontanis.info\/d\/337198-3\/ge20250210a.jpg \/><\/a><br \/>\n^ GPS-Track 10.2.2025 in Gelb, vorherige Besuche in Magenta, Ex-SL in Rot und quasi in Knallgelb der heute erstmals gefahrene SL Tv\u00e4ren<\/p>\n<p>Lofsdalen k\u00f6nnte ein sch\u00f6nes Skigebiet sein, wenn es die beiden 6KSBen nicht geben w\u00fcrde. Das sag ich nicht, weil sie mir als 6KSB an sich auf den Keks gehen (sind altmodisch ohne Zwangsverriegelung), aber weil sie so viele Leute anziehen, dadurch viel Leute auf der Piste sind, dadurch die Schneebedingungen auf den Pisten schlechter sind etc. Ja, leider war ich letztes Jahr zu Weihnachten, heuer in den Sportferien und evtl. dann wieder zu den Osterferien da, aber daher war ja heute endlich der Tv\u00e4ren-SL mal in Betrieb. <\/p>\n<p>Ich m\u00fcsste noch bissl was einkaufen, damit es bis Samstag reichen w\u00fcrde, der Supermarkt ist gegen\u00fcber der Einfahrt des Campingplatzes. Um mein Auto zu schonen, fuhr ich aber gleich zum Stellplatz runter und ging zu Fu\u00df das St\u00fcck rauf.  Und in der Zwischenzeit heizt der Heizl\u00fcfter mein Auto hoffentlich auf ohne es abzufackeln ;)<\/p>\n<p>Jedenfalls w\u00fcrde sich Samstag anbieten, nach dem Skifahren in T\u00e4nn\u00e4s nach Bydalen zu wechseln bzw. eine Nacht in \u00c5sarna einzulegen. Der dortige Campingplatz ist mit 220,- SEK pro Nacht und inkl Strom einfach nach wie vor zu g\u00fcnstig um ihn zu ignorieren ;)<\/p>\n<p>Ob ich das g\u00fcnstige Lunch-Buffet dort um 125,- schaff, das es bis 16 Uhr gibt oder ich das etwas teurere Abendbuffet um 145,- zahlen m\u00fcsste, wird sich zeigen. <\/p>\n<p>Irgendeiner machte heut Abend am Campingplatz sehr viel L\u00e4rm, indem er laut Musik h\u00f6rte. Aber zum Gl\u00fcck nicht so lang.<\/p>\n<p>Bianka &#038; Uwe, auf deren \u00fcblichen Stellplatz ich hier gerade steh und den sie heuer zu Weihnachten nicht bekommen hatten, sind diesmal ja vor mir in den Norden gefahren, die werden schon in n\u00e4chster Zeit in Bj\u00f6rkliden + Narvik sein, was dort oben ja quasi Saisonstart bedeutet und somit schneemengenm\u00e4\u00dfig noch etwas wenig sein kann. Bis ich allerdings dort oben im Norden bin, werden sie wieder auf dem Weg nach S\u00fcden sein, also zweifelhaft, ob wir uns heuer \u00fcber den Weg laufen. Hier der Link zu ihrem heurigen Bericht: <a href='https:\/\/ski-web24.de\/reisen\/2024-25_winterreise\/frame.htm'>https:\/\/ski-web24.de\/reisen\/2024-25_winterreise\/frame.htm<\/a><\/p>\n<p>Jedenfalls sind wir schon seit Monaten (oder eigentlich seit \u00fcber einem Jahr) in regem Email-Kontakt, was recht praktisch ist, um  Erfahrungen, Preise usw. mit Campingpl\u00e4tzen und Skigebieten (aktuelle Bilder, Pistenzustand etc.) oder auch zu beheizten Handschuhen etc. auszutauschen. <\/p>\n<p>&#8211;<\/p>\n<p>Falls jemand noch &#8220;Platz&#8221; hat, dem kann ich \u00fcbrigens diesen Vanlife-Kanal empfehlen, egal ob aus dem Himalaya oder aus Arabien:<br \/>\n<a href='https:\/\/www.youtube.com\/watch?v=oX6skJpgjWM'>https:\/\/www.youtube.com\/watch?v=oX6skJpgjWM<\/a><\/p>\n","protected":false},"excerpt":{"rendered":"<p>Mo, 10.2.2025<\/p>\n<p>Das Bild h\u00e4tte in den gestrigen Bericht gesollt: ^ Blick ins Skigebiet vom Campingplatz<\/p>\n<p>&#8211; Als ich (nach der Arbeit) am Skigebiet ankam, eine lange Schlange an der 6KSB, aber es fuhr gerade ein Sessel leer.. wie hei\u00dft&#8217;s so sch\u00f6n: &#8220;Die menschliche Dummheit und das Weltall sind grenzenlos, aber beim Weltall bin ich <a href=\"http:\/\/blog.inmontanis.info\/?p=10617\">[&#8230;]<\/a><\/p>\n","protected":false},"author":1,"featured_media":10622,"comment_status":"closed","ping_status":"closed","sticky":false,"template":"","format":"standard","meta":{"footnotes":""},"categories":[940,645,19,27],"tags":[56,47],"class_list":["post-10617","post","type-post","status-publish","format-standard","has-post-thumbnail","hentry","category-2025-01-alpenskandinavien","category-lofsdalen","category-schwedensweden","category-skifahren-winterskiing-winter","tag-6sb","tag-sl","odd"],"_links":{"self":[{"href":"http:\/\/blog.inmontanis.info\/index.php?rest_route=\/wp\/v2\/posts\/10617","targetHints":{"allow":["GET"]}}],"collection":[{"href":"http:\/\/blog.inmontanis.info\/index.php?rest_route=\/wp\/v2\/posts"}],"about":[{"href":"http:\/\/blog.inmontanis.info\/index.php?rest_route=\/wp\/v2\/types\/post"}],"author":[{"embeddable":true,"href":"http:\/\/blog.inmontanis.info\/index.php?rest_route=\/wp\/v2\/users\/1"}],"replies":[{"embeddable":true,"href":"http:\/\/blog.inmontanis.info\/index.php?rest_route=%2Fwp%2Fv2%2Fcomments&post=10617"}],"version-history":[{"count":5,"href":"http:\/\/blog.inmontanis.info\/index.php?rest_route=\/wp\/v2\/posts\/10617\/revisions"}],"predecessor-version":[{"id":10623,"href":"http:\/\/blog.inmontanis.info\/index.php?rest_route=\/wp\/v2\/posts\/10617\/revisions\/10623"}],"wp:featuredmedia":[{"embeddable":true,"href":"http:\/\/blog.inmontanis.info\/index.php?rest_route=\/wp\/v2\/media\/10622"}],"wp:attachment":[{"href":"http:\/\/blog.inmontanis.info\/index.php?rest_route=%2Fwp%2Fv2%2Fmedia&parent=10617"}],"wp:term":[{"taxonomy":"category","embeddable":true,"href":"http:\/\/blog.inmontanis.info\/index.php?rest_route=%2Fwp%2Fv2%2Fcategories&post=10617"},{"taxonomy":"post_tag","embeddable":true,"href":"http:\/\/blog.inmontanis.info\/index.php?rest_route=%2Fwp%2Fv2%2Ftags&post=10617"}],"curies":[{"name":"wp","href":"https:\/\/api.w.org\/{rel}","templated":true}]}}