{"id":10613,"date":"2025-02-09T19:50:01","date_gmt":"2025-02-09T18:50:01","guid":{"rendered":"http:\/\/blog.inmontanis.info\/?p=10613"},"modified":"2025-02-14T18:33:49","modified_gmt":"2025-02-14T17:33:49","slug":"fjatervalen-9-2-2025-so-geht-winter","status":"publish","type":"post","link":"http:\/\/blog.inmontanis.info\/?p=10613","title":{"rendered":"Fj\u00e4terv\u00e5len, 9.2.2025 &#8211; so geht Winter"},"content":{"rendered":"<p><strong>So, 9.2.2025<\/strong><\/p>\n<p>Nicht mal eine halbe Stunde war ich heut Morgen unterwegs, waren schon wieder 3 Elche am Stra\u00dfenrand. Geht ja lustig weiter nach den ca. 7 Begegnungen letzte Saison. Noch nicht mal Rentiere hab ich gesehen, aber Elche gibt ja auch im S\u00fcden. <\/p>\n<p>Am Rastplatz nahe S\u00e4rna waren um 10:30 noch -18\u00b0, da ist&#8217;s echt immer nochmal k\u00e4lter. Gut, dass ich heut Nacht einen Campingplatz mit Strom hatte. <\/p>\n<p><a href='http:\/\/extra.inmontanis.info\/d\/129922-2\/DSC01763.jpg'><img src=http:\/\/extra.inmontanis.info\/d\/129921-3\/DSC01763.jpg \/><\/a><br \/>\n^ So schaut das Reisen doch schon sch\u00f6ner aus.<\/p>\n<p><a href='http:\/\/extra.inmontanis.info\/d\/129926-3\/DSC01767.jpg'><img src=http:\/\/extra.inmontanis.info\/d\/129925-4\/DSC01767.jpg \/><\/a><br \/>\n^ .. oder so ..<\/p>\n<p><a href='http:\/\/extra.inmontanis.info\/d\/129930-3\/DSC01770.jpg'><img src=http:\/\/extra.inmontanis.info\/d\/129929-4\/DSC01770.jpg \/><\/a><br \/>\n^ .. oder so ..<\/p>\n<p><a href='http:\/\/extra.inmontanis.info\/d\/129934-3\/DSC01772.jpg'><img src=http:\/\/extra.inmontanis.info\/d\/129933-4\/DSC01772.jpg \/><\/a><br \/>\n^ .. oder so ..<\/p>\n<p><a href='http:\/\/extra.inmontanis.info\/d\/129938-3\/DSC01775.jpg'><img src=http:\/\/extra.inmontanis.info\/d\/129937-4\/DSC01775.jpg \/><\/a><br \/>\n^ .. oder so ..<\/p>\n<p><a href='http:\/\/extra.inmontanis.info\/d\/129942-3\/DSC01779.jpg'><img src=http:\/\/extra.inmontanis.info\/d\/129941-4\/DSC01779.jpg \/><\/a><br \/>\n^ Immer wieder faszinierend, wie stark man auf diesen skandinavischen Schnee\/Eis-Stra\u00dfen bremsen kann, ohne dass das ABS eingreift, ich habs nicht geschafft, aber ich wollte wegen meiner Sachen im Auto auch keine richtige Vollbremsung machen.<br \/>\nDie Spurrillen hatten mich heute aber etwas ge\u00e4rgert, einmal bin ich dadurch fast ins Schleudern gekommen und auf der Gegenfahrbahn gelandet. <\/p>\n<p>Um 11 Uhr kam ich am Parkplatz vom Skigebiet an, das seit diesem Jahr im Scandinavian Skipass inkludiert ist, allerdings bei den Maximal-5-Tage-Gebieten.<\/p>\n<p>Seltenerweise mal wieder daran gedacht: &#128681; Gespeicherte Geolocation &#8211; Karte anzeigen: <a href='https:\/\/www.google.com\/maps\/@?api=1&#038;map_action=map&#038;center=61.939895,12.98967&#038;zoom=12&#038;basemap=terrain' target=_blank> GoogleMaps<\/a> &#128681; <a href='https:\/\/www.openstreetmap.org\/?&#038;mlat=61.939895&#038;mlon=12.98967#map=10\/61.939895\/12.98967&#038;layers=P' target=_blank> OSM &#128681;<\/a><\/p>\n<p><a href='http:\/\/ski.inmontanis.info\/d\/337043-2\/DSC01782.jpg'><img src=http:\/\/ski.inmontanis.info\/d\/337042-3\/DSC01782.jpg \/><\/a><br \/>\n^ Anfahrt zum Parkplatz vom Skigebiet Fj\u00e4terv\u00e5len<\/p>\n<p>Das Skigebiet hier \u00e4hnelt ja sehr zwei anderen Skigebieten, die ich letzte Saison besucht hatte, J\u00e4ckvik (in Schweden und auch Teil des Scandinavian, das aber viel flacher ist) und Luosto (in Finnland, wo aber ja noch der SL im linken oberen Teil existiert) &#8211; ein langer Hauptlift mit mehreren Abfahrten auf beiden Seiten, wobei Fj\u00e4tervalen hier die meisten Abfahrten hat, aber aktuell noch nicht alle offen.<\/p>\n<p>Wirklich steil ist es hier auch nicht, was hier Schwarz eingezeichnet ist, ist auch eher Blau. Der Steilhang in Luosto k\u00f6nnte sogar steiler sein.<\/p>\n<p>Trotzdem, mit den auf beiden Seiten verlaufenden \u00e4u\u00dferen Abfahrten ist das Skigebiet hier wohl doch interessanter als J\u00e4ckvik (das daf\u00fcr mit den schmalen Waldvarianten punktet) und Luosto (das mit den ungew\u00f6hnlicheren Liften punktet und dem R\u00fcckseitenpano und den verschneiten B\u00e4umen oben und den dortigen Varianten) &#8211; ach ok, sie sind irgendwie alle 3 nett, J\u00e4ckvik w\u00fcrd ich aber auf Platz 3 setzen und zu meinen Lieblingsgebieten z\u00e4hlt keins von den dreien.<\/p>\n<p>Meine heizbaren Skistr\u00fcmpfe probierte ich heut auch wieder aus, aber diesmal den linken rechts getragen und umgekehrt. Schon sch\u00f6n warm und kein Kabel heute gest\u00f6rt.<\/p>\n<p>Die direkteren, geschlossenen Abfahrten und der dortige Offpistebereich hatte allerdings immer wieder Felsbrocken, so dass ich da nicht viel gefahren bin; die leichten \u00e4u\u00dferen (geschlossenen) Abfahrten waren da unproblematischer.<\/p>\n<p>Nach 14 Uhr war das \u00f6stlich ausgerichtete Skigebiet recht schattig, daher um 14:45 aufgeh\u00f6rt. Wenn keine Sonne geschienen h\u00e4tte, w\u00e4r ich vielleicht l\u00e4nger geblieben, aber wenn an einem Sonnentag der Schatten in einem Skigebiet \u00fcberwiegt, verlier ich schnell die Lust.<\/p>\n<p><a href='http:\/\/ski.inmontanis.info\/d\/337047-2\/DSC01783.jpg'><img src=http:\/\/ski.inmontanis.info\/d\/337046-3\/DSC01783.jpg \/><\/a><br \/>\n^ Doppel-SL, der rechte fuhr aber nicht<\/p>\n<p><a href='http:\/\/ski.inmontanis.info\/d\/337051-2\/DSC01784.jpg'><img src=http:\/\/ski.inmontanis.info\/d\/337050-3\/DSC01784.jpg \/><\/a><br \/>\n^ Naja, wirklich steil ist das hier auch nicht, aber steiler als J\u00e4ckvik schon<\/p>\n<p><a href='http:\/\/ski.inmontanis.info\/d\/337055-2\/DSC01785.jpg'><img src=http:\/\/ski.inmontanis.info\/d\/337054-3\/DSC01785.jpg \/><\/a><br \/>\n^ Das Pano ist jedenfalls schon lappl\u00e4ndisch, obwohl ja s\u00fcdlicher.<\/p>\n<p><a href='http:\/\/ski.inmontanis.info\/d\/337059-2\/DSC01787.jpg'><img src=http:\/\/ski.inmontanis.info\/d\/337058-3\/DSC01787.jpg \/><\/a><br \/>\n^ Am Ausstieg Nr. 5 endet der rechte SL, der linke geht noch die n\u00e4chste Steigung rauf<\/p>\n<p><a href='http:\/\/ski.inmontanis.info\/d\/337063-2\/DSC01788.jpg'><img src=http:\/\/ski.inmontanis.info\/d\/337062-3\/DSC01788.jpg \/><\/a><br \/>\n^ Interessanterweise sind ausgerechnet die beiden leichten Au\u00dfenrumabfahrten noch geschlossen<\/p>\n<p><a href='http:\/\/ski.inmontanis.info\/d\/337067-2\/DSC01790.jpg'><img src=http:\/\/ski.inmontanis.info\/d\/337066-3\/DSC01790.jpg \/><\/a><br \/>\n^ Bergstation<\/p>\n<p><a href='http:\/\/ski.inmontanis.info\/d\/337071-2\/DSC01792.jpg'><img src=http:\/\/ski.inmontanis.info\/d\/337070-3\/DSC01792.jpg \/><\/a><br \/>\n^ Talstation, Parkplatz, H\u00fcttensiedlung<\/p>\n<p><a href='http:\/\/ski.inmontanis.info\/d\/337075-2\/DSC01794.jpg'><img src=http:\/\/ski.inmontanis.info\/d\/337074-3\/DSC01794.jpg \/><\/a><br \/>\n^ Verkrustungen gibts nat\u00fcrlich auch<\/p>\n<p><a href='http:\/\/ski.inmontanis.info\/d\/337079-2\/DSC01795.jpg'><img src=http:\/\/ski.inmontanis.info\/d\/337078-3\/DSC01795.jpg \/><\/a><br \/>\n^ Seitenpano<\/p>\n<p><a href='http:\/\/ski.inmontanis.info\/d\/337083-2\/DSC01797.jpg'><img src=http:\/\/ski.inmontanis.info\/d\/337082-3\/DSC01797.jpg \/><\/a><br \/>\n^ SL-Pano, nicht so viel anders als in J\u00e4ckvik oder Luosto<\/p>\n<p><a href='http:\/\/ski.inmontanis.info\/d\/337087-2\/DSC01798.jpg'><img src=http:\/\/ski.inmontanis.info\/d\/337086-3\/DSC01798.jpg \/><\/a><br \/>\n^ Linke Au\u00dfenrumabfahrt, offpiste gings hier steinfrei<\/p>\n<p><a href='http:\/\/ski.inmontanis.info\/d\/337091-2\/DSC01800.jpg'><img src=http:\/\/ski.inmontanis.info\/d\/337090-3\/DSC01800.jpg \/><\/a><br \/>\n^ .. gleicher Standort, aber mit Sonne<\/p>\n<p><a href='http:\/\/ski.inmontanis.info\/d\/337095-2\/DSC01801.jpg'><img src=http:\/\/ski.inmontanis.info\/d\/337094-3\/DSC01801.jpg \/><\/a><br \/>\n^ Ab der H\u00e4lfte ist die linke Au\u00dfenrumabfahrt bereits pr\u00e4pariert. Die rechte war \u00e4hnlich, ist aber sch\u00f6ner, aber da ich sie zum Schluss fuhr, war sie schon im Schatten und nicht mehr fotogen genug.<\/p>\n<p><a href='http:\/\/ski.inmontanis.info\/d\/337099-2\/ge20250209a.jpg'><img src=http:\/\/ski.inmontanis.info\/d\/337098-3\/ge20250209a.jpg \/><\/a><br \/>\n^ Herzf\u00f6rmiger GPS-Track, 9.2.2025 in T\u00fcrkis, vorheriger Besuch in Rosa. Da waren also wohl auch nicht viel mehr Abfahrten offen ;)<\/p>\n<p>Da das Skigebiet bis 27.4. offen bleiben will, werd ich wohl Mitte oder Ende April nochmals kommen.<\/p>\n<p><a href='http:\/\/extra.inmontanis.info\/d\/129946-3\/DSC01802.jpg'><img src=http:\/\/extra.inmontanis.info\/d\/129945-4\/DSC01802.jpg \/><\/a><br \/>\n^ Zwischen Fj\u00e4tervalen und Lofsdalen<\/p>\n<p><a href='http:\/\/extra.inmontanis.info\/d\/129950-3\/DSC01803.jpg'><img src=http:\/\/extra.inmontanis.info\/d\/129949-4\/DSC01803.jpg \/><\/a><br \/>\n^ Zwischen Fj\u00e4tervalen und Lofsdalen<\/p>\n<p>Obwohl ich gestern ja online einen g\u00fcnstigeren Nicht-See-Stellplatz in Lofsdalen gebucht hab, hab ich laut Selbst-Eincheck-Formular (weil Rezeption nicht besetz) 8b bekommen &#8211; direkt am See, aber wenigstens der Platz nah an den Stroms\u00e4ulen und nicht 8a, wo man das Kabel so weit r\u00fcber verlegen muss und ein Fu\u00dfweg-Seezugang dazwischen ist.  Wie bef\u00fcrchtet, musste ich \u00fcbermorgen beim Aus-checken den teureren Preis zahlen.<\/p>\n<p><a href='http:\/\/extra.inmontanis.info\/d\/129954-3\/DSC01807.jpg'><img src=http:\/\/extra.inmontanis.info\/d\/129953-4\/DSC01807.jpg \/><\/a><br \/>\n^ Lofsdalen Campingplatz 8B am See<\/p>\n<p><a href='http:\/\/extra.inmontanis.info\/d\/129958-3\/DSC01760.jpg'><img src=http:\/\/extra.inmontanis.info\/d\/129957-4\/DSC01760.jpg \/><\/a><br \/>\n^ Fish&#8217;n&#8217;Chips komplette Tiefk\u00fchl-Portion<\/p>\n<p><a href='http:\/\/extra.inmontanis.info\/d\/129962-3\/DSC01810.jpg'><img src=http:\/\/extra.inmontanis.info\/d\/129961-4\/DSC01810.jpg \/><\/a><br \/>\n^ .. nur die Brown \/ HP-Sauce hatte ich noch von England, passt ja heute.<\/p>\n<p>Um 19:05 war ich bereits fertig mit Essen, mit Bericht online stellen und mit dem Bearbeiten und Betiteln der Fotos f\u00fcr den n\u00e4chsten Bericht.<\/p>\n<p>Weiter n\u00f6rdlich ist es momentan sogar etwas w\u00e4rmer als hier, f\u00fcr Hemavan wird sogar etwas Regen gemeldet, aber die sind halt auch nah an Norwegen und Norwegen ist dort oben schm\u00e4ler, also n\u00e4her am Meer. Immerhin sollen am oberen SL alle Abfahrten offen sein. Und noch keine neuen KSBen gebaut worden sein. Solang der SL daneben stehen bleibt, wie an der Kombibahn, w\u00e4rs mir ja egal.<\/p>\n<p>Die DSB in Narvik dagegen, die glaub letztes Jahr irgendeinen Schaden hatte und es noch hie\u00df, dass sie evtl. im Laufe der Saison wieder in Betrieb gehen k\u00f6nnte, ist diese Saison auch geschlossen &#8211; und soll erst n\u00e4chste Saison mit einem neuen Lift ersetzt werden :( F\u00e4llt also aus, aber momentan liegt eh noch kaum Schnee, melden gerade mal 40cm. Werden aber f\u00fcr die n\u00e4chste Zeit jeden Tag ein paar cm gemeldet.<\/p>\n<p>Ob ich erst Narvik oder erst Bj\u00f6rkliden mach nach T\u00e4rnaby, hab ich noch nicht entschieden, einerseits w\u00e4r spontan nach Wetter entscheiden sinnvoll, andererseits m\u00fcsste man in Bj\u00f6rkliden den Campingplatz vmtl. zeitig buchen. <\/p>\n<p>Falls Narvik zuerst, k\u00f6nnte man auch \u00fcber Norwegen fahren, w\u00e4re k\u00fcrzer. Je nachdem k\u00f6nnte man auch Skigebiete dazwischen besuchen, entweder in Norwegen oder in Schweden. Falls Narvik zum Schluss, k\u00f6nnte ich auf dem R\u00fcckweg durch Norwegen, aber falls ich danach Borgafj\u00e4ll m\u00f6chte, w\u00e4re die logischere Variante wieder \u00fcber Hemavan zu fahren. Oder doch \u00fcber J\u00e4ckvik, das ich eigentlich nicht besuchen wollte heuer. <\/p>\n<p>Nachteilig f\u00fcr die k\u00fcrzere Norwegenroute nat\u00fcrlich ist die zwingende F\u00e4hrfahrt auf der E6, die teureren Benzinpreise, eventuelle Mautstra\u00dfen, die nur am WE ge\u00f6ffneten Skigebiete auf dem Weg (die gibts auch in Schweden und au\u00dfer wenn da gerade Ferien sind) und die LKW-lastige, nervige E6. Der Inlandsv\u00e4gen in Schweden ist halt so viel entspannter zu fahren.<\/p>\n","protected":false},"excerpt":{"rendered":"<p>So, 9.2.2025<\/p>\n<p>Nicht mal eine halbe Stunde war ich heut Morgen unterwegs, waren schon wieder 3 Elche am Stra\u00dfenrand. Geht ja lustig weiter nach den ca. 7 Begegnungen letzte Saison. Noch nicht mal Rentiere hab ich gesehen, aber Elche gibt ja auch im S\u00fcden. <\/p>\n<p>Am Rastplatz nahe S\u00e4rna waren um 10:30 noch -18\u00b0, da <a href=\"http:\/\/blog.inmontanis.info\/?p=10613\">[&#8230;]<\/a><\/p>\n","protected":false},"author":1,"featured_media":10615,"comment_status":"closed","ping_status":"closed","sticky":false,"template":"","format":"standard","meta":{"footnotes":""},"categories":[940,678,19,27],"tags":[45,47],"class_list":["post-10613","post","type-post","status-publish","format-standard","has-post-thumbnail","hentry","category-2025-01-alpenskandinavien","category-fjatervalen","category-schwedensweden","category-skifahren-winterskiing-winter","tag-see","tag-sl","odd"],"_links":{"self":[{"href":"http:\/\/blog.inmontanis.info\/index.php?rest_route=\/wp\/v2\/posts\/10613","targetHints":{"allow":["GET"]}}],"collection":[{"href":"http:\/\/blog.inmontanis.info\/index.php?rest_route=\/wp\/v2\/posts"}],"about":[{"href":"http:\/\/blog.inmontanis.info\/index.php?rest_route=\/wp\/v2\/types\/post"}],"author":[{"embeddable":true,"href":"http:\/\/blog.inmontanis.info\/index.php?rest_route=\/wp\/v2\/users\/1"}],"replies":[{"embeddable":true,"href":"http:\/\/blog.inmontanis.info\/index.php?rest_route=%2Fwp%2Fv2%2Fcomments&post=10613"}],"version-history":[{"count":2,"href":"http:\/\/blog.inmontanis.info\/index.php?rest_route=\/wp\/v2\/posts\/10613\/revisions"}],"predecessor-version":[{"id":10616,"href":"http:\/\/blog.inmontanis.info\/index.php?rest_route=\/wp\/v2\/posts\/10613\/revisions\/10616"}],"wp:featuredmedia":[{"embeddable":true,"href":"http:\/\/blog.inmontanis.info\/index.php?rest_route=\/wp\/v2\/media\/10615"}],"wp:attachment":[{"href":"http:\/\/blog.inmontanis.info\/index.php?rest_route=%2Fwp%2Fv2%2Fmedia&parent=10613"}],"wp:term":[{"taxonomy":"category","embeddable":true,"href":"http:\/\/blog.inmontanis.info\/index.php?rest_route=%2Fwp%2Fv2%2Fcategories&post=10613"},{"taxonomy":"post_tag","embeddable":true,"href":"http:\/\/blog.inmontanis.info\/index.php?rest_route=%2Fwp%2Fv2%2Ftags&post=10613"}],"curies":[{"name":"wp","href":"https:\/\/api.w.org\/{rel}","templated":true}]}}