{"id":10609,"date":"2025-02-08T18:27:34","date_gmt":"2025-02-08T17:27:34","guid":{"rendered":"http:\/\/blog.inmontanis.info\/?p=10609"},"modified":"2025-02-12T18:38:16","modified_gmt":"2025-02-12T17:38:16","slug":"gesundaberget-8-2-2025","status":"publish","type":"post","link":"http:\/\/blog.inmontanis.info\/?p=10609","title":{"rendered":"Gesundaberget, 8.2.2025"},"content":{"rendered":"<p><strong>Sa, 8.2.2025<\/strong><\/p>\n<p><a href='http:\/\/extra.inmontanis.info\/d\/129906-3\/DSC01726.jpg'><img src=http:\/\/extra.inmontanis.info\/d\/129905-4\/DSC01726.jpg \/><\/a><br \/>\n^ Es wird winterlicher .. und au\u00dferdem ist roter Stra\u00dfenbelag auch sch\u00f6ner ;)<\/p>\n<p>Um 9:45 kam ich am Parkplatz des erst ab 10 Uhr \u00f6ffnenden Skigebiets nahe Mora an, bei ganz leichtem Schneefall. Es lag zwar mehr Schnee als bei meinem letzten Besuch im April 2021, wo ich nur die Gratabfahrt fahren konnte, aber grundlegend schien wieder nur diese \u00fcbliche beschneite Abfahrt offen zu sein, wobei man die rechten Abfahrten nicht sehen konnte und der Gipfelbereich in Nebel war :( <\/p>\n<p>Was also tun, sich mit einem 3h Pass begn\u00fcgen (295 statt TK 395) oder noch ca. 3h bis nach Fj\u00e4tervalen fahren?<\/p>\n<p>Entschied mich dann doch f\u00fcr die 3h hier, somit sollte ich ggf. f\u00fcr heute Nacht einen Campingplatz in Mora und f\u00fcr morgen + \u00fcbermorgen den in Lofsdalen buchen.<\/p>\n<p>Der in Mora kostet 310 pro Nacht (im wie \u00fcblich extra kalten S\u00e4rna werden mittlerweile -17\u00b0 morgen Fr\u00fch gemeldet, weshalb ich dort an einem bekannten Platz nicht frei stehen m\u00f6chte) und der in Lofsdalen ist  auch g\u00fcnstiger als in T\u00e4nn\u00e4skr\u00f6ket oder Fj\u00e4tervalen, daher 2 N\u00e4chte, auch wenn ich wohl nur 1 Tag dort skifahren werde (evtl. im Fr\u00fchjahr nochmals).<\/p>\n<p>Es gab rechts vom SL etliche Varianten und diese waren gut eingefahren und somit ok zu fahren. Dort, wo es nicht eingefahren war, zB. die linke Variante runter zum unteren SL, war es unsch\u00f6n mit einer leichten Bruchharschschicht.<\/p>\n<p>In 2h war ich mit allen Varianten durch, machte auch noch eine Pause in der V\u00e4rmestuga.<\/p>\n<p>Eigentlich muss man das Skigebiet wohl 2x besuchen, einmal im Februar, um alle Varianten fahren zu k\u00f6nnen und einmal sp\u00e4ter, vielleicht Ende M\u00e4rz oder Anfang April, wenn der gro\u00dfe See aufgetaut ist, weil das Panorama dann einfach sch\u00f6ner ist. Das klappt hier, im Gegensatz zu Galtis hoch im Norden.<\/p>\n<p><a href='http:\/\/ski.inmontanis.info\/d\/336959-2\/DSC01729_001.jpg'><img src=http:\/\/ski.inmontanis.info\/d\/336958-3\/DSC01729_001.jpg \/><\/a><br \/>\n^ Parkplatz \/ Talstation Skigebiet Gesundaberget<\/p>\n<p><a href='http:\/\/ski.inmontanis.info\/d\/336963-2\/DSC01730.jpg'><img src=http:\/\/ski.inmontanis.info\/d\/336962-3\/DSC01730.jpg \/><\/a><br \/>\n^ Das Foto vom alten ESL mal nochmals sch\u00f6ner fotografiert<\/p>\n<p><a href='http:\/\/ski.inmontanis.info\/d\/336967-2\/DSC01731_001.jpg'><img src=http:\/\/ski.inmontanis.info\/d\/336966-3\/DSC01731_001.jpg \/><\/a><br \/>\n^ DSB und Abfahrt; rechts wohl die alte ESL-talstation<\/p>\n<p><a href='http:\/\/ski.inmontanis.info\/d\/336971-2\/DSC01733.jpg'><img src=http:\/\/ski.inmontanis.info\/d\/336970-3\/DSC01733.jpg \/><\/a><br \/>\n^ DSB-Pano vom SL-Ausstieg, sooo schade, dass die DSB mit meinen Lieblings-Graffer-Sesseln hier  anscheinend immer nur im Sommer offen ist&#8230;<\/p>\n<p><a href='http:\/\/ski.inmontanis.info\/d\/336975-2\/DSC01734.jpg'><img src=http:\/\/ski.inmontanis.info\/d\/336974-3\/DSC01734.jpg \/><\/a><br \/>\n^ Direkte Abfahrt links von SL\/DSB, war sch\u00f6n eingefahren und somit gut zu fahren<\/p>\n<p><a href='http:\/\/ski.inmontanis.info\/d\/336979-2\/DSC01735.jpg'><img src=http:\/\/ski.inmontanis.info\/d\/336978-3\/DSC01735.jpg \/><\/a><br \/>\n^ Rechts vom SL Ausstieg schaut die Sache so aus, da gibts  mehr Abfahrten als links<\/p>\n<p><a href='http:\/\/ski.inmontanis.info\/d\/336983-2\/DSC01736.jpg'><img src=http:\/\/ski.inmontanis.info\/d\/336982-3\/DSC01736.jpg \/><\/a><br \/>\n^ Abfahrt direkt rechts vom SL<\/p>\n<p><a href='http:\/\/ski.inmontanis.info\/d\/336987-2\/DSC01737.jpg'><img src=http:\/\/ski.inmontanis.info\/d\/336986-3\/DSC01737.jpg \/><\/a><br \/>\n^ Abfahrt direkt rechts vom SL, auch diese gut eingefahren und gut zu fahren, diese teilt sich hier sogar noch auf<\/p>\n<p><a href='http:\/\/ski.inmontanis.info\/d\/336991-2\/DSC01738.jpg'><img src=http:\/\/ski.inmontanis.info\/d\/336990-3\/DSC01738.jpg \/><\/a><br \/>\n^ .. eine der beiden Seiten von gerade<\/p>\n<p><a href='http:\/\/ski.inmontanis.info\/d\/336995-2\/DSC01742_001.jpg'><img src=http:\/\/ski.inmontanis.info\/d\/336994-3\/DSC01742_001.jpg \/><\/a><br \/>\n^ Doppel-SL, hier war nur der linke mit den bl\u00f6den Boardie-B\u00fcgeln offen, wobei der rechte eh nicht viele B\u00fcgel montiert hatte<\/p>\n<p><a href='http:\/\/ski.inmontanis.info\/d\/336999-2\/DSC01743.jpg'><img src=http:\/\/ski.inmontanis.info\/d\/336998-3\/DSC01743.jpg \/><\/a><br \/>\n^ Ganz oben, rechts vom SL-Ausstieg<\/p>\n<p><a href='http:\/\/ski.inmontanis.info\/d\/337003-2\/DSC01744.jpg'><img src=http:\/\/ski.inmontanis.info\/d\/337002-3\/DSC01744.jpg \/><\/a><br \/>\n^ .. und die n\u00e4chste Abfahrt auf der rechten Seite genommen, auch die gut eingefahren und gut zu fahren und da schm\u00e4ler, war sie meine Lieblingsabfahrt heute<\/p>\n<p><a href='http:\/\/ski.inmontanis.info\/d\/337007-2\/DSC01745_001.jpg'><img src=http:\/\/ski.inmontanis.info\/d\/337006-3\/DSC01745_001.jpg \/><\/a><br \/>\n^ .. und von weiter unten nach oben fotografiert<\/p>\n<p><a href='http:\/\/ski.inmontanis.info\/d\/337011-2\/DSC01746_001.jpg'><img src=http:\/\/ski.inmontanis.info\/d\/337010-3\/DSC01746_001.jpg \/><\/a><br \/>\n^ Hier kommen die ganz rechten Abfahrten zusammen<\/p>\n<p><a href='http:\/\/ski.inmontanis.info\/d\/337015-2\/DSC01748.jpg'><img src=http:\/\/ski.inmontanis.info\/d\/337014-3\/DSC01748.jpg \/><\/a><br \/>\n^ Ganz rechte Abfahrt<\/p>\n<p><a href='http:\/\/ski.inmontanis.info\/d\/337019-2\/DSC01749.jpg'><img src=http:\/\/ski.inmontanis.info\/d\/337018-3\/DSC01749.jpg \/><\/a><br \/>\n^ Ganz linke Abfahrt mit Blick zum See. Das Pano ist im M\u00e4rz\/April nat\u00fcrlich sch\u00f6ner, wenn der See aufgetaut ist, evtl. ist dann aber nur noch die Hauptabfahrt offen<\/p>\n<p><a href='http:\/\/ski.inmontanis.info\/d\/337023-2\/DSC01750.jpg'><img src=http:\/\/ski.inmontanis.info\/d\/337022-3\/DSC01750.jpg \/><\/a><br \/>\n^ Ganz linke Abfahrt, die einzig beschneite, durch den Grat und das See-Pano auch sehr nett.<\/p>\n<p><a href='http:\/\/ski.inmontanis.info\/d\/337027-2\/DSC01752.jpg'><img src=http:\/\/ski.inmontanis.info\/d\/337026-3\/DSC01752.jpg \/><\/a><br \/>\n^ Direkte Variante von der Gratabfahrt runter zum \u00dcbungslift, hier war kaum einer gefahren und daher unsch\u00f6ner Bruchharsch gewesen<\/p>\n<p><a href='http:\/\/ski.inmontanis.info\/d\/337031-2\/DSC01753.jpg'><img src=http:\/\/ski.inmontanis.info\/d\/337030-3\/DSC01753.jpg \/><\/a><br \/>\n^ \u00dcbungslift, der war leider nicht bis ganz oben offen, so dass man zum Hauptlift etwas schieben musste<\/p>\n<p><a href='http:\/\/ski.inmontanis.info\/d\/337035-2\/DSC01755.jpg'><img src=http:\/\/ski.inmontanis.info\/d\/337034-3\/DSC01755.jpg \/><\/a><br \/>\n^ DSB-Bergstation, am Schnee liegts mal nicht, dass der im Winter nicht f\u00e4hrt..<\/p>\n<p><a href='http:\/\/ski.inmontanis.info\/d\/337039-2\/ge20250208a.jpg'><img src=http:\/\/ski.inmontanis.info\/d\/337038-3\/ge20250208a.jpg \/><\/a><br \/>\n^ GPS-Track 8.2.2025 in T\u00fcrkis, vorherige Besuche in Rosa (Haupts\u00e4chlich April 2021, denn die Skitour vom Mai 2020 mit der einen Abfahrt ist wohl kaum zu sehen ;) )<\/p>\n<p>Eigentlich wollte ich heute nicht unbedingt einkaufen, aber Willy:s Superm\u00e4rkte w\u00fcrde ich sonst wohl auch keinen mehr auf meinem Weg in den Norden und retour haben, wie diverse andere Gesch\u00e4fte sind die in der n\u00f6rdlichen H\u00e4lfte Schwedens fast nur in der st\u00e4rker bewohnten K\u00fcstenregion anzutreffen. <\/p>\n<p>Der Campingplatz in Mora ist  riiiesig, aber ich  muss einen der Pl\u00e4tze bekommen, die nicht nur sehr umwegig anzufahren waren, weil die Loipe eine Stra\u00dfe blockierte, sondern der auch nicht ger\u00e4umt war, na danke auch. Rauffahren r\u00fcckw\u00e4rts funktionierte mal nicht bei dem ziemlich hart gefrorenen hohen Schnee,  k\u00f6nnte h\u00f6chstens davor auf dem Weg stehen bleiben &#8211; oder ich fahr nochmals retour zur Rezeption, aber bei dem weiten Umweg hatte ich da auch keine Lust. Haufenweise freie ger\u00e4umte Pl\u00e4tze, aber vmtl. nur die l\u00e4ngeren (wei\u00df nicht mehr, ob die auch teurer waren).<\/p>\n<p><a href='http:\/\/extra.inmontanis.info\/d\/129914-3\/DSC01759.jpg'><img src=http:\/\/extra.inmontanis.info\/d\/129913-4\/DSC01759.jpg \/><\/a><br \/>\n^ Riesiger Campingplatz, der direkte Weg zu meinem Stellplatz war wg. der Loipe nicht m\u00f6glich, daher musste ich au\u00dfenrum.<\/p>\n<p>Damit ich die Nummer entziffern konnte, musste ich meine Lesebrille rausholen &#8211; und hab sie dann irgendwo hin gelegt, wo ich sie weder eine viertel Stunde sp\u00e4ter noch in den n\u00e4chsten Tagen wieder gefunden h\u00e4tte!!??!!<\/p>\n<p>Ich blieb dann einfach quer auf dem breiten Weg stehen. Wof\u00fcr hat man so ein kurzes Auto. Und vmtl. wird eh keiner auf dem nebenliegenden Platz kommen. Unsch\u00f6nerweise musste ich dann auch noch eine Spur zum Stromkasten machen &#8230;<\/p>\n<p><a href='http:\/\/extra.inmontanis.info\/d\/129910-3\/DSC01757.jpg'><img src=http:\/\/extra.inmontanis.info\/d\/129909-4\/DSC01757.jpg \/><\/a><br \/>\n^ Ganz nett, unger\u00e4umter Stellplatz am Campingplatz &#8211; ich blieb dann am Stra\u00dfenrand stehen, da ich nicht in diesen tiefen Schnee mit Bruchharschschicht und harter Kante vorne reinfahren wollte.<\/p>\n<p>Im n\u00e4chsten Servicehaus gab&#8217;s als M\u00e4nner-WC wohl lediglich ein Pissoir, ansonsten haufenweise Duschen und bei den Familienduschen auch noch ein WC &#8211; oder ich hab die normalen WCs nicht gefunden.<\/p>\n<p>Was f\u00fcr ein bescheuerter Campingplatz.<\/p>\n<p>Am Abend noch das Cordon Bleu mit Kartoffeln gebraten, das ich mir in CZ gekauft hatte und zu viel Platz im K\u00fchlschrank verbrauchte, somit die heute gekaufte tiefgek\u00fchlte &#8220;Fish&#8217;n&#8217;Chips&#8221;-Portion auf morgen verschoben (und das ebenfalls heute gekaufte TK-K\u00f6ttbullar-Fertiggericht muss dann halt bis \u00fcbermorgen warten).<\/p>\n<p><a href='http:\/\/extra.inmontanis.info\/d\/129918-2\/DSC01762.jpg'><img src=http:\/\/extra.inmontanis.info\/d\/129917-3\/DSC01762.jpg \/><\/a><br \/>\n^ Cordon Bleu<\/p>\n","protected":false},"excerpt":{"rendered":"<p>Sa, 8.2.2025<\/p>\n<p> ^ Es wird winterlicher .. und au\u00dferdem ist roter Stra\u00dfenbelag auch sch\u00f6ner ;)<\/p>\n<p>Um 9:45 kam ich am Parkplatz des erst ab 10 Uhr \u00f6ffnenden Skigebiets nahe Mora an, bei ganz leichtem Schneefall. Es lag zwar mehr Schnee als bei meinem letzten Besuch im April 2021, wo ich nur die Gratabfahrt fahren <a href=\"http:\/\/blog.inmontanis.info\/?p=10609\">[&#8230;]<\/a><\/p>\n","protected":false},"author":1,"featured_media":10611,"comment_status":"closed","ping_status":"closed","sticky":false,"template":"","format":"standard","meta":{"footnotes":""},"categories":[940,674,19,27],"tags":[38,91,45,47],"class_list":["post-10609","post","type-post","status-publish","format-standard","has-post-thumbnail","hentry","category-2025-01-alpenskandinavien","category-gesundaberget","category-schwedensweden","category-skifahren-winterskiing-winter","tag-dsb","tag-graffer","tag-see","tag-sl","odd"],"_links":{"self":[{"href":"http:\/\/blog.inmontanis.info\/index.php?rest_route=\/wp\/v2\/posts\/10609","targetHints":{"allow":["GET"]}}],"collection":[{"href":"http:\/\/blog.inmontanis.info\/index.php?rest_route=\/wp\/v2\/posts"}],"about":[{"href":"http:\/\/blog.inmontanis.info\/index.php?rest_route=\/wp\/v2\/types\/post"}],"author":[{"embeddable":true,"href":"http:\/\/blog.inmontanis.info\/index.php?rest_route=\/wp\/v2\/users\/1"}],"replies":[{"embeddable":true,"href":"http:\/\/blog.inmontanis.info\/index.php?rest_route=%2Fwp%2Fv2%2Fcomments&post=10609"}],"version-history":[{"count":2,"href":"http:\/\/blog.inmontanis.info\/index.php?rest_route=\/wp\/v2\/posts\/10609\/revisions"}],"predecessor-version":[{"id":10612,"href":"http:\/\/blog.inmontanis.info\/index.php?rest_route=\/wp\/v2\/posts\/10609\/revisions\/10612"}],"wp:featuredmedia":[{"embeddable":true,"href":"http:\/\/blog.inmontanis.info\/index.php?rest_route=\/wp\/v2\/media\/10611"}],"wp:attachment":[{"href":"http:\/\/blog.inmontanis.info\/index.php?rest_route=%2Fwp%2Fv2%2Fmedia&parent=10609"}],"wp:term":[{"taxonomy":"category","embeddable":true,"href":"http:\/\/blog.inmontanis.info\/index.php?rest_route=%2Fwp%2Fv2%2Fcategories&post=10609"},{"taxonomy":"post_tag","embeddable":true,"href":"http:\/\/blog.inmontanis.info\/index.php?rest_route=%2Fwp%2Fv2%2Ftags&post=10609"}],"curies":[{"name":"wp","href":"https:\/\/api.w.org\/{rel}","templated":true}]}}