{"id":10602,"date":"2025-02-06T18:32:09","date_gmt":"2025-02-06T17:32:09","guid":{"rendered":"http:\/\/blog.inmontanis.info\/?p=10602"},"modified":"2025-02-10T18:43:03","modified_gmt":"2025-02-10T17:43:03","slug":"ulricehamn-6-2-2025","status":"publish","type":"post","link":"http:\/\/blog.inmontanis.info\/?p=10602","title":{"rendered":"Ulricehamn, 6.2.2025"},"content":{"rendered":"<p><strong>Do, 6.2.2025<\/strong><\/p>\n<p><a href='http:\/\/ski.inmontanis.info\/d\/336811-2\/DSC01642.jpg'><img src=http:\/\/ski.inmontanis.info\/d\/336809-3\/DSC01642.jpg \/><\/a><br \/>\n^ Parkplatz in Ulricehamn am See mit eigenartigen B\u00e4umen, in Bildmitte hinterm See ist das Skigebiet zu sehen<\/p>\n<p><a href='http:\/\/ski.inmontanis.info\/d\/336815-2\/DSC01644.jpg'><img src=http:\/\/ski.inmontanis.info\/d\/336814-3\/DSC01644.jpg \/><\/a><br \/>\n^ Skigebiet von der Stra\u00dfe aus, links der \u00dcbungsbereich und daneben der Doppel-SL mit der linken Abfahrt; man kann erkennen, dass das Gebiet ein ansprechendes Gef\u00e4lle hat<\/p>\n<p><a href='http:\/\/ski.inmontanis.info\/d\/336819-2\/DSC01645.jpg'><img src=http:\/\/ski.inmontanis.info\/d\/336818-3\/DSC01645.jpg \/><\/a><br \/>\n^ Rechter Lift, der heute nicht in Betrieb war, die Abfahrt links daneben ist auch vom Doppel-SL aus erreichbar, die rechte hat eh noch zu wenig Schnee<\/p>\n<p>Bereits um 11:20 war ich am Parkplatz des kleinen Skigebiets von Ulricehamn, das man seit diesem Jahr   mit dem Scandinavian Skipass befahren kann und wo mein Skipass abholbereit sein sollte. Auch hier liegt neben der Piste kein Schnee und von den 3 Hauptabfahrten sind nur 2 offen. <\/p>\n<p>Nach 2 Runden mal ins Restaurant geschaut, hab kein Tagesgericht gesehen, rest nat\u00fcrlich etwas teurer; Pommes mit 40 dagegen OK (je nach Portionsgr\u00f6\u00dfe); die h\u00e4tte es auch im Kiosk der V\u00e4rmestuga gegeben und ein paar andere Sachen, aber kein Hotdog und auch keine Pfannkuchen gelesen (daf\u00fcr  Waffel) und &#8211; schock ;) &#8211; auch keine Zimtschnecken, da h\u00e4tte ich mir sonst eine gekauft.<\/p>\n<p>Eine &#8220;Runde&#8221; definierte ich wie folgt:<br \/>\n&#8211; Hauptlift > linke Abfahrt innen<br \/>\n&#8211; Hauptlift > rechte Abfahrt innen<br \/>\n&#8211; Hauptlift > linke Abfahrt au\u00dfen<br \/>\n&#8211; langer \u00dcbungslift > linke Abfahrt<br \/>\n&#8211; langer \u00dcbungslift > rechte Abfahrt<br \/>\n&#8211; Hauptlift > rechte Abfahrt au\u00dfen.<\/p>\n<p>Eine erweiterte Runde war dann zus\u00e4tzlich noch der linke \u00dcbungslift.<\/p>\n<p><a href='http:\/\/ski.inmontanis.info\/d\/336823-2\/DSC01647.jpg'><img src=http:\/\/ski.inmontanis.info\/d\/336822-3\/DSC01647.jpg \/><\/a><br \/>\n^ Doppel-SL und linke Abfahrt<\/p>\n<p><a href='http:\/\/ski.inmontanis.info\/d\/336827-2\/DSC01652.jpg'><img src=http:\/\/ski.inmontanis.info\/d\/336826-3\/DSC01652.jpg \/><\/a><br \/>\n^ Abfahrt links vom Doppel-SL mit Blick zum See und Ulricehamn<\/p>\n<p><a href='http:\/\/ski.inmontanis.info\/d\/336831-2\/DSC01653.jpg'><img src=http:\/\/ski.inmontanis.info\/d\/336830-3\/DSC01653.jpg \/><\/a><br \/>\n^ \u00dcbungslifte<\/p>\n<p><a href='http:\/\/ski.inmontanis.info\/d\/336835-2\/DSC01655.jpg'><img src=http:\/\/ski.inmontanis.info\/d\/336834-3\/DSC01655.jpg \/><\/a><br \/>\n^ Doppel-SL<\/p>\n<p><a href='http:\/\/ski.inmontanis.info\/d\/336839-2\/DSC01656.jpg'><img src=http:\/\/ski.inmontanis.info\/d\/336838-3\/DSC01656.jpg \/><\/a><br \/>\n^ Doppel-SL<\/p>\n<p><a href='http:\/\/ski.inmontanis.info\/d\/336843-2\/DSC01658.jpg'><img src=http:\/\/ski.inmontanis.info\/d\/336842-3\/DSC01658.jpg \/><\/a><br \/>\n^ Doppel-SL, im oberen Bereich gibts noch einen dritten SL, der aber ebenfalls noch nicht in Betrieb ist<\/p>\n<p><a href='http:\/\/ski.inmontanis.info\/d\/336847-2\/DSC01659.jpg'><img src=http:\/\/ski.inmontanis.info\/d\/336846-3\/DSC01659.jpg \/><\/a><br \/>\n^ Rechter SL<\/p>\n<p><a href='http:\/\/ski.inmontanis.info\/d\/336851-2\/DSC01661.jpg'><img src=http:\/\/ski.inmontanis.info\/d\/336850-3\/DSC01661.jpg \/><\/a><br \/>\n^ Der Aussichtsturm scheint im Winter geschlossen zu sein &#8211; hab aber nicht probiert, ob die T\u00fcr offen gewesen w\u00e4re.<\/p>\n<p><a href='http:\/\/ski.inmontanis.info\/d\/336855-2\/DSC01662.jpg'><img src=http:\/\/ski.inmontanis.info\/d\/336854-3\/DSC01662.jpg \/><\/a><br \/>\n^ Mittlere Abfahrt zwischen den SL<\/p>\n<p><a href='http:\/\/ski.inmontanis.info\/d\/336859-2\/DSC01664.jpg'><img src=http:\/\/ski.inmontanis.info\/d\/336858-3\/DSC01664.jpg \/><\/a><br \/>\n^ \u00dcbungslifte, der linke ist k\u00fcrzer als der rechte<\/p>\n<p><a href='http:\/\/ski.inmontanis.info\/d\/336863-2\/DSC01665.jpg'><img src=http:\/\/ski.inmontanis.info\/d\/336862-3\/DSC01665.jpg \/><\/a><br \/>\n^ .. ganz links gibts noch einen k\u00fcrzeren \u00dcbungslift und dahinter noch ein F\u00f6rderband<\/p>\n<p><a href='http:\/\/ski.inmontanis.info\/d\/336867-2\/DSC01667.jpg'><img src=http:\/\/ski.inmontanis.info\/d\/336866-3\/DSC01667.jpg \/><\/a><br \/>\n^ Rechter SL<\/p>\n<p><a href='http:\/\/ski.inmontanis.info\/d\/336871-2\/DSC01668.jpg'><img src=http:\/\/ski.inmontanis.info\/d\/336870-3\/DSC01668.jpg \/><\/a><br \/>\n^ Zwischen rechtem SL und dem Doppel-\/Dreifach-SL<\/p>\n<p><a href='http:\/\/ski.inmontanis.info\/d\/336875-2\/DSC01670.jpg'><img src=http:\/\/ski.inmontanis.info\/d\/336874-3\/DSC01670.jpg \/><\/a><br \/>\n^ See-Pano<\/p>\n<p><a href='http:\/\/ski.inmontanis.info\/d\/336879-2\/DSC01671.jpg'><img src=http:\/\/ski.inmontanis.info\/d\/336878-3\/DSC01671.jpg \/><\/a><br \/>\n^ See-Pano und Ulricehamn<\/p>\n<p><a href='http:\/\/ski.inmontanis.info\/d\/336883-2\/ge20250206a.jpg'><img src=http:\/\/ski.inmontanis.info\/d\/336882-3\/ge20250206a.jpg \/><\/a><br \/>\n^ GPS-Track 6.2.2025<\/p>\n<p>Die Abfahrten hatten ein angenehmes Gef\u00e4lle, so dass es durchaus halbwegs Spa\u00df machte. Um 14:40 h\u00f6rte ich auf, fast 3h reichen ja in so einem kleinen Gebiet.<\/p>\n<p>Ich fuhr noch ca. 2h,  ca. halbe Strecke nach Sunne, wobei ich noch ein Biltema Caf\u00e9 als Zwischenziel einplante.<\/p>\n<p><a href='http:\/\/extra.inmontanis.info\/d\/129878-2\/DSC01675.jpg'><img src=http:\/\/extra.inmontanis.info\/d\/129877-3\/DSC01675.jpg \/><\/a><br \/>\n^ M\u00fcsste das kleine Skigebiet von Falk\u00f6ping sein<\/p>\n<p><a href='http:\/\/extra.inmontanis.info\/d\/129882-2\/DSC01681.jpg'><img src=http:\/\/extra.inmontanis.info\/d\/129881-3\/DSC01681.jpg \/><\/a><br \/>\n^ M\u00fcsste das kleine Skigebiet Billingebacken sein<\/p>\n<p><a href='http:\/\/extra.inmontanis.info\/d\/129886-2\/IMG_20250206_160140.jpg'><img src=http:\/\/extra.inmontanis.info\/d\/129885-3\/IMG_20250206_160140.jpg \/><\/a><br \/>\n^ Biltema<\/p>\n<p><a href='http:\/\/extra.inmontanis.info\/d\/129890-2\/IMG_20250206_160706.jpg'><img src=http:\/\/extra.inmontanis.info\/d\/129889-3\/IMG_20250206_160706.jpg \/><\/a><br \/>\n^ Raggmunk (59,- SEK, man k\u00f6nnte auch noch eine gro\u00dfe Portion bestellen) mit etwas arg viel Preiselbeeren, sowie  Semla (20,- SEK) &#8211; Wasser wie \u00fcblich gratis zu zapfen; zusammen also 7 \u20ac.<\/p>\n<p>Semla w\u00fcrd ich teigm\u00e4\u00dfig zwischen Krapfen und Donut oder kleinem, lockeren Kuchen ansehen, nicht fettig, definitiv kein Windbeutel und auch kein so fester Teig wie diese Sahne-Erdbeermarmelade-Dinger im UK (damit mein ich jetzt nicht die Krapfen mit Sahne und Marmelade, die es im UK auch in Superm\u00e4rkten gibt und die ja sehr fettig sind); unter der Sahne ist zudem noch eine leckere Mandel-Marzipanmasse.<\/p>\n","protected":false},"excerpt":{"rendered":"<p>Do, 6.2.2025<\/p>\n<p> ^ Parkplatz in Ulricehamn am See mit eigenartigen B\u00e4umen, in Bildmitte hinterm See ist das Skigebiet zu sehen<\/p>\n<p> ^ Skigebiet von der Stra\u00dfe aus, links der \u00dcbungsbereich und daneben der Doppel-SL mit der linken Abfahrt; man kann erkennen, dass das Gebiet ein ansprechendes Gef\u00e4lle hat<\/p>\n<p> ^ Rechter Lift, der heute <a href=\"http:\/\/blog.inmontanis.info\/?p=10602\">[&#8230;]<\/a><\/p>\n","protected":false},"author":1,"featured_media":10604,"comment_status":"closed","ping_status":"closed","sticky":false,"template":"","format":"standard","meta":{"footnotes":""},"categories":[940,19,27,947],"tags":[45,47],"class_list":["post-10602","post","type-post","status-publish","format-standard","has-post-thumbnail","hentry","category-2025-01-alpenskandinavien","category-schwedensweden","category-skifahren-winterskiing-winter","category-ulricehamn","tag-see","tag-sl","odd"],"_links":{"self":[{"href":"http:\/\/blog.inmontanis.info\/index.php?rest_route=\/wp\/v2\/posts\/10602","targetHints":{"allow":["GET"]}}],"collection":[{"href":"http:\/\/blog.inmontanis.info\/index.php?rest_route=\/wp\/v2\/posts"}],"about":[{"href":"http:\/\/blog.inmontanis.info\/index.php?rest_route=\/wp\/v2\/types\/post"}],"author":[{"embeddable":true,"href":"http:\/\/blog.inmontanis.info\/index.php?rest_route=\/wp\/v2\/users\/1"}],"replies":[{"embeddable":true,"href":"http:\/\/blog.inmontanis.info\/index.php?rest_route=%2Fwp%2Fv2%2Fcomments&post=10602"}],"version-history":[{"count":2,"href":"http:\/\/blog.inmontanis.info\/index.php?rest_route=\/wp\/v2\/posts\/10602\/revisions"}],"predecessor-version":[{"id":10605,"href":"http:\/\/blog.inmontanis.info\/index.php?rest_route=\/wp\/v2\/posts\/10602\/revisions\/10605"}],"wp:featuredmedia":[{"embeddable":true,"href":"http:\/\/blog.inmontanis.info\/index.php?rest_route=\/wp\/v2\/media\/10604"}],"wp:attachment":[{"href":"http:\/\/blog.inmontanis.info\/index.php?rest_route=%2Fwp%2Fv2%2Fmedia&parent=10602"}],"wp:term":[{"taxonomy":"category","embeddable":true,"href":"http:\/\/blog.inmontanis.info\/index.php?rest_route=%2Fwp%2Fv2%2Fcategories&post=10602"},{"taxonomy":"post_tag","embeddable":true,"href":"http:\/\/blog.inmontanis.info\/index.php?rest_route=%2Fwp%2Fv2%2Ftags&post=10602"}],"curies":[{"name":"wp","href":"https:\/\/api.w.org\/{rel}","templated":true}]}}