{"id":10598,"date":"2025-02-05T18:02:37","date_gmt":"2025-02-05T17:02:37","guid":{"rendered":"http:\/\/blog.inmontanis.info\/?p=10598"},"modified":"2025-02-09T18:42:11","modified_gmt":"2025-02-09T17:42:11","slug":"isaberg-5-2-2025-wieviel-stecken-liegen-unter-der-ksb","status":"publish","type":"post","link":"http:\/\/blog.inmontanis.info\/?p=10598","title":{"rendered":"Isaberg, 5.2.2025 &#8211; wieviel Stecken liegen unter der KSB?"},"content":{"rendered":"<p><strong>Mi, 5.2.2025<\/strong><\/p>\n<p>Neben dem morgendlichen Supermarkt h\u00e4tte es einen McD mit Fr\u00fchst\u00fcck gegeben, die waren letzte Saison glaub g\u00fcnstiger als in DE, aber wenn ich eh noch zu Biltema gleich will&#8230;  <\/p>\n<p>Wobei man ja immer nicht weiss, was es in dem jeweiligen Biltema-Caf\u00e9 zu essen gibt. Raggmunk waren zuletzt ja eher selten; h\u00e4ufiger, wenn auch nicht \u00fcberall, gab es die Pfannkuchen mit Marmelade und Sahne oder auch K\u00f6ttbullar (aber auf die hab ich morgens um 9 Uhr noch keine Lust). Immer gibt es nat\u00fcrlich Hot Dogs, die einfachen kosten nach wie vor 5 SEK, also unter 50 Cent.<\/p>\n<p>Raggmunk gabs nicht, also dann die s\u00fc\u00dfen Pfannkuchen um 25,- SEK. Was man auch fast immer bekommt, w\u00e4ren die leckeren Sahne-Semla um 20 (aber hatte genug Sahne bei den Pfannkuchen) und die Garnelen-Polarbr\u00f6d um 65 oder so, was man sonst auch  eher selten mal bekommt und nicht zu dem Preis (\u00fcber 14 \u20ac ja gestern auf der F\u00e4hre). War aber nun relativ satt leider.<\/p>\n<p>Im Gesch\u00e4ft selbst nahm ich noch einen 12V-USB-Adapter um ca. 13 \u20ac mit, da der eine, den ich f\u00fcr die Heizhausschuhe verwende, laufend rausrutscht (und der andere, der besser h\u00e4lt, f\u00fcr Handys in Verwendung ist und zu schwach f\u00fcr die neuen Heizsohlen ist); in der Hoffnung, dass der besser h\u00e4lt, weil er die &#8220;altmodischen&#8221; Kontakte hat. Und ja, ein Test am Abend best\u00e4tigte, dass er besser hielt.<\/p>\n<p>Um 11:30  war ich am oberen Parkplatz vom Skigebiet Isaberg und genau ab der Abzweigung der Hauptstra\u00dfe hatte es zu Nieseln angefangen, sonst war es heut Vormittag die ganze Zeit trocken (nur durch Autos vorneweg wurde die Scheibe nass) &#8230;<\/p>\n<p>Der Parkplatz war zwar nicht mal halb voll, aber viele Busse und eben wesentlich voller als erwartet. Schnee neben den Pisten lag gar keiner, so dass wohl ein Befahren der noch geschlossenen Abfahrten nicht m\u00f6glich sein d\u00fcrfte &#8211; und leider sind noch recht viele Abfahrten zu, 5,6,8,10,11 samt des rechten SL im Plan.<\/p>\n<p><a href='http:\/\/ski.inmontanis.info\/d\/336705-2\/DSC01584.jpg'><img src=http:\/\/ski.inmontanis.info\/d\/336704-3\/DSC01584.jpg \/><\/a><br \/>\n^ Ankunft am oberen (Haupt-) Parkplatz<\/p>\n<p><a href='http:\/\/ski.inmontanis.info\/d\/282736-3\/DSC02380.jpg'><img src=http:\/\/ski.inmontanis.info\/d\/282735-4\/DSC02380.jpg \/><\/a><br \/>\n^ Pistenplan Isaberg, 2021 fotografiert<\/p>\n<p>Auch wenn die 4h-Karte um diese Woche noch 200,- SEK (ca. 17-18 \u20ac, online, Axess) die k\u00fcrzeste war, wartete ich erst noch etwas ab, wie es sich mit dem Niesleregen entwickeln w\u00fcrde. Lieber jetzt eine Stunde sp\u00e4ter anfangen als dann durchn\u00e4sst aufh\u00f6ren zu m\u00fcssen, wenn es trocken werden w\u00fcrde. <\/p>\n<p>Es fing erst einmal etwas st\u00e4rker an (Spr\u00fchregen), wobei laut Regenradar-Website gar nix sein sollte, gegen oder nach 13 Uhr wurde es aber trocken.<\/p>\n<p>Wie bef\u00fcrchtet, waren wohl die interessantesten Abfahrten gesperrt und das, was offen war, gepaart mit den viiiiielen Anf\u00e4ngern und den teilweisen Wartezeiten .. machten das Skifahren heute recht unlohnenswert.<\/p>\n<p>Daher bald mal in die V\u00e4rmestuga gegangen, nicht zum Aufw\u00e4rmen (war heut nicht n\u00f6tig, Schnee war ja nass und weich), aber zum Semmel essen.<\/p>\n<p><a href='http:\/\/ski.inmontanis.info\/d\/336709-2\/DSC01585.jpg'><img src=http:\/\/ski.inmontanis.info\/d\/336708-3\/DSC01585.jpg \/><\/a><br \/>\n^ Gipfellift, wo auch die 6KSB endet<\/p>\n<p><a href='http:\/\/ski.inmontanis.info\/d\/336713-2\/DSC01588.jpg'><img src=http:\/\/ski.inmontanis.info\/d\/336712-3\/DSC01588.jpg \/><\/a><br \/>\n^ Gipfellift Abfahrt, nach rechts gehts dann zur 6KSB runter bzw. zum Tallift, der gegen\u00fcber endet<\/p>\n<p><a href='http:\/\/ski.inmontanis.info\/d\/336717-2\/DSC01589.jpg'><img src=http:\/\/ski.inmontanis.info\/d\/336716-3\/DSC01589.jpg \/><\/a><br \/>\n^ Variante bzw. Umfahrung Steilhang<\/p>\n<p><a href='http:\/\/ski.inmontanis.info\/d\/336721-2\/DSC01591.jpg'><img src=http:\/\/ski.inmontanis.info\/d\/336720-3\/DSC01591.jpg \/><\/a><br \/>\n^ Schwarze Abfahrt 6KSB<\/p>\n<p><a href='http:\/\/ski.inmontanis.info\/d\/336725-2\/DSC01592.jpg'><img src=http:\/\/ski.inmontanis.info\/d\/336724-3\/DSC01592.jpg \/><\/a><br \/>\n^ Rote Abfahrt 6KSB, auch noch gesperrt, bin ich sp\u00e4ter aber gefahren<\/p>\n<p><a href='http:\/\/ski.inmontanis.info\/d\/336729-2\/DSC01593.jpg'><img src=http:\/\/ski.inmontanis.info\/d\/336728-3\/DSC01593.jpg \/><\/a><br \/>\n^ Talstationen SL und 6KSB<\/p>\n<p><a href='http:\/\/ski.inmontanis.info\/d\/336733-2\/DSC01596.jpg'><img src=http:\/\/ski.inmontanis.info\/d\/336732-3\/DSC01596.jpg \/><\/a><br \/>\n^ Schwarze Abfahrt 6KSB und blaue<\/p>\n<p><a href='http:\/\/ski.inmontanis.info\/d\/336737-2\/DSC01599.jpg'><img src=http:\/\/ski.inmontanis.info\/d\/336736-3\/DSC01599.jpg \/><\/a><br \/>\n^ \u00dcbungslift, bin ich erst zum Schluss gefahren<\/p>\n<p><a href='http:\/\/ski.inmontanis.info\/d\/336741-2\/DSC01601.jpg'><img src=http:\/\/ski.inmontanis.info\/d\/336740-3\/DSC01601.jpg \/><\/a><br \/>\n^ Gipfellift<\/p>\n<p><a href='http:\/\/ski.inmontanis.info\/d\/336745-2\/DSC01603.jpg'><img src=http:\/\/ski.inmontanis.info\/d\/336744-3\/DSC01603.jpg \/><\/a><br \/>\n^ 6KSB mit Wartezeiten<\/p>\n<p><a href='http:\/\/ski.inmontanis.info\/d\/336749-2\/DSC01604.jpg'><img src=http:\/\/ski.inmontanis.info\/d\/336748-3\/DSC01604.jpg \/><\/a><br \/>\n^ Tallift<\/p>\n<p>In Mullsj\u00f6 sind auch noch nicht alle Abfahrten offen, zumindest laut der letzten Information vom 16.1. ist nur die rechte Seite mit 1 Abfahrt und den 2 zus\u00e4tzlichen kurzen Varianten offen und die Anf\u00e4ngerpisten oben, aber eben nicht die linke Seite vom Hauptlift, somit sehr fraglich, ob ich da \u00fcberhaupt \u00fcbermorgen vorbei fahren m\u00f6chte &#8211; oder schon am FR in Sunne sein m\u00f6chte um dort evtl. 2 Tage zu bleiben oder weiter oben noch was mitzunehmen. <\/p>\n<p>Alternativ l\u00e4ge sonst auch noch Billingebacken oder Falk\u00f6ping auf dem Weg von Ulricehamn nach Sunne, ersteres mit KSSL, aber evtl. eigenem Chipkartensystem, nicht ganz klar auf der Website, zudem nur 1 Abfahrt und wohl nur abends offen zur Zeit.<\/p>\n<p>Irgendwann tat ich mir die (langsame) 6KSB an und musste sie gleich ein zweites Mal fahren, denn da lagen so viele Stecken auf der Trasse, dass ich sie z\u00e4hlen wollte. Ich kam bei der n\u00e4chsten Fahrt auf 65 Stecken und das bei einer unter 500m kurzen Sessellifttrasse, wobei man oben und unten ja noch ein sch\u00f6nes St\u00fcck abziehen muss :-)))) Wobei einige ja in H\u00e4lften waren, andere daf\u00fcr werd ich \u00fcbersehen haben. Noch nie erlebt sowas, daf\u00fcr war der Skipass dann doch Wert heute ;) Wenn ich das gewusst h\u00e4tte, h\u00e4tte ich meinen alten Stecken mitgenommen um ihn ebenso hier zu entsorgen ;) <\/p>\n<p>Es wurde noch etwas sonniger, ab 1500 leerer und man sah einige Seen. Wenn alle Abfahrten offen w\u00e4ren, k\u00f6nnte das Skigebiet schon ganz nett sein.<\/p>\n<p><a href='http:\/\/ski.inmontanis.info\/d\/336753-2\/DSC01606.jpg'><img src=http:\/\/ski.inmontanis.info\/d\/336752-3\/DSC01606.jpg \/><\/a><br \/>\n^ 6KSB<\/p>\n<p><a href='http:\/\/ski.inmontanis.info\/d\/336757-2\/DSC01609.jpg'><img src=http:\/\/ski.inmontanis.info\/d\/336756-3\/DSC01609.jpg \/><\/a><br \/>\n^ 6KSB Bergstation<\/p>\n<p><a href='http:\/\/ski.inmontanis.info\/d\/336761-2\/DSC01611.jpg'><img src=http:\/\/ski.inmontanis.info\/d\/336760-3\/DSC01611.jpg \/><\/a><br \/>\n^ Panorama<\/p>\n<p><a href='http:\/\/ski.inmontanis.info\/d\/336765-2\/DSC01614.jpg'><img src=http:\/\/ski.inmontanis.info\/d\/336764-3\/DSC01614.jpg \/><\/a><br \/>\n^ In der 6KSB-Trasse liegen sehr viele Skistecken<\/p>\n<p><a href='http:\/\/ski.inmontanis.info\/d\/336769-3\/DSC01616.jpg'><img src=http:\/\/ski.inmontanis.info\/d\/336768-4\/DSC01616.jpg \/><\/a><br \/>\n^ In der 6KSB-Trasse liegen sehr viele Skistecken<\/p>\n<p><a href='http:\/\/ski.inmontanis.info\/d\/336773-3\/DSC01622.jpg'><img src=http:\/\/ski.inmontanis.info\/d\/336772-4\/DSC01622.jpg \/><\/a><br \/>\n^ In der 6KSB-Trasse liegen sehr viele Skistecken, manche abgebrochen, manche nicht<\/p>\n<p><a href='http:\/\/ski.inmontanis.info\/d\/336777-3\/DSC01629.jpg'><img src=http:\/\/ski.inmontanis.info\/d\/336776-4\/DSC01629.jpg \/><\/a><br \/>\n^ In der 6KSB-Trasse liegen sehr viele Skistecken<\/p>\n<p><a href='http:\/\/ski.inmontanis.info\/d\/336781-3\/DSC01630.jpg'><img src=http:\/\/ski.inmontanis.info\/d\/336780-4\/DSC01630.jpg \/><\/a><br \/>\n^ In der 6KSB-Trasse liegen sehr viele Skistecken<\/p>\n<p><a href='http:\/\/ski.inmontanis.info\/d\/336785-3\/DSC01631.jpg'><img src=http:\/\/ski.inmontanis.info\/d\/336784-4\/DSC01631.jpg \/><\/a><br \/>\n^ In der 6KSB-Trasse liegen sehr viele Skistecken &#8211; ich kam auf ca. 65 Stecken auf dieser kurzen Strecke :))<\/p>\n<p><a href='http:\/\/ski.inmontanis.info\/d\/336789-3\/DSC01633.jpg'><img src=http:\/\/ski.inmontanis.info\/d\/336788-4\/DSC01633.jpg \/><\/a><br \/>\n^ Blaue Abfahrt mit See oder Fluss<\/p>\n<p><a href='http:\/\/ski.inmontanis.info\/d\/336793-3\/DSC01634.jpg'><img src=http:\/\/ski.inmontanis.info\/d\/336792-4\/DSC01634.jpg \/><\/a><br \/>\n^ Rechter SL und Wohnmobilstellpl\u00e4tze &#8211; aber wohl eher im Sommer?!<\/p>\n<p><a href='http:\/\/ski.inmontanis.info\/d\/336797-3\/DSC01635.jpg'><img src=http:\/\/ski.inmontanis.info\/d\/336796-4\/DSC01635.jpg \/><\/a><br \/>\n^ Rechter SL, auch diese beiden Abfahrten leider noch geschlossen<\/p>\n<p><a href='http:\/\/ski.inmontanis.info\/d\/336801-3\/DSC01638.jpg'><img src=http:\/\/ski.inmontanis.info\/d\/336800-3\/DSC01638.jpg \/><\/a><br \/>\n^ Nochmals See oder Fluss Pano<\/p>\n<p><a href='http:\/\/ski.inmontanis.info\/d\/336805-3\/ge20250205.jpg'><img src=http:\/\/ski.inmontanis.info\/d\/336804-4\/ge20250205.jpg \/><\/a><br \/>\n^ GPS-Track 5.2.2025<\/p>\n<p><a href='http:\/\/extra.inmontanis.info\/d\/129870-2\/DSC01639.jpg'><img src=http:\/\/extra.inmontanis.info\/d\/129869-3\/DSC01639.jpg \/><\/a><br \/>\n^ Alte Shell-Tankstelle<\/p>\n<p><a href='http:\/\/extra.inmontanis.info\/d\/129874-2\/DSC01641.jpg'><img src=http:\/\/extra.inmontanis.info\/d\/129873-3\/DSC01641.jpg \/><\/a><br \/>\n^ In der Hoffnung, dass dieser altmodisch gemachte Stecker besser in meinen Steckdosen h\u00e4lt als die neueren Stecker (bisher: ja)<\/p>\n<p>Abends nochmals kurz die Skigebiete gecheckt &#8211; ja, ohne die linken Abfahrten lohnt sich Mullsj\u00f6 wohl nicht, da k\u00f6nnte Sunne selbst f\u00fcr 2 Tage interessanter sein, weil l\u00e4ngere Abfahrten und mehr Abfahrten.<\/p>\n<p>Schade, dass f\u00fcr SA+SO in Gesundaberget keine Sonne gemeldet wird, aber tagelang davor und danach. Ab MO w\u00e4re aber f\u00fcr 3 Wochen (Ferien) tgl. offen.<\/p>\n<p>Danach musste ich die \u00fcber 300 Bilder aus Oberwiesenthal bearbeiten und aussortieren &#8211; puh.<br \/>\nNach dem ersten Schritt: 180, nach dem zweiten 148. Nach der Beschriftung 135 &#8211; o weia.<\/p>\n","protected":false},"excerpt":{"rendered":"<p>Mi, 5.2.2025<\/p>\n<p>Neben dem morgendlichen Supermarkt h\u00e4tte es einen McD mit Fr\u00fchst\u00fcck gegeben, die waren letzte Saison glaub g\u00fcnstiger als in DE, aber wenn ich eh noch zu Biltema gleich will&#8230; <\/p>\n<p>Wobei man ja immer nicht weiss, was es in dem jeweiligen Biltema-Caf\u00e9 zu essen gibt. Raggmunk waren zuletzt ja eher selten; h\u00e4ufiger, wenn <a href=\"http:\/\/blog.inmontanis.info\/?p=10598\">[&#8230;]<\/a><\/p>\n","protected":false},"author":1,"featured_media":10600,"comment_status":"closed","ping_status":"closed","sticky":false,"template":"","format":"standard","meta":{"footnotes":""},"categories":[940,774,19,27],"tags":[56,45,47],"class_list":["post-10598","post","type-post","status-publish","format-standard","has-post-thumbnail","hentry","category-2025-01-alpenskandinavien","category-isaberg","category-schwedensweden","category-skifahren-winterskiing-winter","tag-6sb","tag-see","tag-sl","odd"],"_links":{"self":[{"href":"http:\/\/blog.inmontanis.info\/index.php?rest_route=\/wp\/v2\/posts\/10598","targetHints":{"allow":["GET"]}}],"collection":[{"href":"http:\/\/blog.inmontanis.info\/index.php?rest_route=\/wp\/v2\/posts"}],"about":[{"href":"http:\/\/blog.inmontanis.info\/index.php?rest_route=\/wp\/v2\/types\/post"}],"author":[{"embeddable":true,"href":"http:\/\/blog.inmontanis.info\/index.php?rest_route=\/wp\/v2\/users\/1"}],"replies":[{"embeddable":true,"href":"http:\/\/blog.inmontanis.info\/index.php?rest_route=%2Fwp%2Fv2%2Fcomments&post=10598"}],"version-history":[{"count":2,"href":"http:\/\/blog.inmontanis.info\/index.php?rest_route=\/wp\/v2\/posts\/10598\/revisions"}],"predecessor-version":[{"id":10601,"href":"http:\/\/blog.inmontanis.info\/index.php?rest_route=\/wp\/v2\/posts\/10598\/revisions\/10601"}],"wp:featuredmedia":[{"embeddable":true,"href":"http:\/\/blog.inmontanis.info\/index.php?rest_route=\/wp\/v2\/media\/10600"}],"wp:attachment":[{"href":"http:\/\/blog.inmontanis.info\/index.php?rest_route=%2Fwp%2Fv2%2Fmedia&parent=10598"}],"wp:term":[{"taxonomy":"category","embeddable":true,"href":"http:\/\/blog.inmontanis.info\/index.php?rest_route=%2Fwp%2Fv2%2Fcategories&post=10598"},{"taxonomy":"post_tag","embeddable":true,"href":"http:\/\/blog.inmontanis.info\/index.php?rest_route=%2Fwp%2Fv2%2Ftags&post=10598"}],"curies":[{"name":"wp","href":"https:\/\/api.w.org\/{rel}","templated":true}]}}