{"id":10580,"date":"2025-01-31T21:13:33","date_gmt":"2025-01-31T20:13:33","guid":{"rendered":"http:\/\/blog.inmontanis.info\/?p=10580"},"modified":"2025-02-02T21:23:15","modified_gmt":"2025-02-02T20:23:15","slug":"marianky-marienbad-marianske-lazne-31-1-2025","status":"publish","type":"post","link":"http:\/\/blog.inmontanis.info\/?p=10580","title":{"rendered":"Marianky (Marienbad, Mari\u00e1nsk\u00e9 L\u00e1zn\u011b), 31.1.2025"},"content":{"rendered":"<p><strong>Fr, 31.1.2025<\/strong> &#8211; 70. Skitag dieser Saison und mein allererster Skitag in der Tschechei, somit mein 28. Ski-Land. (Polen fehlt mir \u00fcbrigens auch noch.)<\/p>\n<p>F\u00fcr heute Nachmittag war ja die letzten Tage sowohl bei Bergfex wie auch bei YR f\u00fcr Marienbad Sonne gemeldet. Heut VM meldete nur noch Bergfex Sonne f\u00fcr NM, daf\u00fcr f\u00fcr die n\u00e4chsten Tage mehr Sonne. Naja, so tragisch ist das bei dem kleinen Skigebiet wohl eh nicht, wenn ich da keine Sonne haben w\u00fcrde. H\u00e4tte ja ansonsten heut auch noch Hohenbogen retour fahren k\u00f6nnen, weil ich in der N\u00e4he \u00fcbernachtet hab. Aber da wurde ja sowieso nicht sonnig gemeldet. Vormittags am Parkplatz regnete es hin und wieder.<\/p>\n<p>Parken soll in Marianky laut Homepage &#8220;im Winter&#8221; gratis sein &#8211; h\u00f6rt sich so an, als ob da also im Sommer mehr los w\u00e4re als im Winter. Ge\u00f6ffnet sollte die GUB und einer der beiden SL sein. Die 600m kurze GUB macht ca. 100 hm, die 300m kurzen SL jeweils ca. 70 hm lt. offiziellen Daten. Ich w\u00fcrde wohl nicht hinfahren, wenn die GUB nicht aus solchen alten Poma-Eiern best\u00fcnde ;) Wenn ich heuer leider schon wieder zu keinem ESL im Winterskibetrieb gekommen bin :(<\/p>\n<p>2h kosten 350, 3h 370, 4h 390, TK 470 CZK; Kurs ist dzt. ziemlich genau 1 : 25. Wobei die P\u00e4sse ab 3h online g\u00fcnstiger sind, z.B. 3h dann 350 CZK. 350 CZK sind ca. 14 \u20ac. Bevor ich mich da aber langwierig registriere und dann ggf. keine meiner Chipkarten akzeptiert wird &#8211; werd ich die Karte an der Kasse kaufen, Kaution 50,- lt. CZ-Preisliste. <\/p>\n<p><a href='http:\/\/extra.inmontanis.info\/d\/129704-3\/DSC01175.jpg'><img src=http:\/\/extra.inmontanis.info\/d\/129703-4\/DSC01175.jpg \/><\/a><br \/>\n^ Fahrt durch Tschechien<\/p>\n<p><a href='http:\/\/extra.inmontanis.info\/d\/129708-3\/DSC01176.jpg'><img src=http:\/\/extra.inmontanis.info\/d\/129707-4\/DSC01176.jpg \/><\/a><br \/>\n^ In N\u00fcrnberg kam ich diesmal nicht vorbei<\/p>\n<p><a href='http:\/\/extra.inmontanis.info\/d\/129712-3\/DSC01177.jpg'><img src=http:\/\/extra.inmontanis.info\/d\/129711-4\/DSC01177.jpg \/><\/a><br \/>\n^ Marienbad \/ Marianske Lazne<\/p>\n<p><a href='http:\/\/extra.inmontanis.info\/d\/129716-3\/DSC01178.jpg'><img src=http:\/\/extra.inmontanis.info\/d\/129715-4\/DSC01178.jpg \/><\/a><br \/>\n^ Marienbad \/ Marianske Lazne<\/p>\n<p><a href='http:\/\/extra.inmontanis.info\/d\/129720-3\/DSC01181.jpg'><img src=http:\/\/extra.inmontanis.info\/d\/129719-4\/DSC01181.jpg \/><\/a><br \/>\n^ Marienbad \/ Marianske Lazne<\/p>\n<p>Um 12:40 kam ich am Parkplatz des kleinen Skigebiets an und kaufte mir also die 3h-Karte um 370,-, die erste GUB-Gruppe schaffte ich nicht, die n\u00e4chste am letzten Platz. Die Bahn h\u00e4lt nicht in den Stationen, sondern f\u00e4hrt langsam durch. F\u00e4hrt auch auf der Strecke nicht sonderlich schnell.<\/p>\n<p>Leider war auch nur 1 Abfahrt an der GUB offen, die Zufahrt zur anderen (halben) war quasi schneefrei. Die Abfahrten waren recht eisig, wie ja nicht anders zu erwarten war.<\/p>\n<p>Nach 3x SL musste ich etwas l\u00e4nger an der GUB warten, insofern kommt man in 2h nicht viel zum Skifahren, die 3h waren heute besser bzw. blieb ich dann ca. 2,5h.<\/p>\n<p>Ab 1500 wieder leerer, aber die kleinen 4er Kabinen wurden stets mit 4 Personen belegt, so dass man es nicht wirklich genie\u00dfen konnte und auch nix aus der Gondel fotografieren konnte. <\/p>\n<p><a href='http:\/\/ski.inmontanis.info\/d\/336047-2\/DSC01182.jpg'><img src=http:\/\/ski.inmontanis.info\/d\/336046-3\/DSC01182.jpg \/><\/a><br \/>\n^ Parkplatz und GUB<\/p>\n<p><a href='http:\/\/ski.inmontanis.info\/d\/336051-2\/DSC01203.jpg'><img src=http:\/\/ski.inmontanis.info\/d\/336050-3\/DSC01203.jpg \/><\/a><br \/>\n^ Pistenplan<\/p>\n<p><a href='http:\/\/ski.inmontanis.info\/d\/336055-2\/DSC01183.jpg'><img src=http:\/\/ski.inmontanis.info\/d\/336054-3\/DSC01183.jpg \/><\/a><br \/>\n^ Die Schlepplifte bieten eine kurze, aber steile Piste<\/p>\n<p><a href='http:\/\/ski.inmontanis.info\/d\/336059-2\/DSC01184.jpg'><img src=http:\/\/ski.inmontanis.info\/d\/336058-3\/DSC01184.jpg \/><\/a><br \/>\n^ GUB Talstation<\/p>\n<p><a href='http:\/\/ski.inmontanis.info\/d\/336063-2\/DSC01185.jpg'><img src=http:\/\/ski.inmontanis.info\/d\/336062-3\/DSC01185.jpg \/><\/a><br \/>\n^ GUB Talstation; Snowboards werden an die Fahrradhaken au\u00dfen geh\u00e4ngt<\/p>\n<p><a href='http:\/\/ski.inmontanis.info\/d\/336067-2\/DSC01186.jpg'><img src=http:\/\/ski.inmontanis.info\/d\/336066-3\/DSC01186.jpg \/><\/a><br \/>\n^ GUB Bergstation<\/p>\n<p><a href='http:\/\/ski.inmontanis.info\/d\/336071-2\/DSC01187.jpg'><img src=http:\/\/ski.inmontanis.info\/d\/336070-3\/DSC01187.jpg \/><\/a><br \/>\n^ GUB Bergstation<\/p>\n<p><a href='http:\/\/ski.inmontanis.info\/d\/336075-2\/DSC01188.jpg'><img src=http:\/\/ski.inmontanis.info\/d\/336074-3\/DSC01188.jpg \/><\/a><br \/>\n^ Abfahrt GUB, Standard links, geradeaus die wg. Schneemangel geschlossene Variante<\/p>\n<p><a href='http:\/\/ski.inmontanis.info\/d\/336079-2\/DSC01190.jpg'><img src=http:\/\/ski.inmontanis.info\/d\/336078-3\/DSC01190.jpg \/><\/a><br \/>\n^ SL und Marienbad<\/p>\n<p><a href='http:\/\/ski.inmontanis.info\/d\/336083-2\/DSC01193.jpg'><img src=http:\/\/ski.inmontanis.info\/d\/336082-3\/DSC01193.jpg \/><\/a><br \/>\n^ SL Bergstation<\/p>\n<p><a href='http:\/\/ski.inmontanis.info\/d\/336087-2\/DSC01191.jpg'><img src=http:\/\/ski.inmontanis.info\/d\/336086-3\/DSC01191.jpg \/><\/a><br \/>\n^ Der andere SL<\/p>\n<p><a href='http:\/\/ski.inmontanis.info\/d\/336091-2\/DSC01192.jpg'><img src=http:\/\/ski.inmontanis.info\/d\/336090-3\/DSC01192.jpg \/><\/a><br \/>\n^ SL-Abfahrt<\/p>\n<p><a href='http:\/\/ski.inmontanis.info\/d\/336095-2\/DSC01194.jpg'><img src=http:\/\/ski.inmontanis.info\/d\/336094-3\/DSC01194.jpg \/><\/a><br \/>\n^ GUB-Abfahrt<\/p>\n<p><a href='http:\/\/ski.inmontanis.info\/d\/336099-2\/DSC01195.jpg'><img src=http:\/\/ski.inmontanis.info\/d\/336098-3\/DSC01195.jpg \/><\/a><br \/>\n^ SL-Hang<\/p>\n<p><a href='http:\/\/ski.inmontanis.info\/d\/336103-2\/DSC01198.jpg'><img src=http:\/\/ski.inmontanis.info\/d\/336102-3\/DSC01198.jpg \/><\/a><br \/>\n^ GUB<\/p>\n<p><a href='http:\/\/ski.inmontanis.info\/d\/336107-2\/DSC01199.jpg'><img src=http:\/\/ski.inmontanis.info\/d\/336106-3\/DSC01199.jpg \/><\/a><br \/>\n^ GUB<\/p>\n<p><a href='http:\/\/ski.inmontanis.info\/d\/336111-2\/DSC01196.jpg'><img src=http:\/\/ski.inmontanis.info\/d\/336110-3\/DSC01196.jpg \/><\/a><br \/>\n^ Die noch geschlossene Abfahrtsvariante an der GUB, bin ich trotzdem gefahren<\/p>\n<p><a href='http:\/\/ski.inmontanis.info\/d\/336115-2\/DSC01200.jpg'><img src=http:\/\/ski.inmontanis.info\/d\/336114-3\/DSC01200.jpg \/><\/a><br \/>\n^ Die noch geschlossene Abfahrtsvariante an der GUB, bin ich trotzdem gefahren<\/p>\n<p><a href='http:\/\/ski.inmontanis.info\/d\/336119-2\/DSC01202.jpg'><img src=http:\/\/ski.inmontanis.info\/d\/336118-3\/DSC01202.jpg \/><\/a><br \/>\n^ Die noch geschlossene Abfahrtsvariante an der GUB und Einm\u00fcndung in die normale Abfahrt<\/p>\n<p><a href='http:\/\/ski.inmontanis.info\/d\/336123-2\/DSC01204.jpg'><img src=http:\/\/ski.inmontanis.info\/d\/336122-3\/DSC01204.jpg \/><\/a><br \/>\n^ GUB-Abfahrt Start<\/p>\n<p><a href='http:\/\/ski.inmontanis.info\/d\/336127-2\/ge20250131a.jpg'><img src=http:\/\/ski.inmontanis.info\/d\/336126-3\/ge20250131a.jpg \/><\/a><br \/>\n^ GPS-Track 31.1.2025<\/p>\n<p>Bei meinem Sommerbesuch 2011 waren die Kabinen ja noch in Rot:<\/p>\n<p><a href='http:\/\/ski.inmontanis.info\/d\/136569-3\/DSC00849.jpg'><img src=http:\/\/ski.inmontanis.info\/d\/136568-4\/DSC00849.jpg \/><\/a><br \/>\n^ Tatrapoma<\/p>\n<p><img src=http:\/\/ski.inmontanis.info\/d\/136509-3\/DSC00808.jpg \/><\/p>\n<p><img src=http:\/\/ski.inmontanis.info\/d\/136525-3\/DSC00826.jpg \/><\/p>\n<p>Noch in Karlsbad einkaufen + in KFC gehen + noch weiter nach Oberwiesenthal fahren bis zu einem Nachtplatz? Wird dann schon recht sp\u00e4t und dunkel. Oder lieber schon vor Karlsbad einen Nachtplatz (dann davor nur kurz einkaufen f\u00fcr heute Abend)? Ja, besser.<\/p>\n<p><a href='http:\/\/extra.inmontanis.info\/d\/129724-3\/DSC01208.jpg'><img src=http:\/\/extra.inmontanis.info\/d\/129723-4\/DSC01208.jpg \/><\/a><br \/>\n^ Fahrt durch CZ, schaut teilweise wieder wie in Schweden aus<\/p>\n<p><a href='http:\/\/extra.inmontanis.info\/d\/129728-3\/DSC01210.jpg'><img src=http:\/\/extra.inmontanis.info\/d\/129727-4\/DSC01210.jpg \/><\/a><br \/>\n^ .. allerdings fahr ich hier lieber langsamer, die Stra\u00dfe ist vmtl. nicht so sch\u00f6n pr\u00e4pariert wie in Skandinavien<\/p>\n<p><a href='http:\/\/extra.inmontanis.info\/d\/129732-3\/DSC01211.jpg'><img src=http:\/\/extra.inmontanis.info\/d\/129731-4\/DSC01211.jpg \/><\/a><br \/>\n^ Es ist nicht alles schneelos<\/p>\n<p><a href='http:\/\/extra.inmontanis.info\/d\/129736-3\/DSC01213.jpg'><img src=http:\/\/extra.inmontanis.info\/d\/129735-4\/DSC01213.jpg \/><\/a><br \/>\n^ <\/p>\n<p><a href='http:\/\/extra.inmontanis.info\/d\/129740-3\/DSC01214.jpg'><img src=http:\/\/extra.inmontanis.info\/d\/129739-4\/DSC01214.jpg \/><\/a><br \/>\n^ Die Autobahn nach Karlsbad ist vignettenfrei<\/p>\n<p>W\u00e4hrend in AT ja seit 1.1. das Pfandsystem f\u00fcr Plastikflaschen gestartet ist, aber in Superm\u00e4rkten aktuell noch viele alte Flaschen ohne Pfand verkauft werden, soll es in CZ wohl erst 2026 eingef\u00fchrt werden. Die Pfandautomaten sind aber schon installiert, vmtl. wg. Flaschenpfand.<\/p>\n<p>Einige von den Naschsachen sind mittlerweile auch nicht mehr sonderlich g\u00fcnstig, wohl aber gibt es noch sehr g\u00fcnstige Getr\u00e4nke,  ich nahm eine  2l Cola Light Flasche um ca. 0,32 oder 0,38 \u20ac. Gek\u00fchlte Fertiggerichte um die 3-4 \u20ac, aber meine portion mit \u00fcber 500g ordentlich gro\u00df, nicht so winzig wie die in Frankreich.<\/p>\n<p>Netterweise bekam ich eine Portion Sv\u00ed\u010dkov\u00e1 na Smetane mit Serviettenkn\u00f6del, wenn auch von einer anderen Firma wie fr\u00fcher, das war fr\u00fcher schon mein Lieblingsfertiggericht in CZ, schmeckt auch etwas s\u00fc\u00dflich.<\/p>\n<p><a href='http:\/\/extra.inmontanis.info\/d\/129744-2\/DSC01215.jpg'><img src=http:\/\/extra.inmontanis.info\/d\/129743-3\/DSC01215.jpg \/><\/a><br \/>\n^ Fertiggerichte<\/p>\n<p><a href='http:\/\/extra.inmontanis.info\/d\/129748-2\/DSC01217.jpg'><img src=http:\/\/extra.inmontanis.info\/d\/129747-3\/DSC01217.jpg \/><\/a><br \/>\n^ Fertiggerichte \/ Svickova, 2 Scheiben Rindfleisch, viel b\u00f6hmische Kn\u00f6del und viel So\u00dfe<\/p>\n<p>Die Packung Satay Chicken war leider ein Fehlkauf &#8211; mehr dazu am n\u00e4chsten Tag. <\/p>\n<p>Ebenfalls mal testweise gekauft, eine kleine Packung Kartoffelchips mit Knoblauchgeschmack .. das ist wirklich Knoblauch, der nervte mich leider noch nachts im Magen.<\/p>\n<p>Morgen hoffentlich Oberwiesenthal, aber f\u00fcr die Tage drauf ist alles noch sehr vage. Verzweifelt auf der Suche nach 1-2 kleinen Gebieten, die ich am Sonntag kombinieren k\u00f6nnte, aber so viel geschlossen oder nur minimal offen oder dann wieder nur eine 4er Sesselbahn .. Bournak (CZ) und Altenberg (DE) w\u00e4ren m\u00f6glich, aber in Bournak sind wohl die interessanten Abfahrten zu (hat auch nur am WE offen derzeit) und Altenberg wird vmtl. auch sehr voll werden, zumal es das einzige zu sein scheint, was in DE weit und breit offen hat. Alternative am Sonntag w\u00e4re Klinovec, aber ob mir das mit seinen vielen 4er Seseln und vmtl. sehr vielen Leuten gefallen w\u00fcrde &#8230;<\/p>\n<p>Allerdings wird nicht genug Stoff sein f\u00fcr einen Skitag am Dienstag (weil 1. eh kaum was offen und 2. die, die offen haben, meist nur am WE offen sind) und weil das &#8220;f\u00e4hrennahe Skigebiet&#8221; in Schweden, das mittwochs Abend offen h\u00e4tte, wg. Schneemangel auch geschlossen ist, kann ich auch gleich die F\u00e4hre f\u00fcr DI Nachmittag buchen (statt Mittwoch die Morgenf\u00e4hre, um noch Nachtski zu schaffen). Das n\u00e4chste (oder das vermutlich n\u00e4chste offene) Skigebiet Isaberg ist schon ein St\u00fcck weiter weg und hat weder DI noch MI Nachtski, w\u00fcrd ich dann aber halt am MI tags\u00fcber besuchen.<\/p>\n<p>Kaum wollte ich  schlafen, stellte sich so en bl\u00f6des Auto neben mich und die zwei l\u00e4rmten ewig rum &#8211; war ja klar, dass ich mir am WE mal wieeder den falschen Parkplatz raugesucht hab :(<\/p>\n","protected":false},"excerpt":{"rendered":"<p>Fr, 31.1.2025 &#8211; 70. Skitag dieser Saison und mein allererster Skitag in der Tschechei, somit mein 28. Ski-Land. (Polen fehlt mir \u00fcbrigens auch noch.)<\/p>\n<p>F\u00fcr heute Nachmittag war ja die letzten Tage sowohl bei Bergfex wie auch bei YR f\u00fcr Marienbad Sonne gemeldet. Heut VM meldete nur noch Bergfex Sonne f\u00fcr NM, daf\u00fcr f\u00fcr die <a href=\"http:\/\/blog.inmontanis.info\/?p=10580\">[&#8230;]<\/a><\/p>\n","protected":false},"author":1,"featured_media":10582,"comment_status":"closed","ping_status":"closed","sticky":false,"template":"","format":"standard","meta":{"footnotes":""},"categories":[940,827,59,27,105],"tags":[42,83,47],"class_list":["post-10580","post","type-post","status-publish","format-standard","has-post-thumbnail","hentry","category-2025-01-alpenskandinavien","category-marianske-lazne","category-nostalgie","category-skifahren-winterskiing-winter","category-tschechien","tag-4eub","tag-gub","tag-sl","odd"],"_links":{"self":[{"href":"http:\/\/blog.inmontanis.info\/index.php?rest_route=\/wp\/v2\/posts\/10580","targetHints":{"allow":["GET"]}}],"collection":[{"href":"http:\/\/blog.inmontanis.info\/index.php?rest_route=\/wp\/v2\/posts"}],"about":[{"href":"http:\/\/blog.inmontanis.info\/index.php?rest_route=\/wp\/v2\/types\/post"}],"author":[{"embeddable":true,"href":"http:\/\/blog.inmontanis.info\/index.php?rest_route=\/wp\/v2\/users\/1"}],"replies":[{"embeddable":true,"href":"http:\/\/blog.inmontanis.info\/index.php?rest_route=%2Fwp%2Fv2%2Fcomments&post=10580"}],"version-history":[{"count":2,"href":"http:\/\/blog.inmontanis.info\/index.php?rest_route=\/wp\/v2\/posts\/10580\/revisions"}],"predecessor-version":[{"id":10583,"href":"http:\/\/blog.inmontanis.info\/index.php?rest_route=\/wp\/v2\/posts\/10580\/revisions\/10583"}],"wp:featuredmedia":[{"embeddable":true,"href":"http:\/\/blog.inmontanis.info\/index.php?rest_route=\/wp\/v2\/media\/10582"}],"wp:attachment":[{"href":"http:\/\/blog.inmontanis.info\/index.php?rest_route=%2Fwp%2Fv2%2Fmedia&parent=10580"}],"wp:term":[{"taxonomy":"category","embeddable":true,"href":"http:\/\/blog.inmontanis.info\/index.php?rest_route=%2Fwp%2Fv2%2Fcategories&post=10580"},{"taxonomy":"post_tag","embeddable":true,"href":"http:\/\/blog.inmontanis.info\/index.php?rest_route=%2Fwp%2Fv2%2Ftags&post=10580"}],"curies":[{"name":"wp","href":"https:\/\/api.w.org\/{rel}","templated":true}]}}