{"id":10569,"date":"2025-01-27T20:38:58","date_gmt":"2025-01-27T19:38:58","guid":{"rendered":"http:\/\/blog.inmontanis.info\/?p=10569"},"modified":"2025-01-29T20:46:44","modified_gmt":"2025-01-29T19:46:44","slug":"hoch-kossen-26-27-1-2025","status":"publish","type":"post","link":"http:\/\/blog.inmontanis.info\/?p=10569","title":{"rendered":"(Hoch-) K\u00f6ssen, 26.+27.1.2025"},"content":{"rendered":"<p><strong>So, 26.1.2025<\/strong><\/p>\n<p>Wetterm\u00e4\u00dfig w\u00fcrde f\u00fcr Pertisau zwar weniger Regen gemeldet wie f\u00fcr K\u00f6ssen, beiderseits nur vormittags, aber Fjordpano ist bei Sonne einfach sch\u00f6ner, zudem laut Schneebericht nun der B\u00fcgel-SL nicht mal mehr bis Zwischeneinstieg offen (wohl aber noch die rote Talabfahrt).<\/p>\n<p>Wobei Regen mittlerweile von ca. 10-12\/13 Uhr gemeldet wird und ich ja vmtl. schon ab ca. 10 Uhr in K\u00f6ssen w\u00e4re&#8230; <\/p>\n<p>Vor Kiefersfelden bog ich also nach K\u00f6ssen ab. Sehr geil, die Tiroler. schlagen die Touristen ins Gesicht mit Dosierampeln vor Orten um Kufstein, aber sie wollen trotzdem hier Urlaub machen :) Und die Deutschen Grenzer sorgen ja schon seit Jahren wieder f\u00fcr Stau mit ihren Grenzkontrollen.<\/p>\n<p>Der Hofer in K\u00f6ssen scheint sonntags ab 10 Uhr offen zu sein, so viel wie kurz davor vor der noch geschlossenen T\u00fcre standen.<\/p>\n<p>Um 10:05 kam ich bei leichtem Regen in K\u00f6ssen an. Noch  2 Stunden im Auto warten, dass es besser wird? F\u00fcr DI wird leider mehr Regen gemeldet, so dass es sein k\u00f6nnte, dass ich da bereits nach Hochficht m\u00f6chte. Allerdings soll am DI die SFG auf 800-1000m sein, heute auf 1000-1400m. <\/p>\n<p>Nat\u00fcrlich musste sich die Wettervohersage eine Stunde sp\u00e4ter wieder \u00e4ndern, nun ist bis 14 Uhr Regen gemeldet mit einer h\u00f6heren Niederschlagsmenge&#8230;<\/p>\n<p>Um 12 hatte es aber doch etwas weniger geregnet und ich war gewillt, mich mal langsam umzuziehen.<\/p>\n<p>Allerdings probierte ich nicht die  gestern abgeholten Ski meines Vaters, aber f\u00fcr einen seiner mir ja eigentlich etwas zu langen Stecken. Konsequenterweise m\u00fcsste ich dann einen meiner alten Stecken wieder aussortieren, im Zweifelsfall wohl den (nicht sehr kurz einziehbaren) Teleskopstecken, den ich  mal am Hintertuxer auf der ZwiDeGo-Variante gefunden hab. Vielleicht f\u00e4llt er mir irgendwann mal zuf\u00e4llig von einem Sessellift und wartet somit auf den n\u00e4chsten Wanderer, der ihn vielleicht brauchen kann  ;)<\/p>\n<p>Die linke DSB oben fuhr nicht, der rechte DSB-Liftler ging mir gleich mal auf den Zeiger, Schnee war auch nicht so geil und so fuhr ich ins Tal, was nat\u00fcrlich nieselregenm\u00e4\u00dfig die d\u00fcmmste Idee war. <\/p>\n<p>Eine Stunde sp\u00e4ter wurde dann nochmal verl\u00e4ngert bis 15 Uhr Regen gemeldet. Unglaublich, diese Bullshitwettervorhersagen. Hatte aber doch schon vor 14 Uhr aufgeh\u00f6rt und blieb trocken, aber gro\u00dfartig Lust hatte ich schon um 14:30 nicht mehr &#8211; man hat halt doch wenig Abwechslung hier.<\/p>\n<p>Vielleicht fahr ich nicht mal mehr morgen hier her. N\u00f6, muss ich doch, ein Erstbesuch in Unken Heutal ist mir nicht verg\u00f6nnt, auch wenn dort genug Schnee liegt: Laut Schneebericht Lifte wg. technischen Defekts voraussichtlich bis 1.2. au\u00dfer Betrieb :(<\/p>\n<p>Somit h\u00f6rte ich um 15 Uhr auf, wenn ich eh morgen nochmals her muss.<\/p>\n<p><a href='http:\/\/ski.inmontanis.info\/d\/335867-2\/DSC01061.jpg'><img src=http:\/\/ski.inmontanis.info\/d\/335866-3\/DSC01061.jpg \/><\/a><br \/>\n^ Blick ins Skigebiet von der Zufahrt; der direkteste Steilhang der Talabfahrt ist im oberen+mittleren Teil ja eine Skiroute, da liegt noch etwas wenig Schnee aktuell, aber sind schon genug gefahren<\/p>\n<p><a href='http:\/\/ski.inmontanis.info\/d\/335871-2\/DSC01063.jpg'><img src=http:\/\/ski.inmontanis.info\/d\/335870-3\/DSC01063.jpg \/><\/a><br \/>\n^ Linke DSB war heut zeitweise au\u00dfer Betrieb wohl wg. Wind, aber die beiden Abfahrten an den DSBen kann man ja eh jeweils von beiden DSBen befahren<\/p>\n<p>Heute Abend h\u00e4tte ich ja mal in Tirol legal freistehen d\u00fcrfen (weil das Camperverbot ja nur f\u00fcr &#8220;touristische&#8221; \u00dcbernachtungen gilt und der morgige Autowerkstatttermin ja wohl nicht dazu z\u00e4hlen kann), aber weil ich gern mal wieder etwas Infrastruktur haben m\u00f6chte (Haare waschen, Flaschen leeren \/ nachf\u00fcllen, rasieren, ..) und es in ca. 16km in Gegenrichtung in DE einen Campingplatz geben soll, der um 20 \u20ac inkl. Strom Kurzzeitpl\u00e4tze f\u00fcr die Nacht haben soll, fuhr ich dort hin.<\/p>\n<p>Checkin macht man via Formular selbst und wirft das Geld in den Briefkasten.<\/p>\n<p>Bin abends nochmals die Schneeberichte f\u00fcr nach Hochficht durchgegangen, insb. falls ich in Hochficht k\u00fcrzer bleiben wollen sollte. Naja&#8230; CZ wird anscheinend erst dann interessant (und aktuell: schneereicher, aber anscheinend eher auf tschechischer als auf polnischer Seite), wenn es weiter nach Osten geht &#8211; also falls mir Hochficht nicht taugen sollte, werd ich vielleicht doch noch ein bissl \u00f6stlicher ziehen..<\/p>\n<p>Dann k\u00f6nnte es aber auch sein, dass es in SK\/CZ\/PL etliche besuchenswerte Gebiete g\u00e4be, die ich n\u00e4chste Saison, sollte ich die GoPass-Saisonkarte haben und deshalb in der Region unterwegs sein, bevor es dann nach Skandinavien geht, besuchen k\u00f6nnte&#8230; Also vielleicht 2-4 Wochen, was bedeuten w\u00fcrde, dass ich dann keine Mo-Fr-Heiligenblut-Karte mehr br\u00e4uchte, sondern schon zu Weihnachten aufbrechen w\u00fcrde -> da werd ich im Sommer die ganzen Gebiete mal durchschauen m\u00fcssen, wieviel da wirklich lohnenswert w\u00e4ren &#8230;<\/p>\n<p>Aber die Schneeh\u00f6hen in CZ sind wohl auch sehr mit Vorsicht zu genie\u00dfen, 50cm, 70cm, 90cm, 150cm wird da gemeldet und wennst die Webcam vom ESL in Zadov\/Churanov anschaust, liegt QUASI GAR NIX. Als ob dann 70-90cm Kunstschnee im 4SB-Gebiet nebendran liegen w\u00fcrden&#8230;. <\/p>\n<p><strong>Mo, 27.1.2025<\/strong> &#8211; Saisonskitag 66 (und in Folge) und letzter Tag in den Alpen bis voraussichtlich anfang Mai?<\/p>\n<p>Sonnig begann der Tag in der Werkstatt. F\u00fcr morgen wird mittlerweile hier wie in Hochficht ganztags Regen\/Schnee gemeldet. <\/p>\n<p>Um 10 Uhr war das Autoservice auch schon wieder fertig und es wurde dankenswerterweise nichts weiteres gefunden. Ich tankte noch um g\u00fcnstige 1,539 \u20ac\/Liter und fuhr nach K\u00f6ssen, wo der Parkplatz voller war als am gestrigen Sonntag.<\/p>\n<p>Mein Plan zuvor, die neue Batterie im Karton eingepackt in den w\u00e4rmenden Schaumstoffmatten plus Heizmatte dazwischen hinterm Beifahrersitz zu verstauen, schlug fehl, da der Platz von der T\u00fcre aus nicht reichte. Ob ich von oben hinkommen k\u00f6nnte, wenn ich das Bettgestell ausbaue, wird sich zeigen m\u00fcssen; ob der Platz \u00fcberhaupt mit Karton und Schaumstoff auf allen 4 Seiten reichen w\u00fcrde, ist unbekannt; g\u00e4nzlich unbedacht beim Ausmessen hab ich einen Verbindungswinkel am Holzgestell, der   st\u00f6rend sein k\u00f6nnte. Allerdings wollte ich heut Abend nicht den Einbau samt Verkabelung machen, sondern erst morgen Abend am Campingplatz.<\/p>\n<p>Heute dann mal die neuen (wenn auch etwas kurzen und trotzdem schweren) Ski ausprobiert. Oben war es wieder st\u00fcrmisch, aber die Lifte hielten durch.<\/p>\n<p>Da die Ski ja eher Racecarver als Allmountains sind (weshalb ich mir ja erst die anderen und nun kaputten mitgenommen hatte), \u00e4hneln sie eher meinen V\u00f6lkl &#8220;Sommerski&#8221; Slalomcarvern, k\u00f6nnen aber bei Bedarf noch etwas Besser auf Kante gefahren werden, vielleicht wg. dem weichen Schnee heute und weil auch die Kante noch sch\u00e4rfer sein d\u00fcrfte.<\/p>\n<p>Die Ski haben ja einen Chip eingebaut, der durch die Biegung des Ski mit Strom versorgt werden soll und dadurch Fasern elektrisch verst\u00e4rkt den Ski steifer machen sollen, sp\u00e4testens weil dann auch noch von &#8220;Verst\u00e4rken&#8221; die Rede war, bleibt doch recht fraglich, ob das System wirklich funktioniert oder das nur ein Marketing-Blahblah ist. Man kann&#8217;s ja auch nicht wirklich \u00fcberpr\u00fcfen.<\/p>\n<p><a href='http:\/\/extra.inmontanis.info\/d\/129640-2\/DSC01080.jpg'><img src=http:\/\/extra.inmontanis.info\/d\/129639-3\/DSC01080.jpg \/><\/a><br \/>\n^ Head Ski mit Chip<\/p>\n<p><a href='http:\/\/ski.inmontanis.info\/d\/335875-2\/DSC01070.jpg'><img src=http:\/\/ski.inmontanis.info\/d\/335874-3\/DSC01070.jpg \/><\/a><br \/>\n^ Linke DSB und der kurze SL im oberen Bereich<\/p>\n<p><a href='http:\/\/ski.inmontanis.info\/d\/335879-2\/DSC01072.jpg'><img src=http:\/\/ski.inmontanis.info\/d\/335878-3\/DSC01072.jpg \/><\/a><br \/>\n^ Rechte DSB, beide verlaufen am Abgrund<\/p>\n<p><a href='http:\/\/ski.inmontanis.info\/d\/335883-2\/DSC01073.jpg'><img src=http:\/\/ski.inmontanis.info\/d\/335882-3\/DSC01073.jpg \/><\/a><br \/>\n^ Gipfelbereich mit beiden DSBen und dem SL<\/p>\n<p><a href='http:\/\/ski.inmontanis.info\/d\/335887-2\/DSC01081.jpg'><img src=http:\/\/ski.inmontanis.info\/d\/335886-3\/DSC01081.jpg \/><\/a><br \/>\n^ Talblick<\/p>\n<p><a href='http:\/\/ski.inmontanis.info\/d\/335891-2\/DSC01082.jpg'><img src=http:\/\/ski.inmontanis.info\/d\/335890-3\/DSC01082.jpg \/><\/a><br \/>\n^ Talabfahrt bzw. untere DSB (die ging fr\u00fcher ja durch bis rauf, aber seit dem Bau der 6EUB wurde die halbiert)<\/p>\n<p><a href='http:\/\/ski.inmontanis.info\/d\/335895-2\/ge20250126-27.jpg'><img src=http:\/\/ski.inmontanis.info\/d\/335894-3\/ge20250126-27.jpg \/><\/a><br \/>\n^ GPS-Track, vorherige Besuche in Gelb; 26.+27.1.2025 in T\u00fcrkis und Magenta<\/p>\n<p><a href='http:\/\/extra.inmontanis.info\/d\/129644-2\/DSC01083.jpg'><img src=http:\/\/extra.inmontanis.info\/d\/129643-3\/DSC01083.jpg \/><\/a><br \/>\n^ Noch eigenartiger als der Chip sind wohl diese runden Vertiefungen an den Seiten, wo sich dann Schnee sammelt und nun vielleicht vereist bis morgen ;)<\/p>\n<p>Da das Skigebiet hier doch recht eint\u00f6nig ist, hab ich um 14:45 aufgeh\u00f6rt, musste auch noch kurz einkaufen und wollte noch 1-2 Stunden von der 3-4-st\u00fcndigen Strecke fahren.<\/p>\n<p>Wof\u00fcr hab ich denn eine Autobahnvignette f\u00fcr AT heuer?! Auf dem Weg von der Schweiz nach K\u00f6ssen zuletzt nicht gebraucht und von hier nach Hochficht schl\u00e4gt selbst Gmaps die k\u00fcrzere Strecke \u00fcber DE vor. <\/p>\n<p>Wieder mal haben sich die Wettervorhersagen ge\u00e4ndert, f\u00fcr morgen gar nicht mehr so viel Niederschlag (und leider eher nachmittag), aber daf\u00fcr auch noch \u00fcbermorgen Vormittag.<\/p>\n<p>Ich besuchte wieder die Norma in Marquartstein oder so, ist mir wesentlich sympathischer vom Angebot her als die anderen Superm\u00e4rkte in DE. Gibt neuerdings sogar Ziegenk\u00e4se mit Paprika und Kr\u00e4uter in Scheiben (also nicht karamellisiert wie in Norwegen), mal probieren.<\/p>\n<p>Pizzam\u00e4\u00dfig f\u00fcr heut Abend gab&#8217;s kaum was, entweder zu gro\u00df, noch ungebacken oder im 2er oder 3er pack :( Schlussendlich hab ich noch eine amerikanische Pizza von Wagner mit Chicken-BBQ gefunden, die ich mitnahm. Ist halt sehr dick und wird daher wohl noch l\u00e4nger brauchen.<\/p>\n<p>Die Wagner Chicken-BBQ-Pizza war vor 20 oder 30 Jahren oder so meine Lieblingspizza, aber irgendwann hatten sie die Rezeptur ge\u00e4ndert und sie wurde mir zu scharf. Mittlerweile schon Jahre lang nicht mehr gekauft, aber weil sie um 1,99 \u20ac so g\u00fcnstig war, probierte ich sie halt mal wieder.<\/p>\n<p>Bei den vielen leckeren und preislich &#8220;ok-ernen&#8221; Naschsachen musste ich ich mich sehr zur\u00fcckhalten, wenn ich in ein paar Tagen noch in CZ einkaufen m\u00f6chte.<\/p>\n<p>Erst gegen 18 Uhr erreichte ich den gew\u00fcnschten Schlafplatz, die Pizza war mit Hilfe der Heizung auf der Fahrt nun etwas aufgetaut und sch\u00e4rfem\u00e4\u00dfig geht die Pizza auch wieder, nur belagsm\u00e4\u00dfig k\u00f6nnte fr\u00fcher etwas mehr drauf gewesen sein.<\/p>\n<p><a href='http:\/\/extra.inmontanis.info\/d\/129648-2\/IMG_20250127_182515.jpg'><img src=http:\/\/extra.inmontanis.info\/d\/129647-3\/IMG_20250127_182515.jpg \/><\/a><br \/>\n^ Amerikanische Wagner Chicken-BBQ-Pizza, wobei Paprika und H\u00e4hnchen muss man auch suchen auf der Pizza ;)<\/p>\n<p><a href='http:\/\/extra.inmontanis.info\/d\/129652-2\/IMG_20250127_183745.jpg'><img src=http:\/\/extra.inmontanis.info\/d\/129651-3\/IMG_20250127_183745.jpg \/><\/a><br \/>\n^ Demn\u00e4chst gibts dann das zu essen. <\/p>\n<p>Wichtigstes Unterfangen heute, den Scandinavian-Saisonskipass f\u00fcr Schweden &#038; ggf. Norwegen noch kaufen um 5995 SEK, aktuell ca. 524 \u20ac, damit er Mitte \/ Ende n\u00e4chster Woche im ersten Skigebiet auf der Route abholbereit sein sollte.<\/p>\n<p>Damit ist die Fahrtrichtung nun klar: Es geht nach Norden!<\/p>\n","protected":false},"excerpt":{"rendered":"<p>So, 26.1.2025<\/p>\n<p>Wetterm\u00e4\u00dfig w\u00fcrde f\u00fcr Pertisau zwar weniger Regen gemeldet wie f\u00fcr K\u00f6ssen, beiderseits nur vormittags, aber Fjordpano ist bei Sonne einfach sch\u00f6ner, zudem laut Schneebericht nun der B\u00fcgel-SL nicht mal mehr bis Zwischeneinstieg offen (wohl aber noch die rote Talabfahrt).<\/p>\n<p>Wobei Regen mittlerweile von ca. 10-12\/13 Uhr gemeldet wird und ich ja vmtl. schon <a href=\"http:\/\/blog.inmontanis.info\/?p=10569\">[&#8230;]<\/a><\/p>\n","protected":false},"author":1,"featured_media":10571,"comment_status":"closed","ping_status":"closed","sticky":false,"template":"","format":"standard","meta":{"footnotes":""},"categories":[940,862,13,27],"tags":[38,47],"class_list":["post-10569","post","type-post","status-publish","format-standard","has-post-thumbnail","hentry","category-2025-01-alpenskandinavien","category-kossen","category-austria","category-skifahren-winterskiing-winter","tag-dsb","tag-sl","odd"],"_links":{"self":[{"href":"http:\/\/blog.inmontanis.info\/index.php?rest_route=\/wp\/v2\/posts\/10569","targetHints":{"allow":["GET"]}}],"collection":[{"href":"http:\/\/blog.inmontanis.info\/index.php?rest_route=\/wp\/v2\/posts"}],"about":[{"href":"http:\/\/blog.inmontanis.info\/index.php?rest_route=\/wp\/v2\/types\/post"}],"author":[{"embeddable":true,"href":"http:\/\/blog.inmontanis.info\/index.php?rest_route=\/wp\/v2\/users\/1"}],"replies":[{"embeddable":true,"href":"http:\/\/blog.inmontanis.info\/index.php?rest_route=%2Fwp%2Fv2%2Fcomments&post=10569"}],"version-history":[{"count":2,"href":"http:\/\/blog.inmontanis.info\/index.php?rest_route=\/wp\/v2\/posts\/10569\/revisions"}],"predecessor-version":[{"id":10572,"href":"http:\/\/blog.inmontanis.info\/index.php?rest_route=\/wp\/v2\/posts\/10569\/revisions\/10572"}],"wp:featuredmedia":[{"embeddable":true,"href":"http:\/\/blog.inmontanis.info\/index.php?rest_route=\/wp\/v2\/media\/10571"}],"wp:attachment":[{"href":"http:\/\/blog.inmontanis.info\/index.php?rest_route=%2Fwp%2Fv2%2Fmedia&parent=10569"}],"wp:term":[{"taxonomy":"category","embeddable":true,"href":"http:\/\/blog.inmontanis.info\/index.php?rest_route=%2Fwp%2Fv2%2Fcategories&post=10569"},{"taxonomy":"post_tag","embeddable":true,"href":"http:\/\/blog.inmontanis.info\/index.php?rest_route=%2Fwp%2Fv2%2Ftags&post=10569"}],"curies":[{"name":"wp","href":"https:\/\/api.w.org\/{rel}","templated":true}]}}