{"id":10564,"date":"2025-01-25T17:18:03","date_gmt":"2025-01-25T16:18:03","guid":{"rendered":"http:\/\/blog.inmontanis.info\/?p=10564"},"modified":"2025-01-28T17:25:48","modified_gmt":"2025-01-28T16:25:48","slug":"unterjoch-spieserlifte-25-1-2025","status":"publish","type":"post","link":"http:\/\/blog.inmontanis.info\/?p=10564","title":{"rendered":"Unterjoch &#8211; Spieserlifte, 25.1.2025"},"content":{"rendered":"<p><strong>Sa, 25.1.2025<\/strong><\/p>\n<p>Um  ungew\u00f6hnlich fr\u00fche 8:10 Uhr kam ich am Liftparkplatz an, wo sich bereits die ersten Autos und ein Parkplatzeinweiser tummelten; laut Vormittagskartendefintion sollten die Lifte wohl ab 8:45 laufen, gegen 8:30 war der Parkplatz schon fast halb voll. Weia.  Allerdings sind auch viele der anderen Kleinstgebiete mit 1-2 Liften im Umland wg. Schneemangel nicht in Betrieb.<\/p>\n<p>Tageskarte kostet 33 \u20ac, ab 11:00 30,-, ab 12:00 27,50, 2h 23, 3h 26, 4h 29-<\/p>\n<p>Ich nahm an, dass mir 3h an dem quasi Eizel-Lift (plus \u00dcbungslift) reichen w\u00fcrden.<\/p>\n<p>Manchmal gab&#8217;s am kurzen Lift, manchmal am langen Lift (mit Dieselmotor angetrieben) Wartezeiten, manchmal jeweils auch fast ganz leer. Nicht nur Schischulen belegten gro\u00dfe Teile der Piste, auch Rennkurse waren auf beiden offenen Abfahrten gesetzt.<\/p>\n<p>Die Essenspreise am Kiosk waren vergleichsweise noch human, Currywurst+Pommes zB 8,50, aber bei nur einer 3h-Karte f\u00e4llt es mir schwer, auch noch eine Essenspause einzulegen.<\/p>\n<p><a href='http:\/\/ski.inmontanis.info\/d\/335759-2\/DSC01020.jpg'><img src=http:\/\/ski.inmontanis.info\/d\/335757-3\/DSC01020.jpg \/><\/a><br \/>\n^ Skigebiet Unterjoch Spieserlifte von der Stra\u00dfe aus<\/p>\n<p><a href='http:\/\/ski.inmontanis.info\/d\/335763-2\/DSC01021.jpg'><img src=http:\/\/ski.inmontanis.info\/d\/335762-3\/DSC01021.jpg \/><\/a><br \/>\n^ Beide SL, der lange fuhr schon, der kurze noch nicht. Offizieller Start 8:45, 1 Minute vorher ..<\/p>\n<p><a href='http:\/\/ski.inmontanis.info\/d\/335767-2\/DSC01022.jpg'><img src=http:\/\/ski.inmontanis.info\/d\/335766-3\/DSC01022.jpg \/><\/a><br \/>\n^ Talstation kurzer SL, in wenigen Sekunden Betriebsbeginn ..<\/p>\n<p><a href='http:\/\/ski.inmontanis.info\/d\/335771-2\/DSC01023.jpg'><img src=http:\/\/ski.inmontanis.info\/d\/335770-3\/DSC01023.jpg \/><\/a><br \/>\n^ &#8230; aber die Meute steht zwischen dem kurzen und dem langen SL, worauf warten die denn? Selbst nach Betriebsbeginn des kurzen Lifts standen die noch lange so dumm ummadumm ;)<\/p>\n<p><a href='http:\/\/ski.inmontanis.info\/d\/335775-2\/DSC01024.jpg'><img src=http:\/\/ski.inmontanis.info\/d\/335774-3\/DSC01024.jpg \/><\/a><br \/>\n^ Talstation vom langen SL<\/p>\n<p><a href='http:\/\/ski.inmontanis.info\/d\/335779-2\/DSC01040.jpg'><img src=http:\/\/ski.inmontanis.info\/d\/335778-3\/DSC01040.jpg \/><\/a><br \/>\n^ Pistenplan<\/p>\n<p><a href='http:\/\/ski.inmontanis.info\/d\/335783-2\/DSC01026.jpg'><img src=http:\/\/ski.inmontanis.info\/d\/335782-3\/DSC01026.jpg \/><\/a><br \/>\n^ Lsnger SL, auch gro\u00dfer Lift genannt<\/p>\n<p><a href='http:\/\/ski.inmontanis.info\/d\/335787-2\/DSC01029.jpg'><img src=http:\/\/ski.inmontanis.info\/d\/335786-3\/DSC01029.jpg \/><\/a><br \/>\n^ Lsnger SL, Bergstation<\/p>\n<p><a href='http:\/\/ski.inmontanis.info\/d\/335791-2\/DSC01031.jpg'><img src=http:\/\/ski.inmontanis.info\/d\/335790-3\/DSC01031.jpg \/><\/a><br \/>\n^ Mittlere Abfahrt<\/p>\n<p><a href='http:\/\/ski.inmontanis.info\/d\/335795-2\/DSC01032.jpg'><img src=http:\/\/ski.inmontanis.info\/d\/335794-3\/DSC01032.jpg \/><\/a><br \/>\n^ Mittlere Abfahrt<\/p>\n<p><a href='http:\/\/ski.inmontanis.info\/d\/335799-2\/DSC01036.jpg'><img src=http:\/\/ski.inmontanis.info\/d\/335798-3\/DSC01036.jpg \/><\/a><br \/>\n^ Mittlere Abfahrt<\/p>\n<p><a href='http:\/\/ski.inmontanis.info\/d\/335803-2\/DSC01038.jpg'><img src=http:\/\/ski.inmontanis.info\/d\/335802-3\/DSC01038.jpg \/><\/a><br \/>\n^ Rechte Abfahrt mit Umfahrung<\/p>\n<p><a href='http:\/\/ski.inmontanis.info\/d\/335807-2\/DSC01039.jpg'><img src=http:\/\/ski.inmontanis.info\/d\/335806-3\/DSC01039.jpg \/><\/a><br \/>\n^ Rechte Abfahrt<\/p>\n<p><a href='http:\/\/ski.inmontanis.info\/d\/335811-2\/DSC01033.jpg'><img src=http:\/\/ski.inmontanis.info\/d\/335810-3\/DSC01033.jpg \/><\/a><br \/>\n^ Kurze Hintenrumabfahrt, da muss man noch etwas raufschieben<\/p>\n<p><a href='http:\/\/ski.inmontanis.info\/d\/335815-2\/DSC01041.jpg'><img src=http:\/\/ski.inmontanis.info\/d\/335814-3\/DSC01041.jpg \/><\/a><br \/>\n^ Kurze Hintenrumabfahrt &#8211; nur ein Skiweg<\/p>\n<p><a href='http:\/\/ski.inmontanis.info\/d\/335819-2\/DSC01042.jpg'><img src=http:\/\/ski.inmontanis.info\/d\/335818-3\/DSC01042.jpg \/><\/a><br \/>\n^ Rechte Abfahrt, auch Standardabfahrt genannt &#8211; mir ists hier zu voll<\/p>\n<p><a href='http:\/\/ski.inmontanis.info\/d\/335823-2\/DSC01044.jpg'><img src=http:\/\/ski.inmontanis.info\/d\/335822-3\/DSC01044.jpg \/><\/a><br \/>\n^ Linke Abfahrt Heigle, unpr\u00e4pariert<\/p>\n<p><a href='http:\/\/ski.inmontanis.info\/d\/335827-3\/DSC01045.jpg'><img src=http:\/\/ski.inmontanis.info\/d\/335826-4\/DSC01045.jpg \/><\/a><br \/>\n^ Linke Abfahrt Heigle, sind wir hier in Schweden so von wegen ehemalige Halfpipe? ;)<\/p>\n<p><a href='http:\/\/ski.inmontanis.info\/d\/335831-3\/DSC01046.jpg'><img src=http:\/\/ski.inmontanis.info\/d\/335830-4\/DSC01046.jpg \/><\/a><br \/>\n^ Linke Abfahrt Heigle, unpr\u00e4pariert<\/p>\n<p><a href='http:\/\/ski.inmontanis.info\/d\/335835-3\/DSC01047.jpg'><img src=http:\/\/ski.inmontanis.info\/d\/335834-4\/DSC01047.jpg \/><\/a><br \/>\n^ Linke Abfahrt Heigle, unpr\u00e4pariert bzw. ab dem Baum f\u00fchrt eine pr\u00e4parierte Spur retour<\/p>\n<p><a href='http:\/\/ski.inmontanis.info\/d\/335839-3\/DSC01049.jpg'><img src=http:\/\/ski.inmontanis.info\/d\/335838-4\/DSC01049.jpg \/><\/a><br \/>\n^ vorne das Skigebiet Oberjoch, dahinter das Tannheimertal, der linke SL scheint wohl nicht in Betrieb, da keiner fuhr<\/p>\n<p><a href='http:\/\/ski.inmontanis.info\/d\/335843-3\/DSC01051.jpg'><img src=http:\/\/ski.inmontanis.info\/d\/335842-4\/DSC01051.jpg \/><\/a><br \/>\n^ Skigebiet Oberjoch, schaut langweilig aus, paar Sesselbahnen (und 1 SL anscheinend) nebeneinander am Hang ohne Gipfel mit gleich aussehden Abfahrten daneben<\/p>\n<p><a href='http:\/\/ski.inmontanis.info\/d\/335847-3\/DSC01056.jpg'><img src=http:\/\/ski.inmontanis.info\/d\/335846-4\/DSC01056.jpg \/><\/a><br \/>\n^ Blick ins Skigebiet Oberjoch, da ist wohl Unterjoch viel interessanter ;)<\/p>\n<p><a href='http:\/\/ski.inmontanis.info\/d\/335851-3\/DSC01053.jpg'><img src=http:\/\/ski.inmontanis.info\/d\/335850-4\/DSC01053.jpg \/><\/a><br \/>\n^ Linke Abfahrt Heigle und Blick zum langen SL<\/p>\n<p><a href='http:\/\/ski.inmontanis.info\/d\/335855-3\/DSC01055.jpg'><img src=http:\/\/ski.inmontanis.info\/d\/335854-4\/DSC01055.jpg \/><\/a><br \/>\n^ Parkplatz auf der anderen Stra\u00dfenseite, via Unterf\u00fchrung erreichbar<\/p>\n<p><a href='http:\/\/ski.inmontanis.info\/d\/335859-3\/DSC01057.jpg'><img src=http:\/\/ski.inmontanis.info\/d\/335858-4\/DSC01057.jpg \/><\/a><br \/>\n^ Alte Aral-Zapfs\u00e4ule, noch mit D-Mark und Literpreis in Pfennig maximal 99,9 &#8211; und daher schon eine 1 davor<\/p>\n<p><a href='http:\/\/ski.inmontanis.info\/d\/335863-3\/ge20250125a.jpg'><img src=http:\/\/ski.inmontanis.info\/d\/335862-4\/ge20250125a.jpg \/><\/a><br \/>\n^ GPS-Track 25.1.2025<\/p>\n<p>Das Wetter wird wieder etwas schlechter f\u00fcr morgen gemeldet, so dass ich wohl gleich nach K\u00f6ssen fahren werde, denn f\u00fcr das Fjordpano in Pertisau h\u00e4tt ich schon lieber Sonne. <\/p>\n<p>Auf dem Weg zu meinem Vater gab es nachmittags unterwegs Temperaturen bis zu +15\u00b0. Und w\u00e4hrend im Allg\u00e4u die Tankstellenpreise auf ungef\u00e4hr \u00d6sterreichniveau waren, sind sie weiter n\u00f6rdlich wieder ca. 20 Cent teurer.<\/p>\n<p>Ich hielt an einem Edeka, aber da gab es nichts, was ich \u00fcberhaupt oder zu diesen Preisen h\u00e4tte kaufen wollen. Nebenan im Aldi bekam ich g\u00fcnstige Semmeln usw., aber eine H-Milch mit ordentlichem Schraubverschluss leider nicht.<\/p>\n<p>An der Kasse auch noch 1 \u20ac zu wenig R\u00fcckgeld bekommen, nat\u00fcrlich erst sp\u00e4ter gemerkt. Jetzt war ich 2x einkaufen und 2x h\u00e4tt ich 1 \u20ac retour bekommen sollen, nein, bekam immer nur 2er. Falls der Stromautomat am Stellplatz nur 1 \u20ac akzeptieren w\u00fcrde, k\u00f6nnte ich nur 1x Strom holen.<\/p>\n<p>Nach dem Besuch bei meinem Vater samt Abholung seiner anderen Paar Ski (die einen hatte ich ja schon vor einigen Jahren mitgenommen und zuletzt h\u00e4ufiger gefahren) fuhr ich noch zu dem besagten Stellplatz in Penzberg.<\/p>\n<p>Die Stroms\u00e4ulen h\u00e4tten zwar nicht nur 1 \u20ac, sondern auch 2 und kleinere M\u00fcnzen akzeptiert, ABER der Ticketautomat akzeptierte weder meine \u00f6sterreichische Debit- noch Kreditkarte. Und wenn ich 10 \u20ac in M\u00fcnzen reinschmei\u00dfen w\u00fcrde (denn Scheine gehen hier auch nicht), h\u00e4tte ich ja wieder nicht genug M\u00fcnzen f\u00fcr&#8217;n Strom. Dann halt wieder anderswo irgendwo gratis parken.<\/p>\n","protected":false},"excerpt":{"rendered":"<p>Sa, 25.1.2025<\/p>\n<p>Um ungew\u00f6hnlich fr\u00fche 8:10 Uhr kam ich am Liftparkplatz an, wo sich bereits die ersten Autos und ein Parkplatzeinweiser tummelten; laut Vormittagskartendefintion sollten die Lifte wohl ab 8:45 laufen, gegen 8:30 war der Parkplatz schon fast halb voll. Weia. Allerdings sind auch viele der anderen Kleinstgebiete mit 1-2 Liften im Umland wg. Schneemangel <a href=\"http:\/\/blog.inmontanis.info\/?p=10564\">[&#8230;]<\/a><\/p>\n","protected":false},"author":1,"featured_media":10566,"comment_status":"closed","ping_status":"closed","sticky":false,"template":"","format":"standard","meta":{"footnotes":""},"categories":[940,12,27,943],"tags":[47],"class_list":["post-10564","post","type-post","status-publish","format-standard","has-post-thumbnail","hentry","category-2025-01-alpenskandinavien","category-germany","category-skifahren-winterskiing-winter","category-unterjoch","tag-sl","odd"],"_links":{"self":[{"href":"http:\/\/blog.inmontanis.info\/index.php?rest_route=\/wp\/v2\/posts\/10564","targetHints":{"allow":["GET"]}}],"collection":[{"href":"http:\/\/blog.inmontanis.info\/index.php?rest_route=\/wp\/v2\/posts"}],"about":[{"href":"http:\/\/blog.inmontanis.info\/index.php?rest_route=\/wp\/v2\/types\/post"}],"author":[{"embeddable":true,"href":"http:\/\/blog.inmontanis.info\/index.php?rest_route=\/wp\/v2\/users\/1"}],"replies":[{"embeddable":true,"href":"http:\/\/blog.inmontanis.info\/index.php?rest_route=%2Fwp%2Fv2%2Fcomments&post=10564"}],"version-history":[{"count":3,"href":"http:\/\/blog.inmontanis.info\/index.php?rest_route=\/wp\/v2\/posts\/10564\/revisions"}],"predecessor-version":[{"id":10568,"href":"http:\/\/blog.inmontanis.info\/index.php?rest_route=\/wp\/v2\/posts\/10564\/revisions\/10568"}],"wp:featuredmedia":[{"embeddable":true,"href":"http:\/\/blog.inmontanis.info\/index.php?rest_route=\/wp\/v2\/media\/10566"}],"wp:attachment":[{"href":"http:\/\/blog.inmontanis.info\/index.php?rest_route=%2Fwp%2Fv2%2Fmedia&parent=10564"}],"wp:term":[{"taxonomy":"category","embeddable":true,"href":"http:\/\/blog.inmontanis.info\/index.php?rest_route=%2Fwp%2Fv2%2Fcategories&post=10564"},{"taxonomy":"post_tag","embeddable":true,"href":"http:\/\/blog.inmontanis.info\/index.php?rest_route=%2Fwp%2Fv2%2Ftags&post=10564"}],"curies":[{"name":"wp","href":"https:\/\/api.w.org\/{rel}","templated":true}]}}