{"id":10555,"date":"2025-01-23T19:13:30","date_gmt":"2025-01-23T18:13:30","guid":{"rendered":"http:\/\/blog.inmontanis.info\/?p=10555"},"modified":"2025-01-25T19:23:14","modified_gmt":"2025-01-25T18:23:14","slug":"laterns-gapfohl-23-1-2025","status":"publish","type":"post","link":"http:\/\/blog.inmontanis.info\/?p=10555","title":{"rendered":"Laterns Gapfohl, 23.1.2025"},"content":{"rendered":"<p><strong>Do, 23.1.2025<\/strong><\/p>\n<p>H\u00e4tte heute Laterns ab Nachmittag fahren wollen, aber die Webcams zeigten um 11 Uhr mal eine ziemliche Nebelsuppe. Die Bergfexwettervorhersagen sind f\u00fcr alle in Frage kommenden Skigebiete recht ident &#8211; bis 13 Uhr noch etwas Regen oder Schnee, dann minimalst Auflockerung. In Feldkirch paar Regentropfen und etwas blauer Himmel vormittags.<\/p>\n<p>Allerdings h\u00e4tte Laterns den Vorteil gegen\u00fcber niedrigeren Gebieten, dass es h\u00f6her hinauf geht und mehrere Sektionen hat.<\/p>\n<p>Auch ein Problem w\u00e4ren die \u00dcbernachtungsm\u00f6glichkeiten, falls ich morgen Balderschwang fahren m\u00f6chte &#8211; besser in\/um G\u00f6tzis bleiben als in den Bergen.<\/p>\n<p>Dann also mal einen Lidl angefahren und bissl was eingekauft; am Parkplatz vor mir stand dann ein fetter Mercedes mit ukrainischem Kennzeichen. Wobei ich mich ja manchmal frag, ob die Ukrainer, die derzeit im Ausland sind, nicht eigentlich auch pro-russisch sein m\u00fcssten, denn sonst w\u00fcrden\/sollten sie ja in ihrer Heimat Kriegsdienst leisten?!<\/p>\n<p>Ich mein, gab es z.B. im WK2 Leute, die aus Deutschland flohen und trotzdem \u00fcberzeugte Anh\u00e4nger Deutschlands waren und Deutschland den Sieg w\u00fcnschten? Schwer vorstellbar?!<\/p>\n<p><a href='http:\/\/extra.inmontanis.info\/d\/129632-3\/DSC00906.jpg'><img src=http:\/\/extra.inmontanis.info\/d\/129631-4\/DSC00906.jpg \/><\/a><br \/>\n^ Feldkirch, Rankweil etc., dahinter Schweiz<\/p>\n<p><a href='http:\/\/extra.inmontanis.info\/d\/129636-3\/DSC00909.jpg'><img src=http:\/\/extra.inmontanis.info\/d\/129635-4\/DSC00909.jpg \/><\/a><br \/>\n^ Auffahrt Skigebiet Laterns<\/p>\n<p>Um 12:50 kam ich in Laterns am Parkplatz der 4KSB an, dessen Parkgeb\u00fchren von 8,- \u20ac laut Homepage beim Skipasskauf r\u00fcckerstattet werden sollen. Trotzdem immer umst\u00e4ndlich. SKipass ab 13 Uhr sollte 36,- \u20ac kosten, ab 13:30 34,50. Leider war man nicht gewillt, fremde Keycards zu laden, so dass ich am Ende die Keycard wieder abgeben musste.<\/p>\n<p>Die Abfahrten sind teilweise schon recht flach;  \u00e4hnelt skandinavischen Skigebieten, insbesondere musste ich hier und da an Levi denken.<\/p>\n<p>Der halbr\u00fcckseitige Doppel-SL war schon interessanter, aber ein eigenartiger Einstieg, weil man von innen zuf\u00e4hrt, was bei Doppel-SL, die au\u00dfen verlaufen, ja normalerweise nicht der Fall ist, d.h. ich stand wie \u00fcblich vor der Einstiegsst\u00fctze (die au\u00dfen, also verkehrt herum steht), schaute hinauf in den Himmel und sah keine talw\u00e4rts kommende B\u00fcgel, blickte nach rechts, wo die anderen 2 Seile des rechten SL waren und bemerkte nicht, dass ich ja quasi genau unterm talw\u00e4rtskommenden Seil stand&#8230; <\/p>\n<p>Leider hielten sich die Auflockerungen in Grenzen und es blieb hier und da relativ neblig.<\/p>\n<p><a href='http:\/\/ski.inmontanis.info\/d\/335507-3\/DSC00912.jpg'><img src=http:\/\/ski.inmontanis.info\/d\/335505-4\/DSC00912.jpg \/><\/a><br \/>\n^ Pistenplan<\/p>\n<p><a href='http:\/\/ski.inmontanis.info\/d\/335511-3\/DSC00913.jpg'><img src=http:\/\/ski.inmontanis.info\/d\/335510-4\/DSC00913.jpg \/><\/a><br \/>\n^ 4KSB Sektion 1 und Talabfahrt<\/p>\n<p><a href='http:\/\/ski.inmontanis.info\/d\/335515-3\/DSC00914.jpg'><img src=http:\/\/ski.inmontanis.info\/d\/335514-4\/DSC00914.jpg \/><\/a><br \/>\n^ 4KSB Sektion 1 und Talabfahrt<\/p>\n<p><a href='http:\/\/ski.inmontanis.info\/d\/335519-3\/DSC00917.jpg'><img src=http:\/\/ski.inmontanis.info\/d\/335518-4\/DSC00917.jpg \/><\/a><br \/>\n^ 4KSB Sektion 1<\/p>\n<p><a href='http:\/\/ski.inmontanis.info\/d\/335523-3\/DSC00919.jpg'><img src=http:\/\/ski.inmontanis.info\/d\/335522-4\/DSC00919.jpg \/><\/a><br \/>\n^ Abfahrt 9, Variante rechts der 4KSB<\/p>\n<p><a href='http:\/\/ski.inmontanis.info\/d\/335527-2\/DSC00920.jpg'><img src=http:\/\/ski.inmontanis.info\/d\/335526-3\/DSC00920.jpg \/><\/a><br \/>\n^ 6KSB Sektion 2<\/p>\n<p><a href='http:\/\/ski.inmontanis.info\/d\/335531-2\/DSC00926.jpg'><img src=http:\/\/ski.inmontanis.info\/d\/335530-3\/DSC00926.jpg \/><\/a><br \/>\n^ Rechte schwarze 8 am Doppel-SL<\/p>\n<p><a href='http:\/\/ski.inmontanis.info\/d\/335535-2\/DSC00928.jpg'><img src=http:\/\/ski.inmontanis.info\/d\/335534-3\/DSC00928.jpg \/><\/a><br \/>\n^ Doppel-SL mit verwirrender Talstation (Einstieg innenseitig unter den talw\u00e4rts laufenden Seilen, bei au\u00dfenseitig verlaufenden Liften)<\/p>\n<p><a href='http:\/\/ski.inmontanis.info\/d\/335539-2\/DSC00929.jpg'><img src=http:\/\/ski.inmontanis.info\/d\/335538-3\/DSC00929.jpg \/><\/a><br \/>\n^ Doppel-SL mittlerer Teil, links die rote 7<\/p>\n<p><a href='http:\/\/ski.inmontanis.info\/d\/335543-2\/DSC00930.jpg'><img src=http:\/\/ski.inmontanis.info\/d\/335542-3\/DSC00930.jpg \/><\/a><br \/>\n^ Bergstation Doppel-SL. Obwohl nur 1 offen war, verhindert der Zaun ein direktes R\u00fcberfahren zur Abfahrt 8<\/p>\n<p><a href='http:\/\/ski.inmontanis.info\/d\/335547-2\/DSC00931.jpg'><img src=http:\/\/ski.inmontanis.info\/d\/335546-3\/DSC00931.jpg \/><\/a><br \/>\n^ Abfahrt 9 (links) und eine Variante der Abfahrt 6 (geradeaus) an der 6KSB<\/p>\n<p><a href='http:\/\/ski.inmontanis.info\/d\/335551-2\/DSC00932.jpg'><img src=http:\/\/ski.inmontanis.info\/d\/335550-3\/DSC00932.jpg \/><\/a><br \/>\n^ \u00dcbungslift und rechts 4KSB-Bergstation<\/p>\n<p><a href='http:\/\/ski.inmontanis.info\/d\/335555-2\/DSC00933.jpg'><img src=http:\/\/ski.inmontanis.info\/d\/335554-3\/DSC00933.jpg \/><\/a><br \/>\n^ Talabfahrt 10 hier mit 2 Varianten<\/p>\n<p><a href='http:\/\/ski.inmontanis.info\/d\/335559-2\/DSC00935.jpg'><img src=http:\/\/ski.inmontanis.info\/d\/335558-3\/DSC00935.jpg \/><\/a><br \/>\n^ 4KSB Sektion 1 oberer Teil, links die 6KSB<\/p>\n<p><a href='http:\/\/ski.inmontanis.info\/d\/335563-2\/DSC00937.jpg'><img src=http:\/\/ski.inmontanis.info\/d\/335562-3\/DSC00937.jpg \/><\/a><br \/>\n^ 6KSB Sektion 2 mit Abfahrt 1 und 2<\/p>\n<p><a href='http:\/\/ski.inmontanis.info\/d\/335567-2\/DSC00939.jpg'><img src=http:\/\/ski.inmontanis.info\/d\/335566-3\/DSC00939.jpg \/><\/a><br \/>\n^ Rechte schwarze 8 am Doppel-SL<\/p>\n<p><a href='http:\/\/ski.inmontanis.info\/d\/335571-2\/DSC00940.jpg'><img src=http:\/\/ski.inmontanis.info\/d\/335570-3\/DSC00940.jpg \/><\/a><br \/>\n^ Doppel-SL; die schwarze Abfahrt verl\u00e4uft etwas weiter von den SL entfernt als die rote; allerdings gibts zwischen hier und dem SL auch nochmals einen steilhang, den man zumindest unpr\u00e4pariert fahren kann<\/p>\n<p><a href='http:\/\/ski.inmontanis.info\/d\/335575-2\/DSC00941.jpg'><img src=http:\/\/ski.inmontanis.info\/d\/335574-3\/DSC00941.jpg \/><\/a><br \/>\n^ Rote 7 links vom Doppel-SL, ab 15 Uhr fuhr niemand sonst au\u00dfer mir am SL und so fuhr ich mehrere Male, war auch der beste Schnee heute hier, wenn auch nicht ganz so pulvrig, sondern etwas feucht.<\/p>\n<p><a href='http:\/\/ski.inmontanis.info\/d\/335579-2\/DSC00945.jpg'><img src=http:\/\/ski.inmontanis.info\/d\/335578-3\/DSC00945.jpg \/><\/a><br \/>\n^ rechte schwarze 8 am Doppel-SL<\/p>\n<p><a href='http:\/\/ski.inmontanis.info\/d\/335583-2\/DSC00946.jpg'><img src=http:\/\/ski.inmontanis.info\/d\/335582-3\/DSC00946.jpg \/><\/a><br \/>\n^ rechte schwarze 8 am Doppel-SL<\/p>\n<p><a href='http:\/\/ski.inmontanis.info\/d\/335587-2\/DSC00948.jpg'><img src=http:\/\/ski.inmontanis.info\/d\/335586-3\/DSC00948.jpg \/><\/a><br \/>\n^ Rote 7 links vom Doppel-SL<\/p>\n<p><a href='http:\/\/ski.inmontanis.info\/d\/335591-2\/DSC00950.jpg'><img src=http:\/\/ski.inmontanis.info\/d\/335590-3\/DSC00950.jpg \/><\/a><br \/>\n^ 6KSB Bergstation und Doppel-SL Bergstation<\/p>\n<p><a href='http:\/\/ski.inmontanis.info\/d\/335595-2\/DSC00952.jpg'><img src=http:\/\/ski.inmontanis.info\/d\/335594-3\/DSC00952.jpg \/><\/a><br \/>\n^ Abfahrt 1 an der 6KSB<\/p>\n<p><a href='http:\/\/ski.inmontanis.info\/d\/335599-2\/ge20250123a.jpg'><img src=http:\/\/ski.inmontanis.info\/d\/335598-3\/ge20250123a.jpg \/><\/a><br \/>\n^ GPS-Track 23.1.2025<\/p>\n<p>Fazit: Kann man besuchen, muss man nicht; glaub eher nicht, dass ich hier nochmals herkommen werde. Eines der Dinge, was mich mit am meisten st\u00f6rt, ist, dass die 6KSB so weit unten startet und man das eine St\u00fcck Piste immer fahren muss. Da w\u00e4re mir ein weiter oben startender SL nat\u00fcrlich viiiiel lieber.<\/p>\n<p>Das Skigebiet f\u00fcr morgen ist eigentlich mittlerweile klar, Balderschwang kenn ich auch noch nicht und hat noch g\u00fcnstigere Skip\u00e4sse und zumindest einer der beiden langen SL l\u00e4uft und an der 4KSB kann man gratis parken. Das nahe Grasgehren h\u00e4tte mich zwar auch interessiert, aber da muss man f\u00fcrs Parken zahlen und vmtl. ist Balderschwang eh etwas interessanter.<\/p>\n<p>F\u00fcr \u00fcbermorgen (Samstag) bin ich noch unentschlossen, gleich zu Vater und danach zum Achensee und am SO dann K\u00f6ssen oder erst noch ein Skigebiet auf dem Weg, nachmittags zu Vater und am Sonntag zum Achensee? <\/p>\n<p>F\u00fcr Heiligenblut wird nun mal wieder Schnee gemeldet n\u00e4chste Woche, mind ein halber Meter, da sind sich Bergfex und yr derzeit einig. Uneinige sind sie sich, was das Wetter am Achensee am Sonntag angeht (halbwegs sonnig oder ganztags Regen) &#8211; tja, dann komm ich vielleicht nicht zum Skigebiet mit Fjordpano.<\/p>\n<p>Der abends so ruhig wirkende Parkplatz hatte ab 5:30 leider einen regen Verkehr &#8211; und falls noch jemand schlief, sorgte die \u00f6rtliche Kirche erst um 6:30 und dann um 7:30 mit lautem Dauergebimmel f\u00fcr L\u00e4rm&#8230; <\/p>\n","protected":false},"excerpt":{"rendered":"<p>Do, 23.1.2025<\/p>\n<p>H\u00e4tte heute Laterns ab Nachmittag fahren wollen, aber die Webcams zeigten um 11 Uhr mal eine ziemliche Nebelsuppe. Die Bergfexwettervorhersagen sind f\u00fcr alle in Frage kommenden Skigebiete recht ident &#8211; bis 13 Uhr noch etwas Regen oder Schnee, dann minimalst Auflockerung. In Feldkirch paar Regentropfen und etwas blauer Himmel vormittags.<\/p>\n<p>Allerdings h\u00e4tte Laterns <a href=\"http:\/\/blog.inmontanis.info\/?p=10555\">[&#8230;]<\/a><\/p>\n","protected":false},"author":1,"featured_media":10557,"comment_status":"closed","ping_status":"closed","sticky":false,"template":"","format":"standard","meta":{"footnotes":""},"categories":[940,941,13,27],"tags":[49,56,47],"class_list":["post-10555","post","type-post","status-publish","format-standard","has-post-thumbnail","hentry","category-2025-01-alpenskandinavien","category-laterns","category-austria","category-skifahren-winterskiing-winter","tag-4sb","tag-6sb","tag-sl","odd"],"_links":{"self":[{"href":"http:\/\/blog.inmontanis.info\/index.php?rest_route=\/wp\/v2\/posts\/10555","targetHints":{"allow":["GET"]}}],"collection":[{"href":"http:\/\/blog.inmontanis.info\/index.php?rest_route=\/wp\/v2\/posts"}],"about":[{"href":"http:\/\/blog.inmontanis.info\/index.php?rest_route=\/wp\/v2\/types\/post"}],"author":[{"embeddable":true,"href":"http:\/\/blog.inmontanis.info\/index.php?rest_route=\/wp\/v2\/users\/1"}],"replies":[{"embeddable":true,"href":"http:\/\/blog.inmontanis.info\/index.php?rest_route=%2Fwp%2Fv2%2Fcomments&post=10555"}],"version-history":[{"count":2,"href":"http:\/\/blog.inmontanis.info\/index.php?rest_route=\/wp\/v2\/posts\/10555\/revisions"}],"predecessor-version":[{"id":10558,"href":"http:\/\/blog.inmontanis.info\/index.php?rest_route=\/wp\/v2\/posts\/10555\/revisions\/10558"}],"wp:featuredmedia":[{"embeddable":true,"href":"http:\/\/blog.inmontanis.info\/index.php?rest_route=\/wp\/v2\/media\/10557"}],"wp:attachment":[{"href":"http:\/\/blog.inmontanis.info\/index.php?rest_route=%2Fwp%2Fv2%2Fmedia&parent=10555"}],"wp:term":[{"taxonomy":"category","embeddable":true,"href":"http:\/\/blog.inmontanis.info\/index.php?rest_route=%2Fwp%2Fv2%2Fcategories&post=10555"},{"taxonomy":"post_tag","embeddable":true,"href":"http:\/\/blog.inmontanis.info\/index.php?rest_route=%2Fwp%2Fv2%2Ftags&post=10555"}],"curies":[{"name":"wp","href":"https:\/\/api.w.org\/{rel}","templated":true}]}}