{"id":10552,"date":"2025-01-22T20:23:09","date_gmt":"2025-01-22T19:23:09","guid":{"rendered":"http:\/\/blog.inmontanis.info\/?p=10552"},"modified":"2025-01-23T20:29:47","modified_gmt":"2025-01-23T19:29:47","slug":"tschiertschen-22-1-2025","status":"publish","type":"post","link":"http:\/\/blog.inmontanis.info\/?p=10552","title":{"rendered":"Tschiertschen, 22.1.2025"},"content":{"rendered":"<p><strong>Mi, 22.1.2025<\/strong><\/p>\n<p>Heute also das Einl\u00f6sen der zweiten gekauften 50%-Tageskarte in Tschiertschen (CHF 29,-, also etwas \u00fcber 30 \u20ac).<\/p>\n<p>Da das Skigebiet nordseitig liegt, w\u00e4re weniger Sonnenschein als gesern weniger tragisch. Laut meiner letzten Information sollten alle Lifte und fast alle Abfahrten in Betrieb sein. <\/p>\n<p>Der Skibus fuhr mich alleine um kurz nach 8:30 vom Parkplatz ins Dorf, von wo aus man noch eine eisige, wenn auch gestreute, Stra\u00dfe bis zur 4KSB hinaufgehen muss. Dort gleich mal ins kalte WC im Skidepot, das \u00fcber eine gel\u00e4nderlose Holztreppe zu erreichen ist, wohl das einzige im Skigebiet.<\/p>\n<p>Nach den vielen Plumpsklos gestern in Berg\u00fcn und nun diesem an der Talstation hier k\u00f6nnte man der Meinung sein, die Schweiz w\u00e4re toilettenma\u00dfig noch etwss unterentwickelt ;) (Ja, in Italien g\u00e4b&#8217;s vermutlich gar keines.)<\/p>\n<p>Leider ist der Raum hier auch der einzige Bereich, wo man sich gratis aufw\u00e4rmen k\u00f6nnte, WENN der Raum denn beheizt w\u00e4re. Immerhin windstill und so sa\u00df ich ein paar Mal im Tagesverlauf auf einer Bank im Depot und a\u00df meine Jause.<\/p>\n<p>P\u00fcnktlich um 9 Uhr nahm die 4KSB den Betrieb auf und ich fuhr als erster rauf.<\/p>\n<p>Laut Laufschrift sollten alle Anlagen in Betrieb sein, bis zumindest 10:30 liefen mal beide SL nicht, auch wenn ich mir nicht sicher war, ob sie evtl. bei Bedarf fahren w\u00fcrden und nur auf den ersten Skifahrer warten?!<\/p>\n<p>Nach 11 Uhr sah ich zwei Arbeiter am linken SL am Stromkasten der Talstation und ich fragte mal, ob der Lift heute noch in Betrieb gehen w\u00fcrde, worauf er meinte, eher nicht, weil sie was reprieren m\u00fcssten wegen des Sturms heut nacht und es aktuell auch noch sehr stark st\u00fcrmt oben :( Aber der andere sollte jetzt laufen. Das tat er dann auch.<\/p>\n<p>Das beste an Tschiertschen sind nat\u00fcrlich die urig-umodellierten Abfahrten. Die Pisten waren zwar viel steiniger und erdiger als gestern, aber weniger eisig, fast \u00fcberall sch\u00f6n pr\u00e4pariert, auch dort wo nicht, war es trotzdem griffig und offpiste war&#8217;s auch noch relativ pulvrig. <\/p>\n<p>War also wesentlich besser als gestern, aber eben schade, dass der steile SL heut nicht fuhr und dass es so gut wie keine Sonne gab. Daher hab ich mich mit den Fotos zur\u00fcck gehalten und verweise wieder einmal auf meinen vorherigen Bericht von hier.<\/p>\n<p><a href='http:\/\/ski.inmontanis.info\/d\/335377-2\/DSC00852.jpg'><img src=http:\/\/ski.inmontanis.info\/d\/335376-3\/DSC00852.jpg \/><\/a><br \/>\n^ Depot und WC unterhalb der Talstation<\/p>\n<p><a href='http:\/\/ski.inmontanis.info\/d\/335381-2\/DSC00854.jpg'><img src=http:\/\/ski.inmontanis.info\/d\/335380-3\/DSC00854.jpg \/><\/a><br \/>\n^ Vom 6.-31.1. und 3.-14.3. gibts die Tageskarte samt Mittagessen um nur 49,- CHF.<\/p>\n<p><a href='http:\/\/ski.inmontanis.info\/d\/335385-2\/DSC00855.jpg'><img src=http:\/\/ski.inmontanis.info\/d\/335384-3\/DSC00855.jpg \/><\/a><br \/>\n^ Pistenplan, SL C G\u00fcrgaletsch leider auf Rot, aber die Laufschrift dar\u00fcber sagt Alle Anlagen in Betrieb?!<\/p>\n<p><a href='http:\/\/ski.inmontanis.info\/d\/335389-2\/DSC00856.jpg'><img src=http:\/\/ski.inmontanis.info\/d\/335388-3\/DSC00856.jpg \/><\/a><br \/>\n^ 4KSB Sektion 1<\/p>\n<p><a href='http:\/\/ski.inmontanis.info\/d\/335393-2\/DSC00858.jpg'><img src=http:\/\/ski.inmontanis.info\/d\/335392-3\/DSC00858.jpg \/><\/a><br \/>\n^ Abfahrt 1<\/p>\n<p><a href='http:\/\/ski.inmontanis.info\/d\/335397-2\/DSC00860.jpg'><img src=http:\/\/ski.inmontanis.info\/d\/335396-3\/DSC00860.jpg \/><\/a><br \/>\n^ Abfahrt 1 bzw. 5<\/p>\n<p><a href='http:\/\/ski.inmontanis.info\/d\/335401-2\/DSC00863.jpg'><img src=http:\/\/ski.inmontanis.info\/d\/335400-3\/DSC00863.jpg \/><\/a><br \/>\n^ Urige Dorfdurchfahrt bei der rechten Talabfahrt<\/p>\n<p><a href='http:\/\/ski.inmontanis.info\/d\/335405-2\/DSC00864.jpg'><img src=http:\/\/ski.inmontanis.info\/d\/335404-3\/DSC00864.jpg \/><\/a><br \/>\n^ 4SB Sektion 2<\/p>\n<p><a href='http:\/\/ski.inmontanis.info\/d\/335409-2\/DSC00866.jpg'><img src=http:\/\/ski.inmontanis.info\/d\/335408-3\/DSC00866.jpg \/><\/a><br \/>\n^ 4SB Sektion 2<\/p>\n<p><a href='http:\/\/ski.inmontanis.info\/d\/335413-2\/DSC00867.jpg'><img src=http:\/\/ski.inmontanis.info\/d\/335412-3\/DSC00867.jpg \/><\/a><br \/>\n^ Der steile SL G\u00fcrgaletsch blieb heute leider au\u00dfer Betrieb :(<\/p>\n<p><a href='http:\/\/ski.inmontanis.info\/d\/335417-2\/DSC00870.jpg'><img src=http:\/\/ski.inmontanis.info\/d\/335416-3\/DSC00870.jpg \/><\/a><br \/>\n^ SL G\u00fcrgaletsch hat nicht nur landschaftlich eine gro\u00dfe \u00c4hnlichkeit mit dem Kitteldalslift in Bj\u00f6rkliden, er d\u00fcrfte auch vom selben Hersteller (Von Roll) sein. Unterschied: der hier geht im Uhrzeigersinn<\/p>\n<p><a href='http:\/\/ski.inmontanis.info\/d\/335421-2\/DSC00872.jpg'><img src=http:\/\/ski.inmontanis.info\/d\/335420-3\/DSC00872.jpg \/><\/a><br \/>\n^ Linke Abfahrt an der 4SB Sektion 2<\/p>\n<p><a href='http:\/\/ski.inmontanis.info\/d\/335425-2\/DSC00874.jpg'><img src=http:\/\/ski.inmontanis.info\/d\/335424-3\/DSC00874.jpg \/><\/a><br \/>\n^ Auch bei der linken Talabfahrt (2) muss man etwas durch die H\u00e4user durchfahren, heute relativ schneearm und teils etwas eisig<\/p>\n<p><a href='http:\/\/ski.inmontanis.info\/d\/335429-2\/DSC00875.jpg'><img src=http:\/\/ski.inmontanis.info\/d\/335428-3\/DSC00875.jpg \/><\/a><br \/>\n^ Abgelegener SL Jochalp und Verbindungsabfahrt dorthin<\/p>\n<p><a href='http:\/\/ski.inmontanis.info\/d\/335433-2\/DSC00878.jpg'><img src=http:\/\/ski.inmontanis.info\/d\/335432-3\/DSC00878.jpg \/><\/a><br \/>\n^ Pano vom Ausstieg SL Jochalp<\/p>\n<p><a href='http:\/\/ski.inmontanis.info\/d\/335437-2\/DSC00880.jpg'><img src=http:\/\/ski.inmontanis.info\/d\/335436-3\/DSC00880.jpg \/><\/a><br \/>\n^ Linke Abfahrt SL Jochalp mit Blick zur Verbindungsabfahrt gegen\u00fcber<\/p>\n<p><a href='http:\/\/ski.inmontanis.info\/d\/335441-2\/DSC00882.jpg'><img src=http:\/\/ski.inmontanis.info\/d\/335440-3\/DSC00882.jpg \/><\/a><br \/>\n^ R\u00fcckseitenpano vom SL Jochalp (Churwalden, Lenzerheide)<\/p>\n<p><a href='http:\/\/ski.inmontanis.info\/d\/335445-2\/DSC00884.jpg'><img src=http:\/\/ski.inmontanis.info\/d\/335444-3\/DSC00884.jpg \/><\/a><br \/>\n^ .. auch die Leiche des R\u00fcckseiten-SL steht noch rum. Dahinter das Skigebiet von Chur<\/p>\n<p><a href='http:\/\/ski.inmontanis.info\/d\/335449-2\/DSC00886.jpg'><img src=http:\/\/ski.inmontanis.info\/d\/335448-3\/DSC00886.jpg \/><\/a><br \/>\n^ Abfahrt vom SL Jochalp wieder retour, hier gibts nun in dieser Ausweiche im Sommer einen kostenpflichtigen Wohnmobilsellplatz :) Wer auch immer da rauff\u00e4hrt und f\u00fcr zahlt &#8211; und dann irgendwo wenden muss<\/p>\n<p><a href='http:\/\/ski.inmontanis.info\/d\/335453-2\/DSC00889.jpg'><img src=http:\/\/ski.inmontanis.info\/d\/335452-3\/DSC00889.jpg \/><\/a><br \/>\n^ Abfahrt 3 ist offiziell noch geschlossen<\/p>\n<p><a href='http:\/\/ski.inmontanis.info\/d\/335457-2\/DSC00890.jpg'><img src=http:\/\/ski.inmontanis.info\/d\/335456-3\/DSC00890.jpg \/><\/a><br \/>\n^ SL G\u00fcrgaletsch, evtl. noch etwas steiler als der in Bj\u00f6rkliden<\/p>\n<p><a href='http:\/\/ski.inmontanis.info\/d\/335461-2\/DSC00891.jpg'><img src=http:\/\/ski.inmontanis.info\/d\/335460-3\/DSC00891.jpg \/><\/a><br \/>\n^ Ex-Bergstation Vorg\u00e4nger von 4KSB+4SB<\/p>\n<p><a href='http:\/\/ski.inmontanis.info\/d\/335465-2\/DSC00893.jpg'><img src=http:\/\/ski.inmontanis.info\/d\/335464-3\/DSC00893.jpg \/><\/a><br \/>\n^ .. etwas offpiste  &#8230;<\/p>\n<p><a href='http:\/\/ski.inmontanis.info\/d\/335469-2\/DSC00895.jpg'><img src=http:\/\/ski.inmontanis.info\/d\/335468-3\/DSC00895.jpg \/><\/a><br \/>\n^ .. um in die vorher genannte Lifttrasse zu fahren<\/p>\n<p><a href='http:\/\/ski.inmontanis.info\/d\/335473-2\/DSC00897.jpg'><img src=http:\/\/ski.inmontanis.info\/d\/335472-3\/DSC00897.jpg \/><\/a><br \/>\n^ Gelbe Skiroute ganz links im Plan<\/p>\n<p><a href='http:\/\/ski.inmontanis.info\/d\/335477-2\/DSC00898.jpg'><img src=http:\/\/ski.inmontanis.info\/d\/335476-3\/DSC00898.jpg \/><\/a><br \/>\n^ Im Gegensatz zu seinem Fast-Zwilling in Bj\u00f6rkliden ist die linke Abfahrt am SL G\u00fcrgaletsch keine Skiroute, sondern eine rote Abfahrt und f\u00fchrt auch nicht auf der anderen Talseite zu tief retour, sondern endet an der Talstation des SL. Allerdings ist der Hang hier ja auch weniger steil als in B.<\/p>\n<p><a href='http:\/\/ski.inmontanis.info\/d\/335481-2\/DSC00899.jpg'><img src=http:\/\/ski.inmontanis.info\/d\/335480-3\/DSC00899.jpg \/><\/a><br \/>\n^ SL G\u00fcrgaletsch<\/p>\n<p><a href='http:\/\/ski.inmontanis.info\/d\/335485-2\/DSC00901.jpg'><img src=http:\/\/ski.inmontanis.info\/d\/335484-3\/DSC00901.jpg \/><\/a><br \/>\n^ Gelbe Skiroute ganz links im Plan<\/p>\n<p><a href='http:\/\/ski.inmontanis.info\/d\/335489-2\/DSC00902.jpg'><img src=http:\/\/ski.inmontanis.info\/d\/335488-3\/DSC00902.jpg \/><\/a><br \/>\n^ Gelbe Skiroute ganz links im Plan<\/p>\n<p><a href='http:\/\/ski.inmontanis.info\/d\/335493-2\/DSC00904.jpg'><img src=http:\/\/ski.inmontanis.info\/d\/335492-3\/DSC00904.jpg \/><\/a><br \/>\n^ Vorbei an einer alten 4er Gondel<\/p>\n<p><a href='http:\/\/ski.inmontanis.info\/d\/335497-2\/DSC00905.jpg'><img src=http:\/\/ski.inmontanis.info\/d\/335496-3\/DSC00905.jpg \/><\/a><br \/>\n^ Pano rechts vom SL Jochalp, unten im Tal die Stadt Chur<\/p>\n<p><a href='http:\/\/ski.inmontanis.info\/d\/335501-2\/ge20250122a.jpg'><img src=http:\/\/ski.inmontanis.info\/d\/335500-3\/ge20250122a.jpg \/><\/a><br \/>\n^ GPS-Track 22.1.2025 in T\u00fcrkis, vorheriger Besuch in Gelb<\/p>\n<p>Um 15:30 war ich wieder am Auto, reichte f\u00fcr heute.<\/p>\n<p>In Chur gab es unerwartet +10\u00b0 (in Feldkirch sp\u00e4ter wieder nur knapp \u00fcber 0) und ich fuhr an einem Laden mit Schwedenfahne vorbei. Omen? <\/p>\n<p>In Liechtenstein in einen Spar geschaut, weil man bei den Superm\u00e4rkten mit Tiefgarage in CH ja nie wei\u00df, ob nicht kostenpflichtig, manche auch ohne Tiefgarage nur kostenpflichtige Parkpl\u00e4tze haben und der hier mal nicht. Bin aber ohne was zu kaufen wieder raus. Die spinnen ja komplett, preislich, zumindest bei dem momentanen CHF-EUR-Wechselkurs.<\/p>\n<p>Um 17:20 war ich wieder in \u00d6sterreich (s\u00e4mtliche Grenzen der letzten Tage, AT-SI-AT-IT-CH-AT waren ohne Kontrollen) und fuhr in Feldkirch einen m\u00f6glichen Nachtplatz an.<\/p>\n<p>Bei der Skigebietswahl f\u00fcr morgen .. f\u00e4llt Hochh\u00e4derich raus, weil deren 4SB laut Bildern wohl ohne Fu\u00dfraster ist und der SL nebendran als eventueller Ersatz auch nicht offen ist. F\u00fcr so ein Verhalten gibts kein Geld von mir. Ansonsten? Bis Mittag soll&#8217;s mal schlecht sein, also werd ich es morgen Mittag entscheiden.<\/p>\n<p>Eines der sch\u00f6nsten und sogar g\u00fcnstigsten Skigebiete in Tirol ist Pertisau am Achensee, Tageskarte nur 34,50 \u20ac (!!) und Verg\u00fcnstigungen nach jeder Stunde, zB ab 12:30 nur 29,-. Da sollte ich fast vorbei fahren .. zumal Brauneck und Sudelfeld mit ihren 6KSBen jetzt eh zu teuer geworden sind (au\u00dfer mittwochs). Wobei derzeit laut Schneebericht die blaue Talabfahrt nicht offen ist (noch nicht mal der B\u00fcgel-SL in ganzer L\u00e4nge!) und die Skiroute zum See auch nicht, aber immerhin die rote Talabfahrt mit Seeblick.<\/p>\n<p>Gerne besuchen w\u00fcrd ich auch Biberwier Marienberg (wg. DSB+2x SL oben), aber die sind mir viel zu teuer. Einzig ab 14:30 w\u00e4re es mit 23,50 \u20ac bezahlbar, aber da ich fr\u00fchestens am Samstag dort w\u00e4re (weil Balderschwang morgen wetterm\u00e4\u00dfig wohl nicht lohnenswert ist, also eher \u00fcbermorgen Freitag), ist das zeitlich uninteressant.<\/p>\n","protected":false},"excerpt":{"rendered":"<p>Mi, 22.1.2025<\/p>\n<p>Heute also das Einl\u00f6sen der zweiten gekauften 50%-Tageskarte in Tschiertschen (CHF 29,-, also etwas \u00fcber 30 \u20ac).<\/p>\n<p>Da das Skigebiet nordseitig liegt, w\u00e4re weniger Sonnenschein als gesern weniger tragisch. Laut meiner letzten Information sollten alle Lifte und fast alle Abfahrten in Betrieb sein. <\/p>\n<p>Der Skibus fuhr mich alleine um kurz nach 8:30 <a href=\"http:\/\/blog.inmontanis.info\/?p=10552\">[&#8230;]<\/a><\/p>\n","protected":false},"author":1,"featured_media":10554,"comment_status":"closed","ping_status":"closed","sticky":false,"template":"","format":"standard","meta":{"footnotes":""},"categories":[940,14,27,703],"tags":[49,47],"class_list":["post-10552","post","type-post","status-publish","format-standard","has-post-thumbnail","hentry","category-2025-01-alpenskandinavien","category-swiss","category-skifahren-winterskiing-winter","category-tschiertschen","tag-4sb","tag-sl","odd"],"_links":{"self":[{"href":"http:\/\/blog.inmontanis.info\/index.php?rest_route=\/wp\/v2\/posts\/10552","targetHints":{"allow":["GET"]}}],"collection":[{"href":"http:\/\/blog.inmontanis.info\/index.php?rest_route=\/wp\/v2\/posts"}],"about":[{"href":"http:\/\/blog.inmontanis.info\/index.php?rest_route=\/wp\/v2\/types\/post"}],"author":[{"embeddable":true,"href":"http:\/\/blog.inmontanis.info\/index.php?rest_route=\/wp\/v2\/users\/1"}],"replies":[{"embeddable":true,"href":"http:\/\/blog.inmontanis.info\/index.php?rest_route=%2Fwp%2Fv2%2Fcomments&post=10552"}],"version-history":[{"count":1,"href":"http:\/\/blog.inmontanis.info\/index.php?rest_route=\/wp\/v2\/posts\/10552\/revisions"}],"predecessor-version":[{"id":10553,"href":"http:\/\/blog.inmontanis.info\/index.php?rest_route=\/wp\/v2\/posts\/10552\/revisions\/10553"}],"wp:featuredmedia":[{"embeddable":true,"href":"http:\/\/blog.inmontanis.info\/index.php?rest_route=\/wp\/v2\/media\/10554"}],"wp:attachment":[{"href":"http:\/\/blog.inmontanis.info\/index.php?rest_route=%2Fwp%2Fv2%2Fmedia&parent=10552"}],"wp:term":[{"taxonomy":"category","embeddable":true,"href":"http:\/\/blog.inmontanis.info\/index.php?rest_route=%2Fwp%2Fv2%2Fcategories&post=10552"},{"taxonomy":"post_tag","embeddable":true,"href":"http:\/\/blog.inmontanis.info\/index.php?rest_route=%2Fwp%2Fv2%2Ftags&post=10552"}],"curies":[{"name":"wp","href":"https:\/\/api.w.org\/{rel}","templated":true}]}}