{"id":1055,"date":"2010-01-28T12:00:49","date_gmt":"2010-01-28T11:00:49","guid":{"rendered":"http:\/\/blog.inmontanis.info\/?p=1055"},"modified":"2023-07-30T21:46:31","modified_gmt":"2023-07-30T19:46:31","slug":"laudibergue-28-1-2010","status":"publish","type":"post","link":"http:\/\/blog.inmontanis.info\/?p=1055","title":{"rendered":"l&#8217;Audibergue, 28.1.2010"},"content":{"rendered":"<p><strong>28.1.2010 &#8211; 6. Tag &#8211; Teil 1: L&#8217;Audibergue<\/strong> <em>(Oh, die Berg&#8217;!)<\/em><\/p>\n<p><img src=http:\/\/ski.inmontanis.info\/d\/107698-2\/ge_suedalpen201001.jpg \/><br \/>\nI: L&#8217;Audibergue<\/p>\n<p>Vorabend<\/p>\n<p>Um 16:30 kam ich in Molines weg und hatte mit ca. 3:20 Fahrzeit gerechnet &#8211; da kam mein Navi daher und meinte doch eher 3:45 &#8211; mit kurzem Halt beim McDo wurden&#8217;s dann eher 4 &#8230;<!--more--><\/p>\n<p>Gefahren bin ich \u00fcber den Col Lebraut an der Staumauer vorbei, weiter durch das schmale Schluchtstr\u00e4\u00dfchen nach Selonnet, \u00fcber Col de Maure \/ Col du Labouret \/ Digne-les-Bains &#8230;.<\/p>\n<p>In l&#8217;Audibergue angekommen &#8211; kein Hotel. Auch auf dem Weg hierher in der letzten Stunde, kein Hotel oder wenn, dann geschlossen&#8230; Auch in Greolieres kein Hotel gesehen. Wieder eine Stunde vorbei. Na toll. N\u00e4chstes lt. Navi evtl. in Saint-Vallier-de-Thiey, ca. 30 Minuten Fahrt. Um 22 Uhr kam ich dort an, ein Hotel war zu, direkt gegen\u00fcber im Relais Imperial war Platz frei. 2 Sterne, 42,- f\u00fcr&#8217;s EZ + 8,- Fr\u00fchst\u00fcck, altes Zimmer mit einigen verstaubten Spinnenweben an der Decke und einem kuriosen Schrank-Gebastel .. sonst aber wohl ganz nett, evtl. etwas gehobenere Restaurant-Klasse. <\/p>\n<p><a href='http:\/\/ski.inmontanis.info\/d\/109144-2\/P1470395.JPG'><img src=http:\/\/ski.inmontanis.info\/d\/109142-3\/P1470395.JPG \/><\/a><br \/>\n^ Hotel von Au\u00dfen<\/p>\n<p><a href='http:\/\/ski.inmontanis.info\/d\/109148-2\/P1470393.JPG'><img src=http:\/\/ski.inmontanis.info\/d\/109147-3\/P1470393.JPG \/><\/a><br \/>\n^ Kurioser Schrank im Hotel &#8211; Eine Seitenwand und eine Metall-T\u00fcre einfach in eine Ecke gestellt .. ;)<\/p>\n<p>Achja, und .. ihr kennt doch sicher diese alten engen 4 &#8211; Personen &#8211; Aufz\u00fcge, mit h\u00e4ndisch zu \u00f6ffnenden schweren Metall-T\u00fcren au\u00dfen und innen manchmal ohne T\u00fcren? Wie gesagt, die sind ja eigenlich schon sehr eng ..<br \/>\nHier in diesem Hotel gibt&#8217;s einen \u00e4hnlichen Aufzug, mit Faltt\u00fcren nach innen und jetzt kommt&#8217;s: Noch kleiner, noch enger und nur f\u00fcr 3 (!) Personen. Hab ich noch nie gesehen so einen Mini-Aufzug. Sporttasche, Skischuhtasche rein und ich hab gerade noch reingepasst, drehen konnte ich mich nicht mehr, musste dann r\u00fcckw\u00e4rts wieder raus :) Dass er in den einzelnen Stockwerken so h\u00e4lt, das immer eine kleine Stufe ist, ist eh klar, oder? Das einzig vertrauenserweckende: Die neue Schalttafel von Otis. Menschen mit 160kg Lebendgewicht w\u00fcrden, so sie \u00fcberhaupt durch die T\u00fcr passen, vmtl. den Platz komplett ausf\u00fcllen :)  &#8216;ne normale Duschkabine ist wesentlich gr\u00f6\u00dfer :) Krass das es sowas gibt.. <\/p>\n<p>&#8212;<\/p>\n<p>Fr\u00fchst\u00fcck war dann eher minimal, halbes Baguette, Croissant, 2 Marmeladenportionen, Hei\u00dfgetr\u00e4nk und O-Saft. Und was ich echt kleinlich finde (was aber in AT und tw. IT wohl \u00e4hnlich ist und mir die letzten Tage auch \u00fcberall passiert ist) &#8211; warum man, wenn man ca. 50,- f\u00fcr ein Zimmer pro Nacht zahlt, noch zus\u00e4tzlich die Kurtaxe um \u20ac 0,40-0,60 verrechnet bekommt. Warum k\u00f6nnen die Hotels die paar Cent nicht selbst \u00fcbernehmen? Mehrwertsteuer ist doch auch im Zimmerpreis drin, wieso dann nicht die G\u00e4stesteuer? Dass es den Hotels nicht zu bl\u00f6d ist, bei 50,- noch 0,60 extra zu verlangen? Wenn gewollt k\u00f6nnte man die 60 Cent doch irgendwo anders locker wieder einsparen?!<\/p>\n<p>Ok, auf zu l&#8217;Audibergue. Am ersten KSSL, mit gro\u00dfem Parkplatz, gabs schon mal keine Kasse. Also Skier wieder eingepackt und zum Hauptparkplatz gefahren und um 12,- die Halbtageskarte gekauft und informiert worden, dass der Sessellift nur am WE f\u00e4hrt&#8230;<\/p>\n<p>Somit hat man also 3 KSSL (+ 1 \u00dcbungs-SSL) mit denen man die restlichen Abfahrten abgrasen kann. Meerblick hat man nur, wenn man etwas aufsteigt und leider waren viele Wolken\/Nebel im Tal, so dass man das Meer nur minimalst sehen konnte. Mist. <\/p>\n<p>Abfahrten waren alle unpr\u00e4pariert (au\u00dfer die an der DSB, aber da konnte man ja nicht fahren), die Waldabfahrten am rechten KSSL fand ich sehr geil, der Rest &#8211; OK, aber jetzt nicht so der Hammer, ohne Meerpano also nicht gerade der Bringer hier.<\/p>\n<p>Fotos, anklicken zum Vergr\u00f6\u00dfern:<\/p>\n<p><a href='http:\/\/ski.inmontanis.info\/d\/109152-2\/P1470403.JPG'><img src=http:\/\/ski.inmontanis.info\/d\/109151-3\/P1470403.JPG \/><\/a><br \/>\n^ Pistenplan<\/p>\n<p><a href='http:\/\/ski.inmontanis.info\/d\/109156-2\/ge_audibergue20100128.jpg'><img src=http:\/\/ski.inmontanis.info\/d\/109155-3\/ge_audibergue20100128.jpg \/><\/a><br \/>\n^ GPS-Track<\/p>\n<p><a href='http:\/\/ski.inmontanis.info\/d\/109160-2\/P1470397.JPG'><img src=http:\/\/ski.inmontanis.info\/d\/109159-3\/P1470397.JPG \/><\/a><br \/>\n^ Anfahrt<\/p>\n<p><a href='http:\/\/ski.inmontanis.info\/d\/109165-2\/P1470400.JPG'><img src=http:\/\/ski.inmontanis.info\/d\/109164-3\/P1470400.JPG \/><\/a><br \/>\n^ Anfahrt, auf den wei\u00dfen Buckel gehen die KSSL.<\/p>\n<p><a href='http:\/\/ski.inmontanis.info\/d\/109169-2\/P1470401.JPG'><img src=http:\/\/ski.inmontanis.info\/d\/109168-3\/P1470401.JPG \/><\/a><br \/>\n^ Zoom ins Skigebiet bzw. zu den KSSL Signal und Aups<\/p>\n<p><a href='http:\/\/ski.inmontanis.info\/d\/109173-2\/P1470404.JPG'><img src=http:\/\/ski.inmontanis.info\/d\/109172-3\/P1470404.JPG \/><\/a><br \/>\n^ Im KSSL Aups<\/p>\n<p><a href='http:\/\/ski.inmontanis.info\/d\/109177-2\/P1470447.JPG'><img src=http:\/\/ski.inmontanis.info\/d\/109176-3\/P1470447.JPG \/><\/a><br \/>\n^ Auf der linken gr\u00fcnen Abfahrt<\/p>\n<p><a href='http:\/\/ski.inmontanis.info\/d\/109181-2\/P1470449.JPG'><img src=http:\/\/ski.inmontanis.info\/d\/109180-3\/P1470449.JPG \/><\/a><br \/>\n^ Parkplatz und Restaurants, sowie Talstation KSSL Signal<\/p>\n<p><a href='http:\/\/ski.inmontanis.info\/d\/109185-2\/P1470450.JPG'><img src=http:\/\/ski.inmontanis.info\/d\/109184-3\/P1470450.JPG \/><\/a><br \/>\n^ KSSL Signal<\/p>\n<p><a href='http:\/\/ski.inmontanis.info\/d\/109189-2\/P1470452.JPG'><img src=http:\/\/ski.inmontanis.info\/d\/109188-3\/P1470452.JPG \/><\/a><br \/>\n^ \u00dcbungs-SSL Lavandes<\/p>\n<p><a href='http:\/\/ski.inmontanis.info\/d\/109193-2\/P1470453.JPG'><img src=http:\/\/ski.inmontanis.info\/d\/109192-3\/P1470453.JPG \/><\/a><br \/>\n^ Blick zur Bergstation des Wald-KSSL Charbonni\u00e8re und der Verbindungs-Abfahrt retour<\/p>\n<p><a href='http:\/\/ski.inmontanis.info\/d\/109197-2\/P1470455.JPG'><img src=http:\/\/ski.inmontanis.info\/d\/109196-3\/P1470455.JPG \/><\/a><br \/>\n^ Blick zu heute geschlossenen DSB<\/p>\n<p><a href='http:\/\/ski.inmontanis.info\/d\/109201-2\/P1470458.JPG'><img src=http:\/\/ski.inmontanis.info\/d\/109200-3\/P1470458.JPG \/><\/a><br \/>\n^ Urige Verbindungsabfahrt 14 Le Blaireau<\/p>\n<p><a href='http:\/\/ski.inmontanis.info\/d\/109205-2\/P1470462.JPG'><img src=http:\/\/ski.inmontanis.info\/d\/109204-3\/P1470462.JPG \/><\/a><br \/>\n^ Rote Abfahrt Le Cabris am Wald-KSSL Charbonniere<\/p>\n<p><a href='http:\/\/ski.inmontanis.info\/d\/109209-2\/P1470467.JPG'><img src=http:\/\/ski.inmontanis.info\/d\/109208-3\/P1470467.JPG \/><\/a><br \/>\n^ Unterer Teil der Abfahrt La Noire<\/p>\n<p><a href='http:\/\/ski.inmontanis.info\/d\/109213-2\/P1470402.JPG'><img src=http:\/\/ski.inmontanis.info\/d\/109212-3\/P1470402.JPG \/><\/a><br \/>\n^ Talstation des genialen Wald-KSSL Charbonni\u00e8re<\/p>\n<p><a href='http:\/\/ski.inmontanis.info\/d\/109217-2\/P1470471.JPG'><img src=http:\/\/ski.inmontanis.info\/d\/109216-3\/P1470471.JPG \/><\/a><br \/>\n^ Starthang der urigen roten Abfahrt am Wald-KSSL<\/p>\n<p><a href='http:\/\/ski.inmontanis.info\/d\/109221-2\/P1470476.JPG'><img src=http:\/\/ski.inmontanis.info\/d\/109220-3\/P1470476.JPG \/><\/a><br \/>\n^ Blick von der Bergstation KSSL Charbonniere r\u00fcber zu den KSSL Signal und Aups<\/p>\n<p><a href='http:\/\/ski.inmontanis.info\/d\/109225-2\/P1470416.JPG'><img src=http:\/\/ski.inmontanis.info\/d\/109224-3\/P1470416.JPG \/><\/a><br \/>\n^ Bergstation KSSL Aups<\/p>\n<p><a href='http:\/\/ski.inmontanis.info\/d\/109229-2\/P1470451.JPG'><img src=http:\/\/ski.inmontanis.info\/d\/109228-3\/P1470451.JPG \/><\/a><br \/>\n^ Pano und KSSL Aups, irgendwo da hinten in der Mitte geht&#8217;s zru DSB<\/p>\n<p><a href='http:\/\/ski.inmontanis.info\/d\/109233-2\/P1470418.JPG'><img src=http:\/\/ski.inmontanis.info\/d\/109232-3\/P1470418.JPG \/><\/a><br \/>\n^ Pano<\/p>\n<p><a href='http:\/\/ski.inmontanis.info\/d\/109237-2\/P1470446.JPG'><img src=http:\/\/ski.inmontanis.info\/d\/109236-3\/P1470446.JPG \/><\/a><br \/>\n^ Pano und linke Abfahrt<\/p>\n<p><a href='http:\/\/ski.inmontanis.info\/d\/109241-2\/P1470406.JPG'><img src=http:\/\/ski.inmontanis.info\/d\/109240-3\/P1470406.JPG \/><\/a><br \/>\n^ Pano<\/p>\n<p><a href='http:\/\/ski.inmontanis.info\/d\/109245-2\/P1470420.JPG'><img src=http:\/\/ski.inmontanis.info\/d\/109244-3\/P1470420.JPG \/><\/a><br \/>\n^ Pano<\/p>\n<p><a href='http:\/\/ski.inmontanis.info\/d\/109249-2\/P1470421.JPG'><img src=http:\/\/ski.inmontanis.info\/d\/109248-3\/P1470421.JPG \/><\/a><br \/>\n^ Pano<\/p>\n<p><a href='http:\/\/ski.inmontanis.info\/d\/109253-2\/P1470422.JPG'><img src=http:\/\/ski.inmontanis.info\/d\/109252-3\/P1470422.JPG \/><\/a><br \/>\n^ Pano. Soviel zum Thema Meer-Pano heute &#8211; viel war&#8217;s nicht&#8230;<\/p>\n<p><a href='http:\/\/ski.inmontanis.info\/d\/109257-2\/P1470423.JPG'><img src=http:\/\/ski.inmontanis.info\/d\/109256-3\/P1470423.JPG \/><\/a><br \/>\n^ Meer-Pano<\/p>\n<p><a href='http:\/\/ski.inmontanis.info\/d\/109261-2\/P1470411.JPG'><img src=http:\/\/ski.inmontanis.info\/d\/109260-3\/P1470411.JPG \/><\/a><br \/>\n^ Pano<\/p>\n<p><a href='http:\/\/ski.inmontanis.info\/d\/109265-2\/P1470410.JPG'><img src=http:\/\/ski.inmontanis.info\/d\/109264-3\/P1470410.JPG \/><\/a><br \/>\n^ Pano<\/p>\n<p><a href='http:\/\/ski.inmontanis.info\/d\/109269-2\/P1470426.JPG'><img src=http:\/\/ski.inmontanis.info\/d\/109268-3\/P1470426.JPG \/><\/a><br \/>\n^ Pano<\/p>\n<p><a href='http:\/\/ski.inmontanis.info\/d\/109273-2\/P1470427.JPG'><img src=http:\/\/ski.inmontanis.info\/d\/109272-3\/P1470427.JPG \/><\/a><br \/>\n^ Zoom Meerpano (Gegend um Cannes). Wenigstens ein bissl durftre ich sehen&#8230;.<\/p>\n<p><a href='http:\/\/ski.inmontanis.info\/d\/109277-2\/P1470429.JPG'><img src=http:\/\/ski.inmontanis.info\/d\/109276-3\/P1470429.JPG \/><\/a><br \/>\n^ Meer-Zoom<\/p>\n<p><a href='http:\/\/ski.inmontanis.info\/d\/109281-2\/P1470433.JPG'><img src=http:\/\/ski.inmontanis.info\/d\/109280-3\/P1470433.JPG \/><\/a><br \/>\n^ Gipfel-Zoom<\/p>\n<p><a href='http:\/\/ski.inmontanis.info\/d\/109285-2\/P1470441.JPG'><img src=http:\/\/ski.inmontanis.info\/d\/109284-3\/P1470441.JPG \/><\/a><br \/>\n^ Gipfel-Zoom<\/p>\n<p><a href='http:\/\/ski.inmontanis.info\/d\/109289-2\/P1470479.JPG'><img src=http:\/\/ski.inmontanis.info\/d\/109288-3\/P1470479.JPG \/><\/a><br \/>\n^ Gegen Mittag war dann gar kein Meer mehr zu sehen &#8230;<\/p>\n<p><a href='http:\/\/ski.inmontanis.info\/d\/109293-2\/P1470477.JPG'><img src=http:\/\/ski.inmontanis.info\/d\/109292-3\/P1470477.JPG \/><\/a><br \/>\n^ Pano<\/p>\n<p><a href='http:\/\/ski.inmontanis.info\/d\/109297-2\/P1470481.JPG'><img src=http:\/\/ski.inmontanis.info\/d\/109296-3\/P1470481.JPG \/><\/a><br \/>\n^ Ok, mit Kontrastverbesserung und zoom &#8211; da ist das Meer. Naja&#8230;<\/p>\n<p><a href='http:\/\/ski.inmontanis.info\/d\/109301-2\/P1470492.JPG'><img src=http:\/\/ski.inmontanis.info\/d\/109300-3\/P1470492.JPG \/><\/a><br \/>\n^ Zoom zur Nebel- und Wolkendecke \u00fcber dem Meer, so ca. Richtung Korsika.<\/p>\n","protected":false},"excerpt":{"rendered":"<p>28.1.2010 &#8211; 6. Tag &#8211; Teil 1: L&#8217;Audibergue (Oh, die Berg&#8217;!)<\/p>\n<p> I: L&#8217;Audibergue<\/p>\n<p>Vorabend<\/p>\n<p>Um 16:30 kam ich in Molines weg und hatte mit ca. 3:20 Fahrzeit gerechnet &#8211; da kam mein Navi daher und meinte doch eher 3:45 &#8211; mit kurzem Halt beim McDo wurden&#8217;s dann eher 4 &#8230;<\/p>\n<p> <a href=\"http:\/\/blog.inmontanis.info\/?p=1055\">[&#8230;]<\/a><\/p>\n","protected":false},"author":1,"featured_media":0,"comment_status":"open","ping_status":"closed","sticky":false,"template":"","format":"standard","meta":{"footnotes":""},"categories":[71,16,311,27],"tags":[48,37],"class_list":["post-1055","post","type-post","status-publish","format-standard","hentry","category-201001-southernalps","category-france","category-laudibergue","category-skifahren-winterskiing-winter","tag-kssl","tag-meer","odd"],"_links":{"self":[{"href":"http:\/\/blog.inmontanis.info\/index.php?rest_route=\/wp\/v2\/posts\/1055","targetHints":{"allow":["GET"]}}],"collection":[{"href":"http:\/\/blog.inmontanis.info\/index.php?rest_route=\/wp\/v2\/posts"}],"about":[{"href":"http:\/\/blog.inmontanis.info\/index.php?rest_route=\/wp\/v2\/types\/post"}],"author":[{"embeddable":true,"href":"http:\/\/blog.inmontanis.info\/index.php?rest_route=\/wp\/v2\/users\/1"}],"replies":[{"embeddable":true,"href":"http:\/\/blog.inmontanis.info\/index.php?rest_route=%2Fwp%2Fv2%2Fcomments&post=1055"}],"version-history":[{"count":5,"href":"http:\/\/blog.inmontanis.info\/index.php?rest_route=\/wp\/v2\/posts\/1055\/revisions"}],"predecessor-version":[{"id":8921,"href":"http:\/\/blog.inmontanis.info\/index.php?rest_route=\/wp\/v2\/posts\/1055\/revisions\/8921"}],"wp:attachment":[{"href":"http:\/\/blog.inmontanis.info\/index.php?rest_route=%2Fwp%2Fv2%2Fmedia&parent=1055"}],"wp:term":[{"taxonomy":"category","embeddable":true,"href":"http:\/\/blog.inmontanis.info\/index.php?rest_route=%2Fwp%2Fv2%2Fcategories&post=1055"},{"taxonomy":"post_tag","embeddable":true,"href":"http:\/\/blog.inmontanis.info\/index.php?rest_route=%2Fwp%2Fv2%2Ftags&post=1055"}],"curies":[{"name":"wp","href":"https:\/\/api.w.org\/{rel}","templated":true}]}}