{"id":10548,"date":"2025-01-22T19:35:51","date_gmt":"2025-01-22T18:35:51","guid":{"rendered":"http:\/\/blog.inmontanis.info\/?p=10548"},"modified":"2025-01-22T19:35:51","modified_gmt":"2025-01-22T18:35:51","slug":"bergun-21-1-2025","status":"publish","type":"post","link":"http:\/\/blog.inmontanis.info\/?p=10548","title":{"rendered":"Berg\u00fcn, 21.1.2025"},"content":{"rendered":"<p><strong>Di, 21.1.2025<\/strong><\/p>\n<p>Die Grenze in die Schweiz war unbemannt und somit keine Zeitverz\u00f6gerung. Vmtl. wird dann vor Davos besser kontrolliert?!<\/p>\n<p><a href='http:\/\/extra.inmontanis.info\/d\/129608-2\/DSC00771.jpg'><img src=http:\/\/extra.inmontanis.info\/d\/129607-3\/DSC00771.jpg \/><\/a><br \/>\n^ Val Mustair auf dem Weg rauf zum Ofenpass<\/p>\n<p><a href='http:\/\/extra.inmontanis.info\/d\/129612-2\/DSC00772.jpg'><img src=http:\/\/extra.inmontanis.info\/d\/129611-3\/DSC00772.jpg \/><\/a><br \/>\n^ Auffahrt Ofenpass<\/p>\n<p><a href='http:\/\/extra.inmontanis.info\/d\/129616-2\/DSC00774.jpg'><img src=http:\/\/extra.inmontanis.info\/d\/129615-3\/DSC00774.jpg \/><\/a><br \/>\n^ Pano Ofenpass<\/p>\n<p><a href='http:\/\/extra.inmontanis.info\/d\/129620-2\/DSC00775.jpg'><img src=http:\/\/extra.inmontanis.info\/d\/129619-3\/DSC00775.jpg \/><\/a><br \/>\n^ Ofenpass, weiter unten und bis St. Moritz war es mal wieder k\u00e4lter, -13\u00b0<\/p>\n<p>In St. Moritz beim Vorbeifahren gesehen, dass es hier nun einen Lidl gibt :))) Wer soviel Geld hat, hier leben oder urlauben zu k\u00f6nnen, sollte nicht in einem Diskonter einkaufen, sondern gef\u00e4lligst auch f\u00fcr Lebensmittel mehr ausgeben!<\/p>\n<p><a href='http:\/\/extra.inmontanis.info\/d\/129624-2\/DSC00784.jpg'><img src=http:\/\/extra.inmontanis.info\/d\/129623-3\/DSC00784.jpg \/><\/a><br \/>\n^ Julierpass<\/p>\n<p><a href='http:\/\/extra.inmontanis.info\/d\/129628-2\/DSC00788.jpg'><img src=http:\/\/extra.inmontanis.info\/d\/129627-3\/DSC00788.jpg \/><\/a><br \/>\n^ Julierpass<\/p>\n<p><a href='http:\/\/ski.inmontanis.info\/d\/335249-2\/DSC00789.jpg'><img src=http:\/\/ski.inmontanis.info\/d\/335248-3\/DSC00789.jpg \/><\/a><br \/>\n^ An der Talstation des linken SL in Bivio gibts einen kleinen Wohnmobilstellplatz, der gar nicht mal so teuer ist (f\u00fcr Schweiz). Leider hab ich aber ja nicht die 50%-Tageskarte im Nov.\/Dez. kaufen k\u00f6nnen, weil keine meiner Keycards akzeptiert wurde.<\/p>\n<p><a href='http:\/\/ski.inmontanis.info\/d\/335253-2\/DSC00792.jpg'><img src=http:\/\/ski.inmontanis.info\/d\/335252-3\/DSC00792.jpg \/><\/a><br \/>\n^ Skigebiet Savognin<\/p>\n<p>Um 10:30 kam ich am Parkplatz der DSB in Berg\u00fcn an. Laut Website sollte hier doch gratis parken sein, dachte ich, aber es steht ein Parkautomat da, der 5 CHF will. Oder App. Na nerv. Wo hatte ich denn die CHF hingepackt und wieviel hab ich da noch?<\/p>\n<p><a href='http:\/\/ski.inmontanis.info\/d\/335257-2\/DSC00798.jpg'><img src=http:\/\/ski.inmontanis.info\/d\/335256-3\/DSC00798.jpg \/><\/a><br \/>\n^ Fahrt durch Berg\u00fcn<\/p>\n<p><a href='http:\/\/ski.inmontanis.info\/d\/335261-2\/DSC00800.jpg'><img src=http:\/\/ski.inmontanis.info\/d\/335260-3\/DSC00800.jpg \/><\/a><br \/>\n^ Die Talstation der DSB ist am Ende der bis dorthin ge\u00f6ffneten Albula-Passstra\u00dfe. Dar\u00fcber ist Rodelbahn<\/p>\n<p><a href='http:\/\/ski.inmontanis.info\/d\/335265-2\/DSC00801.jpg'><img src=http:\/\/ski.inmontanis.info\/d\/335264-3\/DSC00801.jpg \/><\/a><br \/>\n^ Parkplatz leider mit Parkgeb\u00fchren. Ob der lange Schlitz neben den M\u00fcnzen f\u00fcr Scheine oder Karten w\u00e4re, stand nicht angeschrieben.<\/p>\n<p>Nach kurzer Suche doch gefunden und es waren genau noch 5 Franken und ein paar Rappen. H\u00e4tt ich mir ja lieber was zum Essen gekauft in einem Supermarkt oder einer Tankstelle, jetzt muss ich nochmals Geld ausgeben f\u00fcr diese dumme Entscheidung, mir diese Halbpreistageskarte hier um CHF 22,50 gekauft zu haben :(<\/p>\n<p>Schwerpunkt der G\u00e4ste hier sind allerdings Rodler.<\/p>\n<p>Leider auch nicht mehr gewusst, dass man an der Mittelstation so bl\u00f6d raufgehen muss von der Sektion 1 aus. W\u00e4hrend die unteren Sessel die kalten Weichpolstersitze haben, haben die oberen Sessel die kalten Plastiklattenrostsessel. Nunja, hab ja mein russisches Sitzpolster.<\/p>\n<p>Der SL oben (3. Sektion) ist ja leider wg. angeblichem Schnemangel noch nicht in Betrieb. Sah mir nicht danach aus, da lag doch mehr Schnee als auf der Mittelstationsabfahrt. Und zur Not h\u00e4tte man da auch etwas Schnee zusammenschieben k\u00f6nnen, wenn man gewollt h\u00e4tte. <\/p>\n<p>Nachmittags fuhr mal ein Bediensteter mit irgendwelchen Stecken hinauf, allerdings waren auch noch gar nicht alle B\u00fcgel montiert.<\/p>\n<p>Die Abfahrt an der DSB war seit Tagen nicht mehr pr\u00e4pariert und eisig, an der 1. Sektion vielleicht halbwegs oder frisch pr\u00e4pariert, aber auch nicht sonderlich sch\u00f6ner Schnee, kein Vergleich zu Schnalstal gestern (oder &#8211; Spoiler &#8211; dann Tschiertschen am n\u00e4chsten Tag ). Das letzte St\u00fcck der Talabfahrt, die Abk\u00fcrzung zur Talstation, schien mir zudem zu eisig aus, bin ich nicht gefahren &#8211; allerdings hat man dann einen l\u00e4ngeren Fu\u00dfweg unten :(<\/p>\n<p>Nach einer Abfahrt somit ans Auto und zu den SL gefahren, in der Hoffnung, der dortige Parkplatz h\u00e4tte die selbe Nummer und mein Parkschein w\u00fcrde da auch gelten. <\/p>\n<p>Am SL-Parkplatz angelangt: kein Parkautomat, kein Schild, keine Kostenpflicht! Na da w\u00e4r ich doch lieber gleich hier her gefahren :( Auch wenn man von der Verbindungsabfahrt von hier zur DSB noch etwas mehr gehen muss &#8211; und man retour wohl irgendwo irgendwie durchs Dorf gehen m\u00fcsste. <\/p>\n<p>Die Abfahrten am kurzen Tellerlift waren pr\u00e4pariert, aber am langen B\u00fcgellift auch nicht, faule S\u00e4cke, ergo eisig und unspa\u00dfig. Dann lieber wieder zur sonnigeren DSB und der interessanteren Abfahrt :(<\/p>\n<p><a href='http:\/\/ski.inmontanis.info\/d\/335269-2\/DSC00803.jpg'><img src=http:\/\/ski.inmontanis.info\/d\/335268-3\/DSC00803.jpg \/><\/a><br \/>\n^ DSB Talstation, es fuhren sehr h\u00e4ufig Z\u00fcge vorbei<\/p>\n<p><a href='http:\/\/ski.inmontanis.info\/d\/335273-2\/DSC00805.jpg'><img src=http:\/\/ski.inmontanis.info\/d\/335272-3\/DSC00805.jpg \/><\/a><br \/>\n^ Zugstrecke Albula<\/p>\n<p><a href='http:\/\/ski.inmontanis.info\/d\/335277-2\/DSC00806.jpg'><img src=http:\/\/ski.inmontanis.info\/d\/335276-3\/DSC00806.jpg \/><\/a><br \/>\n^ DSB Sektion 1<\/p>\n<p><a href='http:\/\/ski.inmontanis.info\/d\/335281-2\/DSC00808.jpg'><img src=http:\/\/ski.inmontanis.info\/d\/335280-3\/DSC00808.jpg \/><\/a><br \/>\n^ DSB Sektion 1 und Abfahrt<\/p>\n<p><a href='http:\/\/ski.inmontanis.info\/d\/335285-2\/DSC00812.jpg'><img src=http:\/\/ski.inmontanis.info\/d\/335284-3\/DSC00812.jpg \/><\/a><br \/>\n^ DSB Sektion 1 und Ski-Abfahrt<\/p>\n<p><a href='http:\/\/ski.inmontanis.info\/d\/335289-2\/DSC00813.jpg'><img src=http:\/\/ski.inmontanis.info\/d\/335288-3\/DSC00813.jpg \/><\/a><br \/>\n^ DSB Sektion 1 und Rodel-Abfahrt<\/p>\n<p><a href='http:\/\/ski.inmontanis.info\/d\/335293-2\/DSC00814.jpg'><img src=http:\/\/ski.inmontanis.info\/d\/335292-3\/DSC00814.jpg \/><\/a><br \/>\n^ Mittelstation DSB Sektion 1+2, leider muss man von der 1er zur 2er etwas bergauf gehen &#8211; die h\u00e4tte man auch weiter runter setzen k\u00f6nnen<\/p>\n<p><a href='http:\/\/ski.inmontanis.info\/d\/335297-2\/DSC00816.jpg'><img src=http:\/\/ski.inmontanis.info\/d\/335296-3\/DSC00816.jpg \/><\/a><br \/>\n^ Pistenplan<\/p>\n<p><a href='http:\/\/ski.inmontanis.info\/d\/335301-2\/DSC00818.jpg'><img src=http:\/\/ski.inmontanis.info\/d\/335300-3\/DSC00818.jpg \/><\/a><br \/>\n^ DSB Sektion 2<\/p>\n<p><a href='http:\/\/ski.inmontanis.info\/d\/335305-2\/DSC00820.jpg'><img src=http:\/\/ski.inmontanis.info\/d\/335304-3\/DSC00820.jpg \/><\/a><br \/>\n^ DSB Sektion 2 mit noch geschlossener rechten Abfahrt. Unten am Weg hab ich mir den Schnee mal angeschaut &#8211; untauglich hart gefroren bis Bruchharsch<\/p>\n<p><a href='http:\/\/ski.inmontanis.info\/d\/335309-2\/DSC00824.jpg'><img src=http:\/\/ski.inmontanis.info\/d\/335308-3\/DSC00824.jpg \/><\/a><br \/>\n^ Abfahrt Sektion 2<\/p>\n<p><a href='http:\/\/ski.inmontanis.info\/d\/335313-2\/DSC00826.jpg'><img src=http:\/\/ski.inmontanis.info\/d\/335312-3\/DSC00826.jpg \/><\/a><br \/>\n^ Tallifte gegen\u00fcber (2x SL)<\/p>\n<p><a href='http:\/\/ski.inmontanis.info\/d\/335317-2\/DSC00827.jpg'><img src=http:\/\/ski.inmontanis.info\/d\/335316-3\/DSC00827.jpg \/><\/a><br \/>\n^ Talabfahrt mit Zug<\/p>\n<p><a href='http:\/\/ski.inmontanis.info\/d\/335321-2\/DSC00831.jpg'><img src=http:\/\/ski.inmontanis.info\/d\/335320-3\/DSC00831.jpg \/><\/a><br \/>\n^ Tellerlift im Tal<\/p>\n<p><a href='http:\/\/ski.inmontanis.info\/d\/335325-2\/DSC00833.jpg'><img src=http:\/\/ski.inmontanis.info\/d\/335324-3\/DSC00833.jpg \/><\/a><br \/>\n^ .. und Blick r\u00fcber zum B\u00fcgel-SL<\/p>\n<p><a href='http:\/\/ski.inmontanis.info\/d\/335329-2\/DSC00834.jpg'><img src=http:\/\/ski.inmontanis.info\/d\/335328-3\/DSC00834.jpg \/><\/a><br \/>\n^ Tellerlift und Dorf<\/p>\n<p><a href='http:\/\/ski.inmontanis.info\/d\/335333-2\/DSC00835.jpg'><img src=http:\/\/ski.inmontanis.info\/d\/335332-3\/DSC00835.jpg \/><\/a><br \/>\n^ Blick r\u00fcber zu den DSBen<\/p>\n<p><a href='http:\/\/ski.inmontanis.info\/d\/335337-2\/DSC00836.jpg'><img src=http:\/\/ski.inmontanis.info\/d\/335336-3\/DSC00836.jpg \/><\/a><br \/>\n^ rechter Tallift<\/p>\n<p><a href='http:\/\/ski.inmontanis.info\/d\/335341-3\/DSC00837.jpg'><img src=http:\/\/ski.inmontanis.info\/d\/335340-3\/DSC00837.jpg \/><\/a><br \/>\n^ Rechter Tallift<\/p>\n<p><a href='http:\/\/ski.inmontanis.info\/d\/335345-3\/DSC00839.jpg'><img src=http:\/\/ski.inmontanis.info\/d\/335344-4\/DSC00839.jpg \/><\/a><br \/>\n^ DSB Sektion 2<\/p>\n<p><a href='http:\/\/ski.inmontanis.info\/d\/335349-3\/DSC00840.jpg'><img src=http:\/\/ski.inmontanis.info\/d\/335348-4\/DSC00840.jpg \/><\/a><br \/>\n^ Pano Talstation DSB Sektion 2; unten im Tal verl\u00e4uft Zug und Rodelbahn<\/p>\n<p><a href='http:\/\/ski.inmontanis.info\/d\/335353-3\/DSC00842.jpg'><img src=http:\/\/ski.inmontanis.info\/d\/335352-4\/DSC00842.jpg \/><\/a><br \/>\n^ SL Sektion 3, noch geschlossen, Abfahrten sind pr\u00e4pariert, h\u00e4tte man halt etwas Schnee zusammenschieben m\u00fcssen, falls n\u00f6tig!<\/p>\n<p><a href='http:\/\/ski.inmontanis.info\/d\/335357-3\/DSC00843.jpg'><img src=http:\/\/ski.inmontanis.info\/d\/335356-4\/DSC00843.jpg \/><\/a><br \/>\n^ SL Sektion 3, noch geschlossen, Abfahrten sind pr\u00e4pariert, h\u00e4tte man halt etwas Schnee zusammenschieben m\u00fcssen, falls n\u00f6tig!<\/p>\n<p><a href='http:\/\/ski.inmontanis.info\/d\/335361-3\/DSC00845.jpg'><img src=http:\/\/ski.inmontanis.info\/d\/335360-4\/DSC00845.jpg \/><\/a><br \/>\n^ Abk\u00fcrzung der Talabfahrt, um direkt zur DSB-Talstation zu kommen &#8211; sah mir eisig und steil aus, lieber nicht gefahren<\/p>\n<p><a href='http:\/\/ski.inmontanis.info\/d\/335365-3\/DSC00847.jpg'><img src=http:\/\/ski.inmontanis.info\/d\/335364-4\/DSC00847.jpg \/><\/a><br \/>\n^ Zus\u00e4tzlich zur Rodelbahn an der DSB gibts noch eine Rodelbahn auf der Albulapassstra\u00dfe, indem man mit dem Zug rauff\u00e4hrt &#8211; dann muss man wohl am Ende ein Ticket pr\u00e4sentieren<\/p>\n<p><a href='http:\/\/ski.inmontanis.info\/d\/335369-3\/DSC00848.jpg'><img src=http:\/\/ski.inmontanis.info\/d\/335368-4\/DSC00848.jpg \/><\/a><br \/>\n^ Abfahrt DSB Sektion 2<\/p>\n<p><a href='http:\/\/ski.inmontanis.info\/d\/335373-3\/ge20250121a.jpg'><img src=http:\/\/ski.inmontanis.info\/d\/335372-4\/ge20250121a.jpg \/><\/a><br \/>\n^ 21.1.2025 in Gelb, vorheriger Besuch in Blau<\/p>\n<p>Wenigstens war das Wetter sonniger als gemeldet &#8211; hoffentlich ist da noch etwas Sonne f\u00fcr morgen \u00fcbrig &#8211; aber ge\u00e4rgert hab ich mich schon, dass ich den Skipass nicht hab verfallen lassen, bei dem miesen Angebot hier heute.<\/p>\n<p>Abends internetlos die Bilder von gestern + heute bearbeitet und die Texte etwas korrigiert.<\/p>\n<p>F\u00fcr weitere (sch\u00f6nere) Fotos aus Berg\u00fcn empfehle ich meinen vorherigen Bericht von 2009, via Kategorie-Link unter diesem Beitrag zu finden &#8230;<\/p>\n","protected":false},"excerpt":{"rendered":"<p>Di, 21.1.2025<\/p>\n<p>Die Grenze in die Schweiz war unbemannt und somit keine Zeitverz\u00f6gerung. Vmtl. wird dann vor Davos besser kontrolliert?!<\/p>\n<p> ^ Val Mustair auf dem Weg rauf zum Ofenpass<\/p>\n<p> ^ Auffahrt Ofenpass<\/p>\n<p> ^ Pano Ofenpass<\/p>\n<p> ^ Ofenpass, weiter unten und bis St. Moritz war es mal wieder k\u00e4lter, -13\u00b0<\/p>\n<p>In St. <a href=\"http:\/\/blog.inmontanis.info\/?p=10548\">[&#8230;]<\/a><\/p>\n","protected":false},"author":1,"featured_media":10550,"comment_status":"closed","ping_status":"closed","sticky":false,"template":"","format":"standard","meta":{"footnotes":""},"categories":[940,755,14,27],"tags":[38,47],"class_list":["post-10548","post","type-post","status-publish","format-standard","has-post-thumbnail","hentry","category-2025-01-alpenskandinavien","category-bergun","category-swiss","category-skifahren-winterskiing-winter","tag-dsb","tag-sl","odd"],"_links":{"self":[{"href":"http:\/\/blog.inmontanis.info\/index.php?rest_route=\/wp\/v2\/posts\/10548","targetHints":{"allow":["GET"]}}],"collection":[{"href":"http:\/\/blog.inmontanis.info\/index.php?rest_route=\/wp\/v2\/posts"}],"about":[{"href":"http:\/\/blog.inmontanis.info\/index.php?rest_route=\/wp\/v2\/types\/post"}],"author":[{"embeddable":true,"href":"http:\/\/blog.inmontanis.info\/index.php?rest_route=\/wp\/v2\/users\/1"}],"replies":[{"embeddable":true,"href":"http:\/\/blog.inmontanis.info\/index.php?rest_route=%2Fwp%2Fv2%2Fcomments&post=10548"}],"version-history":[{"count":2,"href":"http:\/\/blog.inmontanis.info\/index.php?rest_route=\/wp\/v2\/posts\/10548\/revisions"}],"predecessor-version":[{"id":10551,"href":"http:\/\/blog.inmontanis.info\/index.php?rest_route=\/wp\/v2\/posts\/10548\/revisions\/10551"}],"wp:featuredmedia":[{"embeddable":true,"href":"http:\/\/blog.inmontanis.info\/index.php?rest_route=\/wp\/v2\/media\/10550"}],"wp:attachment":[{"href":"http:\/\/blog.inmontanis.info\/index.php?rest_route=%2Fwp%2Fv2%2Fmedia&parent=10548"}],"wp:term":[{"taxonomy":"category","embeddable":true,"href":"http:\/\/blog.inmontanis.info\/index.php?rest_route=%2Fwp%2Fv2%2Fcategories&post=10548"},{"taxonomy":"post_tag","embeddable":true,"href":"http:\/\/blog.inmontanis.info\/index.php?rest_route=%2Fwp%2Fv2%2Ftags&post=10548"}],"curies":[{"name":"wp","href":"https:\/\/api.w.org\/{rel}","templated":true}]}}