{"id":10544,"date":"2025-01-20T19:10:28","date_gmt":"2025-01-20T18:10:28","guid":{"rendered":"http:\/\/blog.inmontanis.info\/?p=10544"},"modified":"2025-01-22T19:17:00","modified_gmt":"2025-01-22T18:17:00","slug":"schnalstaler-gletscher-20-1-2025","status":"publish","type":"post","link":"http:\/\/blog.inmontanis.info\/?p=10544","title":{"rendered":"Schnalstaler Gletscher, 20.1.2025"},"content":{"rendered":"<p><strong>Mo, 20.1.2025<\/strong><\/p>\n<p>Hab heut fr\u00fcher aufgeh\u00f6rt zu arbeiten, einkaufen musste ich ja auch noch. Leider nicht alles bekommen, was ich wollte und die abgepackte Mortadella war teurerer als an der Theke (1,39 vs. 1,19 oder so \u00e4hnlich f\u00fcr 100g), aber weil ich noch andere Wurst offen hab, war mir die lieber und g\u00fcnstiger als bei uns allemal.<\/p>\n<p>Um 11:23 kam ich bei bedecktem Himmel in Kurzras an, die Pisten hier im Tal sahen voller als erwartet aus, was vielleicht an der schlechten Sicht auf dem Gletscher liegen k\u00f6nnte. <\/p>\n<p>Am Tal-SL gab&#8217;s etwas Wartezeiten, der 2. lief nicht. Die Verkabelungen an der Talstation sind immer noch nickt ganz fertig, Bar, WC und kostenpflichtige Parkgarage ge\u00f6ffnet.<\/p>\n<p>Im Gletscherbereich war der Schnee sch\u00f6n, auch wenn an der 4SB die Beschneiung f\u00fcr n\u00e4chsten Herbst lief. Die Hintereis-DSB bin ich wg. der Lauferei und der Sicht und der K\u00e4lte nicht gefahren.<\/p>\n<p>Am unteren Teil der Talabfahrt gab es unter dem bisschen Neuschnee eine eisige Grundlage.<\/p>\n<p>Endlich konnte ich heute die linke Abfahrt der unteren 4KSB fahren, die schwarz ausgezeichnet und aktuell mit &#8220;vereiste Piste&#8221; ausgeschildert ist. Dank des Neuschnees war letzteres kein Problem und steil f\u00fcr schwarz ist sie auch nicht. <\/p>\n<p>W\u00e4hrend die schwarze Gurschlerpiste am Gletscher unter dem Neuschnee recht rutschig war, war die Rennpiste an der Lazaun-EUB ungewohnt griffig. Die rechte &#8220;normale&#8221; Abfahrt hatte schon eisigere Stellen.<\/p>\n<p><a href='http:\/\/ski.inmontanis.info\/d\/335201-2\/DSC00751.jpg'><img src=http:\/\/ski.inmontanis.info\/d\/335200-3\/DSC00751.jpg \/><\/a><br \/>\n^ Ankunft in Kurzras<\/p>\n<p><a href='http:\/\/ski.inmontanis.info\/d\/335205-2\/DSC00753.jpg'><img src=http:\/\/ski.inmontanis.info\/d\/335204-3\/DSC00753.jpg \/><\/a><br \/>\n^ Schaut aus wie ein Astabschneider oder so ;)<\/p>\n<p><a href='http:\/\/ski.inmontanis.info\/d\/335209-2\/DSC00754.jpg'><img src=http:\/\/ski.inmontanis.info\/d\/335208-3\/DSC00754.jpg \/><\/a><br \/>\n^ SL Finail<\/p>\n<p><a href='http:\/\/ski.inmontanis.info\/d\/335213-2\/DSC00755.jpg'><img src=http:\/\/ski.inmontanis.info\/d\/335212-3\/DSC00755.jpg \/><\/a><br \/>\n^ Talabfahrt und noch geschlossene 4KSB<\/p>\n<p><a href='http:\/\/ski.inmontanis.info\/d\/335217-2\/DSC00758.jpg'><img src=http:\/\/ski.inmontanis.info\/d\/335216-3\/DSC00758.jpg \/><\/a><br \/>\n^ Linke (schwarze) Talabfahrt an der unteren 4KSB<\/p>\n<p><a href='http:\/\/ski.inmontanis.info\/d\/335221-2\/DSC00759.jpg'><img src=http:\/\/ski.inmontanis.info\/d\/335220-3\/DSC00759.jpg \/><\/a><br \/>\n^ Linke (schwarze) Talabfahrt an der unteren 4KSB, nicht wirklich schwarz<\/p>\n<p><a href='http:\/\/ski.inmontanis.info\/d\/335225-2\/DSC00760.jpg'><img src=http:\/\/ski.inmontanis.info\/d\/335224-3\/DSC00760.jpg \/><\/a><br \/>\n^ 4KSB<\/p>\n<p><a href='http:\/\/ski.inmontanis.info\/d\/335229-2\/DSC00764.jpg'><img src=http:\/\/ski.inmontanis.info\/d\/335228-3\/DSC00764.jpg \/><\/a><br \/>\n^ Aus der Gletscher-4SB; der rechteste Abfahrtsteil war offen, dann kam ein Teil, wo gerade beschneit wurde und weiter links war dann wieder offen<\/p>\n<p><a href='http:\/\/ski.inmontanis.info\/d\/335233-2\/DSC00767.jpg'><img src=http:\/\/ski.inmontanis.info\/d\/335232-3\/DSC00767.jpg \/><\/a><br \/>\n^ Ich bezweifle, dass hier neben der unteren 4KSB eine Schneemobil-Strecke raufgeht ;)<\/p>\n<p><a href='http:\/\/ski.inmontanis.info\/d\/335237-2\/DSC00768.jpg'><img src=http:\/\/ski.inmontanis.info\/d\/335236-3\/DSC00768.jpg \/><\/a><br \/>\n^ Es gab einige Fu\u00dfg\u00e4nger, die die 4KSB zur Talfahrt nahmen<\/p>\n<p><a href='http:\/\/ski.inmontanis.info\/d\/335241-2\/DSC00769.jpg'><img src=http:\/\/ski.inmontanis.info\/d\/335240-3\/DSC00769.jpg \/><\/a><br \/>\n^ 2 Autos aus Polen besetzten f\u00fcr etliche Minuten die Ein- und Ausfahrt am Parkplatz, um a) zwischen den Autos umzuladen und b) Skifahrer einzuladen<\/p>\n<p><a href='http:\/\/ski.inmontanis.info\/d\/335245-2\/ge20250120b.jpg'><img src=http:\/\/ski.inmontanis.info\/d\/335244-3\/ge20250120b.jpg \/><\/a><br \/>\n^ 20.1.2025 in Magenta, Rest in T\u00fcrkis<\/p>\n<p>Durch den sch\u00f6nen Schnee oben war&#8217;s trotz der schlechten Sicht ganz nett heute, auch wenn es mir am Finail-SL zu windig und kalt war und man zur Talabfahrt zwischendrin schieben muss, weil der obere Querweg noch nicht offen ist. Bei einer grauen Skibrille h\u00e4tte ich bei so einem Wetter keine Lust, aber mit brauner Sonnenbrille oder gelber oder orangener Skibrille geht das schon besser.<\/p>\n<p>Ob ich nun unbedingt heuer im Fr\u00fchjahr nochmals her m\u00fcsste, keine Ahnung, vielleicht je nach Wetter und ob Talabfahrt und Hintereis noch offen ist. Die Stra\u00dfe rauf w\u00fcrde ich nicht jeden Tag fahren wollen, also entweder den teuren Stellplatz oben nehmen oder, falls g\u00fcnstiger, ein Zimmer im Tal mit naher Skibushaltestelle. <\/p>\n<p>F\u00fcr die n\u00e4chsten 2 Tage (1 Nacht) in der Schweiz hab ich mir Urlaub genommen; ob ich mir das 1GB-Internetpaket bei meinem Vertrag um 5,90 \u20ac kauf, dann wohl eher nicht. Daher und weil das Freistehen in Graub\u00fcnden schwieriger ist, bleib ich heut nochmals im ebenfalls nicht viel einfacheren Vinschgau.<\/p>\n<p>Bin abends nochmals die Schneeberichte und die Skigebiete durchgegangen, zuf\u00e4llig \u00fcber Kristberg im Montafon gestolpert, PB als Zubringer zu 2 kurzen SL, die relativ nett auss\u00e4hen, klingt ja gut, aber dynamische Preise und z.B. f\u00fcr morgen Halbtageskarte ab  11:30 46,50 (!) und ab 13:00 36,-, dazu noch Parkgeb\u00fchren (anscheinend 6,- \u20ac und man bekommt nur 2,- r\u00fcckerstattet) &#8211; \u00e4h, n\u00f6, dann fahr ich da halt nicht hin. Dann fahr ich lieber nach Laterns, wo man ab 13:00 auch 36,- zahlen muss, aber die Parkgeb\u00fchren iHv 8,- angeblich komplett r\u00fcckerstattet bekommt.<\/p>\n<p>Leider wird f\u00fcr DO derzeit Regen\/Schnee gemeldet im Norden, so dass die Wahl des Skigebiets usw. auf DO fr\u00fch verschoben wird.<\/p>\n","protected":false},"excerpt":{"rendered":"<p>Mo, 20.1.2025<\/p>\n<p>Hab heut fr\u00fcher aufgeh\u00f6rt zu arbeiten, einkaufen musste ich ja auch noch. Leider nicht alles bekommen, was ich wollte und die abgepackte Mortadella war teurerer als an der Theke (1,39 vs. 1,19 oder so \u00e4hnlich f\u00fcr 100g), aber weil ich noch andere Wurst offen hab, war mir die lieber und g\u00fcnstiger als bei <a href=\"http:\/\/blog.inmontanis.info\/?p=10544\">[&#8230;]<\/a><\/p>\n","protected":false},"author":1,"featured_media":10546,"comment_status":"closed","ping_status":"closed","sticky":false,"template":"","format":"standard","meta":{"footnotes":""},"categories":[940,15,397,27],"tags":[49,47],"class_list":["post-10544","post","type-post","status-publish","format-standard","has-post-thumbnail","hentry","category-2025-01-alpenskandinavien","category-italienitaly","category-schnalstal","category-skifahren-winterskiing-winter","tag-4sb","tag-sl","odd"],"_links":{"self":[{"href":"http:\/\/blog.inmontanis.info\/index.php?rest_route=\/wp\/v2\/posts\/10544","targetHints":{"allow":["GET"]}}],"collection":[{"href":"http:\/\/blog.inmontanis.info\/index.php?rest_route=\/wp\/v2\/posts"}],"about":[{"href":"http:\/\/blog.inmontanis.info\/index.php?rest_route=\/wp\/v2\/types\/post"}],"author":[{"embeddable":true,"href":"http:\/\/blog.inmontanis.info\/index.php?rest_route=\/wp\/v2\/users\/1"}],"replies":[{"embeddable":true,"href":"http:\/\/blog.inmontanis.info\/index.php?rest_route=%2Fwp%2Fv2%2Fcomments&post=10544"}],"version-history":[{"count":2,"href":"http:\/\/blog.inmontanis.info\/index.php?rest_route=\/wp\/v2\/posts\/10544\/revisions"}],"predecessor-version":[{"id":10547,"href":"http:\/\/blog.inmontanis.info\/index.php?rest_route=\/wp\/v2\/posts\/10544\/revisions\/10547"}],"wp:featuredmedia":[{"embeddable":true,"href":"http:\/\/blog.inmontanis.info\/index.php?rest_route=\/wp\/v2\/media\/10546"}],"wp:attachment":[{"href":"http:\/\/blog.inmontanis.info\/index.php?rest_route=%2Fwp%2Fv2%2Fmedia&parent=10544"}],"wp:term":[{"taxonomy":"category","embeddable":true,"href":"http:\/\/blog.inmontanis.info\/index.php?rest_route=%2Fwp%2Fv2%2Fcategories&post=10544"},{"taxonomy":"post_tag","embeddable":true,"href":"http:\/\/blog.inmontanis.info\/index.php?rest_route=%2Fwp%2Fv2%2Ftags&post=10544"}],"curies":[{"name":"wp","href":"https:\/\/api.w.org\/{rel}","templated":true}]}}