{"id":10540,"date":"2025-01-19T21:55:19","date_gmt":"2025-01-19T20:55:19","guid":{"rendered":"http:\/\/blog.inmontanis.info\/?p=10540"},"modified":"2025-01-19T21:55:19","modified_gmt":"2025-01-19T20:55:19","slug":"heiligenblut-13-19-1-2025-steil-und-geil-das-staubsauger-paradoxon","status":"publish","type":"post","link":"http:\/\/blog.inmontanis.info\/?p=10540","title":{"rendered":"Heiligenblut, 13.-19.1.2025 &#8211; steil und geil \/ das Staubsauger-Paradoxon"},"content":{"rendered":"<p><strong>Mo, 13.1.2025<\/strong><\/p>\n<p><a href='http:\/\/extra.inmontanis.info\/d\/129568-2\/DSC00614.jpg'><img src=http:\/\/extra.inmontanis.info\/d\/129567-3\/DSC00614.jpg \/><\/a><br \/>\n^ Hin und wieder gibt&#8217;s in K\u00e4rnten doch noch den einen oder anderen einzelnen, kleinen Tallift<\/p>\n<p><a href='http:\/\/extra.inmontanis.info\/d\/129572-2\/DSC00617.jpg'><img src=http:\/\/extra.inmontanis.info\/d\/129571-3\/DSC00617.jpg \/><\/a><br \/>\n^ Auch der SL in Winklern wird noch beschneit<\/p>\n<p>Da lt. Schneebericht die obere 4EUB zu ist (morgens auch die 4KSB, also wohl Sturm), wollte ich am Tal-SL einsteigen und bin dort hin gefahren, aber da war um 11:15 uhr die H\u00f6lle los, so viele Anf\u00e4nger unter der Woche mitte Januar?? Also bin ich zum schattigen Dorfparkplatz gefahren und hab da kurz auf den Skibus gewartet.<\/p>\n<p>Bissl mehr Schnee liegt auch neben der Talabfahrt am unteren Steihang, die zuletzt gern genommene Vereisungsumfahrung &#8211; war diese Woche aber nicht n\u00f6tig, dort auszuweichen.<\/p>\n<p>Der SL Tauernberg ist nun in ganzer L\u00e4nge offen, am Ausstieg hat&#8217;s aber einige Steine reingeweht und zudem lief die Beschneiung, daher bin ich ihn heute und die n\u00e4chsten Tage seltener gefahren.<\/p>\n<p>Bei meiner 2. SL-Fahrt bin ich mal vorsichtig neben die Piste in den windgepressten Schnee gefahren, ob er tragend w\u00e4re, die erste Kurve: ja, die 2: nein und ich flog auf die linke Rippenseite, bevor die noch g\u00e4nzlich verheilt, somit in n\u00e4chster Zeit wieder kein Schlafen auf der linken Seite :(<\/p>\n<p>Wieder an der Mittelstation angekommen, wurde die obere 4EUB ausgaragiert, blieb w\u00e4hrend meiner Zeit im Fleissbereich aber &#8220;rot&#8221;, aber als ich wieder retour fahr, war sie doch in Betrieb und ich konnte noch ganz rauf.<\/p>\n<p>An der Fleiss-4KSB sah es noch trauriger aus als vor 2 Wochen, insofern dass keiner seit den letzten Schneef\u00e4llen die diversen Varianten mehr gefahren ist :(  <\/p>\n<p>Die Abfahrt am Viehb\u00fchel-SL schien mal halbwegs in ganzer L\u00e4nge pr\u00e4pariert worden zu sein, aber es gibt leider keine Schneeverschiebearbeiten an der SL-Trasse. So wenig Schnee hier auf 2500m :(<\/p>\n<p><a href='http:\/\/ski.inmontanis.info\/d\/335025-2\/DSC00619.jpg'><img src=http:\/\/ski.inmontanis.info\/d\/335024-3\/DSC00619.jpg \/><\/a><br \/>\n^ Tauernberg-SL nun in ganzer L\u00e4nge befahrbar<\/p>\n<p><a href='http:\/\/ski.inmontanis.info\/d\/335029-2\/DSC00622.jpg'><img src=http:\/\/ski.inmontanis.info\/d\/335028-3\/DSC00622.jpg \/><\/a><br \/>\n^ Leider lief am SL Tauernberg die Beschneiung<\/p>\n<p><a href='http:\/\/ski.inmontanis.info\/d\/335033-2\/DSC00623.jpg'><img src=http:\/\/ski.inmontanis.info\/d\/335032-3\/DSC00623.jpg \/><\/a><br \/>\n^ Garagierung an der Mittelstation, wer h\u00e4tte gedacht, dass die so schmal und so lang in den Berg geht!<\/p>\n<p><a href='http:\/\/ski.inmontanis.info\/d\/335037-2\/DSC00626.jpg'><img src=http:\/\/ski.inmontanis.info\/d\/335036-3\/DSC00626.jpg \/><\/a><br \/>\n^ .. Grund f\u00fcr diesen Einblick: Die 2. Sektion wurde gerade best\u00fcckt, weil sie zuvor wg. Sturm noch nicht in Betrieb war<\/p>\n<p><a href='http:\/\/ski.inmontanis.info\/d\/335041-2\/DSC00629.jpg'><img src=http:\/\/ski.inmontanis.info\/d\/335040-3\/DSC00629.jpg \/><\/a><br \/>\n^ Das eine neuere, obere St\u00fcck des Tunnels der Tunnelbahn hat manchmal Schnee oder Reif<\/p>\n<p><a href='http:\/\/ski.inmontanis.info\/d\/335045-2\/DSC00636.jpg'><img src=http:\/\/ski.inmontanis.info\/d\/335044-3\/DSC00636.jpg \/><\/a><br \/>\n^ Tunnelbahn nahe Ausgang Mittelstation<\/p>\n<p><a href='http:\/\/ski.inmontanis.info\/d\/335049-2\/DSC00641.jpg'><img src=http:\/\/ski.inmontanis.info\/d\/335048-3\/DSC00641.jpg \/><\/a><br \/>\n^ An der 4EUB Sektion 2 ist leider noch keine weitere Abfahrtsvariante offen<\/p>\n<p><a href='http:\/\/ski.inmontanis.info\/d\/335053-2\/DSC00646.jpg'><img src=http:\/\/ski.inmontanis.info\/d\/335052-3\/DSC00646.jpg \/><\/a><br \/>\n^ 8EUB und SL Viehb\u00fchel<\/p>\n<p>Die obere 4KSB am Schnalstaler ist wohl auch nach wie vor nicht in Betirieb, lt. Website wird nun der 31.1. angepeilt&#8230;<\/p>\n<p>Dass ich im Falle einer Skandinavienreise den SL Hochfleiss nicht gefahren sein w\u00fcrde, st\u00f6rt mich weniger, als dass ich auch die sch\u00f6ne Au\u00dfenrummittelstationsgratabfahrt und den SL Viehb\u00fchel nicht gefahren sein w\u00fcrde. Vielleicht sollte ich auf mehr Schnee n\u00e4chstes Jahr im Dez\/Jan hoffen und die Mo-Fr-Variante meiner heurigen Sunny-Saisonkarte kaufen? Sofern Heiligenblut noch drin ist und es preislich interessant w\u00e4re usw.. 406 \u20ac h\u00e4tte die heuer bis 31.10. gekostet und falls ich wie geplant den Gopass  im Fr\u00fchjahr kaufen w\u00fcrde, h\u00e4tte ich f\u00fcrs WE ja dann M\u00f6lltaler und Ankogel in der N\u00e4he. <\/p>\n<p>F\u00fcr die n\u00e4chste Skandinavienfahrt (und wenn nicht heuer, dann n\u00e4chsten Winter), sollte ich nach  brauchbaren Skigebiete auf dem Weg durch CZ und DE als Zwischenstopp (und sp\u00e4ter auch in SE) schauen; was w\u00fcrde mir gefallen, wie w\u00e4r der Umweg, was sind die Preise und l\u00e4ge aktuell dort genug Schnee.<\/p>\n<p>Wichtiger aber, falls ich heuer fahren m\u00f6chte, w\u00e4re doch nochmals das Thema Batterie: Platz im Auto, Gr\u00f6\u00dfe, Kosten, Ausstattung etc. &#8211; denn bei ca. 1-2 Wochen Lieferzeit sollte ich das nun sehr bald bestellen. Lieferung h\u00e4tte ich an eine Filiale meines Arbeitgebers gedacht, da n\u00e4he K\u00f6ssen und ich dann auch dort das Auto- Service machen w\u00fcrde.<\/p>\n<p>50-80 Ah LiFePo4 mit Bluetooth-BMS sind relativ rar und von Gr\u00f6\u00dfe und Preis her kaum lohnenswert zu 100Ah, aber die 100 Ah sind teilweise zu gro\u00df f\u00fcr den Platz, den ich daf\u00fcr haben w\u00fcrde.  <\/p>\n<p><strong>Di, 14.1.2025<\/strong><\/p>\n<p>Heute nicht ganz so sonnig, nach wie vor zu kalt zum Auffirnen, am Tauernberg-SL wurde \u00fcber Nacht  eine unpr\u00e4parierte und teils eisige Schicht beschneit.<\/p>\n<p>An der 4KSB dann komplett bedeckt, schade, falsche Ski und falsche Brille heute dabei, daher fr\u00fcher aufgeh\u00f6rt.<\/p>\n<p>Interessanter Zufall heute, als ich in der Kabine der Tunnelbahn war, wo ja 1987 steht &#8211; dass mein iPod gerade, wenn auch kein Lied von 1987 spielte, aber doch eins vom &#8220;Cinderella&#8217;87&#8221;-Soundtrack (Bonnie Bianco) ;)<\/p>\n<p><a href='http:\/\/ski.inmontanis.info\/d\/335057-2\/DSC00653.jpg'><img src=http:\/\/ski.inmontanis.info\/d\/335056-3\/DSC00653.jpg \/><\/a><br \/>\n^ 4EUB Sektion 2 mit Blick zum SL Tauernberg<\/p>\n<p><a href='http:\/\/ski.inmontanis.info\/d\/335061-2\/DSC00659.jpg'><img src=http:\/\/ski.inmontanis.info\/d\/335060-3\/DSC00659.jpg \/><\/a><br \/>\n^ Gro\u00dfglocknerstra\u00dfe; dachte irgendwie die Skiroute w\u00fcrde der Stra\u00dfe folgen, aber wenn die da so weit einen Bogen macht und evtl sogar etwas bergauf geht, sofern das die Stra\u00dfe ist &#8211; nein, laut Plan verl\u00e4uft die Skiroute doch direkter<\/p>\n<p>Die Schnittmenge an 100Ah-LiFePo4-Akkus mit Bluetooth in f\u00fcr mich passender Gr\u00f6\u00dfe und garantierter Lieferung bis sp\u00e4testens Ende n\u00e4chster Woche auf Amazon ist nahe Null, aber dann doch noch einen gefunden um (etwar teurere) 224 \u20ac mit Lieferung 20.-23.1. <\/p>\n<p>Dann brauch ich noch den Batterieumschalter und passende dicke Verbindungskabel daf\u00fcr. Fraglich nur, was mach ich mit meinem aktuelle Batteriemonitor .. wie verkabel ich das sinnvoll und einfach .. <\/p>\n<p>Momentan h\u00e4ngen die Verbraucher Plus direkt an der Batterie und Minus am Batteriemonitor &#8211; da wirds wohl einfacher sein, einfach den Plus-Pol der 2. Batterie mit auf die 1. Batterie zu klemmen und den Batteriewahlschalter auf jeweils Minus zu verbinden?! Allerdings liegt der Minuspol weiter hinten und ich k\u00e4me schlechter dran oder brauch l\u00e4ngere Kabel. Ich sollte auch nicht versehentlich beim Schalten auf &#8220;1+2&#8221; gehen, wenn die eine Batterie voll und die andere leer ist ;) H\u00f6chstens mal, wenn sie beide voll sind und ich eine Parallelschaltung probieren m\u00f6chte. <\/p>\n<p><a href='http:\/\/extra.inmontanis.info\/d\/129576-2\/DSC00661.jpg'><img src=http:\/\/extra.inmontanis.info\/d\/129575-3\/DSC00661.jpg \/><\/a><br \/>\n^ Cordon Bleu und R\u00f6sti bzw. eben so eine Fertigr\u00f6sti-Packung aber die Kartoffelst\u00fcckchen nicht als R\u00f6sti gebraten<\/p>\n<p><strong>Mi, 15.1.2025<\/strong><\/p>\n<p>Am Campingplatz strahlender Sonnenschein und Sturm, im Skigebiet bedeckt, st\u00fcrmisch und leichter Schneefall laut Webcam und Wettervorhersage. Am Parkplatz an der Mautstation auch durchmixtes Wetter.<\/p>\n<p>1x Tal, 1x SL und dann mal zum Selbstversorgerraum Mittelstation, weil es gerade st\u00e4rker zu schneien anfing und es nachmittags angeblich noch besser werden sollte. <\/p>\n<p>&#8230; wurde aber zeitnah nicht besser, also nochmals Talabfahrt und dann Fleiss, da war&#8217;s mir zu st\u00fcrmisch f\u00fcr ein zweites Mal 4KSB. <\/p>\n<p>Die Saison d\u00fcmpelt weiterhin auf Sparflamme, nun der dritte Tag in Heiligenblut in Folge, den ich nur mit 2 Sternen bewerten kann, weil einfch schlechter als vor Silvester.<\/p>\n<p>Retour an der Tanktelle \u00fcberrascht gesehen, dass das Benzin nun an die 13 oder 15 Cent teurer wie bisher war!<\/p>\n<p><a href='http:\/\/extra.inmontanis.info\/d\/129580-2\/DSC00663.jpg'><img src=http:\/\/extra.inmontanis.info\/d\/129579-3\/DSC00663.jpg \/><\/a><br \/>\n^ Auch in Gro\u00dfkirchheim gibts einen kleinen, beschneiten Dorflift<\/p>\n<p><a href='http:\/\/extra.inmontanis.info\/d\/129584-2\/DSC00665.jpg'><img src=http:\/\/extra.inmontanis.info\/d\/129583-3\/DSC00665.jpg \/><\/a><br \/>\n^ 2. Portion Cordon Bleu und R\u00f6sti-Kartoffelschmarrn; leider vergessen, K\u00fcmmel mit rein zu tun ;)<\/p>\n<p>Wie so h\u00e4ufig, muss ich f\u00fcr das Planen der n\u00e4chsten Tage eigentlich von ziemlich weit hinten anfangen, also wenn Schweden, dann ja schon mal erw\u00e4hnt 2 Varianten: Ende April ganz im Norden oder Ende April in der Mitte, wieviel Zeit hab ich dann jeweils f\u00fcr die Skigebiete davor, zu viel, zu wenig, wann w\u00e4re wg. \u00d6ffnungen ein passenderer Zeitraum f\u00fcr die Fahrt durch Norwegen, wann w\u00e4re dann ungef\u00e4hr der Tag f\u00fcr die F\u00e4hre, welche und wieviel Skigebiete m\u00f6chte ich in CZ und DE noch mitnehmen, wieviel Tage ungef\u00e4hr in Hochficht bleiben, welche Skigebiete ich von hier \u00fcber die Schweiz bis Hochficht noch mitnehmen und DANN kann ich eigentlich erst zu der L\u00f6sung finden &#8211; also ungeachtet der Wettervorhersagen, wann ich hier wegfahren w\u00fcrde oder wieviel Skigebiete ich dann wirklich auf dem Weg noch mitnehmen m\u00f6chte bzw. zeitlich sollte.<\/p>\n<p>.. und wenn ich vom Ende her zur\u00fcckplane mit den vielen Tagen, die ich in bestimmten schwedischen Skigebieten verbringen m\u00f6chte .. dann hab ich pl\u00f6tzlich gar keine Zeit mehr f\u00fcr Norwegen auf den Weg nach oben oder gar noch f\u00fcr sonderliche Zwischenziele auf der Fahrt hinauf, ei verbibbsch! Da werd ich also hier und da ein paar Tage weniger bleiben k\u00f6nnen &#8211; oder ich mach doch  Bj\u00f6rkliden\/Riksgr\u00e4nsen\/Narvik erst am Schluss, ohne zeitig genug zur\u00fcck am Schnalstaler zu sein?! Aber ich w\u00e4r schon gern mal wieder etwas weiter s\u00fcdlich gewesen zum Saisonende, zumal ich n\u00e4chstes Jahr tendenziell eher wieder die kleine finnische Saisonkarte noch dazu kaufen m\u00f6chte, falls im Dezember wieder 50%, und dort dann April\/Mai sein.<\/p>\n<p>Aber weil ich nun die Batterie bestellt hab und die hoffentlich bis Ende n\u00e4chster Woche geliefert wird, somit ich dann vorsichtshalber erst am Montag drauf den Servicetermin buchen sollte. <\/p>\n<p>Aufgrund der \u00d6ffnungsproblematik insb. der norwegischen Skigebiete im Scandinavian-Skipass und der nicht vorhandenen Zwischenziele dazwischen, m\u00fcsste ich Sogn entweder am 6.2\/7.2. oder 13.\/14.2. fahren, da ich aber ja auch die 2 neuen kleinen schwedischen Skigbiete im Skipass fahren m\u00f6chte (Ulricehamn und Sunne) m\u00fcsste ich Sunne dann entweder am 2.2. oder am 9.2. fahren. (Falls Wetter oder Schnee in NO nicht passen, w\u00fcrd ich halt auf diese 10-t\u00e4gige Rundtour verzichten, auch kein Problem, bleib ich halt l\u00e4nger in T\u00e4nn\u00e4s oder Bydalen etc.)<\/p>\n<p>Da ich aber ja auf dem Weg hinauf auch noch bissl was besuchen m\u00f6chte, wird das mit 2.2. arg knapp.<\/p>\n<p>Sch\u00f6ne Neuigkeiten aus Gesundaberget, das Skigebiet hat heuer wieder ge\u00f6ffnet!! Liegt nur leider gar nicht auf dem Weg, wenn ich von Sunne aus \u00fcber Norwegen fahren m\u00f6chte und hat nat\u00fcrlich auch nur am WE &#8220;richtig&#8221; offen bzw. sind die \u00d6ffnungszeiten derzeit nur von KW 2-6 bekannt gegeben.<\/p>\n<p>Bin mal noch die Skigebiete durchgegangen zwischen Schweiz und K\u00f6ssen unter der Voraussetzung, dass ich nicht \u00fcber Arlberg+Inntal fahre, weil ich ja die Ski bei meinem Vater abholen m\u00f6chte, also eher \u00fcber Vorarlberg\/Allg\u00e4u .. tja, da schaut&#8217;s ja auch \u00fcberall seeehr mau aus mit dem Schnee, zumindest was die kleinen Gebiete in den unteren Bereichen angeht. Die teuren gro\u00dfen interessieren mich ja eh nicht. Und von den kleineren w\u00fcrd ich lieber die besuchen, die ich noch nicht kenn. Au\u00dfer Hochgrat wg. der alten 4EUB, aber da liegt zu wenig Schnee. Die etwas gr\u00f6\u00dferen kleinen Skigebiete sind mittlerweie ja auch fast alle mit neuen Liften verunstaltet. Und viele andere geschlossen oder die interessanten Teile stillgelegt. Oder eben zu wenig Schnee aktuell. <\/p>\n<p>Trotzdem, es gibt doch genug Ziele, die ich anfahren w\u00fcrde wollen.<\/p>\n<p><strong>Do, 16.1.2025<\/strong><\/p>\n<p>Endlich mal wieder Sonne, auch wenn ich nicht sicher war, ob ich heute die Offpistevarianten an der 4KSB probieren wollte, da mir meine Ripenprellung seit heute Nacht wieder mehr weh tat. <\/p>\n<p>Die Abfahrt am Viehb\u00fchel-SL wurde mal wieder pr\u00e4pariert nach dem gestrigen Schneefall, die kurze Steilhangvariante an der 8EUB geht dank des Neuschnees auch wieder gut.<\/p>\n<p><a href='http:\/\/ski.inmontanis.info\/d\/335065-2\/DSC00666.jpg'><img src=http:\/\/ski.inmontanis.info\/d\/335064-3\/DSC00666.jpg \/><\/a><br \/>\n^ Pano auf der Stra\u00dfe zur Mittelstation<\/p>\n<p><a href='http:\/\/ski.inmontanis.info\/d\/335069-2\/DSC00671.jpg'><img src=http:\/\/ski.inmontanis.info\/d\/335068-3\/DSC00671.jpg \/><\/a><br \/>\n^ 4EUB-Abfahrt und Gro\u00dfglockner<\/p>\n<p><a href='http:\/\/ski.inmontanis.info\/d\/335073-2\/DSC00676.jpg'><img src=http:\/\/ski.inmontanis.info\/d\/335072-3\/DSC00676.jpg \/><\/a><br \/>\n^ Tunnelbahn<\/p>\n<p><a href='http:\/\/ski.inmontanis.info\/d\/335077-2\/DSC00683.jpg'><img src=http:\/\/ski.inmontanis.info\/d\/335076-3\/DSC00683.jpg \/><\/a><br \/>\n^ Tunnelbahn Ausweiche<\/p>\n<p><a href='http:\/\/ski.inmontanis.info\/d\/335081-2\/DSC00685.jpg'><img src=http:\/\/ski.inmontanis.info\/d\/335080-3\/DSC00685.jpg \/><\/a><br \/>\n^ Tunnelbahn Ausweiche<\/p>\n<p><a href='http:\/\/ski.inmontanis.info\/d\/335085-2\/DSC00687.jpg'><img src=http:\/\/ski.inmontanis.info\/d\/335084-3\/DSC00687.jpg \/><\/a><br \/>\n^ 4KSB Fleiss<\/p>\n<p><a href='http:\/\/ski.inmontanis.info\/d\/335089-2\/DSC00691.jpg'><img src=http:\/\/ski.inmontanis.info\/d\/335088-3\/DSC00691.jpg \/><\/a><br \/>\n^ Geschlossene Abfahrt rechts der 4KSB, leider schaut das besser aus als es war<\/p>\n<p><a href='http:\/\/ski.inmontanis.info\/d\/335093-2\/DSC00693.jpg'><img src=http:\/\/ski.inmontanis.info\/d\/335092-3\/DSC00693.jpg \/><\/a><br \/>\n^ Immer noch l\u00e4uft die Beschneiung am Tauernberg-SL :(<\/p>\n<p>H\u00e4tte am SO evtl. schon nach S\u00fcdtirol wollen, aber da wird nun schlechter als hier gemeldet, also werd ich wohl doch noch bis SO in Heiligenblut bleiben.<\/p>\n<p>Von der linken Gruppe der Tunnelbahn bin ich nun jede Gondelkabine mind. 1x gefahren diese Saison, rechts fehlen mir noch 2.<\/p>\n<p>Die Variante &#8220;geschlossene rechte Abfahrt an der 4KSB&#8221; war leider nicht sehr lohnenswert. Stellenweise einige sch\u00f6ne Neuschneefelder, dann aber drunter der unruhig hart windgepresste Schnee.<\/p>\n<p>Die Postlieferung hier nach Heilligenbut ist auch etwas komplizierter, bei Amazon waren zwei Wunschpostfilialen eingetragen, einmal das nur vormittags ge\u00f6ffnete Tourismusb\u00fcro am Parkhaus und einmal im Supermarkt, also nahm ich nat\u00fcrlich den Supermarkt. Dort hab ich heut eine der beiden Sendungen abgeholt und mir wurde mitgeteilt, dass sie hier keine Postfiliale mehr w\u00e4ren und ich weder was unterschreiben muss noch einen Auswies vorzeigen m\u00fcsste. <\/p>\n<p>Der Nummer nach war das die Sendung, die anscheinend heute erst gekommen ist und lt. Post noch gar nicht zugestellt wurde, w\u00e4hrend die Sendung, die schon am 13. angekommen sein sollte, noch fehlt &#8211; also werd ich morgen Mittag mal bei der Touristinfo schauen, ob  das dorthin geliefert wurde.  <\/p>\n<p>Die heizbaren Str\u00fcmpfe hab ich anderswo abgeholt.<\/p>\n<p><a href='http:\/\/extra.inmontanis.info\/d\/129588-2\/IMG_20250116_164223.jpg'><img src=http:\/\/extra.inmontanis.info\/d\/129587-3\/IMG_20250116_164223.jpg \/><\/a><br \/>\n^ Heizsocken<\/p>\n<p><a href='http:\/\/extra.inmontanis.info\/d\/129592-2\/IMG_20250116_164245.jpg'><img src=http:\/\/extra.inmontanis.info\/d\/129591-3\/IMG_20250116_164245.jpg \/><\/a><br \/>\n^ Heizsocken, ungew\u00f6hnlich, dass sich eine chinesische Firma so viel M\u00fche macht mit einer ordentlichen Packung, einem Markenlogo, Adresse usw. &#8211; warum man dann aber so einen unaussprechligen Markennamen genommen hat :)<\/p>\n<p>Heut Abend hab ich den Kranjska-Bericht online gestellt, die Skigebiete bis K\u00f6ssen sind rausgesucht, bleibt noch die Suche nach den Skigebieten zwischen Hochficht und Rostock und da kenn ich mich ja wirklich kaumst aus, au\u00dfer den wenigen Skigebieten mit ESL oder Poma-Eiern. <\/p>\n<p>Was ich dagegen schon ziemlich durchgegangen bin, sind die Skigebiete in S\u00fcdschweden, auch da schaut&#8217;s klarerweise recht d\u00fcster aus bzw. sind etliche im S\u00fcden mittlerweile \u00fcberhaupt nicht mehr offen, weil kein Schnee mehr kommt und die Beschneiungsfenster auch immer k\u00fcrzer werden. Das erste ernstzunehmende Skigebiet ist wohl wirklich erst Isaberg. Aber ca. 2h n\u00f6rdlich von der F\u00e4hre k\u00f6nnte es mit Abendski klappen, so dass ich es vielleicht sogar schaffen k\u00f6nnte, trotz F\u00e4hr\u00fcberfahrt keinen skifreien Tag einlegen zu m\u00fcssen &#8211; &#8220;Challenge accepted&#8221;  ;)<\/p>\n<p>Hab mir heut Vormittag auch mal wieder die Webcams in S\u00fcden angesehen, Mavrovo hat zwar nun wieder Schnee bis ins Tal, der ESL l\u00e4uft, aber nach sonderlich viel Schnee schaut das auch nicht aus. Auch in Durmitor hat&#8217;s nicht viel gegeben, aber da war ja auch weniger gemeldet.<\/p>\n<p><strong>Fr, 17.1.2025<\/strong><\/p>\n<p>Dann also in das bescheuerte und enge Parkhaus fahren  mit seinen 6 Stockwerken, Paket abholen und durch die einzelnen Stockwerke bis ganz runter zur Ausfahrt fahren und zur Mautstation rauf, damit das Auto in der Sonne steht und man sich den weiten Fu\u00dfweg durch den Ort spart.<\/p>\n<p>Heute wollte ich also mal die heizbaren Socken probieren, auch wenn es ja nicht soo kalt momentan w\u00e4re. Die Akkutasche schien knapp hoch genug zu liegen, dass es au\u00dferhalb des Skischuhs ist, umst\u00e4ndlich ist aber der dortige Knopfverschluss.<\/p>\n<p>Die Heizdr\u00e4hte st\u00f6ren nicht (merk ich nicht), aber das Kabel, das seitlich nach oben f\u00fchrt, kann schon etwas st\u00f6ren je nachdem wo es gerade liegt.<\/p>\n<p>Im Laufe des Tages sp\u00fcrte ich doch hin und wieder mal ein Kabel auf der rechten Seite, so dass ich einmal am Klo die Schuhe auszog und die Socke etwas nach hinten zog, weil das kabel rechts au\u00dfen am Knochen hinter den Zehen gest\u00f6rt hat. Die seltenen Rezensionen werden wohl recht haben, wo steht, dass der Heizbereich weiter vor an die Zehen gehe sollte, k\u00f6nnte schon etwas zu weit hinten sein.<\/p>\n<p>W\u00e4hrend des Wartens in der Tunnelbahn pl\u00e4rrten von der Schirmbar daneben d\u00fcmmliche, alkoholverherrlichende Lieder, dass das nicht verboten ist?! So eine L\u00e4rmbel\u00e4stigung hat man in Skandinavien normalerweise zum Gl\u00fcck nicht.<\/p>\n<p>Am Kurven-SL ga es eine Pisteraupenspur von heute Morgen statt gestern Abend &#8211; das ist immer um so viel sch\u00f6ner und weicher und wird ja auch in Skandinavien h\u00e4ufig so gemacht. <\/p>\n<p><a href='http:\/\/ski.inmontanis.info\/d\/335097-2\/DSC00694.jpg'><img src=http:\/\/ski.inmontanis.info\/d\/335096-3\/DSC00694.jpg \/><\/a><br \/>\n^ 4KSB \/ Kurven-SL<\/p>\n<p><a href='http:\/\/ski.inmontanis.info\/d\/335101-2\/DSC00696.jpg'><img src=http:\/\/ski.inmontanis.info\/d\/335100-3\/DSC00696.jpg \/><\/a><br \/>\n^ Arbeiten am SL Viehb\u00fchel, der wird doch nicht morgen in Betrieb gehen, wie geil w\u00e4r das denn!<\/p>\n<p>Hin und wieder fallen einem so bescheuerte W\u00f6rter ein, wo man dann googlen muss, ob die schon jemand verwendet hat. Heute: &#8220;Penismafia&#8221;. Google findet  einen Musiker mit &#8220;big&#8221; davor, wenn man diese Suchergebnisse ausklammert, findet man Links mit witzige zweideutigen Titeln wie &#8220;<em>handstyle<\/em> as social meaning&#8221;   oder &#8220;Hecktrieb &#8211; wer will sich was dazu verdienen&#8221; (Untertitel : &#8220;die community f\u00fcr ford granada, taunus, &#8230;&#8221;) :))<\/p>\n<p>Vielleicht kam ich auf das Wort, weil ich &#8220;Staubsauger&#8221; hier am Ende notiert hatte, damit ich den heut Abend mal aus dem Keller tu, um das Auto staubzusagen ;) <\/p>\n<p>Falls also wieder einmal jemandem dieses Wort aus heiterem Himmel einf\u00e4llt und dann dieser Beitrag von Google gefunden wird &#8211; deshalb hab ich den Titel ebenfalls etwas zweideutig gemacht, zur Auswahl standen:<br \/>\ndas Staubsauger-Paradoxon<br \/>\nder Staubsauger im Kellerloch<br \/>\nder Staubsauger vom Heckbereich<br \/>\nder Staubsauger im Schimmelheck<br \/>\nund 2 Tage sp\u00e4ter:<br \/>\nsteil und geil<br \/>\neng und steil, geil<\/p>\n<p>Nachmittags hatte das Kabel am rechten Strumpf nochmals an der selben Stelle gest\u00f6rt und nach ca. 3h Betrieb auf Stufe 1 von 4 stand der Akku bereits auf Stufe 2 von 4, also sonderlich lang wird der Akku bei einer st\u00e4rkeren Heizstufe nicht reichen, wohl nicht so lang wie angegeben. Nach dem Ausziehen angesehen, man merkt schon einen gewissen, kleinen Fertigungsunterschied und eine h\u00e4rtere oder dickere Stelle an der rechten socke, wo die heizdr\u00e4hte dann mit dem anschlusskabel verbunden sind. <\/p>\n<p>N\u00e4chstes Mal werd ich sie vielleicht vertauscht ausprobieren, auch wenn man dann schlechter den Akku sehen kann zum Ein-\/Ausschalten.<\/p>\n<p>Fazit: als t\u00e4gliche L\u00f6sung anstelle der alten Therm-IC-Heizsohle ist zumindest eine Socke nicht tauglich. Links allerdings keine St\u00f6rung gesp\u00fcrt. N\u00e4chster Test wohl erst bei k\u00e4lteren Temperaturen. <\/p>\n<p>Die heute abgeholte Postlieferung waren wieder Getr\u00e4nkepulver, diesmal eine Probier-Mix-Packung eines anderen Herstellers, nachdem mir fast alle der vorherigen Lieferung des dortigen Herstellers gut geschmeckt hatten. Leider haben beide trotz der zig Gechmacksrichtungen kein Estragon (nur Waldmeister, wobei ich mir noch nicht sicher bin, ob ich den Unterschied \u00fcberhaupt schmecken w\u00fcrde, ob man nicht eh hin und wieder diesbez\u00fcglich get\u00e4uscht wird).<\/p>\n<p><a href='http:\/\/extra.inmontanis.info\/d\/129596-2\/IMG_20250117_164903.jpg'><img src=http:\/\/extra.inmontanis.info\/d\/129595-3\/IMG_20250117_164903.jpg \/><\/a><br \/>\n^ Getr\u00e4nkepulver, beide sind offiziell f\u00fcr ca. 0,5l Wasser &#8211; aber reichen problemlos auch bei 1,5l; die Verpackung von Instick rechts ist jedenfalls angenehmer. USB-Stecker als Gr\u00f6\u00dfenvergleich<\/p>\n<p><a href='http:\/\/extra.inmontanis.info\/d\/129600-2\/IMG_20250117_165032.jpg'><img src=http:\/\/extra.inmontanis.info\/d\/129599-3\/IMG_20250117_165032.jpg \/><\/a><br \/>\n^ .. genug Geschmacksrichtungen zum Druchprobieren<\/p>\n<p>Von den 74 Getr\u00e4nkepulverp\u00e4ckchen waren die meisten doppelt vorhanden, einige 3- und 4-fach, aber etliche leider auch nur einmal. <\/p>\n<p>Verpackungstechnisch find ich die Instick mal besser, ist auch die \u00d6ffnung kleiner, kann man leichter in die Flasche sch\u00fctten, bei den Bolero ist der T\u00fctenbereich zudem geformt, so dass dort wieder Pulver h\u00e4ngen bleibt.  Zuckerfrei sind nat\u00fcrlich beide Hersteller. Das erste Bolero-P\u00fclverchen heute kam mir geschmacklich in der \u00fcblichen 1,5l Wasserflasche intensiver und s\u00fc\u00dfer vor und die beiden Pulver der n\u00e4chsten beiden Tage fand ich nicht so besonders. <\/p>\n<p>Bin heut Abend noch die Skigebiete von Hochficht nach Rostock durchgegangen, also in DE (Bayern, Th\u00fcringen, Sachsen) und in CZ am Rand zu DE und was momentan schneem\u00e4\u00dfig offen hat. Schaut zwar teilweise recht mau aus, aber ein knappes Dutzend w\u00e4re besuchenswert und ich h\u00e4tte ja eigentlich eh nur Zeit f\u00fcr 2-5, je nachdem wie lang ich Hochficht fahren m\u00f6chte.<\/p>\n<p>In die n\u00e4here Auswahl kamen momentan in DE z.B. Mitterdorf Mitterfirmansreut, Hohenbogen, Fichtelberg Oberwiesenthal. Weiter im Norden, im Harz, liegt arg wenig Schnee, da ist kaum was sinnvoll offen.<\/p>\n<p>In CZ bin ich mir noch unschl\u00fcssig, ob ich Zelezna Ruda mit dem Pancir-ESL besuchen w\u00fcrde oder nicht, offiziell ist die Abfahrt mal nicht offen und der SL oben auch nicht, beide ESL fahren trotzdem (im Gegensatz zu Zadov, wo der ESL auf der Webcam irgendwie nie in Betrieb ist), vielleicht d\u00fcrfte man ja trotzdem mit Skiern rauf und runter.<br \/>\nAu\u00dferdem wohl das Skigebiet in Marienbad wegen der Poma-Eier, in der Hoffnung dass sie noch da sind; auch wenn die Abfahrt kurz und flach ist. Klinovec ist mittlerweile leider no-go f\u00fcr mich, da sind ja fast nur noch Sesselbahnen. Das h\u00e4tte ich mal vor vielen Jahren besuchen sollen.<\/p>\n<p><strong>Sa, 18.1.2025<\/strong><\/p>\n<p>-9\u00b0 heut Morgen am Campingplatz im Tal, -1\u00b0 am Parkplartz Mautstelle &#8211; und der Viehb\u00fchel SL ist in Betrieb gemeldet, yeah, sch\u00f6nes Abschlussgeschenk!<\/p>\n<p>1x SL Tauernberg und dann gleich mal Mittelstation und rauf und r\u00fcber zum Viehb\u00fchel-SL. 5x gefahren, danach 1x Tauernberg-SL, aber dort ist&#8217;s diese Woche sehr hart immer. 1x ins Tal, war fast besser, dann zur 4KSB r\u00fcber. <\/p>\n<p>Retour ist das Fahren mit einer speziellen Kabine und einer speziellen Seite der Tunnelbahn einfacher abzupassen, somit heut endlich die letzete der noch fehlenden Kabinen der rechten Gruppe geschafft.<\/p>\n<p>Danach nochmals rauf und zum Viehb\u00fchel-SL r\u00fcber und nochmals \u00fcberrascht worden:  es war nun sogar die Skiroute rechts vom SL offen!! Allerdings muss man unten momentan etwas weiter rausschieben, da am &#8220;Damm&#8221;, der normalerwese teilweis pr\u00e4pariert wird, noch nicht genug Schnee  liegt.<\/p>\n<p><a href='http:\/\/ski.inmontanis.info\/d\/335105-2\/DSC00698.jpg'><img src=http:\/\/ski.inmontanis.info\/d\/335104-3\/DSC00698.jpg \/><\/a><br \/>\n^ SL Viehb\u00fchel &#8211; und er l\u00e4uft, yeah!<\/p>\n<p><a href='http:\/\/ski.inmontanis.info\/d\/335109-2\/DSC00700.jpg'><img src=http:\/\/ski.inmontanis.info\/d\/335108-3\/DSC00700.jpg \/><\/a><br \/>\n^ SL Viehb\u00fchel, einer der coolsten SL in \u00d6sterreich, vieleicht der zweitcoolste &#8211; und Nummer 1 muss an den Hochfleiss-SL ebenfalls in diesem Skigebiet gehen. Auch wenn mir abfahrts- und variantentechnisch dieser hier lieber ist.<\/p>\n<p><a href='http:\/\/ski.inmontanis.info\/d\/335113-2\/DSC00701.jpg'><img src=http:\/\/ski.inmontanis.info\/d\/335112-3\/DSC00701.jpg \/><\/a><br \/>\n^ Rechts vom SL Viehb\u00fchel<\/p>\n<p><a href='http:\/\/ski.inmontanis.info\/d\/335117-2\/DSC00702.jpg'><img src=http:\/\/ski.inmontanis.info\/d\/335116-3\/DSC00702.jpg \/><\/a><br \/>\n^ Abfahrt SL Viehb\u00fchel, da musste schon Schnee zusammengeschoben werden, um die zu \u00f6ffnen<\/p>\n<p><a href='http:\/\/ski.inmontanis.info\/d\/335121-2\/DSC00704.jpg'><img src=http:\/\/ski.inmontanis.info\/d\/335120-3\/DSC00704.jpg \/><\/a><br \/>\n^ Talstation 8EUB und Ex-ESL-Talstation mit Jordanien-Werbung<\/p>\n<p><a href='http:\/\/ski.inmontanis.info\/d\/335125-2\/DSC00711.jpg'><img src=http:\/\/ski.inmontanis.info\/d\/335124-3\/DSC00711.jpg \/><\/a><br \/>\n^ Unterhalb 4KSB\/SL im Fleissbereich, die Tunnelbahn f\u00e4hrt irgendwo hier im Berg entlang<\/p>\n<p><a href='http:\/\/ski.inmontanis.info\/d\/335129-2\/DSC00714.jpg'><img src=http:\/\/ski.inmontanis.info\/d\/335128-3\/DSC00714.jpg \/><\/a><br \/>\n^ SL Viehb\u00fchel und 8EUB<\/p>\n<p><a href='http:\/\/ski.inmontanis.info\/d\/335133-2\/DSC00718.jpg'><img src=http:\/\/ski.inmontanis.info\/d\/335132-3\/DSC00718.jpg \/><\/a><br \/>\n^ Nachmittags war sogar schon die Skiroute rechts vom SL Viehb\u00fchel ge\u00f6ffnet!<\/p>\n<p><a href='http:\/\/ski.inmontanis.info\/d\/335137-2\/DSC00719.jpg'><img src=http:\/\/ski.inmontanis.info\/d\/335136-3\/DSC00719.jpg \/><\/a><br \/>\n^ Die coole Skiroute rechts vom SL Viehb\u00fchel<\/p>\n<p><a href='http:\/\/ski.inmontanis.info\/d\/335141-2\/DSC00721.jpg'><img src=http:\/\/ski.inmontanis.info\/d\/335140-3\/DSC00721.jpg \/><\/a><br \/>\n^ .. allerdings muss man noch etwas mehr raus schieben als \u00fcblich, da man sonst auf diesem kleinen Damm rechts neben der aktuellen Spur fahren kann<\/p>\n<p>Morgen letzter Tag oder doch nicht? F\u00fcr hier wird am MO+DI auch nicht mehr sonderlich sonnig gemeldt. Aber f\u00fcr Berg\u00fcn und Tschiertschen auch nur noch DI+MI und selbst DI wird in Berg\u00fcn knapp. F\u00fcr Mi+Do wird sogar nun etwas mehr Schnee f\u00fcr Italien gemeldet, Lombardei\/Veneto und S\u00fcdpiemont, aber ob da 1. genug kommt (liegt ja teilweise noch gar nix) und 2. tief genug .. und f\u00fcr Aosta soll auch nicht viel kommen.<\/p>\n<p>Heute die vielleicht letzte Nacht mit Landstrom f\u00fcr 1-1,5 Wochen, will also nochmals genutzt werden.<\/p>\n<p>Da die vor ein paar Tagen bestellte Batterie anscheinend schon gestern (!) zugestellt wurde, muss  ich ja noch den Schalter und Kabel bestellen. Diese bescheuerte Amazonsuche jedesmal, wann wird die jemals besser werden? Wenn ich ein Batteriekabel 16mm\u00b2 M8 suche, steht bei mehr als 50% der Suchergebnisse M10 und nicht M8 drin :( Die H\u00e4rte sind dann Artikel, wo M8 im Titel, aber M10 in Beschreibung und Bild ist &#8230; Oder doch lieber 35mm\u00b2? Oder 25mm\u00b2 als Kompromiss?<\/p>\n<p>Doch f\u00fcr die 35mm\u00b2 entschieden.  Je dicker desto besser, was Batteriekabel angeht. Kann nur hoffen, dass ich mich mit der L\u00e4ngenmessung nicht versch\u00e4tzt hab &#8230;<\/p>\n<p>Einen kleinen Seitenschneider hab ich noch mitbestellt in der Hoffnung, dass man damit diese verfickten neuen Flaschenverschl\u00fcsse leichter abmachen\/entgraten kann, die sind nach dem Abrei\u00dfen ja immer recht spitz.<\/p>\n<p><strong>So, 19.1.2025<\/strong><\/p>\n<p>Knapp \u00fcber 9 kWh hab ich im Schnitt in den letzten Tagen verbraucht, h\u00e4tt ich nicht gedacht, dass ich soviel brauch im Auto, mehr als daheim, trotz des kleinen Raumes. Und daf\u00fcr, dass ich ohne Landstrom beim Freistehen ja nur ca. 0,3- 0,5 kWh verbrauch &#8230;<\/p>\n<p>W\u00e4hrend die Benzinpreise hier zumindest in diesem Teil \u00d6sterreichs vor ein paar Tagen um \u00fcber 10 Cent teurer geworden sind, ist der Preis in S\u00fcdtirol anscheinend stabil gewesen, so dass es dort wieder &#8220;nur&#8221; noch ca. 20 Cent teurer ist. \u00dcberraschenderweise ist es in der Schweiz zumindest in Graub\u00fcnden gleich teuer wie in Italien, also jeweils um die ca. 1,87-1,90 \u20ac.<\/p>\n<p>Heute dann also der vermutlich letzte Tag diese Saison in Heiligenblut, auch wenn f\u00fcr Freitag nun 26cm Neuschnee gemeldet werden und auch wenn ich den Saisonpass in Schweden erst nach dem Autoservice kaufen m\u00f6chte, nicht dass da noch was au\u00dfertourliches kaputt ist und ich noch 2 Wochen auf die Lieferung warten muss &#8211; dann w\u00fcrde ich wohl eher doch nicht mehr nach Schweden fahren.<\/p>\n<p>Im Skigebiet heut etwas leerer als gestern &#8211; sowieso nix los hier. Damit mir der Abschied leichter f\u00e4llt, verdeckten ab 13 Uhr Wolken die Sonne. <\/p>\n<p>An der 4KSB gab es heute noch eine \u00dcberraschung &#8211; an der Mittelstation war an der \u00d6ffnungsanzeige die Muldenabfahrt, also die rechte der 4KSB, als Skiroute ausgezeicnet und mit gr\u00fcn ge\u00f6ffnet markiert. Dachte erst an einen Fehler, aber an der 4KSB angekommen, hat man den unteren, beschneite Teil tatsachlich \u00fcber Nacht endlich richtig pr\u00e4pariert und bis hinauf eine pistenraupenbreite Spur Schnee hingezaubert und Skiroutenstecken ausgesteckt!! Cool, warum erst jetzt ud nicht schon l\u00e4ngst?<\/p>\n<p>Somit die normale Abfhrt heut gar nicht gefahren, sondern 3x diese. <\/p>\n<p>3 positive \u00dcberraschungen dieses WE hier, man will wohl, dass ich heuer noch \u00f6fters  her komme und nicht nach Schweden fahre ;)<\/p>\n<p><a href='http:\/\/ski.inmontanis.info\/d\/335145-2\/DSC00722.jpg'><img src=http:\/\/ski.inmontanis.info\/d\/335144-3\/DSC00722.jpg \/><\/a><br \/>\n^ Eine der Offpiste-Varianten am SL Viehb\u00fchel, die ich heute und gestern, aber wohl nicht vor 2 Jahren gefahren bin<\/p>\n<p>Egal wohin ich fahr, ich werd wohl kaum einen cooler trassierten SL heuer fahren. Insofern, sollte sich in diesem Skigebiet nix \u00e4ndern bis zur n\u00e4chsten Saison, werd ich wohl doch versuchen m\u00fcssen, eine Saisonkarte zu nehmen, wo Heiligenblut inkludiert ist. Es gibt nur sehr wenig Skigebiete, wo ich 2-4 Wochen in der Saison verbringen m\u00f6chte und Heiligenblut geh\u00f6rt da momentan eindeutig dazu.<\/p>\n<p><a href='http:\/\/ski.inmontanis.info\/d\/335149-2\/DSC00724.jpg'><img src=http:\/\/ski.inmontanis.info\/d\/335148-3\/DSC00724.jpg \/><\/a><br \/>\n^ Von der 8EUB-Talstation f\u00fchrt ein pr\u00e4parierter Weg zur R\u00f6merh\u00fctte, wohl noch ein offenes Gasthaus hier; von dort aus ..<\/p>\n<p><a href='http:\/\/ski.inmontanis.info\/d\/335153-2\/DSC00727.jpg'><img src=http:\/\/ski.inmontanis.info\/d\/335152-3\/DSC00727.jpg \/><\/a><br \/>\n^ &#8230; von der H\u00fctte aus geht wohl dieser Weg etwas direkter als die Stra\u00dfe; ob das dann die Skiroute ist? Aber wenn mal genug Schnee liegt, ist der doch gar nicht mehr zu sehen? Und ist das nicht sowieso zu lawinengef\u00e4hrdet?!<\/p>\n<p><a href='http:\/\/ski.inmontanis.info\/d\/335157-2\/DSC00728.jpg'><img src=http:\/\/ski.inmontanis.info\/d\/335156-3\/DSC00728.jpg \/><\/a><br \/>\n^ Einer der letzten noch cool trassierten SL Viehb\u00fchel und seine Varianten links vom Lift<\/p>\n<p><a href='http:\/\/ski.inmontanis.info\/d\/335161-2\/DSC00731.jpg'><img src=http:\/\/ski.inmontanis.info\/d\/335160-3\/DSC00731.jpg \/><\/a><br \/>\n^ Tunnelbahn, letztes St\u00fcck vor der Bergstation<\/p>\n<p><a href='http:\/\/ski.inmontanis.info\/d\/335165-2\/DSC00734.jpg'><img src=http:\/\/ski.inmontanis.info\/d\/335164-3\/DSC00734.jpg \/><\/a><br \/>\n^ .. hier rechts ist eine T\u00fcr, da schimmert Taglicht durch, geht also hier direkt nach au\u00dfen.<\/p>\n<p><a href='http:\/\/ski.inmontanis.info\/d\/335169-2\/DSC00735.jpg'><img src=http:\/\/ski.inmontanis.info\/d\/335168-3\/DSC00735.jpg \/><\/a><br \/>\n^ Weiter oben gibts nochmals eine T\u00fcr<\/p>\n<p><a href='http:\/\/ski.inmontanis.info\/d\/335173-2\/DSC00739.jpg'><img src=http:\/\/ski.inmontanis.info\/d\/335172-3\/DSC00739.jpg \/><\/a><br \/>\n^ Sehr cool, Abfahrt 12 wurde mal eben als Skiroute umklassifiziert und ge\u00f6ffnet ;)<\/p>\n<p><a href='http:\/\/ski.inmontanis.info\/d\/335177-2\/DSC00736.jpg'><img src=http:\/\/ski.inmontanis.info\/d\/335176-3\/DSC00736.jpg \/><\/a><br \/>\n^ Gesperrt als Abfahrt, aber offen als Skiroute. Als Schilder dienen die von Skiroute 3, wobei die 3 \u00fcberklebt wurde<\/p>\n<p><a href='http:\/\/ski.inmontanis.info\/d\/335181-2\/DSC00742.jpg'><img src=http:\/\/ski.inmontanis.info\/d\/335180-3\/DSC00742.jpg \/><\/a><br \/>\n^ Skiroute 12; etwas anders trassiert als das, was man die letzten Wochen normalerweise offpiste gefahren ist<\/p>\n<p><a href='http:\/\/ski.inmontanis.info\/d\/335185-2\/DSC00740.jpg'><img src=http:\/\/ski.inmontanis.info\/d\/335184-3\/DSC00740.jpg \/><\/a><br \/>\n^ Skiroute 12 ;)<\/p>\n<p><a href='http:\/\/ski.inmontanis.info\/d\/335189-2\/DSC00743.jpg'><img src=http:\/\/ski.inmontanis.info\/d\/335188-3\/DSC00743.jpg \/><\/a><br \/>\n^ Evtl. ehemaliges Restaurant an der Mittelstation im Untergeschoss (bzw. nun wohl f\u00fcr Skischulen oder Jugendgruppen offen); wobei rechts eine Trennwand eingebaut wurde und rechts der Trennwand ist der Selbstversorgerraum<\/p>\n<p><a href='http:\/\/ski.inmontanis.info\/d\/335193-2\/DSC00745.jpg'><img src=http:\/\/ski.inmontanis.info\/d\/335192-3\/DSC00745.jpg \/><\/a><br \/>\n^ Die talseitige Umlenkscheibe der Tunnelbahn dient auch als Abspannung<\/p>\n<p><a href='http:\/\/ski.inmontanis.info\/d\/335197-2\/ge20250113-19b.jpg'><img src=http:\/\/ski.inmontanis.info\/d\/335196-3\/ge20250113-19b.jpg \/><\/a><br \/>\n^ GPS-Track vorherige Besuche in Gr\u00fcn und 13.-19.1.2025 in Magenta<\/p>\n<p>Da ich noch 2-3h Fahrt bis zu meinem Nachtplatz vor mir haben w\u00fcrde, h\u00f6rte ich gegen 15 Uhr auf, checkte aber nochmals die Wettervorhersagen. Ganz bescheuert, nun wird f\u00fcr Schnalstal morgen Nachmittag (und ich werd nicht fr\u00fcher dort sein) sogar etwas Schneefall  gemeldert und hier soll&#8217;s wieder sonniger werden :(<\/p>\n<p>Tschiertschen meldete heute alle Lifte offen &#8211; der steile SL hatte bisher gefehlt. Aber vielleicht ist der nur am WE offen.<\/p>\n<p>Die Fahrt durch&#8217;s Pustertal ging gut bis es 4km vor M\u00fchlbach um 17:50 pl\u00f6tzlich Stau gab.<\/p>\n<p><a href='http:\/\/extra.inmontanis.info\/d\/129604-2\/DSC00746.jpg'><img src=http:\/\/extra.inmontanis.info\/d\/129603-3\/DSC00746.jpg \/><\/a><br \/>\n^ Ziemlich bescheuerter Umweg f\u00fcr das Einl\u00f6sen dieser dummerweise um 50% gekauften 2 Tageskarten in der Schweiz :(<\/p>\n<p>Bl\u00f6derweise ist in Davos anscheinend gerade das WEF (also die Einflussreichsten des Deepstate, der weltweiten Schattenregierung, die wahren Weltherrscher, die mit ihrem Geld die Medien und Politiker lenken), d.h. die Grenzkontrollen k\u00f6nnten etwas intensiver sein&#8230; <\/p>\n","protected":false},"excerpt":{"rendered":"<p>Mo, 13.1.2025<\/p>\n<p> ^ Hin und wieder gibt&#8217;s in K\u00e4rnten doch noch den einen oder anderen einzelnen, kleinen Tallift<\/p>\n<p> ^ Auch der SL in Winklern wird noch beschneit<\/p>\n<p>Da lt. Schneebericht die obere 4EUB zu ist (morgens auch die 4KSB, also wohl Sturm), wollte ich am Tal-SL einsteigen und bin dort hin gefahren, aber <a href=\"http:\/\/blog.inmontanis.info\/?p=10540\">[&#8230;]<\/a><\/p>\n","protected":false},"author":1,"featured_media":10543,"comment_status":"closed","ping_status":"closed","sticky":false,"template":"","format":"standard","meta":{"footnotes":""},"categories":[940,206,13,27],"tags":[42,49,47],"class_list":["post-10540","post","type-post","status-publish","format-standard","has-post-thumbnail","hentry","category-2025-01-alpenskandinavien","category-heiligenblut","category-austria","category-skifahren-winterskiing-winter","tag-4eub","tag-4sb","tag-sl","odd"],"_links":{"self":[{"href":"http:\/\/blog.inmontanis.info\/index.php?rest_route=\/wp\/v2\/posts\/10540","targetHints":{"allow":["GET"]}}],"collection":[{"href":"http:\/\/blog.inmontanis.info\/index.php?rest_route=\/wp\/v2\/posts"}],"about":[{"href":"http:\/\/blog.inmontanis.info\/index.php?rest_route=\/wp\/v2\/types\/post"}],"author":[{"embeddable":true,"href":"http:\/\/blog.inmontanis.info\/index.php?rest_route=\/wp\/v2\/users\/1"}],"replies":[{"embeddable":true,"href":"http:\/\/blog.inmontanis.info\/index.php?rest_route=%2Fwp%2Fv2%2Fcomments&post=10540"}],"version-history":[{"count":2,"href":"http:\/\/blog.inmontanis.info\/index.php?rest_route=\/wp\/v2\/posts\/10540\/revisions"}],"predecessor-version":[{"id":10542,"href":"http:\/\/blog.inmontanis.info\/index.php?rest_route=\/wp\/v2\/posts\/10540\/revisions\/10542"}],"wp:featuredmedia":[{"embeddable":true,"href":"http:\/\/blog.inmontanis.info\/index.php?rest_route=\/wp\/v2\/media\/10543"}],"wp:attachment":[{"href":"http:\/\/blog.inmontanis.info\/index.php?rest_route=%2Fwp%2Fv2%2Fmedia&parent=10540"}],"wp:term":[{"taxonomy":"category","embeddable":true,"href":"http:\/\/blog.inmontanis.info\/index.php?rest_route=%2Fwp%2Fv2%2Fcategories&post=10540"},{"taxonomy":"post_tag","embeddable":true,"href":"http:\/\/blog.inmontanis.info\/index.php?rest_route=%2Fwp%2Fv2%2Ftags&post=10540"}],"curies":[{"name":"wp","href":"https:\/\/api.w.org\/{rel}","templated":true}]}}