{"id":10536,"date":"2025-01-12T19:16:06","date_gmt":"2025-01-12T18:16:06","guid":{"rendered":"http:\/\/blog.inmontanis.info\/?p=10536"},"modified":"2025-01-16T19:32:50","modified_gmt":"2025-01-16T18:32:50","slug":"kranjska-gora-12-1-2025-so-schaut-also-die-holle-aus","status":"publish","type":"post","link":"http:\/\/blog.inmontanis.info\/?p=10536","title":{"rendered":"Kranjska Gora, 12.1.2025 &#8211; so schaut also die H\u00f6lle aus"},"content":{"rendered":"<p>Kranjska Gora, 12.1.2025 &#8211; so schaut also die H\u00f6lle aus<br \/>\n<strong>So, 12.1.2025<\/strong> Skitag 51, Reisetag 1<\/p>\n<p>Da ich keinerlei Plan hab, f\u00fcr den Rest des Winters nochmals daheim zu sein, werte ich den heutigen Tag als Abreise zu einer Tour, auch wenn ich noch nicht wei\u00df, ob es eine &#8220;Alpen-Balkan-Tour&#8221; oder eine &#8220;Alpen-Skandinavien-Tour&#8221; werden wird, was die aktuelle Benennung erschwert ;) <\/p>\n<p>Nachdem ich auf meiner Koralpen-20h-Karte nur noch 1h hatte, die ich verfallen lassen werde, schlie\u00dflich bin ich eh 9 Tage gefahren und die Karte hat sich damit gelohnt und wegen der einen Stunde lohnt sich eine R\u00fcckkehr eh nicht mehr, wollte ich heute eigentlich wieder nach Heiligenblut fahren, um dort noch 1-2 Wochen zu bleiben, bevor es dann im Falle einer Skandinavientour ggf. via Graub\u00fcnden, weil ich ja noch die 2 Tageskarten f\u00fcr Berg\u00fcn und Tschiertschen hab, Vorarlberg\/Allg\u00e4u\/Bayern nach K\u00f6ssen und Hochficht und ggf. via CZ\/DE-Skigebiete (erst muss ich schauen, ob da was dabei ist, was mich interessiert und offen ist) und via Rostock weiter nach Schweden geht. Oder, falls es die Balkanvariante wird, dann vorerst ohne Schweiz und Hochficht (auf sp\u00e4ter verschoben) bis nach Griechenland. <\/p>\n<p>Aber weil ich gestern zuf\u00e4llig gesehen hab, dass in Kranjska Gora &#8220;alle&#8221; (oder zumindest die noch \u00fcbrigen, derzeit aktiven) Lifte in Betrieb sind und auch fast alle Abfahrten, ich dort noch nie skifahren war und es einige Grafferlifte gibt, fuhr ich dort mal hin. Liegt ja nicht so umwegig. Mit Option auf Tarvisio als Alternative heute bzw. morgen  Forni di Sopra. <\/p>\n<p>Ich konnte mich gar nicht mehr erinnern, ob ich in Kranjska Gora mal skigefahren bin oder ob ich nur im Sommer raufgefahren bin wg. des ESL oben, der mittlerweile ersetzt wurde -> laut Bilder in meiner Gallery war ich bisher nur im Sommer hier.<\/p>\n<p>Die Skipasspreise sind:  3h 38,- 4h 40,-, 5h 44,-TK 47,- &#8211; 4h werden wohl reiche, hatte ja noch gut 2h Fahret dorthin. Online anscheinend 1,- \u20ac g\u00fcnstiger und da gibts auch noch einen Skipass f\u00fcr den rechten Skigebietsteil (Velika Dolina), der z.B. f\u00fcr 4h nur 26,- kostet.<\/p>\n<p>Um 8:45 fuhr ich los , um 10:55 kam ich in Kranjska Gora bzw. Velika Dolina an, es ist ja sehr schattig hier. Ich bekam zuf\u00e4lllig einen DSB-nahen freien Parkplatz, da ist wohl einer zuvor rausgefahren. Wartezeiten scheint es nur an den leichteb SL im Tal zu geben, die Sessellifte sind wohl weniger beliebt, selbst die DSB hier ist leer. Velika Dolina besteht momentan noch aus 2 Graffer-SL und 1 Graffer-DSB, Grafferwunderland ;) Ansonsten gibts noch 2 weitere Graffer-SL. im Kranjska-Gora-Skigebietsteil.<\/p>\n<p>Ich kaufte mir also die 4h-Karte, war aber nach 3h wieder da &#8211; h\u00e4tte also auch gereicht. Bin dann halt nochmals 2x oder so DSB+SL gefahren.<\/p>\n<p><a href='http:\/\/extra.inmontanis.info\/d\/129552-2\/DSC00544.jpg'><img src=http:\/\/extra.inmontanis.info\/d\/129551-3\/DSC00544.jpg \/><\/a><br \/>\n^ Der Wurzenpass ist nicht hoch, aber auf K\u00e4rnter Seite ziemlich steil<\/p>\n<p><a href='http:\/\/ski.inmontanis.info\/d\/334845-2\/DSC00545.jpg'><img src=http:\/\/ski.inmontanis.info\/d\/334844-3\/DSC00545.jpg \/><\/a><br \/>\n^ Blick von der Wurzenpassstra\u00dfe zum Bereich 4SB Podkoren (rechts) und 4SB Vitranc 1+2 (links)<\/p>\n<p><a href='http:\/\/ski.inmontanis.info\/d\/334849-2\/DSC00550.jpg'><img src=http:\/\/ski.inmontanis.info\/d\/334848-3\/DSC00550.jpg \/><\/a><br \/>\n^ Talstation DSB Velika Dolina (rechts) und SL Bedanc (links)<\/p>\n<p><a href='http:\/\/ski.inmontanis.info\/d\/334853-2\/DSC00551.jpg'><img src=http:\/\/ski.inmontanis.info\/d\/334852-3\/DSC00551.jpg \/><\/a><br \/>\n^ Aktueller Pistenplan, da fehlen ja leider einige Lifte. Praktisch jedenfalls die Namen der Pisten ;)<\/p>\n<p><a href='http:\/\/ski.inmontanis.info\/d\/334857-2\/DSC00553.jpg'><img src=http:\/\/ski.inmontanis.info\/d\/334856-3\/DSC00553.jpg \/><\/a><br \/>\n^ DSB Velika Dolina<\/p>\n<p><a href='http:\/\/ski.inmontanis.info\/d\/334861-2\/DSC00554.jpg'><img src=http:\/\/ski.inmontanis.info\/d\/334860-3\/DSC00554.jpg \/><\/a><br \/>\n^ Graffer-DSB Velika Dolina \/ Graffer-SL Bedanc<\/p>\n<p><a href='http:\/\/ski.inmontanis.info\/d\/334865-2\/DSC00555.jpg'><img src=http:\/\/ski.inmontanis.info\/d\/334864-3\/DSC00555.jpg \/><\/a><br \/>\n^ DSB Velika Dolina<\/p>\n<p><a href='http:\/\/ski.inmontanis.info\/d\/334869-2\/DSC00558.jpg'><img src=http:\/\/ski.inmontanis.info\/d\/334868-3\/DSC00558.jpg \/><\/a><br \/>\n^ DSB Velika Dolina Bergstation<\/p>\n<p><a href='http:\/\/ski.inmontanis.info\/d\/334873-2\/DSC00559.jpg'><img src=http:\/\/ski.inmontanis.info\/d\/334872-3\/DSC00559.jpg \/><\/a><br \/>\n^ Bergstation Graffer-SL Bedanc<\/p>\n<p><a href='http:\/\/ski.inmontanis.info\/d\/334877-2\/DSC00560.jpg'><img src=http:\/\/ski.inmontanis.info\/d\/334876-3\/DSC00560.jpg \/><\/a><br \/>\n^ Abfahrt DSB + SL<\/p>\n<p><a href='http:\/\/ski.inmontanis.info\/d\/334881-2\/DSC00561.jpg'><img src=http:\/\/ski.inmontanis.info\/d\/334880-3\/DSC00561.jpg \/><\/a><br \/>\n^ Graffer-SL Bedanc<\/p>\n<p><a href='http:\/\/ski.inmontanis.info\/d\/334885-2\/DSC00564.jpg'><img src=http:\/\/ski.inmontanis.info\/d\/334884-3\/DSC00564.jpg \/><\/a><br \/>\n^ Graffer-SL Kolovrat<\/p>\n<p><a href='http:\/\/ski.inmontanis.info\/d\/334889-2\/DSC00566.jpg'><img src=http:\/\/ski.inmontanis.info\/d\/334888-3\/DSC00566.jpg \/><\/a><br \/>\n^ Graffer-SL Kolovrat<\/p>\n<p><a href='http:\/\/ski.inmontanis.info\/d\/334893-2\/DSC00567.jpg'><img src=http:\/\/ski.inmontanis.info\/d\/334892-3\/DSC00567.jpg \/><\/a><br \/>\n^ Podkoren, schaut aus wie ein Bahnhofsgeb\u00e4ude, vielleicht wars das mal<\/p>\n<p><a href='http:\/\/ski.inmontanis.info\/d\/334897-2\/DSC00568.jpg'><img src=http:\/\/ski.inmontanis.info\/d\/334896-3\/DSC00568.jpg \/><\/a><br \/>\n^ 4SB Podkoren, hier ist wg. Skirennen wohl \u00f6fters mal gesperrt, so dass man nicht zwischen den einzelnen Skigebietsteilen wechseln kann<\/p>\n<p><a href='http:\/\/ski.inmontanis.info\/d\/334901-2\/DSC00570.jpg'><img src=http:\/\/ski.inmontanis.info\/d\/334900-3\/DSC00570.jpg \/><\/a><br \/>\n^ 4SB Vitranc 2, leider geschlossen &#8211; aber Piste w\u00e4r vmtl. eh zu steil und zu eisig<\/p>\n<p><a href='http:\/\/ski.inmontanis.info\/d\/334905-2\/DSC00571.jpg'><img src=http:\/\/ski.inmontanis.info\/d\/334904-3\/DSC00571.jpg \/><\/a><br \/>\n^ Verbindungsabfahrt 4SB Podkoren zu 4SB Vitranc, steil, schmal und eisig; rechts die Variante w\u00e4r in der Mulde sicherlich sch\u00f6ner<\/p>\n<p><a href='http:\/\/ski.inmontanis.info\/d\/334909-2\/DSC00572.jpg'><img src=http:\/\/ski.inmontanis.info\/d\/334908-3\/DSC00572.jpg \/><\/a><br \/>\n^ 4SB Vitranc 2, war bei meinem letzten Sommerbesuch (2011) noch ein ESL:<\/p>\n<p><img src=http:\/\/ski.inmontanis.info\/d\/135229-3\/DSC07701.jpg \/><\/p>\n<p><img src=http:\/\/ski.inmontanis.info\/d\/135253-3\/DSC07729.jpg \/><\/p>\n<p><a href='http:\/\/ski.inmontanis.info\/d\/334913-2\/DSC00574.jpg'><img src=http:\/\/ski.inmontanis.info\/d\/334912-3\/DSC00574.jpg \/><\/a><br \/>\n^ Abfahrt 4SB Vitranc 1<\/p>\n<p><a href='http:\/\/ski.inmontanis.info\/d\/334917-2\/DSC00575.jpg'><img src=http:\/\/ski.inmontanis.info\/d\/334916-3\/DSC00575.jpg \/><\/a><br \/>\n^ SL Brsnina, leider wohl ersetzt und mit der Schnell-Langsam-Liftlerkrankheit<\/p>\n<p>Sah im Sommer 2011 noch so aus:<br \/>\n<img src=http:\/\/ski.inmontanis.info\/d\/135216-3\/DSC07690.jpg \/><\/p>\n<p><a href='http:\/\/ski.inmontanis.info\/d\/334921-2\/DSC00576.jpg'><img src=http:\/\/ski.inmontanis.info\/d\/334920-3\/DSC00576.jpg \/><\/a><br \/>\n^ Ex-SL daneben<\/p>\n<p><a href='http:\/\/ski.inmontanis.info\/d\/334925-2\/DSC00578.jpg'><img src=http:\/\/ski.inmontanis.info\/d\/334924-3\/DSC00578.jpg \/><\/a><br \/>\n^ Voller Talstationsbereich Kranjska Gora<\/p>\n<p><a href='http:\/\/ski.inmontanis.info\/d\/334929-2\/DSC00579.jpg'><img src=http:\/\/ski.inmontanis.info\/d\/334928-3\/DSC00579.jpg \/><\/a><br \/>\n^ 4KSB Dolencev rut. Auch selten, dass an 4SBen und 4KSBen nix los ist, aber an den SL schon. Sind hier einfach zu viel Anf\u00e4nger da<\/p>\n<p><a href='http:\/\/ski.inmontanis.info\/d\/334933-2\/DSC00580.jpg'><img src=http:\/\/ski.inmontanis.info\/d\/334932-3\/DSC00580.jpg \/><\/a><br \/>\n^ .. und die Piste hier ist nix f\u00fcr Anf\u00e4nger, zumindest nicht momentan so eisig<\/p>\n<p><a href='http:\/\/ski.inmontanis.info\/d\/334937-2\/DSC00581.jpg'><img src=http:\/\/ski.inmontanis.info\/d\/334936-3\/DSC00581.jpg \/><\/a><br \/>\n^ So schaut also die H\u00f6lle aus, lange Schlangen an den sch\u00f6nen Grafferliften und noch viel weitere Leute kreuz und quer<\/p>\n<p><a href='http:\/\/ski.inmontanis.info\/d\/334941-2\/DSC00582.jpg'><img src=http:\/\/ski.inmontanis.info\/d\/334940-3\/DSC00582.jpg \/><\/a><br \/>\n^ Graffer-SL Mojca 2 (links), Graffer-SL Rozle (Mitte) und Leitner-SL Mojca 1 (rechts)<\/p>\n<p><a href='http:\/\/ski.inmontanis.info\/d\/334945-2\/DSC00583.jpg'><img src=http:\/\/ski.inmontanis.info\/d\/334944-3\/DSC00583.jpg \/><\/a><br \/>\n^ Links 4SB Kekec, an der ebenfalls nix los ist<\/p>\n<p><a href='http:\/\/ski.inmontanis.info\/d\/334949-2\/DSC00584.jpg'><img src=http:\/\/ski.inmontanis.info\/d\/334948-3\/DSC00584.jpg \/><\/a><br \/>\n^ Leitner-SL Mojca 1 hat witzigerweise den Graffer-Pilz-Hut auf :) Bin ich wg. des Andrangs aber nicht gefahren. Mir reichte es schon, dass ich an den beiden Grafferliften so lang anstehen musste<\/p>\n<p><a href='http:\/\/ski.inmontanis.info\/d\/334953-2\/DSC00585.jpg'><img src=http:\/\/ski.inmontanis.info\/d\/334952-3\/DSC00585.jpg \/><\/a><br \/>\n^ SL Mojca 2, dahinter 4KSB+4SB<\/p>\n<p><a href='http:\/\/ski.inmontanis.info\/d\/334957-2\/DSC00587.jpg'><img src=http:\/\/ski.inmontanis.info\/d\/334956-3\/DSC00587.jpg \/><\/a><br \/>\n^ Graffer-SL Rozle<\/p>\n<p><a href='http:\/\/ski.inmontanis.info\/d\/334961-2\/DSC00588.jpg'><img src=http:\/\/ski.inmontanis.info\/d\/334960-3\/DSC00588.jpg \/><\/a><br \/>\n^ 4SB Kekec<\/p>\n<p><a href='http:\/\/ski.inmontanis.info\/d\/334965-2\/DSC00590.jpg'><img src=http:\/\/ski.inmontanis.info\/d\/334964-3\/DSC00590.jpg \/><\/a><br \/>\n^ Blick aus der 4SB zu den langen Schlangen an den SL<\/p>\n<p><a href='http:\/\/ski.inmontanis.info\/d\/334969-2\/DSC00592.jpg'><img src=http:\/\/ski.inmontanis.info\/d\/334968-3\/DSC00592.jpg \/><\/a><br \/>\n^ Alter Plan mit noch wesentlich mhr Liften, bei dem Satz rechts oben musste ich aber laut auflachen &#8211; wer kommt auf die Idee, dass Kranjska Gora das beste Skigebiet Sloweniens sein soll?? Wer das glaubt und die viel sch\u00f6neren nicht besucht hat, tut mir leid&#8230;.<\/p>\n<p><a href='http:\/\/ski.inmontanis.info\/d\/334973-2\/DSC00593.jpg'><img src=http:\/\/ski.inmontanis.info\/d\/334972-3\/DSC00593.jpg \/><\/a><br \/>\n^ Bergstation Graffer-SL Rozle<\/p>\n<p><a href='http:\/\/ski.inmontanis.info\/d\/334977-2\/DSC00594.jpg'><img src=http:\/\/ski.inmontanis.info\/d\/334976-3\/DSC00594.jpg \/><\/a><br \/>\n^ Graffer-SL Mojca 2, auch hier musste ich lang anstehen, um den Lift fahren zu k\u00f6nnen; durch die Anf\u00e4nger dauert das Warten nochmals l\u00e4nger.<\/p>\n<p><a href='http:\/\/ski.inmontanis.info\/d\/334981-2\/DSC00595.jpg'><img src=http:\/\/ski.inmontanis.info\/d\/334980-3\/DSC00595.jpg \/><\/a><br \/>\n^ .. der Blick zu den steilen Felsgipfeln vers\u00fc\u00dft das Warten immerhin etwas<\/p>\n<p><a href='http:\/\/ski.inmontanis.info\/d\/334985-2\/DSC00596.jpg'><img src=http:\/\/ski.inmontanis.info\/d\/334984-3\/DSC00596.jpg \/><\/a><br \/>\n^ SL Mojca 2, SL Rozle, SL Mojca 1. \u00dcbrigens kann auch so ein Graffer-SL mal schnell und mal langsam fahren, ich hasse diese Liftler!!<\/p>\n<p><a href='http:\/\/ski.inmontanis.info\/d\/334989-2\/DSC00601.jpg'><img src=http:\/\/ski.inmontanis.info\/d\/334988-3\/DSC00601.jpg \/><\/a><br \/>\n^ Schwarze Abfahrt 4SB Podkoren<\/p>\n<p><a href='http:\/\/ski.inmontanis.info\/d\/334993-2\/DSC00603.jpg'><img src=http:\/\/ski.inmontanis.info\/d\/334992-3\/DSC00603.jpg \/><\/a><br \/>\n^ Von hier aus ist man relativ schnell oben auf dem Wurzenpass (links der Bildmitte das Tal)<\/p>\n<p><a href='http:\/\/ski.inmontanis.info\/d\/334997-2\/DSC00604.jpg'><img src=http:\/\/ski.inmontanis.info\/d\/334996-3\/DSC00604.jpg \/><\/a><br \/>\n^ Wieder am Ursprungspunkt von heute Morgen, DSB Velika Dolina<\/p>\n<p><a href='http:\/\/ski.inmontanis.info\/d\/335001-2\/DSC00605.jpg'><img src=http:\/\/ski.inmontanis.info\/d\/335000-3\/DSC00605.jpg \/><\/a><br \/>\n^ DSB Velika Dolina, hier gef\u00e4llts mir besser. Nix los und eine Graffer-DSB. Nur das sich ausgerechnet wie heute Morgen auf Sessel Nr. 3 sitzen muss, ist ja wohl bescheuert.<\/p>\n<p><a href='http:\/\/ski.inmontanis.info\/d\/335005-2\/DSC00606.jpg'><img src=http:\/\/ski.inmontanis.info\/d\/335004-3\/DSC00606.jpg \/><\/a><br \/>\n^ DSB Velika Dolina<\/p>\n<p><a href='http:\/\/ski.inmontanis.info\/d\/335009-2\/DSC00607.jpg'><img src=http:\/\/ski.inmontanis.info\/d\/335008-3\/DSC00607.jpg \/><\/a><br \/>\n^ Ha, das Schild gef\u00e4llt mir, Stecken in den Schlaufen am Handgelenk!! W\u00fcrden die Schilder in Frankreich auch so aussehen, h\u00e4tte ich kein Problem mit den bl\u00f6den Liftlern!!<\/p>\n<p><a href='http:\/\/ski.inmontanis.info\/d\/335013-2\/DSC00608.jpg'><img src=http:\/\/ski.inmontanis.info\/d\/335012-3\/DSC00608.jpg \/><\/a><br \/>\n^ Graffer-SL Bedanc neben der DSB, aktuell teilen sie sich hier unten die selbe Abfahrt, weil die rechte Abfahrt an der DSB wg. Schneemangels nicht offen ist<\/p>\n<p><a href='http:\/\/ski.inmontanis.info\/d\/335021-2\/ge20250112a.jpg'><img src=http:\/\/ski.inmontanis.info\/d\/335020-3\/ge20250112a.jpg \/><\/a><br \/>\n^ GPS-Track 12.1.2025. Fazit? Die vielen Grafferlifte sind sch\u00f6n, aber ansonsten eins der schrecklichsten Skigebiete, die ich je besucht hatte. Selbst Tarvisio oder Tonale ist da hundert Mal sch\u00f6ner.<\/p>\n<p>Auch wenn man Forni di Sopra wohl in keinster Weise mit Kranjska Gora vergleichen sollte &#8211; hatte ich doch keine Lust mehr auf die ca. 100km Umweg nach dem heutigen Skitag. <\/p>\n<p>Also dann wieder nach \u00d6sterreich und nahe Villach in eine(n) Billa noch bissl was einkaufen; morgen dann auch nochmals wo. Bekam leider nicht das, was ich wollte (gek\u00fchlte Fertig- Cordon Bleus, gab&#8217;s letztens im Penny und weil der ja auch zu Rewe geh\u00f6rt..), daher 50% runtergesetzte Tr\u00fcffel-Nudeln gekauft f\u00fcr heut Abend. Bissl Tomatenmark dazu, fertig.<\/p>\n<p><a href='http:\/\/ski.inmontanis.info\/d\/335017-2\/DSC00609.jpg'><img src=http:\/\/ski.inmontanis.info\/d\/335016-3\/DSC00609.jpg \/><\/a><br \/>\n^ Blick zu den steilen Felsbergen von der Wurzenpassstra\u00dfe aus<\/p>\n<p><a href='http:\/\/extra.inmontanis.info\/d\/129556-2\/DSC00610.jpg'><img src=http:\/\/extra.inmontanis.info\/d\/129555-3\/DSC00610.jpg \/><\/a><br \/>\n^ Wurzenpassstra\u00dfe wieder zur\u00fcck<\/p>\n<p><a href='http:\/\/extra.inmontanis.info\/d\/129560-2\/DSC00613.jpg'><img src=http:\/\/extra.inmontanis.info\/d\/129559-3\/DSC00613.jpg \/><\/a><br \/>\n^ Wurzenpassstra\u00dfe wieder zur\u00fcck<\/p>\n<p><a href='http:\/\/extra.inmontanis.info\/d\/129564-2\/IMG_20250112_181654.jpg'><img src=http:\/\/extra.inmontanis.info\/d\/129563-3\/IMG_20250112_181654.jpg \/><\/a><br \/>\n^ Abendessen<\/p>\n<p>\u00dcbernachtet wird wieder am \u00fcblich ruhigen Parkplatz, der zu Silvester ja leider nicht sehr ruhig war. Tja, h\u00e4tte ich auch nicht gedacht, dass ich sooo schnell wieder hier w\u00e4re, was hatte ich da f\u00fcr Hoffnungen, dass der Schnee im Norden mehr und besser w\u00e4re, dass der gemeldete und ben\u00f6tigte Schneefall in Heiligenblut kommen w\u00fcrde &#8230; nix davon ist eingetreten :(<\/p>\n<p>Herausforderug am Abend: alles, was ich mitgenommen hatte, zu verr\u00e4umen &#8230; also das Mehr an Kleidung f\u00fcr Fr\u00fchjahr\/Sommer und auch der China-Kochtopf, einerseits als Ersatz, wenn mein Induktionskochfeld nicht mehr gehen sollte, andererseits aber auch als stromsparende Alternative f\u00fcr Tage, wo ich im Auto kochen, aber weniger Strom verbrarten m\u00f6chte und noch andererseits als Alternative, falls ich eine schw\u00e4chere Lifepo4-Batterie haben sollte, weil ich die jetzige doch irgendwo irgendwann mal zur Reparatur gebe und dann vielleciht eine kleinere und billigere derweil kaufen w\u00fcrde ? <\/p>\n<p>Eigentlich w\u00fcrd ich mir ja gern eine zweite zus\u00e4tzliche Batterie f\u00fcr Skandinavien und f\u00fcr&#8217;s Fr\u00fchjahr kaufen, aber nicht nur die Frage des Wohins (neben meiner Batteriebox w\u00e4r zwar ggf. Platz, wenn nicht gerade Skibindungen oder Ersatzschuhe liegen, aber der Platz ist weniger gut isoliert und hat auch noch keine Heizmatte drunter), sondern auch die Frage des Anschlie\u00dfens. Getrennt mit einem Btteriewahlschalter oder dauerhaft parallel?! Und wieviel Ah, 60-100, weil das als Erg\u00e4nzung reichen w\u00fcrde, oder 150Ah, damit ich meine jetzige zur Reparatur geben k\u00f6nnte? Wohin k\u00f6nnte ich mir die Batterie \u00fcberhaupt schicken lassen?    <\/p>\n<p>Vorteil &#8220;immer parallel&#8221;: beide w\u00fcrden gleichzeitig ben\u00fctzt und die ca. 100A beim Induktionskochfeld w\u00fcrden aufgteilt und w\u00e4ren somit weniger stressig f\u00fcr die Hauptbatterie,<br \/>\nVorteil &#8220;getrennt&#8221;: man w\u00fcsste, wenn die eine Batterie leer ist und w\u00fcrde dann bewusst auf die 2. schalten, wobei der Gedanke wohl  noch sinnvoller w\u00e4re, wenn die 2. dann tats\u00e4chlich nur  eine kleine Batterie w\u00e4re, so dass man am n\u00e4chsten Tag einen Platz mit Strom anfahren m\u00fcsste.<br \/>\nNachteil &#8220;getrennt&#8221;: wohin mit dem Schalter insb. weil der ja mit fetten und m\u00f6glichst kurzen Kabeln mit den Batterien verbunden sein muss (entweder Plus oder Minus).  Au\u00dferdem, wenn man die eine Batterie erst ganz leer werden l\u00e4sst, hat man einen unkontrollierten Stromausfall ggf. an PC  oder Standheizung, beides kann negative Auswirkungen haben.<br \/>\nAber wohler w\u00e4r&#8217;s mir schon mit einer Ersatzbatterie.<\/p>\n<p>Die Sommerkleidung hatte ich sch\u00f6n hinterm Schrank verr\u00e4umen k\u00f6nnen, die restlichen Sachen verschob ich auf nach dem Abendessen, ging auch problemlos, ist sogar noch etwas Platz &#8220;im Keller&#8221;. Etwas Schimmel am Holz musste ich auch schon wegmachen.<\/p>\n<p><em>N\u00e4chster Bericht aus Heiligenblut, sobald ich es wieder verlassen hab, was ca. SA\/SO\/MO sein wird. Danach w\u00e4re geplant: Schnalstal (evtl. zuvor Oclini), Berg\u00fcn, Tschiertschen (evtl. Sarn Heinzenberg dazwischen) und auf dem Weg nach K\u00f6ssen vielleicht H\u00f6chh\u00e4derich, Grasgehren, Balderschwang, Pertisau &#8211; mal schaun wie&#8217;s dann jeweils hier und da ausschaut.<\/em><\/p>\n","protected":false},"excerpt":{"rendered":"<p>Kranjska Gora, 12.1.2025 &#8211; so schaut also die H\u00f6lle aus So, 12.1.2025 Skitag 51, Reisetag 1<\/p>\n<p>Da ich keinerlei Plan hab, f\u00fcr den Rest des Winters nochmals daheim zu sein, werte ich den heutigen Tag als Abreise zu einer Tour, auch wenn ich noch nicht wei\u00df, ob es eine &#8220;Alpen-Balkan-Tour&#8221; oder eine &#8220;Alpen-Skandinavien-Tour&#8221; werden wird, <a href=\"http:\/\/blog.inmontanis.info\/?p=10536\">[&#8230;]<\/a><\/p>\n","protected":false},"author":1,"featured_media":10538,"comment_status":"closed","ping_status":"closed","sticky":false,"template":"","format":"standard","meta":{"footnotes":""},"categories":[940,939,27,17],"tags":[49,38,91,47],"class_list":["post-10536","post","type-post","status-publish","format-standard","has-post-thumbnail","hentry","category-2025-01-alpenskandinavien","category-kranjska-gora","category-skifahren-winterskiing-winter","category-slowenienslovenia","tag-4sb","tag-dsb","tag-graffer","tag-sl","odd"],"_links":{"self":[{"href":"http:\/\/blog.inmontanis.info\/index.php?rest_route=\/wp\/v2\/posts\/10536","targetHints":{"allow":["GET"]}}],"collection":[{"href":"http:\/\/blog.inmontanis.info\/index.php?rest_route=\/wp\/v2\/posts"}],"about":[{"href":"http:\/\/blog.inmontanis.info\/index.php?rest_route=\/wp\/v2\/types\/post"}],"author":[{"embeddable":true,"href":"http:\/\/blog.inmontanis.info\/index.php?rest_route=\/wp\/v2\/users\/1"}],"replies":[{"embeddable":true,"href":"http:\/\/blog.inmontanis.info\/index.php?rest_route=%2Fwp%2Fv2%2Fcomments&post=10536"}],"version-history":[{"count":2,"href":"http:\/\/blog.inmontanis.info\/index.php?rest_route=\/wp\/v2\/posts\/10536\/revisions"}],"predecessor-version":[{"id":10539,"href":"http:\/\/blog.inmontanis.info\/index.php?rest_route=\/wp\/v2\/posts\/10536\/revisions\/10539"}],"wp:featuredmedia":[{"embeddable":true,"href":"http:\/\/blog.inmontanis.info\/index.php?rest_route=\/wp\/v2\/media\/10538"}],"wp:attachment":[{"href":"http:\/\/blog.inmontanis.info\/index.php?rest_route=%2Fwp%2Fv2%2Fmedia&parent=10536"}],"wp:term":[{"taxonomy":"category","embeddable":true,"href":"http:\/\/blog.inmontanis.info\/index.php?rest_route=%2Fwp%2Fv2%2Fcategories&post=10536"},{"taxonomy":"post_tag","embeddable":true,"href":"http:\/\/blog.inmontanis.info\/index.php?rest_route=%2Fwp%2Fv2%2Ftags&post=10536"}],"curies":[{"name":"wp","href":"https:\/\/api.w.org\/{rel}","templated":true}]}}