{"id":10533,"date":"2025-01-11T19:48:46","date_gmt":"2025-01-11T18:48:46","guid":{"rendered":"http:\/\/blog.inmontanis.info\/?p=10533"},"modified":"2025-01-13T19:53:15","modified_gmt":"2025-01-13T18:53:15","slug":"koralpe-9-11-1-2025-fahrstrecke-poi","status":"publish","type":"post","link":"http:\/\/blog.inmontanis.info\/?p=10533","title":{"rendered":"Koralpe, 9.-11.1.2025 + Fahrstrecke\/POI"},"content":{"rendered":"<p><strong>Do, 9.1.2025<\/strong><\/p>\n<p>Heute eine rechte Nebeldecke (oder Wolke) auf der Koralpe in wechselnder H\u00f6he, mal konnte ich einen Teil des Hipflliftes sehen, mal nicht (bei mir blieb es mal frei). 6 Tage wie vor Weihnachten m\u00f6chte ich  diesmal nicht hier oben verbringen f\u00fcr die restlichen 10 der 20-Stundenkarte &#8211; dazu wird das Wetter in Heiligenblut viel zu sonnig gemeldet die n\u00e4chsten Tage. <\/p>\n<p>Tja, h\u00e4tte ich mir uspr\u00fcnglich doch nur die 10h-Karte gekauft&#8230; Wollte die restlichen 10h dieser 20h-Karte ja erst mit offenem Wasserhanggipfellift abfahren, aber falls ich nun doch in 2-3 Wochen nach Schweden fahren sollte, sollte ich wenigstens noch ein paar der \u00fcbrigen Stunden aufbrauchen. Wenigstens hab ich nicht die Saisonkarte gekauft!<\/p>\n<p>Am Liftparkplatz standen \u00fcberraschenderweise fast nur Autos mit ungarischem Kennzeichen! Die alten schauen ja aus wie schwedische (3 Buchstaben, 3 Zahlen), aber die neuen eher wie deutsche, auch von der Schrift her (2 Buchstaben, 2 Buchstbaen, 3 Zahlen).<\/p>\n<p>Ich hab vermutlich noch nirgends irgendwo auf einem Parkplatz einen so hohen Anteil dort ausl\u00e4ndischer Autos gesehen. <\/p>\n<p>Ansonsten war noch 1 Einheimischer, 1 Deutscher, 1 Slowene und 1 Schwarzberger .. Monteneger ..  Montenegriner .. was auch immer. Der h\u00e4tte in Griechenland aktuell mehr Schnee gehabt ;) <\/p>\n<p>Schlechte Sicht, starker Wind, langsame Lifte (au\u00dfer der kurze SL, der hatte wohl kein Windproblem), aber durch das nebelfeuchte Warmwetter waren die Pisten sch\u00f6n weich und da das bei den gemeldeten eisigen Temperaturen ab morgen wohl nur heute der Fall sein d\u00fcrfte, blieb ich 3 Stunden, auch wenn die letzte etwas verk\u00fcrzt war. Somit heute also endlich mal wieder wesentlich mehr Spa\u00df gemacht.<\/p>\n<p>Da ich genug Fotos bei sch\u00f6nem Wetter hier schon gemacht hab, hab ich kaum fotografiert.<\/p>\n<p><a href='http:\/\/ski.inmontanis.info\/d\/334837-2\/DSC00532.jpg'><img src=http:\/\/ski.inmontanis.info\/d\/334836-3\/DSC00532.jpg \/><\/a><br \/>\n^ Talstationen\/Parkplatz<\/p>\n<p>Hm, in Griechenland wird f\u00fcr die n\u00e4chsten Tage auch nochmals viel Neuschnee gemeldet, derweil auch in Schweden in einigen Skigebieten mehrere Tage lang etwas Regen gemeldet wird :( <\/p>\n<p><a href='http:\/\/extra.inmontanis.info\/d\/129536-2\/DSC00536.jpg'><img src=http:\/\/extra.inmontanis.info\/d\/129535-3\/DSC00536.jpg \/><\/a><br \/>\n^ Kleines Problem am Ende meiner aktuellen Carpani-Ski, keine Ahnung seit wann das schon ist, bin seitdem zwar schon Skigefahren, aber bei Regen am Autodach ist das sicherlich auch nicht sinnvoll so zu lassen, also werd ich auch diese nun daheim lassen und erst mal kleben m\u00fcssen. Im Gegenstaz zu der Kante vorne beim Head kann man das hier wohl einfacher kleben, weil einfacher im Schraubstock zu befestigen. Mein 2K-Kleber ist aber eingetrocknet, also wird das auf Sommer verschoben.<\/p>\n<p>Nachdem heute einer meiner Heizsohlen vermutlich mal wieder nicht richtig funktioniert hatte und mir mein Ersatzteillager an dem alten therm-ic-System langsam zur Neige geht, diese zudem in Skandinavien nicht wirklich warm genug waren&#8230;<br \/>\n.. hab ich mal geschaut, was es bei Amazon so gibt.<\/p>\n<p>Das neue Therm-IC-System (wei\u00df nicht, ob das mit der alten Firma noch was zu tun hat, die waren ja leider irgendwann in Konkurs) braucht ja andere Akkus+Sohlen und hat leider sehr viele negative Rezensionen.  Deren heizbare Socken sind sogar noch negativer bewertet. Ich will auch keinesfalls eine App-Steuerung, nicht nur weil man dann das Bluetooth-Verbindungs-Theater hat, evtl. nur beide gleichzeitig steuern kann, sondern weil ich auch keine Lust hab, bei -10\u00b0 mein Handy rauskramen zu m\u00fcssen.<\/p>\n<p>Allerdings scheinen doch die meisten auch wenigstens eine direkte Knopfbedienung zu haben. Auch wenn der altmodische Schiebe-Schalter einfach schneller und bequemer war. Auch eine Fernbedienung w\u00e4re da noch praktischer.<\/p>\n<p>Ich hab ja heizbare Socken, aber die sind zu kurz zum Skifahren, die hab ich nur im Auto zB. beim Arbeiten vormittags an; die haben eine Fernbedienung. Manchmal hatte ich das Gef\u00fchl, dass sie nicht mehr funktionieren, aber doch funktionieren sie noch. Ob mich die Heizdr\u00e4hte bei heizbaren Socken im Skischuh st\u00f6ren w\u00fcrden oder nicht, wei\u00df ich nicht. Ob die so lang halten wie Einlagen aufgrund des Drucks beim Skifahren, keine Ahnung. Jedenfalls g\u00e4be es bei Amzn viele Socken zur Auswahl, die l\u00e4nger zu sein scheinen und viele positive Bewertungen haben. <\/p>\n<p>Je nach Modell der Socken oder Sohlen gibt es auch unterschiedliche Heizpunkte. Therm-IC-Einlagen heizen weiterhin nur vorne, andere Sohlen mit gr\u00f6\u00dferfl\u00e4chigen Heizelementen haben Bewertungen, wo steht, dass die Zehen schlecht beheizt werden. Manche Socken haben angeblich die Heizung im Zehenbereich nicht nur unten, sondern auch oben. Und dann laut einigen Rezensionen doch wieder nicht ganz vorne.<\/p>\n<p>Bei meinen bisherigen W\u00e4rmesocken hab ich nicht das Gef\u00fchl, dass nur die Zehen beheizt w\u00fcrden und es st\u00f6rt mich auch nicht, aber .. bisher hatte ich Frostbeulen nur an den Zehen und wenn mir da unten was zu kalt ist, sind es die Zehen, also ist es f\u00fcr mich glaub ich sinnvoller, nur etwas mit Zehenheizung zu nehmen, aber die Socken mit der Beheizung des oberen Bereichs h\u00f6rt sich interessant an, weil die Frostbeulen letztes Jahr ja oben waren&#8230;<\/p>\n<p>Heizsocken k\u00f6nnte man zudem auch mit den noch vorhandenen Heizeinlagen kombinieren an besonders kalten Tagen. Wichtig w\u00e4r halt, dass der Akku in der Tasche der Socke oberhalb vom Skischuh dann w\u00e4re. Das kann man online wohl nur schwer absch\u00e4tzen. Noname-&#8220;China-Socken&#8221; gibts um ca. 30-80 \u20ac im Paar mit Akkus.<\/p>\n<p>Bl\u00f6derweise kann man die heizbaren Skisocken nicht an einer Wunschpostfiliale abholen, weil, Zitat Amazon: &#8220;Dieser Artikel kann nicht an einen Amazon-Abholort zugestellt werden, da er als Gefahrgut kategorisiert ist. W\u00e4hle bitte eine neue Adresse aus.&#8221; &#8211; ja so ein Schwachsinn. Angenommen ich bin nicht daheim geht das P\u00e4ckchen ja auch meist wieder an die Postfiliale retour und ich m\u00fcsste es dort abholen &#8230;.<\/p>\n<p>.. kann also h\u00f6chstens den Campingplatz als Empf\u00e4nger angeben. Vielleicht kann ich in der Post-App dann eh das Paket zur Postfiliale umleiten.<\/p>\n<p><strong>Fr, 10.1.2025<\/strong><\/p>\n<p>Heut etwas Neuschnee \u00fcber Nacht und ab Vormittag dann Sonne. <\/p>\n<p><a href='http:\/\/ski.inmontanis.info\/d\/334841-2\/DSC00537.jpg'><img src=http:\/\/ski.inmontanis.info\/d\/334840-3\/DSC00537.jpg \/><\/a><br \/>\n^ Blick ins Skigebiet vom Balkon<\/p>\n<p>Die Webcam am Durmitor\/Montenegro zeigte nun kaum noch Schnee an den Talstationen, die Webcams in Mavrovo\/Mazedonien zeigten noch mehr braune Stellen und vmtl. deshalb der ESL nicht mehr in Betrieb, dort die n\u00e4chsten Tage gemeldet 10mm Niederschlag in Form von Regen und 50mm Niederschlag in Form von Schnee; in Durmitor\/Schabljak weniger.<\/p>\n<p>Am Skigebietsparkplatz heute kaum oder gar kein Ungar mehr, daf\u00fcr mehr \u00d6sterreicher aus verschiedenen Gegenden plus mind. ein Tscheche. Wurde nachmittags dann aber voller.<\/p>\n<p>Bin nur 2 Stunden geblieben heut, es war wesentlich k\u00e4lter, die Pisten teils eisig und ab 14 Uhr waren dann 4 Rennkurse auf 3 Abfahrten gesteckt (1 Abf. komplett gesperrt und die \u00e4u\u00dfere rechte am SL Hipfl auch nur noch erschwert fahrbar) <\/p>\n<p>Somit bleiben mir nach meiner Aufzeichnung noch 5h, d.h. morgen nochmals 3 und dann am sonntag 2 und ab Mittag abfahren? Oder die 2 verfallen lassen und gleich ab Sonntag Mittag in Heiligenblut?<\/p>\n<p>Eine Antwort aus Hinterstoder wegen meiner Kritik an den Liftlern kam auch &#8211; ihr k\u00f6nnt mir ja gerne mal schreiben, wenn ihr in den n\u00e4chsten Monaten dort seid, ob sich da was ge\u00e4ndert hat. (Falls ich nicht mehr heuer hinkommen sollte.)<\/p>\n<p>Hab heut Abend mal bissl Skandinavien durchgespielt, insb. ob und wie ich die norwegischen Skigebiete des Scandinavian besuchen k\u00f6nnte &#8211; die sind Anfang Februar ja teilweise mal wieder nur am WE offen und dann keine Alternativen in der N\u00e4he und streckenm\u00e4\u00dfig sollte ich sie wohl gleich am Anfang fahren; aktuell hat Sogn zwar noch nicht viel Schnee und nicht alles offen, daf\u00fcr meldet Stranda 2m Schnee.  Ca. 1.000km Umweg sinds auch, also .. tja ..<\/p>\n<p>Eine andere G&#8217;schicht ist die Frage, wann im Norden sein? Die DSB in T\u00e4rnaby ist ja immer nur um die Ferienzeiten t\u00e4glich offen, das w\u00e4r dann ab 4.4. bis Ostern; falls ich also gleich zu Beginn um die 10 Tage dort w\u00e4re, w\u00e4re ich wohl &#8220;schon&#8221; ab Mitte April im Norden (Bj\u00f6rkliden\/Riksgr\u00e4nsen\/Narvik) &#8211; das ich ja eigentlich gar nicht schon wieder besuchen m\u00f6chte, aber weil Narvik nun 5 Tage inkludiert ist &#8211; sollte man es wohl doch machen. Dann w\u00e4r eben die Frage, wie lang w\u00fcrd ich da oben bleiben wollen? Letztes Jahr war ich mit Riksgr\u00e4nsen im Mai ja \u00fcberhaupt nicht zufrieden.<\/p>\n<p>Alternativ dazu w\u00e4re, schon Mitte\/Ende M\u00e4rz \/Anfang April dort oben zu sein, danach erst T\u00e4rnaby und Mitte\/Ende April nochmals paar Tage um \u00d6stersund zu sein (Storlien, Trillevallen und Fj\u00e4terv\u00e5len wollen bis 27.4. offen sein) &#8211; der Vorteil davon w\u00e4re, dass der Weg nach \u00d6sterreich k\u00fcrzer w\u00e4re und ich ggf. noch ein paar Tage Schnalstal mit meiner Sunny Card (bis 4.5.) und\/oder Stubai (bis 18.5.) fahren k\u00f6nnte, bevor es dann aber doch noch 4-5 Wochen auf den M\u00f6lltaler gehen w\u00fcrde &#8211; hier w\u00e4r dann die Frage, ob Riksgr\u00e4nsen 1-2 Wochen Mitte Mai nicht interessanter als M\u00f6lltaler sein k\u00f6nnten? Aber die s\u00fcdlicheren Skigebiete Schwedens k\u00f6nnten zum Ende hin auch nett sein (warm, pappneuschneefreier als der Norden, firniger) &#8211; au\u00dfer es war zuvor zu warm und es geht gar nix mehr &#8230; (Strecke: ca. 2.200km Fj\u00e4tervalen-Schnalstal, ca. 3.200km Riksgr\u00e4nsen-Schnalstal)<\/p>\n<p>(Selbst wenn ich dieses Jahr nicht nach Schweden fahren sollte, w\u00e4ren diese \u00dcberlegungen auch f\u00fcr n\u00e4chsten Winter relevant, wo ich das ja so geplant hatte, Skandinavien von ca. Feb bis Apr\/Mai und dann nochmals M\u00f6lltal &#8211; wobei das heuer eigentlich nur dann relevant w\u00e4re, wenn der Gopass im Fr\u00fchjahr wieder schon verg\u00fcnstigt f\u00fcr die folgende Saison erh\u00e4ltlich\/g\u00fcltig ist. Und falls der dann 2 Saisonen im Fr\u00fchjahr gilt.)<\/p>\n<p><strong>Sa, 11.1.2025<\/strong> &#8211; Saisonskitag#50<\/p>\n<p>Bergfex meldet heut quasi ganztags  zweistellige Minustemperaturen. Da kan ich mich ja gleich mal auf Skandinavien einstellen :) Unskandinavisch ist nat\u00fcrlich die st\u00e4rkere Sonneneinstrahlung, die morgens um 9:30 Uhr am Fensterthermometer trotzdem +23\u00b0 erzeugte.<\/p>\n<p>Kurz nach 10e am Parkplatz angekommen, war der Hauptparkplatz laut Einweiser schon voll und man h\u00e4tte zu einem kleinen entfernten Nebenparkplatz fahren m\u00fcssen, der noch komplett im Schatten lag und worauf ich keine Lust hatte, also umgekehrt und mal am Seillift geschaut, da w\u00e4r Platz frei gewesen, aber der Seillift schien nicht in Betrieb, also dann an der Stra\u00dfe hingestellt, wo man dann die Treppen auf die Piste geht, was eigentlich auch viel zu umst\u00e4ndlich ist, als dass ich da mal zwischendrin eine Aufw\u00e4rmpause im Auto machen m\u00f6chte :(  <\/p>\n<p>Leider w\u00e4r der andere Parkplatz doch recht sonnig gewesen und meiner war schon nach 1h im Schatten :( Bei -9\u00b0 heut fr\u00fch w\u00e4r es schon wichtig gewesen, dass da mal etwas W\u00e4rme ins Auto kommt.<\/p>\n<p>Eisig uninterassante Abfahrt am Kurvenlift, Wartezeiten am Hipfllift, da hatte ich schon nach einer halben Stunde keine Lust mehr. Am Hipfllift gab&#8217;s aber doch ein paar gute Abfahrtsstellen und leerer wurde es auch bald, so das ich sogar 4h der Karte aufbrauchte. Also nur noch 1 \u00fcbrig, auf die ich morgen verzichen werde.<\/p>\n<p>Heut Abend hab ich endlich mal meine Skischuhe &#8220;zerst\u00f6rt&#8221;. Also die Innenschuhe. Um das Kabel der Heizeinlagen mal nicht im Innenschuh nach oben, sondern au\u00dfen nach oben zu verlegen. <\/p>\n<p>Normalerweise st\u00f6rt es innen nicht, aber hin und wieder schon, weil es sich mit der Zeit verbiegt und wenns dann kalt ist, dann st\u00f6rt das eben. Zudem verschiebt sich das manchmal um das halbe Bein und das k\u00f6nnte dann der Grund sein, warum sich das Kabel vom Stecker in den letzten Jahren h\u00e4ufiger mal gel\u00f6st hat?! Nachteil, wenn man mal eine Einlage wechseln muss, muss der Innenschuh raus. Aber das geht bei den Nordica Heckeinsteigern viiiiiiiel einfacher als bei den Strolz.<\/p>\n<p><a href='http:\/\/extra.inmontanis.info\/d\/129540-2\/DSC00538.jpg'><img src=http:\/\/extra.inmontanis.info\/d\/129539-3\/DSC00538.jpg \/><\/a><br \/>\n^ Mittlerweile sehr verbogenes Kabel der Therm-IC-Heizsohle; bei K\u00e4lte st\u00f6ren manche Stellen an den Beinen ..<\/p>\n<p><a href='http:\/\/extra.inmontanis.info\/d\/129544-2\/DSC00540.jpg'><img src=http:\/\/extra.inmontanis.info\/d\/129543-3\/DSC00540.jpg \/><\/a><br \/>\n^ .. daher nun endlich den Innenschuh zerst\u00f6rt und das Kabel nach au\u00dfen gef\u00fchrt<\/p>\n<p>Da ich, egal wohin ich ab morgen fahren werde, voraussichtlich nicht vor Mitte\/Ende Juni zur\u00fcck in der Wohnung sein w\u00fcrde, k\u00f6nnte man das mal wieder als Reisetour definieren.<\/p>\n<p>Somit gibt&#8217;s f\u00fcr die letzten 50 Skitage mal wieder einen Routen-Track samt POIs:<\/p>\n<p><a href='http:\/\/extra.inmontanis.info\/d\/129548-2\/ge202411-202501f.jpg'><img src=http:\/\/extra.inmontanis.info\/d\/129547-3\/ge202411-202501f.jpg \/><\/a><br \/>\n^ Fahrstrecke und POIs 22.11.2024-11.1.2025, ca. 3.230km :(<br \/>\n(Start+Ende bei H Koralpe)<br \/>\nA) Schnalstaler Gletscher<br \/>\nB) Passo Tonale<br \/>\nC) Borno<br \/>\nD) Passo Brocon \/ Lagorai<br \/>\nE) K\u00f6ssen<br \/>\nF) Hinterstoder<br \/>\nG) Wurzeralm<br \/>\nH) Koralpe<br \/>\nI) Simonh\u00f6he<br \/>\nJ) Heiligenblut<br \/>\nK) Lackenhof<br \/>\nL) Hochkar<\/p>\n<p>12 Skigebiete, 36 Tage auf die Saisonkarte, ca. 10-14 sollten ja noch dazu kommen, selbst wenn ich nach Schweden fahren sollte, d.h. bei 50 Tagen h\u00e4tte der Tag 11,20 \u20ac gekostet, passt ja eh. <\/p>\n<p>\u00dcberraschenderweise sollen in Kranjska Gora alle Lifte und bis auf 1 alle Abfahrten offen sein bei offiziell 20cm Schnee. Die rechten SL\/DSB h\u00e4tten mich ja schon mal interessiert, auch weil da ja noch einige Grafferlifte rumstehen, auch wenn die Graffer-DSB nicht meine Lieblingssessel hat.  (ESL im Skigebiet Vogel und ESL im Skigebiet Krvavec sollen noch nicht laufen; ESL Spanov Vrh vmtl. auch nicht)<\/p>\n<p>Auch schon wieder interessant, laut Google Translate aus dem Slowenischen wird ab 31.12. der &#8220;Kassierer im Great Valley operiert&#8221; (somit man meinen m\u00fcsste, die Kasse w\u00e4r zu, weil keiner da w\u00e4r). Auf der englischsprachigen Website steht aber, dass ab 31.12. dort die Kasse ge\u00f6ffnet sein soll :))<\/p>\n<p>Die Webcambilder auf Bergfex zeigen im heutigen Tagesverlauf ja andere Dinge, z.B. dass die 4SB Vitranc 2 heute nicht in Betrieb war. Der wird auch gar nicht bei den ge\u00f6ffneten\/geschlossenen Lfiten aufgef\u00fchrt, obwohl er im Winterplan samt Abfahrt eingezeichnet ist.  Verglichen mit einem \u00e4lteren Plan wurden auch leider sehr viele SL stillgelegt :( Und schon ist meine Euphorie wieder dahin.<\/p>\n<p>Die Parkpl\u00e4tze im Skigebiet sollen auch kostenpflichtig sein; evtl. ist aber der kleine Platz an den Velika Dolina Liften frei, fraglich nur, wie lang man da am Sonntag  einen Platz bekommt..<\/p>\n<p>Nachteilig auch, dass ich vielleicht nicht am gew\u00fcnschten Billa-Supermarkt vorbei kommen w\u00fcrde (einige Superm\u00e4rkte in K\u00e4rnten sind ja sonntags offen) &#8211; oder ich fahr dann noch den Umweg \u00fcber Italien. Der Maxi Superstore in Tarvisio hat lt. GMaps sonntags auch nur vormittags offen, der noch etwas weiter entfernte Eurospar bis 19:30. Oder fahr ich dann gleich noch Forni di Sopra am Montag?<\/p>\n<p>&#8212;<\/p>\n<p>&#8220;Friedrich Merz: Der wahre Architekt der gr\u00fcnen Agenda. Von Zensur bis Deindustrialisierung: Wie die CDU-Spitze die Politik der Gr\u00fcnen st\u00e4rkt&#8221;<br \/>\n<a href='https:\/\/reitschuster.de\/post\/friedrich-merz-der-wahre-architekt-der-gruenen-agenda\/'>https:\/\/reitschuster.de\/post\/friedrich-merz-der-wahre-architekt-der-gruenen-agenda\/<\/a><\/p>\n<p>Man stelle sich mal vor, nicht Trump h\u00e4tte D\u00e4nemark und Panama quasi mit Krieg gedroht, sondern Putin, was w\u00e4r dann bei unseren Medien und Politiker wieder f\u00fcr ein Aufschrei gewesen ;) Bei Trump h\u00e4lt man sich da etwas zur\u00fcck und man wei\u00df ja eh nicht, wie ernst man das alles nehmen sollte..<br \/>\n<a href='https:\/\/anti-spiegel.ru\/2025\/trump-droht-daenemark-und-panama-de-facto-mit-krieg-und-will-verhandlungen-mit-putin\/'>https:\/\/anti-spiegel.ru\/2025\/trump-droht-daenemark-und-panama-de-facto-mit-krieg-und-will-verhandlungen-mit-putin\/<\/a><\/p>\n","protected":false},"excerpt":{"rendered":"<p>Do, 9.1.2025<\/p>\n<p>Heute eine rechte Nebeldecke (oder Wolke) auf der Koralpe in wechselnder H\u00f6he, mal konnte ich einen Teil des Hipflliftes sehen, mal nicht (bei mir blieb es mal frei). 6 Tage wie vor Weihnachten m\u00f6chte ich diesmal nicht hier oben verbringen f\u00fcr die restlichen 10 der 20-Stundenkarte &#8211; dazu wird das Wetter in Heiligenblut <a href=\"http:\/\/blog.inmontanis.info\/?p=10533\">[&#8230;]<\/a><\/p>\n","protected":false},"author":1,"featured_media":0,"comment_status":"closed","ping_status":"closed","sticky":false,"template":"","format":"standard","meta":{"footnotes":""},"categories":[200,13,27],"tags":[],"class_list":["post-10533","post","type-post","status-publish","format-standard","hentry","category-koralpe","category-austria","category-skifahren-winterskiing-winter","odd"],"_links":{"self":[{"href":"http:\/\/blog.inmontanis.info\/index.php?rest_route=\/wp\/v2\/posts\/10533","targetHints":{"allow":["GET"]}}],"collection":[{"href":"http:\/\/blog.inmontanis.info\/index.php?rest_route=\/wp\/v2\/posts"}],"about":[{"href":"http:\/\/blog.inmontanis.info\/index.php?rest_route=\/wp\/v2\/types\/post"}],"author":[{"embeddable":true,"href":"http:\/\/blog.inmontanis.info\/index.php?rest_route=\/wp\/v2\/users\/1"}],"replies":[{"embeddable":true,"href":"http:\/\/blog.inmontanis.info\/index.php?rest_route=%2Fwp%2Fv2%2Fcomments&post=10533"}],"version-history":[{"count":1,"href":"http:\/\/blog.inmontanis.info\/index.php?rest_route=\/wp\/v2\/posts\/10533\/revisions"}],"predecessor-version":[{"id":10534,"href":"http:\/\/blog.inmontanis.info\/index.php?rest_route=\/wp\/v2\/posts\/10533\/revisions\/10534"}],"wp:attachment":[{"href":"http:\/\/blog.inmontanis.info\/index.php?rest_route=%2Fwp%2Fv2%2Fmedia&parent=10533"}],"wp:term":[{"taxonomy":"category","embeddable":true,"href":"http:\/\/blog.inmontanis.info\/index.php?rest_route=%2Fwp%2Fv2%2Fcategories&post=10533"},{"taxonomy":"post_tag","embeddable":true,"href":"http:\/\/blog.inmontanis.info\/index.php?rest_route=%2Fwp%2Fv2%2Ftags&post=10533"}],"curies":[{"name":"wp","href":"https:\/\/api.w.org\/{rel}","templated":true}]}}