{"id":10525,"date":"2025-01-06T17:02:55","date_gmt":"2025-01-06T16:02:55","guid":{"rendered":"http:\/\/blog.inmontanis.info\/?p=10525"},"modified":"2025-01-07T17:37:12","modified_gmt":"2025-01-07T16:37:12","slug":"hochkar-no-5-6-1-2025-erst-regen-dann-eis-so-n-scheis","status":"publish","type":"post","link":"http:\/\/blog.inmontanis.info\/?p=10525","title":{"rendered":"Hochkar (N\u00d6), 5.+6.1.2025 &#8211; erst Regen, dann Eis, so &#8216;n Schei\u00df"},"content":{"rendered":"<p><strong>So, 5.1.2025<\/strong><\/p>\n<p>Der Tag begann bereits am Campingplatz mit leichtem Regen. Auch im Skigebiet wird ab 10 Uhr Regen gemeldet, nach 12 dann bis ganz rauf.<\/p>\n<p>17km sind es vom Stellplatz bis ins Skigebiet (einfach), da kommt also ziemlich was zusammen, wenn ich hier im Fr\u00fchjahr \u00f6fters bleiben wollen sollte. (Vgl.: \u00c5sarna-Kl\u00f6vsj\u00f6 sind&#8217;s ca. 22km, hab ich w\u00e4hrend der Skistar-Saisonkarte ja paarmal gemacht)<\/p>\n<p>Um 10e am Parkplatz im Skigebiet angekommen nach einer unn\u00f6tig steilen Auffahrt (wenn es eine Zubringerbahn oder einen Skibus ab der Mautstation geben w\u00fcrde), die Qual der Parkplatzwahl, es regnete bereits jetzt schon und die einzige 4KSB mit Haube war wohl wg. Sturm geschlossen, weshalb  die DSB in Betrieb genommen wurde (he, immerhin) &#8230; ansonsten gibts hier leider nur 4SBen &#8211; und einen einzigen SL.  Da ich leider letztes Mal daheim wieder nicht die Sommerski-Regenbekleidung mitgenommen hab, die aber vmtl. eh zu kalt w\u00e4re jetzt auch wg. Sturm, werd ich wohl nicht lang fahren k\u00f6nnen, bevor ich nass bin. <\/p>\n<p>Den aktuellen Vorhersagen w\u00fcrde nun nicht mehr \u00fcber Mittag, sondern erst gegen 13 oder 14 oder 15 Uhr etwas weniger Regen gemeldet.  Somit hatte ich es nicht eilig, aus dem Auto zu kommen.<\/p>\n<p>Laut dem eignen Pistenplanprospekt hat Hochkar, obwohl es am Plan so viel gr\u00f6\u00dfer ausschaut und viel mehr Abfahrten hat, angeblich die gleichen Pistenkilometer wie Lackenhof\/\u00d6tscher, n\u00e4mlich 19&#8230;. Zudem gibts hier eigenartige Pistennummerierungen von zB. 1 \u00fcber 1.1 zu 1a oder von 5 \u00fcber 5a und 5.1 bis 5a.1 ;)  Die h\u00f6chste Nummer ist 10, also man kann ihnen nicht vorwerfen, nicht bis 10 z\u00e4hlen zu k\u00f6nnen. Und ja die Nummerierung hat auch ein System.<\/p>\n<p>Vor Ort, ohne Skigefahren zu sein, kann ich schon sagen, dass mir das hier besser gefallen wird als Lackenhof, vielleicht mit Ausnahme der dortigen DSB. Daf\u00fcr hier halt die anstrengendere Auffahrt.<\/p>\n<p><a href='http:\/\/ski.inmontanis.info\/d\/334705-2\/DSC00465.jpg'><img src=http:\/\/ski.inmontanis.info\/d\/334703-3\/DSC00465.jpg \/><\/a><br \/>\n^ Start der ehemaligen Mautstra\u00dfe aufs Hochkar<\/p>\n<p><a href='http:\/\/ski.inmontanis.info\/d\/334709-2\/DSC00467.jpg'><img src=http:\/\/ski.inmontanis.info\/d\/334708-3\/DSC00467.jpg \/><\/a><br \/>\n^ Stra\u00dfe hinauf<\/p>\n<p>Endlich mal dran gedacht, mittags den Schneebericht von Vitosha zu checken. 60-100cm soll es haben, strahlender Sonnennschein, aber weiterhin kaum Lifte offen, nur der untere Sessel und 2 F\u00f6rderb\u00e4nder oder Seillifte.  In Borovets bis auf 1 SL dagegen alle Lifte und Abfahrten offen. <\/p>\n<p>Boah, die sind in Borovets auch ganz sch\u00f6n teuer geworden. Tageskarte 51 \u20ac (Saisonkarte 971 \u20ac, wer kann sich das in Bulgarien denn leisten?!) und Halbtageuskarte 36-41. 6 Tage 265 \u20ac machen immer noch \u00fcber 44 \u20ac pro Tag aus. Wow. Also Bulgarien brauch ich dann wohl auch nicht mehr hin zum Ski fahren bzw. halt nicht mehr in die gro\u00dfen Skigebiete und nur noch Dobrinishte und Malyovitsa u. dgl..<\/p>\n<p>Am DI ist nochmals etwas mehr Schnee hier gemeldet und am Freitag nochmals etwas mehr Schnee. Boah, die teuren 26,50 \u20ac Stellpl\u00e4tze &#8220;f\u00fcr nix&#8221; hier am Hochkar gibts sogar nur im Sommer. Also selbst im Fr\u00fchjahr m\u00fcsst ich dann jeden Tag diese bl\u00f6de Stra\u00dfe rauffahren?! Vor ein paar Jahren hatten sie anscheinend mal einen Skibus zwischen Lackenhof und Hochkar, aber keine aktuellen Informationen zu finden im Netz. Dann werd  ich diese Saison lieber noch mehr Wochen in Heiligenblut Ski fahren als hier  bzw. doch \u00f6fters in Hinterstoder+Wurzeralm, weil es bequemer ist, 13 \u20ac zu zahlen und nachts dort stehen bleiben zu k\u00f6nnen f\u00fcr ein paar Tage, solang die Batterie reicht ..   (Jaja, K\u00e4rnten Saisonkarte, da gibt&#8217;s aber ja auch so viele Skigebiete, wo man jeden Tag etliche hunderte H\u00f6henmeter rauf fahren muss.)<\/p>\n<p>Der Campingplatz am Skigebiet in K\u00f6ssen sollte dann im g\u00fcnstigen Januar 31,30 \u20ac plus 1 \u20ac Strom kosten. Je nach K\u00e4lte also ggf. noch 5-8 \u20ac drauf, au\u00dfer ich heiz mit Standheizung.  Daf\u00fcr sollte allerdings Ski-In\/Out m\u00f6glich sein, sofern nicht alles eingez\u00e4unt ist und ich k\u00f6nnte mal ne Woche das Auto stehen lassen. Oder 16km Fahrt einfach nach DE und dort um 20\u20ac mit Strom n\u00e4chtigen. Hochficht gibt&#8217;s einige postive gratis \u00dcbernachtungsmeldungen auf P4N, ansonsten die nahen Campingpl\u00e4tze in DE bzw. AT zwischen 20-30 \u20ac.<\/p>\n<p>Gegen 11:50 wurde es langsam k\u00fchl  im Auto, regnete mir aber weiterhin zu stark. Laut Bergfex sollte es hier bereits trocken sein und bleiben, ja ne is klar. Ich hab ja schon lange die Vermutung, dass Bergfex bei den Wettervorhersagen entweder das m\u00f6glichst sch\u00f6nste oder das m\u00f6glichst schneereichste Wettermodell anzeigt, je nachdem. Stimmen tut beides nur selten. Wobei yr ja auch oft falsch meldet.<\/p>\n<p>Um 1240 stieg ich aus, da der Regen etwas nachlie\u00df. Gleich mal mit der DSB rauf, fing es wieder etwas st\u00e4rker an, gleich zum SL und dort 3x gefahren; Schnee teils sehr bremsend durch den nassen Neuschee heute Morgen\/Nacht, drunter aber schon auch eisig hart sp\u00fcrend. <\/p>\n<p><a href='http:\/\/ski.inmontanis.info\/d\/334713-2\/DSC00470.jpg'><img src=http:\/\/ski.inmontanis.info\/d\/334712-3\/DSC00470.jpg \/><\/a><br \/>\n^ 4SB Draxlerloch und DSB Gro\u00dfes Kar<\/p>\n<p><a href='http:\/\/ski.inmontanis.info\/d\/334717-2\/DSC00473.jpg'><img src=http:\/\/ski.inmontanis.info\/d\/334716-3\/DSC00473.jpg \/><\/a><br \/>\n^ DSB Gro\u00dfes Kar mit Abfahrt 8. War vermtlich fr\u00fcher auch interessanter<\/p>\n<p>An der Kasse nachgefragt wg. Autokennzeichen, ja, wurde gestern am \u00d6tscher korrekt eingetragen.<\/p>\n<p>Danach musste ich leider noch 2 4SBen fahren um zu meinem falsch ausgesuchten Parkplatz zu kommen, denn es regnete jetzt wieder st\u00e4rker, so dass ich pitschnass war am Auto um 14:10. Nervt mich.  Verficktes Skifahren in \u00d6sterreich. Verfickte falsche Wetterberichte \u00fcberall. Wie soll denn meine Kleidung im Auto trocknen bis morgen (oder ich muss andere anziehen) ud wo soll die feuchte Luft hin!<\/p>\n<p>Bl\u00f6derweise hab ich noch 2 Tageskarten f\u00fcr die  Schweiz und die 10 Stunden auf der Koralpenkarte, sonst h\u00e4tte ich mich vielleicht gleich  morgen auf den Weg nach Schweden gemacht, also mit Zwischenhalt in K\u00f6ssen wg. Auto-Service und danach Hochficht. <\/p>\n<p>Hier werde ich nur noch morgen bleiben und dann wieder zur\u00fcck Wurzeralm\/Hinterstoder fahren.<\/p>\n<p>Auch nach 15 Uhr am Campingplatz: Nach wie vor leichter Regen. Ne, da frier ich lieber bei -15\u00b0 oder fahr bei Schneefall wie vorgestern. <\/p>\n<p>F\u00fcr DI, DO und FR werden f\u00fcr Heiligenblut nun 70cm Neuschnee in Summe gemeldet (Spoiler: am DI dann nicht mehr). Vielleicht sollte ich dort \u00fcbern\u00e4chste Woche hin f\u00fcr 1-2 Wochen und wenn es dann schneem\u00e4\u00dfig immer noch nicht besser ausschaut in den von mir gew\u00fcnschten Zielen in IT, CH und AT, dass ich dann doch gleich nach Schweden fahr? Ist wieder so eine Sache.. W\u00fcrd ich mich mehr \u00e4rgern, nach Schweden zu fahren und dann kommt der Schnee in den Alpen doch noch, oder w\u00fcrd ich mich mehr \u00e4rgern, nicht nach Schweden gefahren zu sein und es kommt kein sinnvoller Schnee mehr in den Alpen f\u00fcr die kleinen\/niedrigeren Gebiete?<\/p>\n<p><strong>Mo, 6.1.2025<\/strong><\/p>\n<p>Am Hochkar war wieder Wind und abermals fuhr die DSB anstelle der 4KSB. F\u00e4nd ich ja eigentlich cool, w\u00e4re da nicht so ein Gegenanstieg von der DSB zur 4KSB-Bergstation.<\/p>\n<p>Es scheint hier leider auch nur ein einziges WC zu geben, am Hauptplatz wo die beiden 4SBen und die 4KSB startet im geschlossenen Restaurant &#8220;Talstation&#8221;. Anscheinend gabs an der DSB Talstation mal eins, ist aber nicht mehr ausgeschildert bzw Schild \u00fcberklebt. Sonst h\u00e4tte ich keines gesehen.<\/p>\n<p>Die Pisten waren heute leider sehr, sehr eisig durch den gestrigen Regen, nur an den leichteren Abfahrten durch mehr Betrieb waren sie schneller aufgefahren. Und wegen des gestrigen Regens war auch ein Ausweichen neben der Piste nicht zielf\u00fchrend.<\/p>\n<p>K\u00f6nnte eigentlich ein nettes Skigebiet hier sein, erinnert etwas an Greolieres. Wenn nicht so viele 4SBen und so viele Leute w\u00e4ren. Die vielleicht sch\u00f6nste Abfahrt k\u00f6nnte die noch geschlossene links der 4SB Leckerplan sein.<\/p>\n<p>Selbst auf den blauen Wegabschnitten konnte ich kaum anhalten bei dem Eis heute. Es gab auch keine aufgefahrenen Haufen, man konnte nur auf windverblasene Stellen hoffen, also da wo der Wind den minimalst aufgefahrenen Schnee etwas angesammelt hatte. Oder auf die n\u00e4chste Mulde oder den n\u00e4chsten Gegenanstieg und dass niemand im Weg ist..<\/p>\n<p><a href='http:\/\/ski.inmontanis.info\/d\/334721-2\/DSC00510.jpg'><img src=http:\/\/ski.inmontanis.info\/d\/334720-3\/DSC00510.jpg \/><\/a><br \/>\n^ Pistenplan, ganz zum Schluss am Start der Mautstra\u00dfe fotografiert, da oben immer irgendjemand davor gestanden ist<\/p>\n<p><a href='http:\/\/ski.inmontanis.info\/d\/334725-2\/DSC00476.jpg'><img src=http:\/\/ski.inmontanis.info\/d\/334724-3\/DSC00476.jpg \/><\/a><br \/>\n^ DSB Gro\u00dfes Kar<\/p>\n<p><a href='http:\/\/ski.inmontanis.info\/d\/334729-2\/DSC00477.jpg'><img src=http:\/\/ski.inmontanis.info\/d\/334728-3\/DSC00477.jpg \/><\/a><br \/>\n^ An der Bergstation DSB Gro\u00dfes Kar mit Verbindung zur 4KSB-Bergstation<\/p>\n<p><a href='http:\/\/ski.inmontanis.info\/d\/334733-2\/DSC00479.jpg'><img src=http:\/\/ski.inmontanis.info\/d\/334732-3\/DSC00479.jpg \/><\/a><br \/>\n^ Abfahrt 8 an der DSB<\/p>\n<p><a href='http:\/\/ski.inmontanis.info\/d\/334737-2\/DSC00481.jpg'><img src=http:\/\/ski.inmontanis.info\/d\/334736-3\/DSC00481.jpg \/><\/a><br \/>\n^ DSB Bergstation<\/p>\n<p><a href='http:\/\/ski.inmontanis.info\/d\/334741-2\/DSC00482.jpg'><img src=http:\/\/ski.inmontanis.info\/d\/334740-3\/DSC00482.jpg \/><\/a><br \/>\n^ Leichte Zoom von der DSB-Bergstation zu den H\u00e4ngen an Leckerplan-4SB und SL Sonnenlift<\/p>\n<p><a href='http:\/\/ski.inmontanis.info\/d\/334745-2\/DSC00483.jpg'><img src=http:\/\/ski.inmontanis.info\/d\/334744-3\/DSC00483.jpg \/><\/a><br \/>\n^ R\u00fcckseitenpano<\/p>\n<p><a href='http:\/\/ski.inmontanis.info\/d\/334749-2\/DSC00484.jpg'><img src=http:\/\/ski.inmontanis.info\/d\/334748-3\/DSC00484.jpg \/><\/a><br \/>\n^ R\u00fcckseitenpano<\/p>\n<p><a href='http:\/\/ski.inmontanis.info\/d\/334753-2\/DSC00486.jpg'><img src=http:\/\/ski.inmontanis.info\/d\/334752-3\/DSC00486.jpg \/><\/a><br \/>\n^ R\u00fcckseitenpano<\/p>\n<p><a href='http:\/\/ski.inmontanis.info\/d\/334757-2\/DSC00487.jpg'><img src=http:\/\/ski.inmontanis.info\/d\/334756-3\/DSC00487.jpg \/><\/a><br \/>\n^ Abfahrten 1.1. und 1a und 6<\/p>\n<p><a href='http:\/\/ski.inmontanis.info\/d\/334761-2\/DSC00489.jpg'><img src=http:\/\/ski.inmontanis.info\/d\/334760-3\/DSC00489.jpg \/><\/a><br \/>\n^ Blick von der 4SB Leckerplan zu 4SB H\u00e4sing mit Abfahrt 5 links und schwarzer Abfahrt 5a an der 4SB; im Tal drunter 4SB Alm<\/p>\n<p><a href='http:\/\/ski.inmontanis.info\/d\/334765-2\/DSC00491.jpg'><img src=http:\/\/ski.inmontanis.info\/d\/334764-3\/DSC00491.jpg \/><\/a><br \/>\n^ Blick von der 4SB Leckerplan zur 4KSB und DSB mit den Abfahrten<\/p>\n<p><a href='http:\/\/ski.inmontanis.info\/d\/334769-3\/DSC00494.jpg'><img src=http:\/\/ski.inmontanis.info\/d\/334768-4\/DSC00494.jpg \/><\/a><br \/>\n^ Abfahrt 1 von 4KSB\/DSB, links dahinter Abfahrt 5b von 4SB H\u00e4sing<\/p>\n<p><a href='http:\/\/ski.inmontanis.info\/d\/334773-3\/DSC00496.jpg'><img src=http:\/\/ski.inmontanis.info\/d\/334772-4\/DSC00496.jpg \/><\/a><br \/>\n^ Abfahrt 8 an der DSB<\/p>\n<p><a href='http:\/\/ski.inmontanis.info\/d\/334777-3\/DSC00498.jpg'><img src=http:\/\/ski.inmontanis.info\/d\/334776-4\/DSC00498.jpg \/><\/a><br \/>\n^ Pano rechts von der DSB mit Gipfelkreuz<\/p>\n<p><a href='http:\/\/ski.inmontanis.info\/d\/334781-3\/DSC00499.jpg'><img src=http:\/\/ski.inmontanis.info\/d\/334780-4\/DSC00499.jpg \/><\/a><br \/>\n^ Bergstation DSB und R\u00fcckseitenpano<\/p>\n<p><a href='http:\/\/ski.inmontanis.info\/d\/334785-3\/DSC00501.jpg'><img src=http:\/\/ski.inmontanis.info\/d\/334784-4\/DSC00501.jpg \/><\/a><br \/>\n^ Talstationen 4SB H\u00e4sing und 4SB Alm, sowie 4KSB links. Dort an dem Pistenpano stand immer irgendwer davor und es war mir unm\u00f6glich zu fotografieren<\/p>\n<p><a href='http:\/\/ski.inmontanis.info\/d\/334789-3\/DSC00502.jpg'><img src=http:\/\/ski.inmontanis.info\/d\/334788-4\/DSC00502.jpg \/><\/a><br \/>\n^ Abfahrt 5 links der 4SB H\u00e4sing<\/p>\n<p><a href='http:\/\/ski.inmontanis.info\/d\/334793-2\/DSC00504.jpg'><img src=http:\/\/ski.inmontanis.info\/d\/334792-3\/DSC00504.jpg \/><\/a><br \/>\n^ Abfahrt 5b rechts der 4SB H\u00e4sing mi Blick zur Abfahrt 1 und 4KSB<\/p>\n<p><a href='http:\/\/ski.inmontanis.info\/d\/334797-3\/DSC00506.jpg'><img src=http:\/\/ski.inmontanis.info\/d\/334796-4\/DSC00506.jpg \/><\/a><br \/>\n^ .. und Blick zu Abfahrten 1a und 6<\/p>\n<p><a href='http:\/\/ski.inmontanis.info\/d\/334801-3\/DSC00507.jpg'><img src=http:\/\/ski.inmontanis.info\/d\/334800-4\/DSC00507.jpg \/><\/a><br \/>\n^ Zentrum mit 4KSB und den 4SBen, von hier aus kommt man leider nicht weiter runter zu 4SB Leckerplan oder DSB.<\/p>\n<p>Nachdem ich alle offenen Abfahrten 1x abgerutscht bin (die schwarze 5a war wohl wg, Vereisung gesperrt, w\u00e4r ich auch nicht gefahren heut), war ich schon um 12:50 wieder am Auto. Doch recht klein hier. Konnte mich nur schwer entscheiden, ob ich nochmal irgendeine Abfahrt abrutschen wollte und welche dann wohl, bin aber um 1340 nochmals mit der DSB rauf. War leider sinnlos, dort, wo etwas ein bisschen aufgefahren wurde, waren nun darunter noch viel eisigere Platten. Komplett spassbefreit auch heute wieder.<\/p>\n<p><a href='http:\/\/ski.inmontanis.info\/d\/334805-3\/ge2025010506a.jpg'><img src=http:\/\/ski.inmontanis.info\/d\/334804-4\/ge2025010506a.jpg \/><\/a><br \/>\n^ GPS-Track 5.-6.1.2025<\/p>\n<p><a href='http:\/\/extra.inmontanis.info\/d\/129524-2\/DSC00509.jpg'><img src=http:\/\/extra.inmontanis.info\/d\/129523-3\/DSC00509.jpg \/><\/a><br \/>\n^ Das Skijahr 2025 f\u00e4ngt \u00e4u\u00dferst schlecht an<\/p>\n<p>N\u00e4chstes WE wird derzeit in den griechischen Skigebieten nochmals etliches an Neuschnee gemeldet, auch dort, wo es momentan noch etwas wenig hat. Vielleicht sollte ich doch heuer nach Griechenland fahren? Wobei mir ja sonniges Wetter und etwas weniger Schnee im Zweifelsfall lieber ist. Kalavryta hat jetzt eine 10EUB und eine 6KSB, glaub, das muss ich nicht mehr besuchen. Wobei immerhin die DSB noch existieren soll. Falakro, das das sch\u00f6nste Skigebiet Griechenlands sein k\u00f6nnte, ist wohl leider immer noch misverwaltet. Preislich sind die Skigebiete in GR weiterhin sehr g\u00fcnstig, Tageskarten unter 20 \u20ac m\u00f6glich und selbst Parnassos (das gr\u00f6\u00dfte) ist noch unter 40.<\/p>\n<p>Von den Skigebieten, die ich in der Schweiz gerne besucht h\u00e4tte, sind wie hier im Osten \u00d6sterreichs oder auch in Italien noch sehr viele geschlossen oder unlohnenswert offen. Ob da Schnee kommt die n\u00e4chsten 2 Wochen?! Die Schneevorhersage f\u00fcr Heiligenblut ist auch schon wieder zusammengschrumpft, aktuell nur noch ca. 40cm. Das reicht f\u00fcr Hochflei\u00df keinesfalls und selbst f\u00fcr Viehb\u00fchel vmtl. zu wenig.<\/p>\n<p>DSB und Talabfahrt 2 ist in Hinterstoder mittlerweile wieder geschlossen. Naja, war ja kaum Schnee, aber morgen sollen 18cm kommen.<\/p>\n<p>Ob ich bei einer eventuellen Fahrt nach Griechenland nun aber noch nach Hochficht rauf soll?! Zumal Sturm und jeden Tag leichter Schneefall gemeldet wird.  Eine Fahrt runter nach GR hei\u00dft halt, weniger Skitage heuer, weil da fallen Tage auf der Fahrt weg, Tage wegen nicht offener Gebiete, wegen Keycardproblematik, wegen Schlechtwetter nicht ge\u00f6ffnete Gebiete oder Stra\u00dfen,  ..<\/p>\n<p>&#8211;<\/p>\n<p>Es ist ja schon interessant, dass ich so manche Jobs mittlerweile nicht mehr machen k\u00f6nnte, z.B. bei  einer Zeitung arbeiten. Oder gewisse Arbeiten im Computerbereich. Geht einfach nicht mehr, da ich dem aktuellen Mainstream zu quer liegen w\u00fcrde. Folgende EMail musste ich daher heute endlich an den \u00d6AMTC schicken:<\/p>\n<p>Hallo,<\/p>\n<p>leider ist es mir unm\u00f6glich geworden, eure &#8220;auto touring&#8221; &#8211; Zeitschrift zu lesen, es widert mich einfach nur noch an. Bei jedem Artikel mit Gender-&#8220;:&#8221; kommt mir das Kotzen und ich kann nicht mehr Weiterlesen, sondern muss umbl\u00e4ttern. <\/p>\n<p>Au\u00dferdem geh\u00f6re ich nicht der CO2-Klimawandel-Religion an, schade, dass ihr euch da auch habt kaufen lassen und man mittlerweile auf fast jeder 2. Seite CO2 liest und es verteufelt wird. CO2 ist etwas Lebensnotwendiges und wird das Klima nicht (sp\u00fcrbar) \u00e4ndern, dazu gibts gen\u00fcgend Belege intelligenter und wissender Pers\u00f6nlichkeiten und Forscher und es w\u00e4ren noch mehr, w\u00fcrden andere sich trauen bzw. nicht mundtot gemacht werden. <\/p>\n<p>Sie k\u00f6nnen also in Zukunft von einem Versand Ihrer belehrenden Zeitschrift an mich absehen, so lang sich Ihre Haltung zu Punkt 1 oder 2 nicht grundlegend ge\u00e4ndert hat, ich werde sie in Zukunft ansonsten ungelesen in den M\u00fcll schmei\u00dfen, damit ich mich nicht noch mehr \u00e4rgern muss.<\/p>\n<p>MfG<br \/>\n&#8230;<\/p>\n","protected":false},"excerpt":{"rendered":"<p>So, 5.1.2025<\/p>\n<p>Der Tag begann bereits am Campingplatz mit leichtem Regen. Auch im Skigebiet wird ab 10 Uhr Regen gemeldet, nach 12 dann bis ganz rauf.<\/p>\n<p>17km sind es vom Stellplatz bis ins Skigebiet (einfach), da kommt also ziemlich was zusammen, wenn ich hier im Fr\u00fchjahr \u00f6fters bleiben wollen sollte. (Vgl.: \u00c5sarna-Kl\u00f6vsj\u00f6 sind&#8217;s ca. 22km, <a href=\"http:\/\/blog.inmontanis.info\/?p=10525\">[&#8230;]<\/a><\/p>\n","protected":false},"author":1,"featured_media":10527,"comment_status":"closed","ping_status":"closed","sticky":false,"template":"","format":"standard","meta":{"footnotes":""},"categories":[938,13,27],"tags":[49,38],"class_list":["post-10525","post","type-post","status-publish","format-standard","has-post-thumbnail","hentry","category-hochkar","category-austria","category-skifahren-winterskiing-winter","tag-4sb","tag-dsb","odd"],"_links":{"self":[{"href":"http:\/\/blog.inmontanis.info\/index.php?rest_route=\/wp\/v2\/posts\/10525","targetHints":{"allow":["GET"]}}],"collection":[{"href":"http:\/\/blog.inmontanis.info\/index.php?rest_route=\/wp\/v2\/posts"}],"about":[{"href":"http:\/\/blog.inmontanis.info\/index.php?rest_route=\/wp\/v2\/types\/post"}],"author":[{"embeddable":true,"href":"http:\/\/blog.inmontanis.info\/index.php?rest_route=\/wp\/v2\/users\/1"}],"replies":[{"embeddable":true,"href":"http:\/\/blog.inmontanis.info\/index.php?rest_route=%2Fwp%2Fv2%2Fcomments&post=10525"}],"version-history":[{"count":2,"href":"http:\/\/blog.inmontanis.info\/index.php?rest_route=\/wp\/v2\/posts\/10525\/revisions"}],"predecessor-version":[{"id":10528,"href":"http:\/\/blog.inmontanis.info\/index.php?rest_route=\/wp\/v2\/posts\/10525\/revisions\/10528"}],"wp:featuredmedia":[{"embeddable":true,"href":"http:\/\/blog.inmontanis.info\/index.php?rest_route=\/wp\/v2\/media\/10527"}],"wp:attachment":[{"href":"http:\/\/blog.inmontanis.info\/index.php?rest_route=%2Fwp%2Fv2%2Fmedia&parent=10525"}],"wp:term":[{"taxonomy":"category","embeddable":true,"href":"http:\/\/blog.inmontanis.info\/index.php?rest_route=%2Fwp%2Fv2%2Fcategories&post=10525"},{"taxonomy":"post_tag","embeddable":true,"href":"http:\/\/blog.inmontanis.info\/index.php?rest_route=%2Fwp%2Fv2%2Ftags&post=10525"}],"curies":[{"name":"wp","href":"https:\/\/api.w.org\/{rel}","templated":true}]}}