{"id":10521,"date":"2025-01-04T16:26:54","date_gmt":"2025-01-04T15:26:54","guid":{"rendered":"http:\/\/blog.inmontanis.info\/?p=10521"},"modified":"2025-01-06T16:43:24","modified_gmt":"2025-01-06T15:43:24","slug":"lackenhof-otscher-4-1-2025-so-taugt-das-nix","status":"publish","type":"post","link":"http:\/\/blog.inmontanis.info\/?p=10521","title":{"rendered":"Lackenhof \u00d6tscher, 4.1.2025 &#8211; so taugt das nix"},"content":{"rendered":"<p><strong>Sa, 4.1.2025<\/strong><\/p>\n<p>Ich fuhr trotz des blauer werdenden Himmels hier bei Windischgarsten \u00fcber den Hengstpass in eine sch\u00f6ne Schluchtenstra\u00dfe, vielleicht die sch\u00f6nste in \u00d6sterreich.<\/p>\n<p><a href='http:\/\/extra.inmontanis.info\/d\/129480-2\/DSC00392.jpg'><img src=http:\/\/extra.inmontanis.info\/d\/129479-3\/DSC00392.jpg \/><\/a><br \/>\n^ L550 Hengstpass im Westen (Windischgarsten), hier merkt man nicht viel von einer Passstra\u00dfe<\/p>\n<p><a href='http:\/\/extra.inmontanis.info\/d\/129484-3\/DSC00396.jpg'><img src=http:\/\/extra.inmontanis.info\/d\/129483-4\/DSC00396.jpg \/><\/a><br \/>\n^ Im Osten f\u00e4hrt man etwas weiter runter<\/p>\n<p><a href='http:\/\/extra.inmontanis.info\/d\/129488-3\/DSC00397.jpg'><img src=http:\/\/extra.inmontanis.info\/d\/129487-4\/DSC00397.jpg \/><\/a><br \/>\n^ Weiterer Verlauf der L550 Windischgarsten-Altenmarkt (Sankt Gallen)<\/p>\n<p><a href='http:\/\/extra.inmontanis.info\/d\/129492-3\/DSC00402.jpg'><img src=http:\/\/extra.inmontanis.info\/d\/129491-4\/DSC00402.jpg \/><\/a><br \/>\n^ L550 \/ Oberlaussa, eine sch\u00f6ne Schluchtenstra\u00dfe<\/p>\n<p><a href='http:\/\/extra.inmontanis.info\/d\/129496-3\/DSC00404.jpg'><img src=http:\/\/extra.inmontanis.info\/d\/129495-4\/DSC00404.jpg \/><\/a><br \/>\n^ L550 Windischgarsten-Altenmarkt (Sankt Gallen)<\/p>\n<p><a href='http:\/\/extra.inmontanis.info\/d\/129500-3\/DSC00409.jpg'><img src=http:\/\/extra.inmontanis.info\/d\/129499-4\/DSC00409.jpg \/><\/a><br \/>\n^ L550 Windischgarsten-Altenmarkt (Sankt Gallen), wohl eine der sch\u00f6nsten Schluchtenstra\u00dfen in \u00d6sterreich<\/p>\n<p><a href='http:\/\/extra.inmontanis.info\/d\/129504-3\/DSC00411.jpg'><img src=http:\/\/extra.inmontanis.info\/d\/129503-4\/DSC00411.jpg \/><\/a><br \/>\n^ L550 Windischgarsten-Altenmarkt (Sankt Gallen), wohl eine der sch\u00f6nsten Schluchtenstra\u00dfen in \u00d6sterreich<\/p>\n<p><a href='http:\/\/extra.inmontanis.info\/d\/129508-3\/DSC00414.jpg'><img src=http:\/\/extra.inmontanis.info\/d\/129507-4\/DSC00414.jpg \/><\/a><br \/>\n^ Nanu, bin ich in Italien? :) (N\u00f6, Altenmarkt bei St. Gallen)<\/p>\n<p>An einer Tankstelle checkte ich nochmals den Schneebericht, DSB am Hochkar leider auf geschlossen. Dann gleich mal Lackenhof, zumindest war es auf den Webcams immer leerer als Hochkar zuuletzt. Schade halt, dass der Schnee hier f\u00fcr die DSB auch nicht reicht.<\/p>\n<p><a href='http:\/\/extra.inmontanis.info\/d\/129512-3\/DSC00416.jpg'><img src=http:\/\/extra.inmontanis.info\/d\/129511-4\/DSC00416.jpg \/><\/a><br \/>\n^ <\/p>\n<p><a href='http:\/\/extra.inmontanis.info\/d\/129516-3\/DSC00417.jpg'><img src=http:\/\/extra.inmontanis.info\/d\/129515-4\/DSC00417.jpg \/><\/a><br \/>\n^ <\/p>\n<p>Ich holte mir im Spar (Post) eins meiner Amazonp\u00e4ckchen ab (Heizsohlen Hausschuhe)  und kaum losgefahren fiel mir ein, dass ja am Montag Feiertag ist, da h\u00e4tte ich wohl noch eine Semmel kaufen sollen. Tja, Pech gehabt.<\/p>\n<p>Mein bisher einziger Skitag in Nieder\u00f6sterreich war anscheinend in Corona. Also St. Corona am Wechsel, als da noch ein ESL stand. Nun also das zweite und bald dritte Gebiet, Lackenhof und Hochkar.<\/p>\n<p>Lackenhof angekommen, die Webcam der 2. Sektion t\u00e4uschte wohl. Die kleinen Parkpl\u00e4tze an der 4SB unten waren voll, also weiter gefahren zu den Parkpl\u00e4tzen an DSB+SL und am SL war die H\u00f6lle los :( Obwohl es 2 sein sollen ist laut Schneebericht zuletzt auch nur 1 offen gewesen :(<\/p>\n<p>Schade, dass man die DSB nicht trotz geschlossener Abfahrten laufen l\u00e4sst, sonst k\u00f6nnte man ja dort trotzdem runterfahren, die Tourengeher fahren ja auch und es schaut auch nicht nach weniger aus als in Hinterstoder. Wetterbericht meldete vormittags -10\u00b0 oben.<\/p>\n<p>Die  Skipasskasse ist hier in der Schirmbar, ich musste ja wg. der Parkpl\u00e4tze f\u00fcr Saisonkarteninhaber nachfragen, gab men Kennzeichen an, sie ben\u00f6tigte zudem die Saisonkarte und laut ihrer Angabe sollte das nun f\u00fcr den Rest der Saison hier und am Hochkar freigeschaltet sein. <\/p>\n<p>Nach der ersten Fahrt am SL war es ja fast Mittag und somit an den beiden 4SBen und sp\u00e4ter auch am SL weniger los.  <\/p>\n<p>Die direkte Abfahrt an der oberen 4SB war neben der Beschneiung fahrbar, aber das oberste St\u00fcck hatte etliche Felsen und Steine, die man nicht sah, wo ich mir leider einige Kratzer geholt haben d\u00fcrfte. <\/p>\n<p><a href='http:\/\/ski.inmontanis.info\/d\/334615-2\/DSC00432.jpg'><img src=http:\/\/ski.inmontanis.info\/d\/334613-3\/DSC00432.jpg \/><\/a><br \/>\n^ DSB, leider noch geschlossen, oberhalb der Talstation sieht man auch den vollen SL Fuchswald<\/p>\n<p><a href='http:\/\/ski.inmontanis.info\/d\/334619-2\/DSC00434.jpg'><img src=http:\/\/ski.inmontanis.info\/d\/334618-3\/DSC00434.jpg \/><\/a><br \/>\n^ Pistenplan, links die noch geschlossene DSB<\/p>\n<p><a href='http:\/\/ski.inmontanis.info\/d\/334623-2\/DSC00435.jpg'><img src=http:\/\/ski.inmontanis.info\/d\/334622-3\/DSC00435.jpg \/><\/a><br \/>\n^ Hinter mir ist die Bergstation SL Fuchswald, in Bildmitte ist die Bergstation der 1. 4SB-Sektion<\/p>\n<p><a href='http:\/\/ski.inmontanis.info\/d\/334627-2\/DSC00436.jpg'><img src=http:\/\/ski.inmontanis.info\/d\/334626-3\/DSC00436.jpg \/><\/a><br \/>\n^ 4SB Sektion 2<\/p>\n<p><a href='http:\/\/ski.inmontanis.info\/d\/334631-2\/DSC00438.jpg'><img src=http:\/\/ski.inmontanis.info\/d\/334630-3\/DSC00438.jpg \/><\/a><br \/>\n^ 4SB Sektion 2, die Abfahrt links wird beschneit, aber rechts kann man vorbei fahren. Gab nur leider ungesehenerweise etlichen Feindkontakt :(<\/p>\n<p><a href='http:\/\/ski.inmontanis.info\/d\/334635-2\/DSC00442.jpg'><img src=http:\/\/ski.inmontanis.info\/d\/334634-3\/DSC00442.jpg \/><\/a><br \/>\n^ 4SB Sektion 2<\/p>\n<p><a href='http:\/\/ski.inmontanis.info\/d\/334639-2\/DSC00443.jpg'><img src=http:\/\/ski.inmontanis.info\/d\/334638-3\/DSC00443.jpg \/><\/a><br \/>\n^ In Bildmitte die Abfahrt 7 an der 4SB Sektion 2, die macht einen gro\u00dfen Bogen<\/p>\n<p><a href='http:\/\/ski.inmontanis.info\/d\/334643-2\/DSC00445.jpg'><img src=http:\/\/ski.inmontanis.info\/d\/334642-3\/DSC00445.jpg \/><\/a><br \/>\n^ Abfahrt 7<\/p>\n<p><a href='http:\/\/ski.inmontanis.info\/d\/334647-2\/DSC00446.jpg'><img src=http:\/\/ski.inmontanis.info\/d\/334646-3\/DSC00446.jpg \/><\/a><br \/>\n^ Abfahrt 7<\/p>\n<p><a href='http:\/\/ski.inmontanis.info\/d\/334651-2\/DSC00447.jpg'><img src=http:\/\/ski.inmontanis.info\/d\/334650-3\/DSC00447.jpg \/><\/a><br \/>\n^ Abfahrt 7 &#8211; g\u00e4hn<\/p>\n<p><a href='http:\/\/ski.inmontanis.info\/d\/334655-2\/DSC00451.jpg'><img src=http:\/\/ski.inmontanis.info\/d\/334654-3\/DSC00451.jpg \/><\/a><br \/>\n^ Talabfahrt 4SB Sektion 1, noch langweiliger<\/p>\n<p><a href='http:\/\/ski.inmontanis.info\/d\/334659-2\/DSC00454.jpg'><img src=http:\/\/ski.inmontanis.info\/d\/334658-3\/DSC00454.jpg \/><\/a><br \/>\n^ 4SB Sektion 1<\/p>\n<p><a href='http:\/\/ski.inmontanis.info\/d\/334663-3\/DSC00455.jpg'><img src=http:\/\/ski.inmontanis.info\/d\/334662-4\/DSC00455.jpg \/><\/a><br \/>\n^ 4SB Sektion 1; beide Sessellifte haben die bl\u00f6den kalten Weichpolstersitze, die 1. Sektion dazu diese Kinderdurchrutschsicherungen<\/p>\n<p><a href='http:\/\/ski.inmontanis.info\/d\/334667-3\/DSC00456.jpg'><img src=http:\/\/ski.inmontanis.info\/d\/334666-4\/DSC00456.jpg \/><\/a><br \/>\n^ 4SB Sektion 1-2<\/p>\n<p><a href='http:\/\/ski.inmontanis.info\/d\/334671-3\/DSC00457.jpg'><img src=http:\/\/ski.inmontanis.info\/d\/334670-4\/DSC00457.jpg \/><\/a><br \/>\n^ Blick von der noch geschlossenen Abfahrt an der 4SB 2. Sektion zur schwarzen Abfahrt an der DSB<\/p>\n<p><a href='http:\/\/ski.inmontanis.info\/d\/334675-3\/DSC00458.jpg'><img src=http:\/\/ski.inmontanis.info\/d\/334674-4\/DSC00458.jpg \/><\/a><br \/>\n^ SL Fuchswald, nun ohne Wartezeiten<\/p>\n<p><a href='http:\/\/ski.inmontanis.info\/d\/334679-3\/DSC00459.jpg'><img src=http:\/\/ski.inmontanis.info\/d\/334678-4\/DSC00459.jpg \/><\/a><br \/>\n^ SL Fuchswald, trotzdem ein Unding, dass man den 2. SL nicht w\u00e4hrend der Weihnachtsferien aufgesperrt hat, zur Not halt bei weniger Schnee!<\/p>\n<p><a href='http:\/\/ski.inmontanis.info\/d\/334683-3\/DSC00460.jpg'><img src=http:\/\/ski.inmontanis.info\/d\/334682-4\/DSC00460.jpg \/><\/a><br \/>\n^ Kurzer SL K\u00e4lberhalt, leider auch noch geschlossen<\/p>\n<p><a href='http:\/\/ski.inmontanis.info\/d\/334687-3\/DSC00461.jpg'><img src=http:\/\/ski.inmontanis.info\/d\/334686-4\/DSC00461.jpg \/><\/a><br \/>\n^ R\u00fcckseitenpano von der Abfahrt 7 aus<\/p>\n<p><a href='http:\/\/ski.inmontanis.info\/d\/334691-3\/DSC00462.jpg'><img src=http:\/\/ski.inmontanis.info\/d\/334690-4\/DSC00462.jpg \/><\/a><br \/>\n^ R\u00fcckseitenpano von der Abfahrt 7 aus<\/p>\n<p><a href='http:\/\/ski.inmontanis.info\/d\/334695-3\/DSC00463.jpg'><img src=http:\/\/ski.inmontanis.info\/d\/334694-4\/DSC00463.jpg \/><\/a><br \/>\n^ R\u00fcckseitenpano von der Abfahrt 7 aus<\/p>\n<p><a href='http:\/\/ski.inmontanis.info\/d\/334699-3\/ge20250104.jpg'><img src=http:\/\/ski.inmontanis.info\/d\/334698-4\/ge20250104.jpg \/><\/a><br \/>\n^ GPS-Track 4.1.2025<\/p>\n<p>Gegen 13 Uhr wurde es wieder voller, weniger waren die kleinen Wartezeiten das Problem, aber es waren einfach viel zu viel Leute und insb. Anf\u00e4nger auf den 3 ge\u00f6ffneten Pisten unterwegs, so dass ich um 13:30 genervt aufgeh\u00f6rt hab. Wenn ich nicht zuf\u00e4llig wieder in der Gegend sein sollte, wenn auch die DSB in Betrieb ist, werd ich wohl nicht nochmals herkommen. Mit SL statt 4SBen f\u00e4nd ich das Skigebiet vmtl. interessanter, aber langweilige Lifte plus langweilige Abfahrten, das brauch ich auch nicht mit Saisonkarte. Da fahr ich lieber wieder zur\u00fcck Wurzeralm und Hinterstoder in den n\u00e4chsten Tagen. <\/p>\n<p>Somit bleibt noch morgen Sonntag und \u00fcbermorgen der Feiertag, wo es am Hochkar voller bleiben k\u00f6nnte. Zudem ich ja noch nicht sicher sein kann, dass und wann meine zweite Amazonsendung am Dienstag hier ankomen wird. Leider haben die kleinen Gebiete mit 1-2 SL in der Gegend noch zu oder nur sehr eingeschr\u00e4nkt offen. Gemeindealpe auf der R\u00fcckeite h\u00e4tte halbwegs offen und k\u00f6nnte interessant sein, w\u00fcrde sich wetterm\u00e4\u00dfig nur am Montag lohnen, preislich aber erst ab 7.1. sinvoller. Noch sinnvoller w\u00e4re, dort erst zu fahren, wenn auch einige der noch kleineren Gebiete offen w\u00e4ren.<\/p>\n<p>Wetterm\u00e4\u00dfig wird&#8217;s leider n\u00e4chste Woche \u00fcberall in der Gegend zu vergessen sein, weder hier noch dann Hochficht, kaum Sonne und immer wieder etwas Schneefall gemeldet, aber zu wenig f\u00fcr die Gebiete, die noch nicht \u00f6ffnen konnten. <\/p>\n<p>Am Stellplatz in G\u00f6stling angekommen, kurz angerufen, geht via Selbst-Checkin via Kuvert, k\u00f6nnte man auch so bezahlen (wenn man&#8217;s passend hat). Wei\u00df noch gar nicht, wie lang ich  bleiben m\u00f6chte. Normaltarif ist Stellpltz 9, Erwachsener 6, Strom 4, also wohl 19 \u20ac, da w\u00fcrde man dann halt 20 \u20ac ins Kuvert stecken, wenn man nur 1 Nacht bleibt. PKW ist g\u00fcnstiger, aber ob der Tarif gelten w\u00fcrde, ist wohl fraglich.<\/p>\n<p>Interessanterweise w\u00fcrde die K\u00fcchenben\u00fctzung wg, &#8220;Strom und Endreinigung&#8221; 4 \u20ac extra kosten. Aber brauch ich ja nicht. Und etwas eigenartig, die T\u00fcr zum Servicegeb\u00e4ude hat einen Code, aber der Code steht au\u00dfen an der Infotafel nebendran &#8230;.<\/p>\n<p><a href='http:\/\/extra.inmontanis.info\/d\/129520-3\/DSC00464.jpg'><img src=http:\/\/extra.inmontanis.info\/d\/129519-4\/DSC00464.jpg \/><\/a><br \/>\n^ Pano Camping\/Stellplatz in G\u00f6stling<\/p>\n<p>Da \u00fcberleg ich mir abends noch, was hier so verschmort riecht &#8230; viel sp\u00e4ter, als ich ins Bett gehen wollte, sah ich es: die Fu\u00dfboden-Schreibtisch-Heizmatte stand versehentlich noch auf voller Leistung und hat den Schaumstoff darunter geschmolzen! Immerhin ist sie nicht selbst kaputt geworden und meine Hausschuhe haben es wohl auch \u00fcberlebt. Ob das auch f\u00fcr die neuen Heizeinlagen in den Hausschuhen gilt, hab ich noch nicht getestet.<\/p>\n","protected":false},"excerpt":{"rendered":"<p>Sa, 4.1.2025<\/p>\n<p>Ich fuhr trotz des blauer werdenden Himmels hier bei Windischgarsten \u00fcber den Hengstpass in eine sch\u00f6ne Schluchtenstra\u00dfe, vielleicht die sch\u00f6nste in \u00d6sterreich.<\/p>\n<p> ^ L550 Hengstpass im Westen (Windischgarsten), hier merkt man nicht viel von einer Passstra\u00dfe<\/p>\n<p> ^ Im Osten f\u00e4hrt man etwas weiter runter<\/p>\n<p> ^ Weiterer Verlauf der L550 Windischgarsten-Altenmarkt <a href=\"http:\/\/blog.inmontanis.info\/?p=10521\">[&#8230;]<\/a><\/p>\n","protected":false},"author":1,"featured_media":10524,"comment_status":"closed","ping_status":"closed","sticky":false,"template":"","format":"standard","meta":{"footnotes":""},"categories":[937,13,27],"tags":[49,38,47],"class_list":["post-10521","post","type-post","status-publish","format-standard","has-post-thumbnail","hentry","category-lackenhof","category-austria","category-skifahren-winterskiing-winter","tag-4sb","tag-dsb","tag-sl","odd"],"_links":{"self":[{"href":"http:\/\/blog.inmontanis.info\/index.php?rest_route=\/wp\/v2\/posts\/10521","targetHints":{"allow":["GET"]}}],"collection":[{"href":"http:\/\/blog.inmontanis.info\/index.php?rest_route=\/wp\/v2\/posts"}],"about":[{"href":"http:\/\/blog.inmontanis.info\/index.php?rest_route=\/wp\/v2\/types\/post"}],"author":[{"embeddable":true,"href":"http:\/\/blog.inmontanis.info\/index.php?rest_route=\/wp\/v2\/users\/1"}],"replies":[{"embeddable":true,"href":"http:\/\/blog.inmontanis.info\/index.php?rest_route=%2Fwp%2Fv2%2Fcomments&post=10521"}],"version-history":[{"count":2,"href":"http:\/\/blog.inmontanis.info\/index.php?rest_route=\/wp\/v2\/posts\/10521\/revisions"}],"predecessor-version":[{"id":10523,"href":"http:\/\/blog.inmontanis.info\/index.php?rest_route=\/wp\/v2\/posts\/10521\/revisions\/10523"}],"wp:featuredmedia":[{"embeddable":true,"href":"http:\/\/blog.inmontanis.info\/index.php?rest_route=\/wp\/v2\/media\/10524"}],"wp:attachment":[{"href":"http:\/\/blog.inmontanis.info\/index.php?rest_route=%2Fwp%2Fv2%2Fmedia&parent=10521"}],"wp:term":[{"taxonomy":"category","embeddable":true,"href":"http:\/\/blog.inmontanis.info\/index.php?rest_route=%2Fwp%2Fv2%2Fcategories&post=10521"},{"taxonomy":"post_tag","embeddable":true,"href":"http:\/\/blog.inmontanis.info\/index.php?rest_route=%2Fwp%2Fv2%2Ftags&post=10521"}],"curies":[{"name":"wp","href":"https:\/\/api.w.org\/{rel}","templated":true}]}}