{"id":10503,"date":"2024-12-23T16:49:20","date_gmt":"2024-12-23T15:49:20","guid":{"rendered":"http:\/\/blog.inmontanis.info\/?p=10503"},"modified":"2024-12-25T17:04:22","modified_gmt":"2024-12-25T16:04:22","slug":"koralpe-simonhohe-22-23-12-2024","status":"publish","type":"post","link":"http:\/\/blog.inmontanis.info\/?p=10503","title":{"rendered":"Koralpe + Simonh\u00f6he, 22.-23.12.2024"},"content":{"rendered":"<p><strong>So, 22.12.2024<\/strong><\/p>\n<p>Um 6:15 aufgestanden und mal wieder die Wettervorhersagen von 3 Anbietern gecheckt. Laut Bergfex nun auch morgen Sturm in Forni di Sopra, am Dienstag noch mehr. Ob da was gehen wird &#8230; wohl maximal morgen, also dann lieber doch heute Ravascletto? Keine Ahnung, wie windanf\u00e4llig die KSBen in Forni sind. Bergfex meldet 50 km\/h morgen und 70 km\/h \u00fcbermorgen und ilmeteo auch \u00fcber 50 am Dienstag, wobei das ja f\u00fcr den Ort und nicht f\u00fcr den Gipfel ist.<\/p>\n<p>Ob ich das Risiko eingehen sollte? Zumal nun in Heiligenblut nun wieder am Mittwoch besser gemeldet wird (nicht nur das, auch der morgige Schneefall wurde leider abgesagt :( &#8211; aber nat\u00fcrlich im Gegenzug mit Sturm, also auch fraglich, was da geht. Ohne genug Neuschnee werden leider die 3 interessanten und noch geschlossenen SL nicht \u00f6ffnen werden; immerhin ist dann tagelang sonnig gemeldet). <\/p>\n<p>Die -10\u00b0 auf 2000m am MO+DI im Friaul sind auch nicht gerade einladend, noch dazu bei Sturm. Wobei auch Osttirol (Obertilliach) am DI wg. Sturm ausfallen k\u00f6nnte, vielleicht der SL in Kartitsch dann.<\/p>\n<p>Hier auf der Koralpe soll es heute Nachmittag\/Abend jedenfalls etwas schneien.<\/p>\n<p>\u00dcberraschender Schneebericht auf der Simonh\u00f6he &#8211; der eine lange Lift, der vor 2 Jahren nicht in Betrieb war, als ich dort war (und evtl. auch nicht, wenn ich mal nachgesehen hatte) soll aktuell in Betrieb sein &#8211; im Gegensatz zu einem anderen, den ich damals gefahren bin. Die Tageskartenpreis um 45,- \u20ac ist allerdings etwas unversch\u00e4mt f\u00fcr das kleine Gebiet.  2h 35,- 4h 39,-; lt. Facebook vielleicht noch 20,- TK, aber steht nicht dabei, wie lang der Tarif noch gilt, jedenfalls gibts noch keinen Widerruf..<\/p>\n<p>Der Lift w\u00e4r ein Grund, da morgen vorbei zu fahren, k\u00f6nnte es doch der einzig interessante Lift dort sein, den Rest fand ich ja recht lagweilig. Dann heute Koralpe oder Umweg zur Rieseralm? Dort w\u00fcrd ich leichter mal auf dem Weg von\/nach Hinterstoder vorbeikommen beim n\u00e4chsten Koralpenbesuch. Heute Simonh\u00f6he und morgen Falkert\/Heidialm &#8211; da wird Sturm gemeldet, k\u00f6nnte problematisch sein. Hochrindl hat mir noch zu wenig offen.<\/p>\n<p>Ok, dann mach ich Friaul ein ander Mal (oder maximal Tarvis, weil kaum Umweg), entweder wenn mehr Schnee liegt auf dem Weg nach Asiago oder ab Mitte M\u00e4rz, wenn der Skipass dort wieder noch g\u00fcnstiger ist. Dann vielleicht mit Pl\u00f6ckenpass auch einfacher. <\/p>\n<p>W\u00e4hrend Bergfex f\u00fcr Simonh\u00f6he heute bis Sp\u00e4tnachmittag trocken und etwas Sonne meldet, meldet yr ab Mittag bereits Schneefall (mehr als f\u00fcr Koralpe).<\/p>\n<p>Ok, dann also heut doch nochmals Koralpe, morgen Nachmittag Simonh\u00f6he und Dienstag entweder Tarvis oder Osttirol &#8211; vmtl. beides recht st\u00fcrmisch, wobei Italien an einem 24.12. zu bevorzugen w\u00e4re (am 25.12. dann umgekehrt).<\/p>\n<p>Um 8:30 Uhr daher wieder den Fensterladen ge\u00f6ffent und bemerkt, dass gar keine Schneekanonen laufen. Nachteil Koralpe heute: ich hab die Skischuhe gestern im Auto gelassen, weil ich ja davon ausgegangen bin, heut fr\u00fch 2-3h zu fahren. <\/p>\n<p>Um 10:45 bei meiner Ankunft liefen dann doch wieder Kanonen. Genug Sonne war, aber leider auch viel Wind.  Die Abfahrt links vom SL Hipfl heute komplett fur Slowenentraining gesperrt, rechts daher viel ben\u00fctzt und abgefahren hart und rechts au\u00dfen liefen die Kanonen nicht wie gestern im Kunstschnee-, sondern heute im Kunstbeeisungsmodus, also Piste sehr eisig vor den Kanonen gewesen,  daher SL Hipfl nur 2x gefahen. Steinschneider ging besser, aber wg. des kalten Windes und Wegfall Hipfl blieb ich nur 1h heute. Somit dann in 6 Tagen nur 10h meines 20h-Passes verbaucht, also 10h \u00fcbrig f\u00fcr beim n\u00e4chsten Besuch vielleicht 2&#215;3+2x2h oder 5x2h.<\/p>\n<p><a href='http:\/\/ski.inmontanis.info\/d\/334071-2\/DSC00091.jpg'><img src=http:\/\/ski.inmontanis.info\/d\/334070-3\/DSC00091.jpg \/><\/a><br \/>\n^ S\u00fcdblick, dort tiefe Wolkendecke\/Hochnebeldecke<\/p>\n<p>Wenn&#8217;s so weiter geht, wird nun bald gar kein Schnee mehr gemeldet f\u00fcr die n\u00e4chsten Tage in Heiligenblut, doppelter Schei\u00df, erstens, weil ich dann nicht schon l\u00e4ngst dort war (ok, Freitag war wg. Sturm uninteressant, evtl. die n\u00e4chsten Tage ebenso und unter -10\u00b0 brauch ich auch nicht) und zweitens, weil dann nix weiter m\u00f6glich sein wird als die bisherigen Kunstschneepisten :( Dazu wird nun spontan f\u00fcr Donnerstag statt Sonne etwas Schneefall gemeldet. Macht mich wahnsinnig diese Wettervorhersagen. Allerdings hatte sowohl Bergfex, wie auch yr, sich gedreht. <\/p>\n<p>Wurzeralm meldet nun beide Talabfahrten offiziell als ge\u00f6ffnet, Hinterstoder noch keine weitere Lifte offen. \u00dcbrigens, das Restaurant, in dem ich vor 2 Jahren in K\u00e4rnten n\u00e4he BKK den Karpfen a\u00df, gibts wohl auch nicht mehr.<\/p>\n<p><strong>Mo, 23.12.2024<\/strong><\/p>\n<p>Am Abend sind wohl noch gut 5cm Schnee gekommen, aber erst nachdem einige wieder abgereist sind. Dennoch gab&#8217;s von ca. 18-20 Uhr einen handwerklichen L\u00e4rm (am Sonntag Abend!) mit Schleifen und Bohren und H\u00e4mmern. Nach 22 Uhr kamen dann noch welche und l\u00e4rmten eine Stunde lang mit diversem (nicht-handwerklichem) Geklopfe rum. Boah. Bin ich froh, wenn ich wieder auf ruhigen Campingpl\u00e4tzen stehe.<\/p>\n<p>Morgens gleich den M\u00fcll runtergebracht und das Auto vom Schnee befreit, da ich ja nach der Arbeit noch ca. 1,5h-2h zur Simonh\u00f6he fahren m\u00f6chte.<\/p>\n<p>Nahezu worst-case eingetreten: Nun ist auch der f\u00fcr morgen vorhergesehene Schneefall in Heiligenblut ziemlich gestrichen und mit Sturm ersetzt worden = ich h\u00e4tte auch gleich am Samstag hinfahren k\u00f6nnen. Aber ob ich nun heut Abend noch zum Campingplatz fahren sollte? Morgen am 24. m\u00f6cht ich ja ungern st\u00f6ren, manche nehmen das ja etwas wichtiger als ich. <\/p>\n<p>Wie schon bei meiner letzten Abfahrt vor ca 1 Monat liegt auch heute wieder Schnee im Tal &#8211; nur dass ich diesmal auf der Autobahn fahren darf.<\/p>\n<p><a href='http:\/\/extra.inmontanis.info\/d\/129434-2\/DSC00094.jpg'><img src=http:\/\/extra.inmontanis.info\/d\/129433-3\/DSC00094.jpg \/><\/a><br \/>\n^ Burgruine Glanegg<\/p>\n<p>Um 12:50 kam ich auf der Simonh\u00f6he an und am Kassenautomaten (nur Karte, Bargeldbezahlung gibts hier gar nicht) war der volle Preis von 45,- \u20ac hinterlegt, daher nur die 2h um 35,- \u20ac gekauft. Schon unversch\u00e4mte Preise f\u00fcr so ein kleines Skigebiet. Bis vor 2 Jahren fand ich K\u00e4rnten in \u00d6sterreich ja noch recht g\u00fcnstig.<\/p>\n<p>Wenigstens lief also dieser Nordlift, der l\u00e4ngste Lift im Skigebiet und der einzige, der nicht parallel zur Abfahrt verl\u00e4uft, sondern eine eigene (steile) Waldtrasse hat. F\u00fcr das Klientel hier vielleicht nicht der optimalste Lift. <\/p>\n<p>Ge\u00e4ndert hat sich im Gegensatz zu vor 2 Jahren auch, dass es nun Axess-Zutrittsschranken gibt. Damals hatte man ja gar keine Leser (au\u00dfer f\u00fcr die K\u00e4rnten-Saisonkarte) und nur stichprobenhaltige Kontrollen durchgef\u00fchrt. Somit erkl\u00e4rte sich dann auch meine vorherige Verwunderung, warum es hier 2h-Skip\u00e4sse gibt. Die w\u00e4ren ja zuvor kaum kontrollierbar gewesen.<\/p>\n<p><a href='http:\/\/ski.inmontanis.info\/d\/334127-3\/DSC00117.jpg'><img src=http:\/\/ski.inmontanis.info\/d\/334126-4\/DSC00117.jpg \/><\/a><br \/>\n^ Pistenplan<\/p>\n<p><a href='http:\/\/ski.inmontanis.info\/d\/334075-2\/DSC00097.jpg'><img src=http:\/\/ski.inmontanis.info\/d\/334074-3\/DSC00097.jpg \/><\/a><br \/>\n^ SL Paulsberg; nicht in Betrieb links SL Mulde und rechts SL Sonne<\/p>\n<p><a href='http:\/\/ski.inmontanis.info\/d\/334079-2\/DSC00099.jpg'><img src=http:\/\/ski.inmontanis.info\/d\/334078-3\/DSC00099.jpg \/><\/a><br \/>\n^ Bergstation SL Paulsberg und SL Nord<\/p>\n<p><a href='http:\/\/ski.inmontanis.info\/d\/334083-2\/DSC00101.jpg'><img src=http:\/\/ski.inmontanis.info\/d\/334082-3\/DSC00101.jpg \/><\/a><br \/>\n^ Silberkrugabfahrt SL Nord<\/p>\n<p><a href='http:\/\/ski.inmontanis.info\/d\/334087-2\/DSC00102.jpg'><img src=http:\/\/ski.inmontanis.info\/d\/334086-3\/DSC00102.jpg \/><\/a><br \/>\n^ Silberkrugabfahrt SL Nord<\/p>\n<p><a href='http:\/\/ski.inmontanis.info\/d\/334091-2\/DSC00105.jpg'><img src=http:\/\/ski.inmontanis.info\/d\/334090-3\/DSC00105.jpg \/><\/a><br \/>\n^ Silberkrugabfahrt SL Nord<\/p>\n<p><a href='http:\/\/ski.inmontanis.info\/d\/334095-2\/DSC00106.jpg'><img src=http:\/\/ski.inmontanis.info\/d\/334094-3\/DSC00106.jpg \/><\/a><br \/>\n^ Geschlossener Steilhang Winterleitn<\/p>\n<p><a href='http:\/\/ski.inmontanis.info\/d\/334099-2\/DSC00107.jpg'><img src=http:\/\/ski.inmontanis.info\/d\/334098-3\/DSC00107.jpg \/><\/a><br \/>\n^ Silberkrugabfahrt SL Nord<\/p>\n<p><a href='http:\/\/ski.inmontanis.info\/d\/334103-2\/DSC00108.jpg'><img src=http:\/\/ski.inmontanis.info\/d\/334102-3\/DSC00108.jpg \/><\/a><br \/>\n^ Silberkrugabfahrt SL Nord<\/p>\n<p><a href='http:\/\/ski.inmontanis.info\/d\/334107-2\/DSC00109.jpg'><img src=http:\/\/ski.inmontanis.info\/d\/334106-3\/DSC00109.jpg \/><\/a><br \/>\n^ Talststion SL Nord<\/p>\n<p><a href='http:\/\/ski.inmontanis.info\/d\/334111-2\/DSC00110.jpg'><img src=http:\/\/ski.inmontanis.info\/d\/334110-3\/DSC00110.jpg \/><\/a><br \/>\n^ SL Nord, der l\u00e4ngste Lift im Skigebiet<\/p>\n<p><a href='http:\/\/ski.inmontanis.info\/d\/334115-2\/DSC00111.jpg'><img src=http:\/\/ski.inmontanis.info\/d\/334114-3\/DSC00111.jpg \/><\/a><br \/>\n^ .. au\u00dferdem hat er als einziger Lift hier eine Lifttrasse, die nicht neben der Abfahrt ist.<\/p>\n<p><a href='http:\/\/ski.inmontanis.info\/d\/334119-3\/DSC00115.jpg'><img src=http:\/\/ski.inmontanis.info\/d\/334118-4\/DSC00115.jpg \/><\/a><br \/>\n^ SL Nord, oberer Teil<\/p>\n<p><a href='http:\/\/ski.inmontanis.info\/d\/334123-3\/DSC00116.jpg'><img src=http:\/\/ski.inmontanis.info\/d\/334122-4\/DSC00116.jpg \/><\/a><br \/>\n^ Geschlossener Steilhang Winterleitn, wenn man nicht gerade zu nahe der Beschneiung war, war es sch\u00f6n griffig. <\/p>\n<p><a href='http:\/\/ski.inmontanis.info\/d\/334131-3\/DSC00121.jpg'><img src=http:\/\/ski.inmontanis.info\/d\/334130-4\/DSC00121.jpg \/><\/a><br \/>\n^ SL Paulsberg jetzt in der Sonne und ich will aber noch r\u00fcber fahren zum SL Hocheck<\/p>\n<p><a href='http:\/\/ski.inmontanis.info\/d\/334135-3\/DSC00122.jpg'><img src=http:\/\/ski.inmontanis.info\/d\/334134-4\/DSC00122.jpg \/><\/a><br \/>\n^ Kurzb\u00fcgel-SL B\u00e4rental, noch nicht offen, aber konnte ich ja vor 2 Jahren fahren. Aber warum ist das Wetter jetzt im Norden besser als im S\u00fcden???<\/p>\n<p><a href='http:\/\/ski.inmontanis.info\/d\/334139-3\/DSC00123.jpg'><img src=http:\/\/ski.inmontanis.info\/d\/334138-4\/DSC00123.jpg \/><\/a><br \/>\n^ Am SL Hocheck mit Blick zum sonnigen, aber flacheren SL Paulsberg<\/p>\n<p><a href='http:\/\/ski.inmontanis.info\/d\/334143-3\/ge20241223a.jpg'><img src=http:\/\/ski.inmontanis.info\/d\/334142-4\/ge20241223a.jpg \/><\/a><br \/>\n^ GPS-Track 27.12.2022 in Gelb, 23.12.2024 in T\u00fcrkis. Ob man von der ehemaligen Abfahrt rechts wohl durch den Wald und die vorhandenen Wege zur Talstation SL Nord sinnvoll k\u00e4me?<\/p>\n<p>Fazit: Naja, der Bringer ist das Gebiet trotzdem nicht, Skandinavienflair hin oder her. Aber falls ich mal wieder den K\u00e4rnten-Saisonpass haben sollte und nicht nur Nordlift, sondern auch B\u00e4rentallift in Betrieb ist, kann man mal wieder vorbeischauen f\u00fcr ein paar St\u00fcndchen. Aber die DSB in Flattnitz, die ja leider stillgelegt werden musste, war interessanter. Und Hochrindl und Falkert sind auch interessanter.<\/p>\n<p>Danach nochmals Wetterorhersagen und Schneebrichte gecheckt. Heiligenblut hatte Nachmittag wg. Sturm nur noch Talabfahrt und den kurzen Kurven-SL auf der Fleiss-Seite offen. Wird morgen gleich sein bei der Sturmmeldung, Aber wer wei\u00df schon, ob ich in Tarvis oder Ostirol mehr M\u00f6glichkeiten haben w\u00fcrde &#8211; wenn auch zu mehr Sonne, aber dort  zahlen m\u00fcsste. <\/p>\n<p>Hab dann beim Campingplatz vor Heiligenblut angerufen, ob die offen sind und ob ich kommen k\u00f6nnte &#8211; ja, k\u00f6nnte ich, also noch ca. 2-3h Fahrt inkl. Einkaufen. Wird sicherlich g\u00fcnstiger sein als anderswo einen Skipass zu kaufen.<\/p>\n<p>Der Einkauf war etwas gr\u00f6\u00dfer, weil beim Lidl nun die Weihnachtsnaschsachen runtergesetzt sind.<\/p>\n<p>Um 19:35 waren dann alle Eink\u00e4ufe verr\u00e4umt und der PC wieder eingeschaltet und der els\u00e4ssische Flammkuchen auch schon recht warm. Wobei ich Speck+Sahne ja auch die n\u00e4chsten Tage f\u00fcr die Nudeln vorgesehen habe. Interessanterweise wird der Boden des Flammkuchens nicht so sch\u00f6n und schnell knusprig wie bei einer Pizza in der Pfanne. <\/p>\n<p>Leider h\u00e4lt hier ja kein Skibus und soweit ich das an GMaps nachverfolgt hatte, ist das eher wieder so mitten zwischen den Haltestellen und ca. 1km oder so zu gehen, also t\u00e4glich Autofahrt. Der Campingplatz in Heiligenblut l\u00e4ge nahe des \u00dcbungslifts im Tal, wo \u00f6fters ein Skibus vorbei fahren w\u00fcrde. Daf\u00fcr zahlt man halt mehr. Und 8,20 \u20ac Strompauschale. Vielleicht eher was im Fr\u00fchjahr (falls ich nur den Autopreis und nicht den Wohnmobilpreis zahlen w\u00fcrde; Nachfrage per Email blieb unbeantwortet)..<\/p>\n<p>Naja, immerhin hab  ich mir nun die Umwege \u00fcber Italien gespart. Bin seit Saisonstart eh schon \u00fcber 2.000km gefahren?? Soviel wollte ich heuer nicht pro Monat fahren. Sofern ich den Tageskilometerz\u00e4hler resetttet hatte bei Abfahrt, glaub aber schon.<\/p>\n<p>N\u00e4chster Bericht also irgendwann in den n\u00e4chsten Tagen aus Heiligenblut.  <\/p>\n","protected":false},"excerpt":{"rendered":"<p>So, 22.12.2024<\/p>\n<p>Um 6:15 aufgestanden und mal wieder die Wettervorhersagen von 3 Anbietern gecheckt. Laut Bergfex nun auch morgen Sturm in Forni di Sopra, am Dienstag noch mehr. Ob da was gehen wird &#8230; wohl maximal morgen, also dann lieber doch heute Ravascletto? Keine Ahnung, wie windanf\u00e4llig die KSBen in Forni sind. Bergfex meldet 50 <a href=\"http:\/\/blog.inmontanis.info\/?p=10503\">[&#8230;]<\/a><\/p>\n","protected":false},"author":1,"featured_media":10506,"comment_status":"closed","ping_status":"closed","sticky":false,"template":"","format":"standard","meta":{"footnotes":""},"categories":[200,13,841,27],"tags":[36,47],"class_list":["post-10503","post","type-post","status-publish","format-standard","has-post-thumbnail","hentry","category-koralpe","category-austria","category-simonhohe","category-skifahren-winterskiing-winter","tag-castle","tag-sl","odd"],"_links":{"self":[{"href":"http:\/\/blog.inmontanis.info\/index.php?rest_route=\/wp\/v2\/posts\/10503","targetHints":{"allow":["GET"]}}],"collection":[{"href":"http:\/\/blog.inmontanis.info\/index.php?rest_route=\/wp\/v2\/posts"}],"about":[{"href":"http:\/\/blog.inmontanis.info\/index.php?rest_route=\/wp\/v2\/types\/post"}],"author":[{"embeddable":true,"href":"http:\/\/blog.inmontanis.info\/index.php?rest_route=\/wp\/v2\/users\/1"}],"replies":[{"embeddable":true,"href":"http:\/\/blog.inmontanis.info\/index.php?rest_route=%2Fwp%2Fv2%2Fcomments&post=10503"}],"version-history":[{"count":2,"href":"http:\/\/blog.inmontanis.info\/index.php?rest_route=\/wp\/v2\/posts\/10503\/revisions"}],"predecessor-version":[{"id":10505,"href":"http:\/\/blog.inmontanis.info\/index.php?rest_route=\/wp\/v2\/posts\/10503\/revisions\/10505"}],"wp:featuredmedia":[{"embeddable":true,"href":"http:\/\/blog.inmontanis.info\/index.php?rest_route=\/wp\/v2\/media\/10506"}],"wp:attachment":[{"href":"http:\/\/blog.inmontanis.info\/index.php?rest_route=%2Fwp%2Fv2%2Fmedia&parent=10503"}],"wp:term":[{"taxonomy":"category","embeddable":true,"href":"http:\/\/blog.inmontanis.info\/index.php?rest_route=%2Fwp%2Fv2%2Fcategories&post=10503"},{"taxonomy":"post_tag","embeddable":true,"href":"http:\/\/blog.inmontanis.info\/index.php?rest_route=%2Fwp%2Fv2%2Ftags&post=10503"}],"curies":[{"name":"wp","href":"https:\/\/api.w.org\/{rel}","templated":true}]}}