{"id":1049,"date":"2010-01-27T12:00:49","date_gmt":"2010-01-27T11:00:49","guid":{"rendered":"http:\/\/blog.inmontanis.info\/?p=1049"},"modified":"2023-07-30T21:16:16","modified_gmt":"2023-07-30T19:16:16","slug":"abries-queyras-27-1-2010","status":"publish","type":"post","link":"http:\/\/blog.inmontanis.info\/?p=1049","title":{"rendered":"Abries (Queyras), 27.1.2010"},"content":{"rendered":"<p><strong>27.1.2010 &#8211; 5. Tag &#8211; Teil 1: Queyras: Abries <\/strong><br \/>\n<!--more--><br \/>\n<img src=http:\/\/ski.inmontanis.info\/d\/107698-2\/ge_suedalpen201001.jpg \/><br \/>\nG: Abries<\/p>\n<p><a href='http:\/\/ski.inmontanis.info\/d\/108848-3\/P1470243.JPG'><img src=http:\/\/ski.inmontanis.info\/d\/108847-3\/P1470243.JPG \/><\/a><br \/>\n^ Das 3-Sterne-Hotel in Baratier n\u00e4he Embrun, in dem ich jetzt 3 N\u00e4chte war. Durchaus empfehlenswert, gegessen hab ich aus preislichen und zeitlichen Gr\u00fcnden jedoch immer im McDonalds :-)<\/p>\n<p>Heute ging es wieder ein St\u00fcck in den Norden nach Queyras. Als ich hier vor 3 Jahren im Sommer da war, waren es noch 5 &#8220;gr\u00f6\u00dfere&#8221; Skigebiete (+ ein paar Tallifte), das Skigebiet in Brunissard war ja schon stillgelegt &#8211; mittlerweile gibt es nur noch 4, die DSB in Aiguilles ist abgebaut, die Lifte oben somit nicht mehr erreichbar, nur noch die \u00dcbungslifte im Tal sind offen.<\/p>\n<p>Stillgelegte DSB in Aiguilles:<br \/>\n<a href='http:\/\/ski.inmontanis.info\/d\/108852-2\/P1470290.JPG'><img src=http:\/\/ski.inmontanis.info\/d\/108851-3\/P1470290.JPG \/><\/a><br \/>\n^ Abgebaut seit ca. 2 Jahren und somit das obere Skigebiet stillgelegt: DSB in Aiguilles. Die \u00dcbungs-KSSL rechts daneben sind noch in Betrieb.<\/p>\n<p>Sommerbericht von 2007 inkl. einiger Bilder aus Aiguilles und dieser DSB:<br \/>\n<a href='http:\/\/www.sommerschi.com\/forum\/viewtopic.php?f=8&#038;t=769'>http:\/\/www.sommerschi.com\/forum\/viewtopic.php?f=8&#038;t=769<\/a><\/p>\n<p>Bleiben also 4 Gebiete. Bissl viel f\u00fcr einen Tag? Evtl. dann 3 &#8211; Abries, Molines\/Veran und Arvieux oder Ceillac&#8230;..<\/p>\n<p>Die Tageskarte gilt f\u00fcr alle Skigebiete im Queyras, das hei\u00dft ca. 40 Lifte und 100 Pistenkilometer, und kostet &#8220;normalerweise&#8221; g\u00fcnstige \u20ac 22,60. Im Januar, im M\u00e4rz (die Skigebiete machen Ende M\u00e4rz dicht!) kostet die Tageskarte sogar nur \u20ac 19,-, und an Wochenenden w\u00e4hrend der Schulferienzeit (siehe Tarif-PDF) sogar nur 17,-. 6 Tage kosten 85,- bzw. 101,- \u20ac &#8211; durchaus familienfreundliche Preise, wie auch der Rest der Gebiete, also wenn ich Nachwuchs h\u00e4tte, k\u00f6nnte ich mir vorstellen, hier &#8216;ne Woche her zu fahren, Abwechslung gibt&#8217;s mit den 4+ Skigebieten ja durchaus.<\/p>\n<p><a href='http:\/\/www.stationsqueyras.com\/'>http:\/\/www.stationsqueyras.com\/<\/a><\/p>\n<p>Ok, erst mal nach Abries. Oben \u00fcberrascht gewesen, dass es 30-50cm Neuschnee gab, die tw. nicht pr\u00e4pariert waren. Doch gut, dass ich gestern Pra Loup und nicht hier her gefahren bin :)<\/p>\n<p>War mit Racecarver aber etwas m\u00fc\u00dfig. Und in der Karte gesehen, dass man bei beiden linken Hinten\/Au\u00dfenrum-Abfahrten einen Skibus retour braucht, der vor- und nachmittags im 30-min-Takt fuhr. Also lieber darauf verzichtet, auch auf den Skiwechsel, weil ich ja noch 2 weitere Skigebiete abklappern wollte&#8230;..<\/p>\n<p>In eineinhalb Stunden war ich mit dem Rest gut durch (bin nicht alle Varianten gefahren, die rechte Talabfahrt war sogar gesperrt) und fuhr ins n\u00e4chste Gebiet, Molines &#8211; Saint V\u00e9ran, wo ich um 11:35 ankam.<\/p>\n<p>Fotos, anklicken zum Vergr\u00f6\u00dfern, soweit ich sie nicht bereits gro\u00df gepostet hab:<\/p>\n<p><a href='http:\/\/ski.inmontanis.info\/d\/46463-3\/P1180896.JPG'><img src=http:\/\/ski.inmontanis.info\/d\/46461-4\/P1180896.JPG \/><\/a><br \/>\n^ Pistenplan<\/p>\n<p><a href='http:\/\/ski.inmontanis.info\/d\/108856-3\/ge_abries20100127.jpg'><img src=http:\/\/ski.inmontanis.info\/d\/108855-3\/ge_abries20100127.jpg \/><\/a><br \/>\n^ GPS-Track, nicht alle Abfahrten gefahren, von den linken Abfahrten (die rote ist ganz hinten kaum zu sehen!) gibt&#8217;s einen Skibus retour.<\/p>\n<p><a href='http:\/\/ski.inmontanis.info\/d\/108860-3\/P1470245.JPG'><img src=http:\/\/ski.inmontanis.info\/d\/108859-3\/P1470245.JPG \/><\/a><br \/>\n^ Anfahrt und Blick ins Skigebiet, die deutlich zu sehende SL-Trasse ist die des linken SL, fast ganz rechts ist der mittlere SL<\/p>\n<p><a href='http:\/\/ski.inmontanis.info\/d\/108865-3\/P1470246.JPG'><img src=http:\/\/ski.inmontanis.info\/d\/108864-3\/P1470246.JPG \/><\/a><br \/>\n^ 6KSB<\/p>\n<p><a href='http:\/\/ski.inmontanis.info\/d\/108869-3\/P1470248.JPG'><img src=http:\/\/ski.inmontanis.info\/d\/108868-3\/P1470248.JPG \/><\/a><br \/>\n^ Ankunft Bergstation 6KSB mit Blick zum rechten KSSL<\/p>\n<p><a href='http:\/\/ski.inmontanis.info\/d\/108873-3\/P1470249.JPG'><img src=http:\/\/ski.inmontanis.info\/d\/108872-3\/P1470249.JPG \/><\/a><br \/>\n^ gleicher Standpunkt &#8211; der mittlere KSSL<\/p>\n<p><img src=http:\/\/ski.inmontanis.info\/d\/108877-3\/P1470250.JPG \/><br \/>\n^ Oberer Teil des mittleren KSSL. Es gab Neuschnee und kaum eine Abfahrt war pr\u00e4pariert. Tiefschnee!<\/p>\n<p><a href='http:\/\/ski.inmontanis.info\/d\/108882-3\/P1470252.JPG'><img src=http:\/\/ski.inmontanis.info\/d\/108881-3\/P1470252.JPG \/><\/a><br \/>\n^ Zur roten Hintenrum-Abfahrt (Skibus!) geht&#8217;s hier entlang (und dann rechts hinter den Gipfel rum, und dann vmtl. auf langem Skiweg wieder retour. Bin ich nicht gefahren.<\/p>\n<p><img src=http:\/\/ski.inmontanis.info\/d\/108886-3\/P1470253.JPG \/><br \/>\n^ Abfahrt bzw. Pano am mittleren KSSL<\/p>\n<p><a href='http:\/\/ski.inmontanis.info\/d\/108890-3\/P1470254.JPG'><img src=http:\/\/ski.inmontanis.info\/d\/108889-3\/P1470254.JPG \/><\/a><br \/>\n^ Eine der Abfahrten zwischen rechtem und mittleren KSSL<\/p>\n<p><a href='http:\/\/ski.inmontanis.info\/d\/108894-3\/P1470257.JPG'><img src=http:\/\/ski.inmontanis.info\/d\/108893-3\/P1470257.JPG \/><\/a><br \/>\n^ Am rechten KSSL, hier g\u00e4be es richtung Gipfel noch einiges an Erweiterungspotenzial &#8230;<\/p>\n<p><a href='http:\/\/ski.inmontanis.info\/d\/108898-3\/P1470259.JPG'><img src=http:\/\/ski.inmontanis.info\/d\/108897-3\/P1470259.JPG \/><\/a><br \/>\n^ Und im linken KSSL, hier war heute alles Tiefschnee :)<\/p>\n<p><img src=http:\/\/ski.inmontanis.info\/d\/108903-2\/P1470265.JPG \/><br \/>\n^ Bergstation linker KSSL im Glitzerschnee<\/p>\n<p><img src=http:\/\/ski.inmontanis.info\/d\/108907-2\/P1470267.JPG \/><br \/>\n^ Glitzerschnee &#8211; falls jemand ein neutrales Desktop-Hintergrund-Bild braucht :-)<\/p>\n<p><a href='http:\/\/ski.inmontanis.info\/d\/108911-2\/P1470270.JPG'><img src=http:\/\/ski.inmontanis.info\/d\/108910-3\/P1470270.JPG \/><\/a><br \/>\n^ Glitzerschnee<\/p>\n<p><a href='http:\/\/ski.inmontanis.info\/d\/108915-2\/P1470271.JPG'><img src=http:\/\/ski.inmontanis.info\/d\/108914-3\/P1470271.JPG \/><\/a><br \/>\n^ Glitzerschnee<\/p>\n<p><img src=http:\/\/ski.inmontanis.info\/d\/108920-2\/P1470279.JPG \/><br \/>\n^ Glitzerschnee mit Beulen<\/p>\n<p><img src=http:\/\/ski.inmontanis.info\/d\/108924-2\/P1470275.JPG \/><br \/>\n^ Linke Abfahrt am linken KSSL. War heute echt ein tolles Foto-Wetter :-)<\/p>\n<p><a href='http:\/\/ski.inmontanis.info\/d\/108928-2\/P1470276.JPG'><img src=http:\/\/ski.inmontanis.info\/d\/108927-3\/P1470276.JPG \/><\/a><br \/>\n^ Abzweig an der linken KSSL-Abfahrt zur schwarzen Au\u00dfenrumabfahrt (Skibus!), nicht gefahren. Hatte heute leider die falschen Skier f\u00fcr den Tiefschnee an.<\/p>\n<p><a href='http:\/\/ski.inmontanis.info\/d\/108932-2\/P1470277.JPG'><img src=http:\/\/ski.inmontanis.info\/d\/108931-3\/P1470277.JPG \/><\/a><br \/>\n^ Linke Abfahrt am linken KSSL mit Talblick<\/p>\n<p><a href='http:\/\/ski.inmontanis.info\/d\/108936-2\/P1470278.JPG'><img src=http:\/\/ski.inmontanis.info\/d\/108935-3\/P1470278.JPG \/><\/a><br \/>\n^ Beulen- und Glitzerschnee die x-te :-)<\/p>\n<p><img src=http:\/\/ski.inmontanis.info\/d\/108940-2\/P1470287.JPG \/><br \/>\n^ Pano<\/p>\n<p><a href='http:\/\/ski.inmontanis.info\/d\/108945-2\/P1470283.JPG'><img src=http:\/\/ski.inmontanis.info\/d\/108944-3\/P1470283.JPG \/><\/a><br \/>\n^ Zoom aufgelassener (rechter) KSSL in Ristolas<\/p>\n<p>Fazit: Dass die linken 2 Abfahrten, v.a. die schwarze, doch so interessant w\u00e4ren, hab ich erst im Nachhinein wieder im GE entdeckt. Muss ich also nochmal her, inklusive der beiden Skibus-Abfahrten. Durch die d\u00fcrfte dieses Skigebiet n\u00e4mlich um einiges interessanter sein.<\/p>\n","protected":false},"excerpt":{"rendered":"<p>27.1.2010 &#8211; 5. Tag &#8211; Teil 1: Queyras: Abries <\/p>\n<p> <a href=\"http:\/\/blog.inmontanis.info\/?p=1049\">[&#8230;]<\/a><\/p>\n","protected":false},"author":1,"featured_media":0,"comment_status":"open","ping_status":"closed","sticky":false,"template":"","format":"standard","meta":{"footnotes":""},"categories":[71,16,286,27],"tags":[56,48],"class_list":["post-1049","post","type-post","status-publish","format-standard","hentry","category-201001-southernalps","category-france","category-queyras","category-skifahren-winterskiing-winter","tag-6sb","tag-kssl","odd"],"_links":{"self":[{"href":"http:\/\/blog.inmontanis.info\/index.php?rest_route=\/wp\/v2\/posts\/1049","targetHints":{"allow":["GET"]}}],"collection":[{"href":"http:\/\/blog.inmontanis.info\/index.php?rest_route=\/wp\/v2\/posts"}],"about":[{"href":"http:\/\/blog.inmontanis.info\/index.php?rest_route=\/wp\/v2\/types\/post"}],"author":[{"embeddable":true,"href":"http:\/\/blog.inmontanis.info\/index.php?rest_route=\/wp\/v2\/users\/1"}],"replies":[{"embeddable":true,"href":"http:\/\/blog.inmontanis.info\/index.php?rest_route=%2Fwp%2Fv2%2Fcomments&post=1049"}],"version-history":[{"count":3,"href":"http:\/\/blog.inmontanis.info\/index.php?rest_route=\/wp\/v2\/posts\/1049\/revisions"}],"predecessor-version":[{"id":3336,"href":"http:\/\/blog.inmontanis.info\/index.php?rest_route=\/wp\/v2\/posts\/1049\/revisions\/3336"}],"wp:attachment":[{"href":"http:\/\/blog.inmontanis.info\/index.php?rest_route=%2Fwp%2Fv2%2Fmedia&parent=1049"}],"wp:term":[{"taxonomy":"category","embeddable":true,"href":"http:\/\/blog.inmontanis.info\/index.php?rest_route=%2Fwp%2Fv2%2Fcategories&post=1049"},{"taxonomy":"post_tag","embeddable":true,"href":"http:\/\/blog.inmontanis.info\/index.php?rest_route=%2Fwp%2Fv2%2Ftags&post=1049"}],"curies":[{"name":"wp","href":"https:\/\/api.w.org\/{rel}","templated":true}]}}