{"id":10484,"date":"2024-12-10T20:40:50","date_gmt":"2024-12-10T19:40:50","guid":{"rendered":"http:\/\/blog.inmontanis.info\/?p=10484"},"modified":"2024-12-11T21:08:30","modified_gmt":"2024-12-11T20:08:30","slug":"hinterstoder-8-10-12-2024-oberosterreich","status":"publish","type":"post","link":"http:\/\/blog.inmontanis.info\/?p=10484","title":{"rendered":"Hinterstoder, 8.-10.12.2024 (Ober\u00f6sterreich)"},"content":{"rendered":"<p><strong>So, 8.12.2024<\/strong><\/p>\n<p>Vom S\u00fcden Bayerns aus gings \u00fcber die A8 an Salzburg vorbei bis fast Linz und dann mit der Pyhrn-Autobahn richtung Liezen. Auf dem Teil der A8 gab es keinen Rastplatz mit WC (nur Rastst\u00e4tten) und auch in \u00d6sterreich hatte es laaange gedauert, bis endlich ein Rastplatz mit WC kam. Und wenige km danach w\u00e4r der n\u00e4chste gewesen, wie bl\u00f6d ist das denn!<\/p>\n<p>Dass die Spritpreise in DE und AT auf den Autobahnen wesentlich teurer sind, ist ja bekannt (in Italien kann das auch mal umgekehrt sein!), aber dass es jetzt 50-60 Cent in AT sind, 2,10 vs 1,50 \u20ac, da wundert man sich schon, wer da noch tankt!<\/p>\n<p><a href='http:\/\/extra.inmontanis.info\/d\/129402-2\/DSC09679.jpg'><img src=http:\/\/extra.inmontanis.info\/d\/129401-3\/DSC09679.jpg \/><\/a><br \/>\n^ In AT gibts jetzt Schilder vor den Tunneln: Beschlag im Tunnel, Scheibenwischer einschalten&quot; .. aua .. solche AUtofahrer sollten den F\u00fchrerschein abgeben, die diesen Hinweis brauchen. \u00dcbrigens ein Tunnel nach dem anderen auf der Autobahn, zusatzmautpfliichtig ist dann aber erst der Tunnel zwischen Spital\/Pyhrn und Liezen, wobei der Pyhrnpass ja pipifax ist. <\/p>\n<p>Kurz vor Windischgarsten kommt man an einem ulkigen Ortsnamen vorbei &#8220;Klaus an der Pyhrnbahn&#8221;. Ob es wohl bei der Pyhrnbahn einen Klaus aus Klaus an der Pyhnrbahn gibt? ;)<\/p>\n<p>Wobei &#8230; und Hinterstoder liegt auch zu hinterst, oder?!<\/p>\n<p><a href='http:\/\/extra.inmontanis.info\/d\/129406-2\/DSC09683.jpg'><img src=http:\/\/extra.inmontanis.info\/d\/129405-3\/DSC09683.jpg \/><\/a><br \/>\n^ Anfahrt nach Hinterstoder<\/p>\n<p>Um 11:40 kam ich in Hinterstoder am Parkplatz der recht neuen 10er Gondelbahn an. NEVER EVER h\u00e4tte ich erwartet, dass bei dem heutigen Wetter der Parkplatz SOOOO voll sein w\u00fcrde. Wow. Das Skigebiet sollte man an Wochenenden und in den Ferienzeiten wohl nicht besuchen. <\/p>\n<p>Immerhin ist nun nicht mehr nur die 6KSB oben offen , sondern auch eine weitere 10EUB. Plus 2 SL. Talabfahrt aber noch geschlossen. Es g\u00e4be auch eine Mautstra\u00dfe und Parkpl\u00e4tze an der Bergstation der EUB.<\/p>\n<p>In der Gondelbahn sitzend auf den Parkplatz schauend: Das ist gerade mal der halbe Parkplatz, der voll ist!!! Was hab ich mir da heuer nur angetan &#8230;  <\/p>\n<p>An der Mittelstation (EUB-Bergstation) leichter Nebel-Nieselregen, entsprechend nasse SL-B\u00fcgel, Bergstation 6KSB etwas Schneefall, hier waren die Pisten gut, aber zur Talstation der oberen 10EUB war es eisig und knollig. Warum man da eine 10EUB hingeknallt hat, ist ja auch etwas eigenartig.<\/p>\n<p>Bekannt kam mir nat\u00fcrlich nix mehr vor hier oben, einfach schon zu lang her, mein letzter Besuch. <\/p>\n<p>Vom 28.12.1988 bis 5.1.1989 waren wir in Hinterstoder, bzw. 7 Tage Hinterstoder und dann 2 Tage Wurzer Alm laut meinen Aufzeichnungen. Kann gut sein, dass ich meine Eltern zum Besuch der Wurzeralm \u00fcberreden musste ;) Soweit ich mich erinnern konnte, gefiel es mir da besser.<\/p>\n<p>Allerdings hatte ich ein Erlebnis mit Hinterstoder verbunden, von dem ich nun nicht mehr sicher bin, ob das wirklich dort war, denn meiner Erinnerung nach gab es irgendwo auf der rechten Seite des Skigebiets einen SL, der vielleicht etwas alleinstehend war, evtl. musste man eine DSB als Verbindung fahren oder kam vom SL zur DSB. All das trifft hier ja nicht wirklich zu, DSB+SL sind oberhalb der EUB, wobei die obere EUB fr\u00fcher einen SL-Vorg\u00e4nger hat, aber ob der dazu passt und so steil war&#8230; <\/p>\n<p>Jedenfalls erinnere ich mich an eine steile und eisige Lifttrasse im Wald, die ich mit meiner Mutter raufgefahren bin und vor uns ist dann jemand im Lift gest\u00fcrzt. Keine Ahnung mehr, ob der Lift angehalten hatte oder nicht, irgendwas ist die Lifttrasse runtergerutscht, Ski, Stock oder Person und ich war der Meinung, dass wir im Lift stehend dieses rutschende Etwas mit unseren Skiern aufhalten k\u00f6nnen, wenn es auf uns landet, daher nicht auf die Seite gegangen. Tja, die Wucht des Aufpralls hatte uns auch aus dem Lift geschmissen.<\/p>\n<p>Meine Mutter wei\u00df auch nicht mehr, wo das war, erinnert sich aber an eine sehr eisige SL-Trasse im Gasteinertal. An die Skigebiete in Gastein hab ich auch gar keine Erinnerung mehr, obwohl das sp\u00e4ter in den 90ern war. Nur der Ort selbst mit dem sch\u00f6nen steilen Wasserfall und den alten &#8220;Ostblock-Charme&#8221;-H\u00e4usern blieb mir in Erinnerung.<\/p>\n<p>Immerhin mal wieder die Heizung meiner Skibrille brauchen k\u00f6nnen, denn es gab gefrierenden Nebel auf der Scheibe &#8211; was ich letztes Jahr ja noch nicht testen konnte. Nun, es verhindert den Beschlag zwar nicht ganz, aber es verhindert zumindest das anfrieren, so dass man es leicht wegwischen kann. Insofern, passt. Meine Kleidung wurde bei so einem Wetter nat\u00fcrlich n\u00e4sser. Und schon  wieder w\u00fcnsch ich mir den letzten Winter in Lappland zur\u00fcck ;) Allerdings nicht mit den heurigen Schneeh\u00f6hen dort.<\/p>\n<p>Sp\u00e4ter gab es auch mal st\u00e4rkeren Schneefall und das auch an der Mittelstation. <\/p>\n<p><a href='http:\/\/ski.inmontanis.info\/d\/333311-2\/DSC09687.jpg'><img src=http:\/\/ski.inmontanis.info\/d\/333309-3\/DSC09687.jpg \/><\/a><br \/>\n^ Pistenplan und heutige \u00d6ffnung<\/p>\n<p><a href='http:\/\/ski.inmontanis.info\/d\/333315-2\/DSC09693.jpg'><img src=http:\/\/ski.inmontanis.info\/d\/333314-3\/DSC09693.jpg \/><\/a><br \/>\n^ Im Skigebiet findet man auch noch \u00e4ltere Pistenpl\u00e4ne, wo noch die 6EUB vom Tal aus eingezeichnet ist, und die eine andere Perspektive haben<\/p>\n<p><a href='http:\/\/ski.inmontanis.info\/d\/333319-2\/DSC09688.jpg'><img src=http:\/\/ski.inmontanis.info\/d\/333318-3\/DSC09688.jpg \/><\/a><br \/>\n^ 10EUB H\u00f6ssbahn vom Tal<\/p>\n<p><a href='http:\/\/ski.inmontanis.info\/d\/333323-2\/DSC09691.jpg'><img src=http:\/\/ski.inmontanis.info\/d\/333322-3\/DSC09691.jpg \/><\/a><br \/>\n^ .. mit Einzelsitzen (unbeheizt) und innenliegenden Skik\u00f6chern<\/p>\n<p><a href='http:\/\/ski.inmontanis.info\/d\/333327-2\/DSC09694.jpg'><img src=http:\/\/ski.inmontanis.info\/d\/333326-3\/DSC09694.jpg \/><\/a><br \/>\n^ Die 6KSB oben hat dankenswerterweise die w\u00e4rmeren, harten Sitze und eine Haube &#8211; aber die n\u00fctzt nix, wenn es Deppen gibt, die bei Schneefall die Haube nicht schlie\u00dfen.<\/p>\n<p>\u00dcberzeugen konnnte mich heute hier nix, allerdings lag meine Hoffnung von vornherein auf dem Gipfellift und DSB+SL neben der 6KSB um diese umfahren zu k\u00f6nnen, all das ist aktuell ja noch geschlossen. Und auf die nahe Wurzeralm, die mir meiner Erinnerung nach schon damals besser gefallen hatte. <\/p>\n<p>Zur Bergstation der  EUB f\u00fcr die Talfahrt muss man 3 F\u00f6rderb\u00e4nder mit bescheuertem 90\u00b0 Ausstieg nehmen, den Konstrukteur, der sich das hat einfallen lassen, sollte man auch an den Eiern auf den n\u00e4chsten Baum aufh\u00e4ngen.<\/p>\n<p>Das kurze 3. F\u00f6rderband hab ich nicht genommen, da hab ich die Kindergruppe auf der daneben liegenden Treppe zu Fu\u00df \u00fcberholt. <\/p>\n<p>Regen und Schmeematsch, gesalzene Stra\u00dfen, verschmutzte Windschutzscheiben. Willkommen im Alpen-Winter und komplett kontr\u00e4r zu meinem letztj\u00e4hrigen Winter. Ich hab ja immer noch das Scheibenfrostschutzwasser von letztem Sommer drin. Ich brauch ja sowieso recht wenig, aber in Nordschweden\/Nordfinnland im Winter braucht man halt gar nix, erstens sowieso irgendwann gefroren :) Aber die Scheiben werden ja auch nicht dreckig ohne Salzstreuung und alle paar Tage liegt Schnee und man macht die Scheibe vor Abfahrt eh sauber oder wischt ohne Wasser. Und im Sommer in England hats auch oft genug geregnet.<\/p>\n<p>Die Camping\/Stellplatzsituation hier in der Gegend im Winter: Hinterstoder &#038; Wurzeralm erlauben das n\u00e4chtigen auf ihren Parkpl\u00e4tzen in einem bestimmten Bereich, aber nur gegen eine Geb\u00fchr von 10 \u20ac pro Fzg. + 3,- \u20ac Kurtaxe pro Person, also 13 \u20ac (gilt von 11-11 Uhr), aber eben ohne Strom und ohne dauerhaft offene Toiletten.  Und hier in Hinterstoder ist der Platz ganz am Ende des Schotterparkplatzes, nicht wie es auf dem Bild im Internet gezeigt wird, am Ende vom Asphaltparkplatz = da ist jetzt Busparkplatz.<\/p>\n<p>Man kann nur online bezahlen und bekommt leider auch als Saisonkarteninhaber keine Erm\u00e4\u00dfigung.<\/p>\n<p>In ca. 15-20km Entfernung gibt es vielleicht einige freie Parkpl\u00e4tze in den anderen Ortschaften. Der offiziell wohl n\u00e4chste im Winter ge\u00f6ffnete Campingplatz ist 47km Fahrt entfernt (einfach), was also nur f\u00fcr Stromnachladen sinnvoll w\u00e4re, nicht f\u00fcr mehrere Tage. 1 Person im Winter wohl knapp unter 30 \u20ac. Um ca. 22,50 (Tarif nur f\u00fcr Auto, nicht f\u00fcr Vans) g\u00e4be es noch einen Campingplatz zwischen Hinterstoder und (n\u00e4her an:) Wurzeralm, aber die haben im Winter nicht &#8220;richtig&#8221; offen, eher so nach dem Motto, wenn die Betreiber grad vor Ort (=daheim) sind,  dann soll man einchecken k\u00f6nnen. Und leider f\u00e4hrt der Skibus ganz wo anders entlang. Eh ein sehr kurioses System, der Skibus hier ist zwar kostenlos, aber man muss ein Ticket mitf\u00fchren, das man sich im Internet (f\u00fcr die ganze Saison g\u00fcltig und ohne Registrierung) downloaden kann??!! Wer denkt sich so einen Bl\u00f6dsinn aus und mit welcher Begr\u00fcndung? <\/p>\n<p>In der N\u00e4he des nahen Windischgarsten war ja eine der 3 Ferienwohnungen, die ich mir damals angesehen hatte und die in die engere Wahl kamen, die andere war ja am Gaberl und eben die auf der Koralpe, die ich mir dann gekauft hatte. Die hier war im Erdgeschoss (eines ehemaligen Hotel-Anbaus oder so); meine Kritikpunkte waren damals der weit entfernte \/ nicht vorhandene Parkplatz (wobei das bei mir auch nicht so ganz optimal ist), es gab mehr Spinnen in der Wohnung und ich hatte mir oben auf der Koralpe erhofft, dass ich da im Sommer ohne Klimaanlage auskommen k\u00f6nnte. Und weil sie eben auch g\u00fcnstiger war. Glaub das h\u00e4tte sonst durchaus die Sache nochmals drehen k\u00f6nnen. Wobei Wolfsberg zum Einkaufen schon sch\u00f6ner ist (mehr+gr\u00f6\u00dfere Superm\u00e4rkte, McD, BK, ..) als Windischgarsten. N\u00e4her an Schweden w\u00e4r man nat\u00fcrlich hier. <\/p>\n<p>Da ich morgen oder \u00fcbermorgen ja eh die Pakete abholen muss und morgen mehr Schneefall gemeldet wird, spar ich mir die \u00dcbernachtung heute hier an der Bahn und \u00fcbernachte gratis anderswo und geh dann mittags erst die Pakete holen.<\/p>\n<p><strong>Mo, 9.12.2024<\/strong><\/p>\n<p>Schon vor 5:30 Uhr reger Schneer\u00e4umverkehr und auch so war am Parkplatz bissl was los. Aber als ich um 7:30 aus dem Fenster sah, konnte ich nirgends Neuschnee sehen, also keine Ahnung, was das dann f\u00fcr ein L\u00e4rm morgens war.<\/p>\n<p>Einen anderen L\u00e4rm gab es vormittags auch noch: Eulen. Schon lang keine mehr geh\u00f6rt, die waren die letzten Wochen im UK sehr selten. Und hier heute mind. 1 oder sogar 2.<\/p>\n<p>Ich fuhr die Amazonpakete abholen, ging noch in den Supermarkt und verplemperte noch eine Viertelstunde, um den stromlosen Stellplatz in Hinterstoder um 13 \u20ac pro Nacht online zu buchen und zu zahlen, um mich dann geich hinstellen zu k\u00f6nnen. <\/p>\n<p>Vor Ort am Parkplatz angekommen, waren die Wohnmobilstellpl\u00e4tze ganz wo anders als am Bild zu erkennen, n\u00e4mlich mal eben doppelt so weit von der Talstation entfernt, ein ewiger Fu\u00dfweg, insb. falls man auch mal aufs Klo wollen sollte.<\/p>\n<p>Der n\u00e4chste kleine \u00c4rger an der Seilbahn, die obere 10EUB ist heute wieder geschlossen &#8211; wohl nur am WE derzeit offen?!  Wohl nicht ganz, am MI stand sie wieder als &#8220;offen&#8221; im Schneebericht.<\/p>\n<p>W\u00e4hrend im Tal die Sicht ganz OK war, war der Nebel ab ca. Mittlestation  umso dichter. Diesmal etwas neben den Pisten gefahren, sch\u00f6n pulvrig dort.<\/p>\n<p><a href='http:\/\/ski.inmontanis.info\/d\/333331-2\/DSC09701.jpg'><img src=http:\/\/ski.inmontanis.info\/d\/333330-3\/DSC09701.jpg \/><\/a><br \/>\n^ Zwischen Windischgarsten und Vorderstoder<\/p>\n<p><a href='http:\/\/ski.inmontanis.info\/d\/333335-2\/DSC09704.jpg'><img src=http:\/\/ski.inmontanis.info\/d\/333334-3\/DSC09704.jpg \/><\/a><br \/>\n^ Beim Vorbeifahren nicht entdeckt, aber hier im Bild, da oben links von den B\u00e4umen ist eine SL-Bergstation. \u00dcberhaupt gab es in Vorderstoder etliche Tallifte, von denen nix mehr \u00fcbrig ist.<\/p>\n<p><a href='http:\/\/ski.inmontanis.info\/d\/333339-2\/DSC09705.jpg'><img src=http:\/\/ski.inmontanis.info\/d\/333338-3\/DSC09705.jpg \/><\/a><br \/>\n^ Vorderstoder<\/p>\n<p><a href='http:\/\/ski.inmontanis.info\/d\/333343-2\/DSC09709.jpg'><img src=http:\/\/ski.inmontanis.info\/d\/333342-3\/DSC09709.jpg \/><\/a><br \/>\n^ Vorderstoder, noch so eine verr\u00e4terische Ex-Lift-Trassen+Schneise<\/p>\n<p><a href='http:\/\/ski.inmontanis.info\/d\/333347-2\/DSC09710.jpg'><img src=http:\/\/ski.inmontanis.info\/d\/333346-3\/DSC09710.jpg \/><\/a><br \/>\n^ Vorderstoder-Hinterstoder<\/p>\n<p><a href='http:\/\/ski.inmontanis.info\/d\/333351-2\/DSC09714.jpg'><img src=http:\/\/ski.inmontanis.info\/d\/333350-3\/DSC09714.jpg \/><\/a><br \/>\n^ Das kam mir gestern Abend in Gegenrichtung etwas bekannt vor<\/p>\n<p><a href='http:\/\/ski.inmontanis.info\/d\/333355-2\/DSC09716.jpg'><img src=http:\/\/ski.inmontanis.info\/d\/333354-3\/DSC09716.jpg \/><\/a><br \/>\n^ Gut poppen im Poppengut?  :)<\/p>\n<p><a href='http:\/\/ski.inmontanis.info\/d\/333359-2\/DSC09718.jpg'><img src=http:\/\/ski.inmontanis.info\/d\/333358-3\/DSC09718.jpg \/><\/a><br \/>\n^ Mautstra\u00dfe zur Mittelstation mit Schneekettenpflicht, der montiert sie gerade<\/p>\n<p><a href='http:\/\/ski.inmontanis.info\/d\/333363-2\/DSC09720.jpg'><img src=http:\/\/ski.inmontanis.info\/d\/333362-3\/DSC09720.jpg \/><\/a><br \/>\n^ Vom Stellplatz \u00fcber den ganzen Parkplatz zur Abfahrt und der 10EUB-Trasse; rechts zu sehen dann wohl die alte Trasse der 6EUB<\/p>\n<p><a href='http:\/\/ski.inmontanis.info\/d\/333367-2\/DSC09721.jpg'><img src=http:\/\/ski.inmontanis.info\/d\/333366-3\/DSC09721.jpg \/><\/a><br \/>\n^ Parkpl\u00e4tze; lt. Website (und vielleicht im Sommer so) sollte der Stellplatz vor dem Ende des asphaltierten (und ger\u00e4umten) Bereichs sein, aber jetzt ist er ganz hinten, wo ich die gr\u00fcne Markierung gesetzt hab<\/p>\n<p><a href='http:\/\/ski.inmontanis.info\/d\/333371-2\/DSC09722.jpg'><img src=http:\/\/ski.inmontanis.info\/d\/333370-3\/DSC09722.jpg \/><\/a><br \/>\n^ 10EUB H\u00f6ssbahn und Talabfahrt<\/p>\n<p><a href='http:\/\/ski.inmontanis.info\/d\/333375-2\/DSC09726.jpg'><img src=http:\/\/ski.inmontanis.info\/d\/333374-3\/DSC09726.jpg \/><\/a><br \/>\n^ SL Almlift und der steile SL H\u00f6sslift, beide noch geschlossen. Hoffe, dass der rechte mal offen sein wird und ich damit die 6KSB umfahren werde k\u00f6nnen<\/p>\n<p><a href='http:\/\/ski.inmontanis.info\/d\/333379-2\/DSC09729.jpg'><img src=http:\/\/ski.inmontanis.info\/d\/333378-3\/DSC09729.jpg \/><\/a><br \/>\n^ Am SL Schullift ist mehr los als an der 6KSB :)<\/p>\n<p><a href='http:\/\/ski.inmontanis.info\/d\/333383-2\/DSC09731.jpg'><img src=http:\/\/ski.inmontanis.info\/d\/333382-3\/DSC09731.jpg \/><\/a><br \/>\n^ Bergstation 10EUB in Dunkelgrau, links daneben dann wohl die alte 6EUB-Bergstation, die auch nach oben einen Ausgang hat &#8211; evtl. mal eine 2. Sektion geplant gewesen; \u00fcberdacht die 3 F\u00f6rderb\u00e4nder, mit denen man zur Bergstation kommt, h\u00e4tte man nicht einen Tellerlift bauen k\u00f6nnen?!<\/p>\n<p><a href='http:\/\/ski.inmontanis.info\/d\/333387-2\/DSC09733.jpg'><img src=http:\/\/ski.inmontanis.info\/d\/333386-3\/DSC09733.jpg \/><\/a><br \/>\n^ Blick links der 6KSB wo irgendwo die DSB starten soll (derzeitiger Offpiste-Bereich hier, der z.B: vom SL Schullift zu erreichen war)<\/p>\n<p><a href='http:\/\/ski.inmontanis.info\/d\/333391-2\/DSC09735.jpg'><img src=http:\/\/ski.inmontanis.info\/d\/333390-3\/DSC09735.jpg \/><\/a><br \/>\n^ Mittelstations-Plateau<\/p>\n<p><a href='http:\/\/ski.inmontanis.info\/d\/333395-2\/DSC09738.jpg'><img src=http:\/\/ski.inmontanis.info\/d\/333394-3\/DSC09738.jpg \/><\/a><br \/>\n^ Die beiden Gipfel-SL, die es 1989 noch nicht gab. Auf die freu ich mich, hoffentlich halten die.<\/p>\n<p><a href='http:\/\/ski.inmontanis.info\/d\/333399-2\/DSC09739.jpg'><img src=http:\/\/ski.inmontanis.info\/d\/333398-3\/DSC09739.jpg \/><\/a><br \/>\n^ Bergstationen 6KSB und DSB<\/p>\n<p><a href='http:\/\/ski.inmontanis.info\/d\/333403-2\/DSC09740.jpg'><img src=http:\/\/ski.inmontanis.info\/d\/333402-3\/DSC09740.jpg \/><\/a><br \/>\n^ Blick von der Bergstation 10EUB ins Skigebiet mit der sehr schr\u00e4g verlaufenden 6KSB, die 2 SL quert. Die DSB w\u00e4re weiter links<\/p>\n<p>Der Vorteil an dem Nachtplatz hier hinten wird wohl sein, dass er ruhiger ist als der vermeintliche &#8220;Sommerplatz&#8221; am Asphalt. Allerdings blieb ich nicht allein, in der Dunkelheit nach 17 Uhr kam noch ein Wohnmobil.<\/p>\n<p>Weil 50% runtergesetzt, hab ich mir einen abgepackten Schoko-Gugelhupf heute Mittag im Supermarkt gekauft. Also wollt ich den nach dem Essen anschneiden &#8230; uupsi &#8230; Die Gabel von der Gabel-Steakmesser-Kombi hab ich dabei, aber das Messer ist nicht mit drin. Na sowas. Hatte ich das nach dem Reinigen daheim nicht wieder in den richtigen Beutel oder ist es irgendwo rausgefallen und somit wo anders? <\/p>\n<p>Nun w\u00e4r so ein Gugelhupf ja nicht so fest, dass man ihn nich auch mit einer Gabel zerteilen k\u00f6nnte. Entschied mich f\u00fcr das Holzmesserchen, das ist noch stumpfer als das McD-Pappmesser, das ich auch noch dabei hab.<\/p>\n<p>1 Tag sollte sich wohl noch ausgehen batteriem\u00e4\u00dfig, wenn ich den Campingplatz in der Gegend nicht besuchen k\u00f6nnen sollte; f\u00fcr 2 sollte ich wohl besesr ein St\u00fcck fahren = erstens zum Nachladen, zweitens um auf den Fahrten hin+retour auch W\u00e4rme zu generieren.<\/p>\n<p><strong>Di, 10.12.2024<\/strong><\/p>\n<p>Um 5 Uhr machten M\u00e4nner mit Stirnlampen ziemlich L\u00e4rm hier am Platz, h\u00f6rte sich teilweise so an,als wollten sie eine Baustelle einrichten, redeten laut herumm, telefonierten, verschoben oder stellten metallerne Dinger auf. So viel zum Thema &#8220;hier hinten steht man ruhig&#8221;!!!<\/p>\n<p>Sah nach 7 Uhr dann nach einem Kanaldeckel aus, der da ca. 3m neben mir ist. Nur gut, dass der nicht unter meinem Auto war oder unter dem vom Wohnmobil. (Schon witzig, dass in dem Wort &#8220;Kanaldeckel&#8221; sowohl &#8220;anal&#8221; wie auch &#8220;kacke&#8221; drin steckt ;) )<\/p>\n<p>Vormittags kam tats\u00e4chlich etwas Sonne runter ins Tal. D.h. ein Vorteil des hinteren Platzes w\u00e4re auch, dass er am fr\u00fchesten in der Sonne liegt.<\/p>\n<p>Hab gestern Abend nochmals beim Campingplatz nachgefrag, ich k\u00f6nnte auch heute kommen. 22,50 plus Autofahrt daf\u00fcr ruhiger und w\u00e4rmer dank Strom, h\u00f6rt sich f\u00fcr die jetzige Jahreszeit besser an. Im Fr\u00fchjahr mag das dann anders entschieden werden.<\/p>\n<p>Bei ca. 17km einfache Fahrt &#8230; 35 km am Tag sind im Monat auch ca. 1.000 km, ohne von einem zu einem anderen Skigebiet gefahren zusein. In Heiligenblut sinds ja ca. 20km einfach vom zuletzt verwendeten Campingplatz. Daf\u00fcr spart man sich dann ca. 8-15 \u20ac pro Nacht ein, den der Platz in Heiligenblut selbst mehr kosten w\u00fcrde, wo aber auch ein Skibus in der N\u00e4he halten sollte.<\/p>\n<p>(Ja, leider hatte die Paketstelle heute Nachmittag nicht offen, sonst h\u00e4tte ich das heute statt gestern holen k\u00f6nnen.)<\/p>\n<p>Auch oben gab es heute besseres Wetter als gemeldet. Gefiel mir heute schon besser, insb. aussichtsm\u00e4\u00dfig. Trotz Waldpisten steile Felsw\u00e4nde und ohne diese extrem modellierten und verfangz\u00e4unten Pisten wie in IT.<\/p>\n<p>Dennoch war der SL Schullift auch heute wieder mein Lieblingslift &#8211; erstens weil SL und zweitens, weil nicht zu kurz und nicht zu flach und die Piste etwas breiter pr\u00e4pariert gestern und mit pulvrigem Neuschnee drauf toll zu fahren war.<\/p>\n<p>Kalt war&#8217;s aber schon, Schuh- und Handschuhheizungen angenehm, wobei ich bei der linken Sohle anscheinend auch wieder was reparieren m\u00fcsste&#8230;<\/p>\n<p><a href='http:\/\/ski.inmontanis.info\/d\/333407-2\/DSC09744.jpg'><img src=http:\/\/ski.inmontanis.info\/d\/333406-3\/DSC09744.jpg \/><\/a><br \/>\n^ 10EUB H\u00f6ssbahn, Talabfahrt und links evtl. die ehemalige 6EUB-Talstation<\/p>\n<p><a href='http:\/\/ski.inmontanis.info\/d\/333411-2\/DSC09751.jpg'><img src=http:\/\/ski.inmontanis.info\/d\/333410-3\/DSC09751.jpg \/><\/a><br \/>\n^ Gipfelschau aus der Gondel vom Tal<\/p>\n<p><a href='http:\/\/ski.inmontanis.info\/d\/333415-2\/DSC09752.jpg'><img src=http:\/\/ski.inmontanis.info\/d\/333414-3\/DSC09752.jpg \/><\/a><br \/>\n^ Mittelstations-Plateau mit der 6KSB links und rechts der kurze, aber nette SL Sonnkogel<\/p>\n<p><a href='http:\/\/ski.inmontanis.info\/d\/333419-2\/DSC09754.jpg'><img src=http:\/\/ski.inmontanis.info\/d\/333418-3\/DSC09754.jpg \/><\/a><br \/>\n^ Start Abfahrten oben von der 6KSB; die Gipfellifte w\u00e4ren links<\/p>\n<p><a href='http:\/\/ski.inmontanis.info\/d\/333423-2\/DSC09755.jpg'><img src=http:\/\/ski.inmontanis.info\/d\/333422-3\/DSC09755.jpg \/><\/a><br \/>\n^ Nicht nur an der Mittelstation gibt es ein Plateau, auch hier an der Bergstation. Dahinter die beiden Gipfel-SL. Manchmal gab es in diesem Jahrtausend auch in \u00d6stereich echt gute Erweiterungen. Und super, dass da nur 2 SL raufgebaut wurden und nicht eine 8KSB.<\/p>\n<p><a href='http:\/\/ski.inmontanis.info\/d\/333427-2\/DSC09756.jpg'><img src=http:\/\/ski.inmontanis.info\/d\/333426-3\/DSC09756.jpg \/><\/a><br \/>\n^ Abfahrten und Lifttrasse sind sogar schon pr\u00e4pariert, vielleicht machen die Lifte schon am WE auf? Selbst wenn die Abfahrt langweilig sein sollte, ist das sicherlich ein Paradebeispiel f\u00fcr die bekannten i-t\u00fcpfelchen-Lifte.<\/p>\n<p><a href='http:\/\/ski.inmontanis.info\/d\/333431-2\/DSC09757.jpg'><img src=http:\/\/ski.inmontanis.info\/d\/333430-3\/DSC09757.jpg \/><\/a><br \/>\n^ Tiefschnee neben der Piste, links gehts extrem steil abw\u00e4rts und gegen\u00fcber gibts steile Felsen<\/p>\n<p><a href='http:\/\/ski.inmontanis.info\/d\/333435-2\/DSC09759.jpg'><img src=http:\/\/ski.inmontanis.info\/d\/333434-3\/DSC09759.jpg \/><\/a><br \/>\n^ Blick in umgekehrter Richtung. Schade, das hier oben nicht noch ein leichter SL irgendwie steht, sch\u00f6n sonnig, sch\u00f6ne leichte H\u00e4nge, bevor es nun links scchattiger und steiler wird<\/p>\n<p><a href='http:\/\/ski.inmontanis.info\/d\/333439-2\/DSC09762.jpg'><img src=http:\/\/ski.inmontanis.info\/d\/333438-3\/DSC09762.jpg \/><\/a><br \/>\n^ Das da hinten &#8230;<\/p>\n<p><a href='http:\/\/ski.inmontanis.info\/d\/333443-2\/DSC09763.jpg'><img src=http:\/\/ski.inmontanis.info\/d\/333442-3\/DSC09763.jpg \/><\/a><br \/>\n^ .. ist auch eine steile Felsmauer. Irgendwo auf der R\u00fcckseite von diesen steilen Felsen hier herum ist ja dann das Skigebiet Tauplitzalm<\/p>\n<p><a href='http:\/\/ski.inmontanis.info\/d\/333447-2\/DSC09764.jpg'><img src=http:\/\/ski.inmontanis.info\/d\/333446-3\/DSC09764.jpg \/><\/a><br \/>\n^ Skiweg Abfahrt 3, auch nett, keine Z\u00e4une am Rand wie in Italien und auch bei weitem nicht so modelliert.<\/p>\n<p><a href='http:\/\/ski.inmontanis.info\/d\/333451-2\/DSC09785.jpg'><img src=http:\/\/ski.inmontanis.info\/d\/333450-3\/DSC09785.jpg \/><\/a><br \/>\n^ Skiweg Abfahrt 3 von vorhin, aber diesmal in Gegenrichtung und etwas weiter oben fotografiert<\/p>\n<p><a href='http:\/\/ski.inmontanis.info\/d\/333455-2\/DSC09766.jpg'><img src=http:\/\/ski.inmontanis.info\/d\/333454-3\/DSC09766.jpg \/><\/a><br \/>\n^ 10EUB Hirschkogel, war letztes WE schon offen<\/p>\n<p><a href='http:\/\/ski.inmontanis.info\/d\/333459-2\/DSC09767.jpg'><img src=http:\/\/ski.inmontanis.info\/d\/333458-3\/DSC09767.jpg \/><\/a><br \/>\n^ Die 6KSB erschlie\u00dft viele Abfahrten<\/p>\n<p><a href='http:\/\/ski.inmontanis.info\/d\/333463-2\/DSC09768.jpg'><img src=http:\/\/ski.inmontanis.info\/d\/333462-3\/DSC09768.jpg \/><\/a><br \/>\n^ 10EUB Hirschkogel vs. Felsgipfel<\/p>\n<p><a href='http:\/\/ski.inmontanis.info\/d\/333467-2\/DSC09770.jpg'><img src=http:\/\/ski.inmontanis.info\/d\/333466-3\/DSC09770.jpg \/><\/a><br \/>\n^ Am SL Schullift wurde gestern breiter pr\u00e4pariert, bissl Neuschnee gabs \u00fcber Nacht, super<\/p>\n<p><a href='http:\/\/ski.inmontanis.info\/d\/333471-2\/DSC09771.jpg'><img src=http:\/\/ski.inmontanis.info\/d\/333470-3\/DSC09771.jpg \/><\/a><br \/>\n^ Und nochmals der obere, sch\u00f6nste Abfahrtsteil der 6KSB-Abfahrten, der hier sogar Gratcharakter hat. Rechts unter der Schneilanze ist die Bergstation SL H\u00f6sslift<\/p>\n<p><a href='http:\/\/ski.inmontanis.info\/d\/333475-2\/DSC09774.jpg'><img src=http:\/\/ski.inmontanis.info\/d\/333474-3\/DSC09774.jpg \/><\/a><br \/>\n^ SL Sonnkogel, dahinter die 6KSB-Talstation, dahinter der SL Schullift. Nachteil hier halt am Plateau, dass es so flach ist und man fast immer \u00fcberall hin schieben muss. Das nervt auf Dauer.<\/p>\n<p><a href='http:\/\/ski.inmontanis.info\/d\/333479-2\/DSC09776.jpg'><img src=http:\/\/ski.inmontanis.info\/d\/333478-3\/DSC09776.jpg \/><\/a><br \/>\n^ Nebelmeer im Tal und die geschlossenen Abfahrten links der DSB<\/p>\n<p><a href='http:\/\/ski.inmontanis.info\/d\/333483-2\/DSC09779.jpg'><img src=http:\/\/ski.inmontanis.info\/d\/333482-3\/DSC09779.jpg \/><\/a><br \/>\n^ Blick von der DSB-Bergstation  zu den Felsen dahinter<\/p>\n<p><a href='http:\/\/ski.inmontanis.info\/d\/333487-2\/DSC09780.jpg'><img src=http:\/\/ski.inmontanis.info\/d\/333486-3\/DSC09780.jpg \/><\/a><br \/>\n^ Auch sch\u00f6n<\/p>\n<p><a href='http:\/\/ski.inmontanis.info\/d\/333491-2\/DSC09781.jpg'><img src=http:\/\/ski.inmontanis.info\/d\/333490-3\/DSC09781.jpg \/><\/a><br \/>\n^ DSB-Bergstation vs. Nebelmeer<\/p>\n<p><a href='http:\/\/ski.inmontanis.info\/d\/333495-2\/DSC09782.jpg'><img src=http:\/\/ski.inmontanis.info\/d\/333494-3\/DSC09782.jpg \/><\/a><br \/>\n^ Das Nebelmeer steigt nach oben<\/p>\n<p><a href='http:\/\/ski.inmontanis.info\/d\/333499-2\/DSC09783.jpg'><img src=http:\/\/ski.inmontanis.info\/d\/333498-3\/DSC09783.jpg \/><\/a><br \/>\n^ Pulvriger Tiefschnee neben der Piste<\/p>\n<p><a href='http:\/\/ski.inmontanis.info\/d\/333503-2\/DSC09784.jpg'><img src=http:\/\/ski.inmontanis.info\/d\/333502-3\/DSC09784.jpg \/><\/a><br \/>\n^ Zwischen 6KSB und SL L\u00e4rchen sieht man 2 Schneisen, eine schaut nach Abfahrt, eine nach Lift aus .. ?<\/p>\n<p>Am ersten Tag nahm ich 2 der 3 F\u00f6rderb\u00e4nder zur Bergsation, gestern alle 3 und heut nur das unterste, denn es war mal wieder voll und die heutigen Skier sind schon im unteren etwas gerutscht und die beiden oberen sind ja wesentlch steiler. Also zu Fu\u00df rauf.<\/p>\n<p>Vielleicht fahr ich morgen mal Wurzeralm. Da ist zwar noch recht wenig offen (quasi nur die 4SB) aber vielleicht ist die geschlossene Talabfahrt dort leichter zu fahren.<\/p>\n<p>Direkt neben Talstation+WC gibt&#8217;s anscheinend einen kleinen Adeg-Supermarkt. Auch praktisch, wenn man hier mal l\u00e4nger am Parkplatz \u00fcbernachten m\u00f6chte.  Vielleicht sollte ich mir Hinterstoder eher f\u00fcr M\u00e4rz aufheben.<\/p>\n<p>Dann also die 17km runter zum Campingplatz im Tal; die Vorbesitzer hatten im Winter wohl generell geschlossen, die beiden Deutschen, die den Platz seit einigen Monaten \u00fcbernmmen haben, probieren es halt jetzt mal so mit der \u00d6ffnung auf Nachfrage. 22,50 &#8220;Autotarif&#8221; inkl. Strom. Van oder Wohnmobil w\u00e4r dann 6,- teurer oder so.<\/p>\n<p>Eine der Lieferungen von Amazon war ja so eine heizbare 230V-Schreibtischunterlage, die ich f\u00fcr Campingpl\u00e4tze als Fu\u00dfbodenheizung nehmen wollte (hat sich daheim ja auch bew\u00e4hrt) &#8211; keine Ahnung, wie lang die wohl halten wird so verwindet. Allerdings gibts die Art wie daheim nicht mehr mit Drehregler, diese hier muss man nach Strom-Ein explizit einschalten, hat 3 Stufen und hat ein 4h-Limit. Interessanterweise ist selbst die unterste Stufe schnell zu warm &#8211; also sollte f\u00fcr Skandinavien bei -20\u00b0 am Campingplatz auch ausreichend sein. Aber sch\u00f6ner w\u00e4rs, wenn ich die nicht laufend aus- und einschalten m\u00fcsste. Und ich hatte schon bef\u00fcrchtet, die w\u00e4r zu kalt :) Weil ja auch nur 70W angegeben waren. Bei voller St\u00e4rke zieht die aber mehr!<\/p>\n<p><a href='http:\/\/extra.inmontanis.info\/d\/129410-2\/DSC09787.jpg'><img src=http:\/\/extra.inmontanis.info\/d\/129409-3\/DSC09787.jpg \/><\/a><br \/>\n^ Heizbare Schreibtischmatte als Fu\u00dfbodenheizung<\/p>\n<p>Die anderen Sachen, die ich mir hab liefern lassen ..<br \/>\n.. war eine Gro\u00dfpackung &#8220;Bifi Currywurst&#8221; &#8211; allerdings diesmal rund verpackt, kleinere Portionen. Die gro\u00dfen hatte ich immer ganz gern gemocht und bei Blackweek\/Primeday gibts das immer etwas g\u00fcnstiger.<br \/>\n.. die bekannten und so leckeren Maryland-Provence-N\u00fcsse (gibts in DE auch manchmal im Supermarkt)<br \/>\n.. und mal testweise &#8220;instick&#8221; zuckerfreie Getr\u00e4nkepulver als Probier-Mix-Packung, gabs in der Blackweek auch g\u00fcnstiger. Laut Bewertungen kann man die Portionen, die eigentlich f\u00fcr 0,5l Getr\u00e4nk sind, auch f\u00fcr 1,5l verwenden, insb. wenn man es eh gewohnt ist, wie auch ich, bei den Soda-Stream-Sirupen wesentlich weniger zu verwenden. Allerdings haben die noch viel mehr Sorten und 2 Sorten (Eistee Pfirsich und Kirsche) sind in diesem Mix eine gr\u00f6\u00dfere Packung mit je 12 St\u00fcck, was etwas schade ist. Jedenfalls mal ein so ein Eistee-Pfirsich-Pulverchen in ein Sodawasser getan, schmeckt mal ganz gut. Warum ich ausgerechnet das ins Sodawasser und nicht ins Leitungswasser hab, ja&#8230;<\/p>\n<p>Wegen der Retoursendung des reparierten oder ausgetauschten Ladeger\u00e4ts, da hab ich heut nun eine Nachricht erhalten via Amazon, dass das wohl verschickt wird hier her &#8211; ob das die Woche noch ankommen wird oder erst n\u00e4chste, wird sich auch zeigen. Wollte zwar mal ein paar Tage Hochkar+\u00d6tscher, aber danach vmtl. eh nochmals hier her. Zumal aktuell am Hochkar unlohnenswert offen ist, aber vielleicht ja ab dem WE mehr. Und man wohl jeden Tag die Stra\u00dfe rauffahren muss, denn dort oben verlangen sie f\u00fcr eine Nacht auf deren Parkplatz ohne Strom 26,50 \u20ac. Nein, danke. Im Tal solls was um 19,- \u20ac oder so geben. <\/p>\n<p>Verglichen mit den Webcams von Heiligenblut kann man mit den Schneemassen hier in Hinterstoder schon sehr zufrieden sein. Werden ja 70cm gemeldet. Momentan jedenfalls kein nennenswert weiterer Neuschnee in den Alpen in den n\u00e4chsten 7 Tagen in Sicht. Dann Weihnachtstauwetter?  <\/p>\n<p>(N\u00e4chster Bericht von der coolen Wurzeralm ca. Ende der Woche.)<\/p>\n","protected":false},"excerpt":{"rendered":"<p>So, 8.12.2024<\/p>\n<p>Vom S\u00fcden Bayerns aus gings \u00fcber die A8 an Salzburg vorbei bis fast Linz und dann mit der Pyhrn-Autobahn richtung Liezen. Auf dem Teil der A8 gab es keinen Rastplatz mit WC (nur Rastst\u00e4tten) und auch in \u00d6sterreich hatte es laaange gedauert, bis endlich ein Rastplatz mit WC kam. Und wenige km danach <a href=\"http:\/\/blog.inmontanis.info\/?p=10484\">[&#8230;]<\/a><\/p>\n","protected":false},"author":1,"featured_media":10486,"comment_status":"closed","ping_status":"closed","sticky":false,"template":"","format":"standard","meta":{"footnotes":""},"categories":[935,13,27],"tags":[72,56,77,47],"class_list":["post-10484","post","type-post","status-publish","format-standard","has-post-thumbnail","hentry","category-hinterstoder","category-austria","category-skifahren-winterskiing-winter","tag-10eub","tag-6sb","tag-nebelmeer","tag-sl","odd"],"_links":{"self":[{"href":"http:\/\/blog.inmontanis.info\/index.php?rest_route=\/wp\/v2\/posts\/10484","targetHints":{"allow":["GET"]}}],"collection":[{"href":"http:\/\/blog.inmontanis.info\/index.php?rest_route=\/wp\/v2\/posts"}],"about":[{"href":"http:\/\/blog.inmontanis.info\/index.php?rest_route=\/wp\/v2\/types\/post"}],"author":[{"embeddable":true,"href":"http:\/\/blog.inmontanis.info\/index.php?rest_route=\/wp\/v2\/users\/1"}],"replies":[{"embeddable":true,"href":"http:\/\/blog.inmontanis.info\/index.php?rest_route=%2Fwp%2Fv2%2Fcomments&post=10484"}],"version-history":[{"count":3,"href":"http:\/\/blog.inmontanis.info\/index.php?rest_route=\/wp\/v2\/posts\/10484\/revisions"}],"predecessor-version":[{"id":10488,"href":"http:\/\/blog.inmontanis.info\/index.php?rest_route=\/wp\/v2\/posts\/10484\/revisions\/10488"}],"wp:featuredmedia":[{"embeddable":true,"href":"http:\/\/blog.inmontanis.info\/index.php?rest_route=\/wp\/v2\/media\/10486"}],"wp:attachment":[{"href":"http:\/\/blog.inmontanis.info\/index.php?rest_route=%2Fwp%2Fv2%2Fmedia&parent=10484"}],"wp:term":[{"taxonomy":"category","embeddable":true,"href":"http:\/\/blog.inmontanis.info\/index.php?rest_route=%2Fwp%2Fv2%2Fcategories&post=10484"},{"taxonomy":"post_tag","embeddable":true,"href":"http:\/\/blog.inmontanis.info\/index.php?rest_route=%2Fwp%2Fv2%2Ftags&post=10484"}],"curies":[{"name":"wp","href":"https:\/\/api.w.org\/{rel}","templated":true}]}}