{"id":10478,"date":"2024-12-07T19:09:05","date_gmt":"2024-12-07T18:09:05","guid":{"rendered":"http:\/\/blog.inmontanis.info\/?p=10478"},"modified":"2024-12-09T19:24:31","modified_gmt":"2024-12-09T18:24:31","slug":"kossen-7-12-2024","status":"publish","type":"post","link":"http:\/\/blog.inmontanis.info\/?p=10478","title":{"rendered":"K\u00f6ssen, 7.12.2024"},"content":{"rendered":"<p><strong>Sa, 7.12.2024<\/strong><\/p>\n<p>Die morgendlichen Wettervorhersagen waren zur Abwechslung nicht viel anders als gestern Abend; wobei nun noch etwas weniger Schnee f\u00fcrn S\u00fcden gemeldet wurde, daf\u00fcr aber Sturm morgen, was ja dann auch nicht sinnvoll w\u00e4re.<\/p>\n<p>Wie \u00fcblich fuhr ich in Italien nicht \u00fcber die Autobahn zwischen Trient und Brenner, sondern sparte mir die Maut. Das letzte St\u00fcck der Umfahrungsstra\u00dfe in Brixen (Vahrn) ist nun fertig.<\/p>\n<p>Was man in italienischen Superm\u00e4rkten in der Geb\u00e4ckabteilung bekommt: Croissants mit Pistazienf\u00fcllung. Auch lecker.<\/p>\n<p>Um 9 Uhr dann endlich eine \u00d6ffnungsinfo aus K\u00f6ssen &#8211; es ist sogar nur die obere DSB mit 1 Abfahrt offen. Es hie\u00df doch eigentlich noch der SL?! Naja, jetzt noch anderswohin bzw. wieder nach S\u00fcden zu fahren oder in Sterzing f\u00fcr etwas (aber im Grunde auch unlohnenswert) mehr dann zu zahlen, lohnt ja auch nicht. Wobei in Sterzing immerhin bis unten im Tal Schnee liegt.<\/p>\n<p>Nat\u00fcrlich sparte ich mir auch die teure Brennermaut auf \u00f6sterreichischer Seite (wobei die Ortsdurchfahrt in Matrei heut Nachmittag+Abend gesperrt w\u00e4re, weil Veranstaltung), kaufte mir aber nun doch die Jahresvignette 2025, die ja immer im Monat davor und danach auch gilt. <\/p>\n<p><a href='http:\/\/extra.inmontanis.info\/d\/129386-2\/DSC09659.jpg'><img src=http:\/\/extra.inmontanis.info\/d\/129385-3\/DSC09659.jpg \/><\/a><br \/>\n^ Nicht nur mal wieder ein Vignette, sondern auch noch eine Klebevignette hab ich f\u00fcr \u00d6sterreich, vieleicht meine letzte. Mal hoffen, dass ich mein Auto das ganze Jahr noch fahren kann, sonst w\u00e4r die digitale sinnvoller gewesen&#8230;<\/p>\n<p>An Innsbruck fuhr ich nur vorbei, aber in Kufstein bin ich fr\u00fcher runter und um g\u00fcnstige 1,478 \u20ac\/Liter Benzin getankt &#8211; 0,30 g\u00fcnstiger als zuletzt in IT.<\/p>\n<p><a href='http:\/\/extra.inmontanis.info\/d\/129390-2\/DSC09661.jpg'><img src=http:\/\/extra.inmontanis.info\/d\/129389-3\/DSC09661.jpg \/><\/a><br \/>\n^ Trostloses Tirol. H\u00e4tte mit mehr Schnee hier im Inntal gerechnet<\/p>\n<p>Extra noch in einen Lidl gegangen, gab es tats\u00e4chlich keine Lebkuchen. Und noch erstaunter: das zuckerhaltige Cola kostet 0,79, das Cola Light aber 0,89 ??? Dann mal keins genommen. Um 0,89 bekommt man im Spar auch die Frankenmarkter Himbeer-Limo, die schmeckt besser als das Cola light vom Lidl. Wenn ich da an die leckeren Cola lights im UK denke.. Auch das in IT vom iperpoli ist lecker. IT hat \u00fcbrigens auch nach wie vor kein Pfand auf Plastikflaschen. AT f\u00e4ngt ja 2025 mit dem Schei\u00df an. Nerviger als das Flaschenpfand sind aber eh diese Verschl\u00fcsse, die heuer eingef\u00fchrt wurden.<\/p>\n<p><a href='http:\/\/ski.inmontanis.info\/d\/333281-2\/DSC09666.jpg'><img src=http:\/\/ski.inmontanis.info\/d\/333280-3\/DSC09666.jpg \/><\/a><br \/>\n^ Skigebiet Hochk\u00f6ssen von der Seite<\/p>\n<p><a href='http:\/\/ski.inmontanis.info\/d\/333285-2\/DSC09671.jpg'><img src=http:\/\/ski.inmontanis.info\/d\/333284-3\/DSC09671.jpg \/><\/a><br \/>\n^ Skigebiet Hochk\u00f6ssen von unten, f\u00fcr die Talabfahrt hat die Beschneiung knapp nicht gereicht<\/p>\n<p>Um 12:30 kam ich an der Talstation der 6EUB in K\u00f6ssen an. Leider kaum in der Gondel eingestiegen, fiel mir ein, dass ich mein Handy f\u00fcr den Skitrack vergessen hatte &#8211; zudem wollt ich da w\u00e4hrend der Gondelbahnfahrt noch nach \u00dcbernachtungspl\u00e4tzen schauen. Das andere Handy zeichnete ja nicht richtig auf oder braucht zuviel Strom und der Akku ist k\u00e4lteempflindlich.<\/p>\n<p>Bei der Bergfahrt gesehen, dass schon welche die Talabfahrt runtergefahren sind. Naja, im Fr\u00fchjahr auf Restschnee gern, im Vorwinter mit Beschnieung ungern, weil es am Rand der Beschneiungshaufen gern mal brutalen Bruchharsch geben kann.<\/p>\n<p>Oben leichte Plusgrade, Schnee war teils sch\u00f6n pulvirg, teils aber auch eisig   und im oberen Bereich wieder sehr st\u00fcrmisch. Eine Runde rauf+runter dauert ca. 10min. Anstatt etwas Sonne gab es aber etwas Schneefall.<\/p>\n<p><a href='http:\/\/ski.inmontanis.info\/d\/333289-2\/DSC09672.jpg'><img src=http:\/\/ski.inmontanis.info\/d\/333288-3\/DSC09672.jpg \/><\/a><br \/>\n^ Dachte, der kurze SL hier h\u00e4tte in Betrieb gehen sollen, leider nicht, schade, somit nur die DSB oben<\/p>\n<p><a href='http:\/\/ski.inmontanis.info\/d\/333293-2\/DSC09675.jpg'><img src=http:\/\/ski.inmontanis.info\/d\/333292-3\/DSC09675.jpg \/><\/a><br \/>\n^ Talpano<\/p>\n<p><a href='http:\/\/ski.inmontanis.info\/d\/333297-2\/DSC09676.jpg'><img src=http:\/\/ski.inmontanis.info\/d\/333296-3\/DSC09676.jpg \/><\/a><br \/>\n^ Bergpano rechts der DSB, hier ists schon winterlicher<\/p>\n<p><a href='http:\/\/ski.inmontanis.info\/d\/333301-2\/DSC09677.jpg'><img src=http:\/\/ski.inmontanis.info\/d\/333300-3\/DSC09677.jpg \/><\/a><br \/>\n^ Einzig ge\u00f6ffnete Skiabfahrt heute an der Gipfel-DSB<\/p>\n<p><a href='http:\/\/ski.inmontanis.info\/d\/333305-2\/DSC09678.jpg'><img src=http:\/\/ski.inmontanis.info\/d\/333304-3\/DSC09678.jpg \/><\/a><br \/>\n^ Blick nach Bayern mit dem Chiemsee<\/p>\n<p>Hab es doch immerhin f\u00fcr 8 Fahrten ausgehalten an der einen Piste, dann aber aufgeh\u00f6rt und mit der Gondel runter. <\/p>\n<p>Nach Hinterstoder oder Wurzeralm sind&#8217;s noch ca. 3h Fahrt, wobei mein Navi die Fahrt \u00fcber die deutsche A8 vorschagen w\u00fcrde. Allerdfings kann ich ja auch morgen Vormittag noch 2-3h fahren.  <\/p>\n<p>Vor dem Nachtplatz (vor der Autobahn) in DE noch kurz (lokalpatriotisch) in eine Norma geschaut, auch wenn ich in Sterzing und Kufstein egtl alles gekauft hatte. Hab doch noch viel eingekauft Glaub der ganze Laden war voll Ukrainer, so russisch, wie sich das angeh\u00f6rt hatte.<\/p>\n<p>Wenn ich gewusst h\u00e4tte, dass ich heut noch in eine Norma in DE komm und die noch so viel Semmeln + Brezen h\u00e4tten, h\u00e4tt ich nat\u00fcrlich nicht die teureren im Lidl in AT gekauft. <\/p>\n<p>Witzig eigentlich, gestern in IT geschlafen, heute in AT skigefahren und in DE schlafen. Internetm\u00e4\u00dfig ist das Roaming f\u00fcr mich anscheinend in Italien viiiiel schneller als in Deutschland. Und das, obwohl ich abends bei der Telekom drin war &#8211; was ja wohl die selbe Firma sein sollte wie das Magenta-Netz in AT.<\/p>\n<p>Kaum angekommen, fing es zu regnen an und die Kirche zeigte um 16:55 mit langem Gel\u00e4ute, dass sie in der N\u00e4he ist. Doch den falschen Platz ausgesucht?<\/p>\n<p>Der gr\u00fcne Fensterschaumstoff, obwohl ja jetzt nicht auf 2000m, ist wohl wieder etwas gewachsen und h\u00e4lt im Gegensatz zu gestern wieder ohne Zusatzst\u00fccke. Komisches Material.<\/p>\n<p><a href='http:\/\/extra.inmontanis.info\/d\/129394-2\/IMG_20241207_171346.jpg'><img src=http:\/\/extra.inmontanis.info\/d\/129393-3\/IMG_20241207_171346.jpg \/><\/a><br \/>\n^ Heutige Eink\u00e4ufe Eurospar\/IT, Lidl\/AT und Norma\/DE; in der Norma nat\u00fcrlich Lebkuchen bekommen, aber weil die ja l\u00e4nger halten als die, die ich im Herbst in N\u00fcrnberg gekauft hatte, darf ich die jetzt noch nicht essen, sondern aufheben. Und die ungek\u00fchlten Fertiggerichte w\u00e4ren da auch viel g\u00fcnstiger gewesen als die \u00f6sterreichischen im Lidl. <\/p>\n<p>Die Schupfnudeln mit Kraut+Speck waren gek\u00fchlt (auch in der Norma) und hab ich heut gegessen. F\u00fcr weitere gek\u00fchlte Fertiggerichte hatte ich keinen Platz, weil 2 Packungen gef\u00fcllte Nudeln (1x mit Tr\u00fcffel, 1x mit Kalbsbraten oder so) im K\u00fchlschrank &#8211; die fehlen am Bild<\/p>\n<p><a href='http:\/\/extra.inmontanis.info\/d\/129398-2\/IMG_20241207_171758.jpg'><img src=http:\/\/extra.inmontanis.info\/d\/129397-3\/IMG_20241207_171758.jpg \/><\/a><br \/>\n^ Keller (links) ist nun ziemlich voll.<\/p>\n<p>Ok, die heutigen Eink\u00e4ufe konnte ich noch verr\u00e4umen .. aber ich hab ja auch noch die Amazonlieferungen in ein paar Tagen abzuholen&#8230;<\/p>\n<p>Auch schn wieder bescheuert, Amazon schreibt, ich soll das Paket VOR dem Mittwoch abholen. Post-EMail lautet &#8220;bis zum Mittwoch&#8221;, was ja wohl inklusive sein sollte. Hier w\u00e4ren wir wieder an dem von mir schon mal geschilderten Problem, dass das &#8220;bis&#8221; im Deutschen einfach nicht so eindeutig ist wie im Norwegischen oder Schwedischen mit ihrem &#8220;bis und mit&#8221; &#8211; &#8220;t.o.m&#8221;.   Mittwoch Nachmittag h\u00e4tte mir besser in den Kram gepasst, h\u00e4tte ich 3 Tage an der Gondel in Hinterstoder stehen bleiben k\u00f6nnen, dann das Paket abholen und dort in der N\u00e4he schauen, ob der Campingplatz offen h\u00e4tte.<\/p>\n<p>Nachts waren die Kirchenglocken zwar aus, aber um 7 Uhr gings wieder los, einmal wenn man am WE bis 8e schlafen will. Sonst war die Nacht ruhig.<\/p>\n<p><em>N\u00e4chster Bericht aus Hinterstoder, sobald man mal etwas sieht und vern\u00fcnftig Fotos machen kann ;)<\/em><\/p>\n","protected":false},"excerpt":{"rendered":"<p>Sa, 7.12.2024<\/p>\n<p>Die morgendlichen Wettervorhersagen waren zur Abwechslung nicht viel anders als gestern Abend; wobei nun noch etwas weniger Schnee f\u00fcrn S\u00fcden gemeldet wurde, daf\u00fcr aber Sturm morgen, was ja dann auch nicht sinnvoll w\u00e4re.<\/p>\n<p>Wie \u00fcblich fuhr ich in Italien nicht \u00fcber die Autobahn zwischen Trient und Brenner, sondern sparte mir die Maut. Das <a href=\"http:\/\/blog.inmontanis.info\/?p=10478\">[&#8230;]<\/a><\/p>\n","protected":false},"author":1,"featured_media":10480,"comment_status":"closed","ping_status":"closed","sticky":false,"template":"","format":"standard","meta":{"footnotes":""},"categories":[862,13,27],"tags":[],"class_list":["post-10478","post","type-post","status-publish","format-standard","has-post-thumbnail","hentry","category-kossen","category-austria","category-skifahren-winterskiing-winter","odd"],"_links":{"self":[{"href":"http:\/\/blog.inmontanis.info\/index.php?rest_route=\/wp\/v2\/posts\/10478","targetHints":{"allow":["GET"]}}],"collection":[{"href":"http:\/\/blog.inmontanis.info\/index.php?rest_route=\/wp\/v2\/posts"}],"about":[{"href":"http:\/\/blog.inmontanis.info\/index.php?rest_route=\/wp\/v2\/types\/post"}],"author":[{"embeddable":true,"href":"http:\/\/blog.inmontanis.info\/index.php?rest_route=\/wp\/v2\/users\/1"}],"replies":[{"embeddable":true,"href":"http:\/\/blog.inmontanis.info\/index.php?rest_route=%2Fwp%2Fv2%2Fcomments&post=10478"}],"version-history":[{"count":4,"href":"http:\/\/blog.inmontanis.info\/index.php?rest_route=\/wp\/v2\/posts\/10478\/revisions"}],"predecessor-version":[{"id":10483,"href":"http:\/\/blog.inmontanis.info\/index.php?rest_route=\/wp\/v2\/posts\/10478\/revisions\/10483"}],"wp:featuredmedia":[{"embeddable":true,"href":"http:\/\/blog.inmontanis.info\/index.php?rest_route=\/wp\/v2\/media\/10480"}],"wp:attachment":[{"href":"http:\/\/blog.inmontanis.info\/index.php?rest_route=%2Fwp%2Fv2%2Fmedia&parent=10478"}],"wp:term":[{"taxonomy":"category","embeddable":true,"href":"http:\/\/blog.inmontanis.info\/index.php?rest_route=%2Fwp%2Fv2%2Fcategories&post=10478"},{"taxonomy":"post_tag","embeddable":true,"href":"http:\/\/blog.inmontanis.info\/index.php?rest_route=%2Fwp%2Fv2%2Ftags&post=10478"}],"curies":[{"name":"wp","href":"https:\/\/api.w.org\/{rel}","templated":true}]}}