{"id":10472,"date":"2024-12-06T20:23:15","date_gmt":"2024-12-06T19:23:15","guid":{"rendered":"http:\/\/blog.inmontanis.info\/?p=10472"},"modified":"2024-12-07T20:44:53","modified_gmt":"2024-12-07T19:44:53","slug":"passo-brocon-ski-lagorai-6-12-2024","status":"publish","type":"post","link":"http:\/\/blog.inmontanis.info\/?p=10472","title":{"rendered":"Passo Brocon \/ Ski Lagorai, 6.12.2024"},"content":{"rendered":"<p><strong>Fr, 6.12.2024<\/strong> &#8211; mein 186. Skigebiet in Italien<\/p>\n<p>Morgens bin ich noch eine halbe Stunde aus dem schattigen Tal zu einem sonnigeren Parkplatz gefahren.<\/p>\n<p><a href='http:\/\/extra.inmontanis.info\/d\/129382-3\/DSC09611.jpg'><img src=http:\/\/extra.inmontanis.info\/d\/129381-4\/DSC09611.jpg \/><\/a><br \/>\n^ Valsugana<\/p>\n<p>Ich glaub ich spinn. Ich hab heut Vormittag am Parkplatz eine alte Frau mit Maske rumlaufen sehen!!<\/p>\n<p>Ok, uninteressant: Monte Bondone hat nur den (neuen) 6er Sessel offen. Das muss ich morgen nicht besuchen.<\/p>\n<p>Das Skigebiet Lagorai am Passo Brocon war nie ein Skigebiet, das ich besuchen wollte. 3 eher k\u00fcrzere Sessellifte, dazu recht modelliert dreinschauende Abfahrten und interessantere Gebiete in dieser s\u00fcdlichen Gegend &#8211; das Altopiano mit Asiago, Gallio, Enego, Verena; dazu Monte Baldo, Panarotta, Recoaro Mille, Monte Tomba\/Malga Giorgio, Monte Avena, Nevegal .. nunja, viele davon sind nicht mehr oder nur noch ein Schatten ihrer selbst (oder modernisiert) und Lagorai hat zumindest aktuell mit 2 von den 3 Sesseln schon offen zu 30 \u20ac Tageskartenpreis. Vollbetrieb f\u00fcr den Erstbesuch w\u00e4r mir lieber, dann h\u00e4tt ich halt 31,- f\u00fcr die 3h-Karte gezahlt.<\/p>\n<p>Das letzte Mal, das ich ein mir bis dato unbekanntes Skigebiet in Italien besucht hatte, ist noch gar nicht so lang her (den Corona-Zeitraum muss man dabei ja ausklammern), es war dies am 23.12.2019 Entracque &#8211; und kurz vorher am 8.12.2019 Piazzatorre. Verglichen mit den beiden gefiel es mir heute hier wohl besser.<\/p>\n<p>Als ich vor 20 Jahren damit angefangen hab, kleine Skigebiete zu besuchen, tat ich das ja aus 2 Gr\u00fcnden, 1. wg. bestimmter, alter Liftanlagen, die vielleicht bald ersetzt werden w\u00fcrden und 2. bevor die Skigebiete f\u00fcr immer geschlossen werden, denn die gro\u00dfen Skigebiete kann man auch noch sp\u00e4ter besuchen. Vielleicht hab ich im Sommer mal Zeit daf\u00fcr, eine Statistik zu machen, wieviel der von mir besuchten Skigebiete mittlerweile stillgelegt wurden. Jedenfalls das mit dem &#8220;denn die gro\u00dfen Skigebiete kann man sp\u00e4ter auch noch besuchen&#8221; passiert aufgrund der mittlerweile so exorbitant hohen Skipasspreise entweder nur noch via Saisonkarten oder an den \u00e4u\u00dfersten Saisonrandzeiten bei g\u00fcnstigen Tarifen.<\/p>\n<p>Wettervorhersagen zu Mittag zeigten nun auch im S\u00fcden f\u00fcr ab Montag untauglich, daf\u00fcr wird nun f\u00fcr SA+SO in HInterstoder weniger Schneefall gemeldet als am MO+DI, auch in K\u00f6ssen soll&#8217;s morgen etwas sonnig werden. Eieieiei.. <\/p>\n<p><a href='http:\/\/ski.inmontanis.info\/d\/333161-2\/DSC09613.jpg'><img src=http:\/\/ski.inmontanis.info\/d\/333159-3\/DSC09613.jpg \/><\/a><br \/>\n^ Skigebiet Lagorai \/ Passo Brocon<\/p>\n<p>Um 11:40 kam ich am sonnigen Parkplatz des Lagorai-Skigebiets an und verschob die Planungen auf sp\u00e4ter, bevor das die letzte Sonnenstunde w\u00e4re.<\/p>\n<p>&#128681; Gespeicherte Geolocation &#8211; Karte anzeigen: <a href='https:\/\/www.google.com\/maps\/@?api=1&#038;map_action=map&#038;center=46.115225,11.6595767&#038;zoom=12&#038;basemap=terrain' target=_blank> GoogleMaps<\/a> &#128681; <a href='https:\/\/www.openstreetmap.org\/?&#038;mlat=46.115225&#038;mlon=11.6595767#map=10\/46.115225\/11.6595767&#038;layers=P' target=_blank> OSM &#128681;<\/a><\/p>\n<p>Bl\u00f6derweise direkt an der 4SB geparkt &#8211; die Kasse ist n\u00e4mlich ganz wo anders.<\/p>\n<p>Die Sonne heute wurde leider mit starkem Wind erkauft, so dass man laufend bef\u00fcrchten mussste, dass die Sessellifte eingestellt werden w\u00fcden.<\/p>\n<p>Der Schnee war durch die geringe Ben\u00fctzung ganz gut, solang er nicht vom Wind verweht wurde. Schade nur, dass 2 Abfahrten schon recht fertig aussahen, aber noch nicht ge\u00f6fnet wuden &#8211; vielleicht morgen..<\/p>\n<p><a href='http:\/\/ski.inmontanis.info\/d\/333165-2\/DSC09614.jpg'><img src=http:\/\/ski.inmontanis.info\/d\/333164-3\/DSC09614.jpg \/><\/a><br \/>\n^ Neckische Felsspitzen<\/p>\n<p><a href='http:\/\/ski.inmontanis.info\/d\/333169-2\/DSC09615.jpg'><img src=http:\/\/ski.inmontanis.info\/d\/333168-3\/DSC09615.jpg \/><\/a><br \/>\n^ Pistenplan, spiegelt aber das Gel\u00e4nde nicht wider; in Betrieb 4SB A+C, Abfahrten 2+4+15, die Abfahren 4 und 2 oben von der Bergstation 4SB A verlaufen \u00fcber zwei unterschiedliche Gipfelgrate!<\/p>\n<p><a href='http:\/\/ski.inmontanis.info\/d\/333173-2\/DSC09616.jpg'><img src=http:\/\/ski.inmontanis.info\/d\/333172-3\/DSC09616.jpg \/><\/a><br \/>\n^ 4SB Marande, die Abfahrt 2 Piloni rechts war offen, die mittlere 3 Bosco nicht &#8211; wohl erst ab morgen<\/p>\n<p><a href='http:\/\/ski.inmontanis.info\/d\/333177-2\/DSC09620.jpg'><img src=http:\/\/ski.inmontanis.info\/d\/333176-3\/DSC09620.jpg \/><\/a><br \/>\n^ Leider haben zumindest die beiden offenen 4SBen diese bescheuerten kalten blauen Polstersitze. Ein himmelweiter Unterschied zu den schwarzen Thermositzen der letzten Wochen<\/p>\n<p><a href='http:\/\/ski.inmontanis.info\/d\/333181-2\/DSC09623.jpg'><img src=http:\/\/ski.inmontanis.info\/d\/333180-3\/DSC09623.jpg \/><\/a><br \/>\n^ 4SB Marande und Passstra\u00dfe<\/p>\n<p><a href='http:\/\/ski.inmontanis.info\/d\/333185-2\/DSC09626.jpg'><img src=http:\/\/ski.inmontanis.info\/d\/333184-3\/DSC09626.jpg \/><\/a><br \/>\n^ 4SB Marande oberer Teil mit dem gemeinsamen Start der Abfahrt 2+3<\/p>\n<p><a href='http:\/\/ski.inmontanis.info\/d\/333189-2\/DSC09628.jpg'><img src=http:\/\/ski.inmontanis.info\/d\/333188-3\/DSC09628.jpg \/><\/a><br \/>\n^ Blick r\u00fcber zur Bergstation 4SB Valfontane, viel weiter weg als man im Pistenplan annehmen w\u00fcrde und mit einem Graben dazwischen<\/p>\n<p><a href='http:\/\/ski.inmontanis.info\/d\/333193-2\/DSC09629.jpg'><img src=http:\/\/ski.inmontanis.info\/d\/333192-3\/DSC09629.jpg \/><\/a><br \/>\n^ 4SB Marande oberer Teil mit dem gemeinsamen Start der Abfahrt 2+3<\/p>\n<p><a href='http:\/\/ski.inmontanis.info\/d\/333197-2\/DSC09630.jpg'><img src=http:\/\/ski.inmontanis.info\/d\/333196-3\/DSC09630.jpg \/><\/a><br \/>\n^ Abfahrt 4, diese f\u00fchrt von der Bergstaion dieser 4SB zur Bergstation der  anderen 4SB und dann durch dieses Tal retour<\/p>\n<p><a href='http:\/\/ski.inmontanis.info\/d\/333201-2\/DSC09631.jpg'><img src=http:\/\/ski.inmontanis.info\/d\/333200-3\/DSC09631.jpg \/><\/a><br \/>\n^ 4SB Marande \/ Pano oben rechts<\/p>\n<p><a href='http:\/\/ski.inmontanis.info\/d\/333205-2\/DSC09633.jpg'><img src=http:\/\/ski.inmontanis.info\/d\/333204-3\/DSC09633.jpg \/><\/a><br \/>\n^ Blick rauf zur noch geschlossenen 4SB Lares\u00e8 mit einer weiteren Gratabfahrt hier her<\/p>\n<p><a href='http:\/\/ski.inmontanis.info\/d\/333209-2\/DSC09634.jpg'><img src=http:\/\/ski.inmontanis.info\/d\/333208-3\/DSC09634.jpg \/><\/a><br \/>\n^ Links Bergstation 4SB Valfontane, mittig die heute offene Abfahrt 15 (im Tal = gemeinsamer Teil mit Abfahrt 6)<\/p>\n<p><a href='http:\/\/ski.inmontanis.info\/d\/333213-2\/DSC09635.jpg'><img src=http:\/\/ski.inmontanis.info\/d\/333212-3\/DSC09635.jpg \/><\/a><br \/>\n^ Riecht nach ehemaliger SL-Trasse. Schade, dass es hier keinen SL mehr gibt<\/p>\n<p><a href='http:\/\/ski.inmontanis.info\/d\/333217-2\/DSC09636.jpg'><img src=http:\/\/ski.inmontanis.info\/d\/333216-3\/DSC09636.jpg \/><\/a><br \/>\n^ Abfahrt 15\/6<\/p>\n<p><a href='http:\/\/ski.inmontanis.info\/d\/333221-2\/DSC09637.jpg'><img src=http:\/\/ski.inmontanis.info\/d\/333220-3\/DSC09637.jpg \/><\/a><br \/>\n^ Abfahrt 6 zur noch geschlossenen 4SB Lares\u00e8<\/p>\n<p><a href='http:\/\/ski.inmontanis.info\/d\/333225-2\/DSC09638.jpg'><img src=http:\/\/ski.inmontanis.info\/d\/333224-3\/DSC09638.jpg \/><\/a><br \/>\n^ Abfahrt 15 zur 4SB Valfontane<\/p>\n<p><a href='http:\/\/ski.inmontanis.info\/d\/333229-2\/DSC09639.jpg'><img src=http:\/\/ski.inmontanis.info\/d\/333228-3\/DSC09639.jpg \/><\/a><br \/>\n^ 4SB Lares\u00e8, kann man im oberen Teil wohl sch\u00f6n durch die B\u00e4ume freeriden<\/p>\n<p><a href='http:\/\/ski.inmontanis.info\/d\/333233-2\/DSC09640.jpg'><img src=http:\/\/ski.inmontanis.info\/d\/333232-3\/DSC09640.jpg \/><\/a><br \/>\n^ 4SB Valfontane<\/p>\n<p><a href='http:\/\/ski.inmontanis.info\/d\/333237-2\/DSC09642.jpg'><img src=http:\/\/ski.inmontanis.info\/d\/333236-3\/DSC09642.jpg \/><\/a><br \/>\n^ 4SB Valfontane mit leider noch geschlossener Abfahrt 14 &#8211; soll wohl morgen aufsperren.<\/p>\n<p><a href='http:\/\/ski.inmontanis.info\/d\/333241-2\/DSC09644.jpg'><img src=http:\/\/ski.inmontanis.info\/d\/333240-3\/DSC09644.jpg \/><\/a><br \/>\n^ Langes F\u00f6rderband im Tal und die gro\u00dfe Restaurant-H\u00fctte, in dessen Untergeschoss die restliche Infrastruktur ist<\/p>\n<p><a href='http:\/\/ski.inmontanis.info\/d\/333245-2\/DSC09647.jpg'><img src=http:\/\/ski.inmontanis.info\/d\/333244-3\/DSC09647.jpg \/><\/a><br \/>\n^ Pano (Valsugana?) &#8211; solche sch\u00f6nen vernebelten-versmogten Talpanos gibt&#8217;s also nicht nur in der benachbarten Lombardei<\/p>\n<p><a href='http:\/\/ski.inmontanis.info\/d\/333249-2\/DSC09648.jpg'><img src=http:\/\/ski.inmontanis.info\/d\/333248-3\/DSC09648.jpg \/><\/a><br \/>\n^ Gipfelpano<\/p>\n<p><a href='http:\/\/ski.inmontanis.info\/d\/333253-2\/DSC09651.jpg'><img src=http:\/\/ski.inmontanis.info\/d\/333252-3\/DSC09651.jpg \/><\/a><br \/>\n^ Abfahrt 4 von links kommend; geradeaus die noch geschlossene schwarze 5 schaut auch nett aus<\/p>\n<p><a href='http:\/\/ski.inmontanis.info\/d\/333257-2\/DSC09652.jpg'><img src=http:\/\/ski.inmontanis.info\/d\/333256-3\/DSC09652.jpg \/><\/a><br \/>\n^ Abfahrt 4 , sp\u00e4testens hier italienisch-\u00fcbertrieben verfangz\u00e4unt<\/p>\n<p><a href='http:\/\/ski.inmontanis.info\/d\/333261-2\/DSC09654.jpg'><img src=http:\/\/ski.inmontanis.info\/d\/333260-3\/DSC09654.jpg \/><\/a><br \/>\n^ Nordpano in die Dolomiten; wenn man dem Pass folgt, kann man weiter nach San Martino und Passo Rolle fahren<\/p>\n<p><a href='http:\/\/ski.inmontanis.info\/d\/333265-2\/DSC09655.jpg'><img src=http:\/\/ski.inmontanis.info\/d\/333264-3\/DSC09655.jpg \/><\/a><br \/>\n^ &#8230; dass hier am Passo Brocon noch ein weiteres, kleines Skigebiet mit einem SL ist, wusste ich zu der Zeit nicht &#8211; zuf\u00e4llig aber hier ein passender Ausschnitt<\/p>\n<p>Um 14:00 war&#8217;s mir ja eigentlich schon zu schattig und jedenfalls zu st\u00fcmisch, Sesssel hielten hin und wieder und  schaukelten stark. Daher mal eine WC-Pause zum Aufw\u00e4rmen gemacht, aber war nicht sonderlich warm und auch kein Handynetz.<\/p>\n<p>Bin danach noch 1x raufgefahren, aber es war nach wie vor sehr st\u00fcrmisch, Lift stoppte und nur noch die oberen Meter in der Sonne, daher um 15 Uhr aufgeh\u00f6rt. Selbst im F\u00f6rderband, nun auch im Schatten, zog der Sturm genau in die Richtung durch.<\/p>\n<p><a href='http:\/\/ski.inmontanis.info\/d\/333269-2\/DSC09656.jpg'><img src=http:\/\/ski.inmontanis.info\/d\/333268-3\/DSC09656.jpg \/><\/a><br \/>\n^ .. dass es hier sogar mal einen Graffer-Korblift gab, h\u00e4tte ich bei dem Skigebiet auch nicht erwartet. Schade, verpasst.<\/p>\n<p><a href='http:\/\/ski.inmontanis.info\/d\/333273-2\/DSC09657.jpg'><img src=http:\/\/ski.inmontanis.info\/d\/333272-3\/DSC09657.jpg \/><\/a><br \/>\n^ Kassen- und WC-Bereich unterm Restaurant. Samt Kautionsautomat f\u00fcr die Keycards<\/p>\n<p><a href='http:\/\/ski.inmontanis.info\/d\/333277-2\/ge20241206a.jpg'><img src=http:\/\/ski.inmontanis.info\/d\/333276-3\/ge20241206a.jpg \/><\/a><br \/>\n^ T\u00fcrkis: GPS-Track 6.12.2024; Orange die heute geschlossene 4SB; Magenta ein SL weiter hinten am Pass, Gr\u00fcn: Geplante Sessellifte zur Verbindung in einem Plan von vor ein paar Jahren, mittlerweile aber wieder aus dem Pistenplan verschwunden<\/p>\n<p>Fazit: Nicht so schlecht wie erwartet. Bzw. f\u00fcr 2005 nat\u00fcrlich Kacke, aber f\u00fcr 2025 ist es angenehmer, weil die Konkurrenz ja viel schlechter wurde. Kann man mal wieder besuchen, wenn man in der Gegend ist. Wobei ich lieber mal wieder Monte Avena oder Monte Baldo bei Vollbetrieb erleben w\u00fcrde. Die neue SB in Gallio k\u00f6nnte man sich auch mal ansehen. Bei Nevegal hoff ich schon lange, dass die SL oben mal wieder in Betrieb gehen und um Enego und Recoaro trauere ich.<\/p>\n<p>Am Parkplatz Standheizung eingschaltet und also planen m\u00fcssen &#8230;<br \/>\n.. morgen Ravascletto und am SO Hinterstoder?<br \/>\n.. morgen K\u00f6ssen und am SO Hinterstoder?<br \/>\n.. morgen Jochgrimm und am SO K\u00f6ssen oder Hinterstoder ?<br \/>\n.. oder &#8230;?<\/p>\n<p>Der Dolomiti-Superski-Liftseite nach sollte ja Jochgrimm der Doppel-SL und die DSB gegen\u00fcber in Betrieb gehen, aber auf der Webcam waren die Schneehaufen auf der Abfahrt  neben der DSB noch gar nicht verteilt, somit sehr zweifelhaft schien, ob dies morgen wirklich wird offen sein. <\/p>\n<p>K\u00f6ssen hatte heut auch nicht offen &#8211; wg. Sturm,  will aber morgen \u00f6ffnen. Und Bergfex meldet f\u00fcr Ravascletto Zoncolan nicht viel Sonniger, zumal ich dann ja von SA auf SO noch \u00fcber die Alpen musste &#8211; dann lieber morgen fr\u00fch \u00fcbern Brenner, bevor es SA Nacht im Osten nochmals schneit.<\/p>\n<p>Also Entschluss f\u00fcr ca. 2 Stunden K\u00f6ssen morgen, wo mein Saisonpass gilt, somit heute noch in S\u00fcdtirol n\u00e4chtigen. <\/p>\n<p>Um 18:40 kam ich an einem Parkplatz noch vor Bozen an, von wo es ca. 4h bis K\u00f6ssen sein soll. Stressig, stressig. Aber wie \u00fcblich spar ich mir hier in Italien die Maut.<\/p>\n<p>Die hohe Schneevorhersage f\u00fcr SO im S\u00fcden wurde auf Bergfex nun auch  stark relativiert und die Sonne f\u00fcr morgen in K\u00f6ssen auch wieder fast rausgerechnet. 2025 und diese Wettervorhersagen sind nach wie vor so m\u00fcllig, ob das jemals besser wird? Ich muss wohl morgen fr\u00fch nochmals die Vorhersagen checken, nicht, dass sich wieder alles ge\u00e4ndert hat&#8230;. Jedenfalls sind heute Abend etliche Schneekettenpflichten in \u00d6sterreich aktiv, also heute kam mal eine gr\u00f6\u00dfere Menge zumindest \u00f6stlich von Tirol.<\/p>\n<p>Am st\u00f6rendsten waren nachts mal wieder die Kirchenglocken und wie so h\u00e4ufig in letzter Zeit h\u00f6rten sie sich falsch an (Stundengel\u00e4ute war nicht zur vollen Stunde, da kamen dann 1 oder 2 Schl\u00e4ge.)<\/p>\n","protected":false},"excerpt":{"rendered":"<p>Fr, 6.12.2024 &#8211; mein 186. Skigebiet in Italien<\/p>\n<p>Morgens bin ich noch eine halbe Stunde aus dem schattigen Tal zu einem sonnigeren Parkplatz gefahren.<\/p>\n<p> ^ Valsugana<\/p>\n<p>Ich glaub ich spinn. Ich hab heut Vormittag am Parkplatz eine alte Frau mit Maske rumlaufen sehen!!<\/p>\n<p>Ok, uninteressant: Monte Bondone hat nur den (neuen) 6er Sessel offen. <a href=\"http:\/\/blog.inmontanis.info\/?p=10472\">[&#8230;]<\/a><\/p>\n","protected":false},"author":1,"featured_media":10474,"comment_status":"closed","ping_status":"closed","sticky":false,"template":"","format":"standard","meta":{"footnotes":""},"categories":[15,934,27],"tags":[49,63],"class_list":["post-10472","post","type-post","status-publish","format-standard","has-post-thumbnail","hentry","category-italienitaly","category-passo-brocon","category-skifahren-winterskiing-winter","tag-4sb","tag-korblift","odd"],"_links":{"self":[{"href":"http:\/\/blog.inmontanis.info\/index.php?rest_route=\/wp\/v2\/posts\/10472","targetHints":{"allow":["GET"]}}],"collection":[{"href":"http:\/\/blog.inmontanis.info\/index.php?rest_route=\/wp\/v2\/posts"}],"about":[{"href":"http:\/\/blog.inmontanis.info\/index.php?rest_route=\/wp\/v2\/types\/post"}],"author":[{"embeddable":true,"href":"http:\/\/blog.inmontanis.info\/index.php?rest_route=\/wp\/v2\/users\/1"}],"replies":[{"embeddable":true,"href":"http:\/\/blog.inmontanis.info\/index.php?rest_route=%2Fwp%2Fv2%2Fcomments&post=10472"}],"version-history":[{"count":4,"href":"http:\/\/blog.inmontanis.info\/index.php?rest_route=\/wp\/v2\/posts\/10472\/revisions"}],"predecessor-version":[{"id":10477,"href":"http:\/\/blog.inmontanis.info\/index.php?rest_route=\/wp\/v2\/posts\/10472\/revisions\/10477"}],"wp:featuredmedia":[{"embeddable":true,"href":"http:\/\/blog.inmontanis.info\/index.php?rest_route=\/wp\/v2\/media\/10474"}],"wp:attachment":[{"href":"http:\/\/blog.inmontanis.info\/index.php?rest_route=%2Fwp%2Fv2%2Fmedia&parent=10472"}],"wp:term":[{"taxonomy":"category","embeddable":true,"href":"http:\/\/blog.inmontanis.info\/index.php?rest_route=%2Fwp%2Fv2%2Fcategories&post=10472"},{"taxonomy":"post_tag","embeddable":true,"href":"http:\/\/blog.inmontanis.info\/index.php?rest_route=%2Fwp%2Fv2%2Ftags&post=10472"}],"curies":[{"name":"wp","href":"https:\/\/api.w.org\/{rel}","templated":true}]}}