{"id":10466,"date":"2024-12-05T21:00:19","date_gmt":"2024-12-05T20:00:19","guid":{"rendered":"http:\/\/blog.inmontanis.info\/?p=10466"},"modified":"2024-12-06T21:08:47","modified_gmt":"2024-12-06T20:08:47","slug":"schnalstaler-gletscher-3-5-12-2024","status":"publish","type":"post","link":"http:\/\/blog.inmontanis.info\/?p=10466","title":{"rendered":"Schnalstaler Gletscher, 3.-5.12.2024"},"content":{"rendered":"<p><strong>Di, 3.12.2024<\/strong><\/p>\n<p>Vormittags gabs mal Regen auf meinem Parkplatz. In Aprica h\u00e4tte es heute ja eh sonniger sein sollen als am Tonale oder Schnalstaler.<\/p>\n<p>Allerdings muss ich 1. noch einen Pass und 2. noch ca. 1,5h fahren bis zum Schnalstaler und will 3. auch noch einkaufen auf dem Weg. (Es ist so sch\u00f6n, dass man in Schweden  und Finnland keine P\u00e4sse fahren braucht!)<\/p>\n<p>Tja, Supermarkt hatte ich leider keinen besucht &#8211; zu klein, zu unsichtbar, nicht mehr vorhanden, Parkgeb\u00fchren, zuviel Umweg &#8230; um kurz vor 13 Uhr kam ich im hinteren Schnalstal an, bei leichtem Schneefall, Nebel und mittlerweile nicht mehr vorhandener Sonne in der Bergfexvorschau f\u00fcr heute Nachmittag. H\u00e4tte wohl doch gestern richtung Aprica fahren sollen. <\/p>\n<p>Ich probierte also mal wieder, den Stellplatz zu buchen und zu bezahlen, was immer viele Daten zum Eingeben bedeutet. Und oh Wunder, es hat diesmal funktioniert!!<\/p>\n<p>Jedenfals buchte ich den Stellplatz wieder ab 16 Uhr, so dass ich \u00fcbermorgen noch bis nach dem Skifahren stehen bleiben k\u00f6nnte, falls ich nicht verl\u00e4ngern m\u00f6chte. Da ich nachmittags also noch zum Supermarkt m\u00fcsste, der eh auf halber Strecke zur Lazaun-EUB ist und in Anbetracht des Wetters &#8211; k\u00f6nnte ich mich heute auch auf Glocken-SL und Lazaun-EUB beschr\u00e4nken und nicht auf den Gletscher fahren.<\/p>\n<p>An der rechten SL-Abfahrt war unten allerdindgs eine eisig beschneite Stelle und die Lazaun-Rennpiste war nachmittags in Verwendung. da w\u00e4r Aprica wohl nicht nur g\u00fcnstiger, sondern auch interessanter gewesen.<\/p>\n<p>Wobei die EUB-Abfahrt hier immerhin interessanter ist als die EUB-Abfahrt am Tonale die letzten Tage. Auch der Schnee ist etwas besser als letzte Woche, zumindest am Rand bis auf jeweils eine Ausnahme. <\/p>\n<p>Nach 14:30 wurde es zwar etwas heller samt St\u00fccke blauen Himmels, daf\u00fcr schneite es nun st\u00e4rker. Bin die Lazaun-EUB heut 6 oder 7x gefahren, war dann doch noch recht nett heute. Danach zum Supermarkt und nochmal den Glocken-SL als Zubringer zum Auto, da ich am oberen Parkplatz stand.<\/p>\n<p>Leider hat das Minisuperm\u00e4rktchen keine Tiefk\u00fchlsachen und auch die K\u00fchltheke bietet recht wenig, zB nur gek\u00fchlte Gnocchi, aber keine diversen gef\u00fcllten Pastasorten und auch kein fertig gegartes Fleisch wie Hackfleischb\u00e4llchen  oder so. Also noch eine fertige Pastasauce mitgenommen, kannte ich noch nicht, von Barilla namens &#8220;Montanaro&#8221; mit Schweinefleisch, Pilzen und Salsiccia. mal testen. Die Salsiccia wird vmtl. in zu kleinen Spuren vorhanden sein, als dass man sie schmecken wird.<\/p>\n<p>Nunja, sie schmeckt ganz ok. Ich w\u00fcrd mir mehr Fleisch und mehr Champignons w\u00fcnschen &#8211; daf\u00fcr auf die Karotten verzichten, die mich geschmacklich hier eher st\u00f6ren.<\/p>\n<p>E-Mail von Amazon, wie unversch\u00e4mt: &#8220;wir m\u00f6chten dir hiermit mitteilen, dass wir, wie gew\u00fcnscht, bereits eine Teillieferung aus deiner Bestellung verschicken konnten. &#8221;<br \/>\nDas ist \u00fcberhaupt nicht &#8220;wie gew\u00fcnscht&#8221;. &#8220;WIe gew\u00fcnscht&#8221; wr\u00e4re gewesen, wenn ich h\u00e4tte angeben k\u00f6nnen, dass ich 1. keine Teillieferung w\u00fcnsche und 2. die Lieferung erst einige Tage sp\u00e4ter sein soll.<\/p>\n<p>Und meine gr\u00fcnen Fensterschaumstoffe sind ungelogen nun nicht mehr 1-2cm zu klein, sondern 1-2cm zu gro\u00df.<\/p>\n<p><strong>Mi, 4.12.2024<\/strong><\/p>\n<p>Heute Sonnenschein, da will ich also die PB um 11:30 erreichen.<\/p>\n<p>Tja, nach 2x Finail und 1x Hinereis wollte ich wieder runter fahren, da ich auf diese K\u00e4lte hier oben heute weder eingestellt noch angezogen war. Check auf Bergefex: -14\u00b0; an der Talstation stand nach dem Runterfahren f\u00fcrn Gipfel -12,7\u00b0 oder so. Und Wind gab&#8217;s ja auch noch. Na danke. H\u00e4tte auf diese 3 Tage Schnalstal doch verzichten sollen.  <\/p>\n<p>Unten zwar angenemere Temperaturen, aber noch mehr Wind. 6x Glocken-SL und r\u00fcber zur EUB, da reichten mir auch 2 Fahrten heute. Schade, dass die Talabfahrt vom Gletscher samt 4KSB noch nicht offen ist, die l\u00e4ge so sch\u00f6n lang in der Sonne und w\u00e4re vom Wind her heute auch passender gewesen.<\/p>\n<p><a href='http:\/\/ski.inmontanis.info\/d\/333131-2\/DSC09604.jpg'><img src=http:\/\/ski.inmontanis.info\/d\/333130-3\/DSC09604.jpg \/><\/a><br \/>\n^ Glocken-SL und Kinderland<\/p>\n<p><a href='http:\/\/ski.inmontanis.info\/d\/333135-2\/DSC09605.jpg'><img src=http:\/\/ski.inmontanis.info\/d\/333134-3\/DSC09605.jpg \/><\/a><br \/>\n^ Das Hotel soll wie ein Adler gebaut worden sein &#8211; mit Kopf, Schwanz und Fl\u00fcgel<\/p>\n<p><a href='http:\/\/ski.inmontanis.info\/d\/333139-2\/DSC09606.jpg'><img src=http:\/\/ski.inmontanis.info\/d\/333138-3\/DSC09606.jpg \/><\/a><br \/>\n^ Was soll das denn jetzt, Nebelsuppe auf dem Gletscher? Zum Gl\u00fcck wohl doch nur an der 4SB, schon am Finail-SL war&#8217;s sonniger<\/p>\n<p><a href='http:\/\/ski.inmontanis.info\/d\/333143-2\/DSC09608.jpg'><img src=http:\/\/ski.inmontanis.info\/d\/333142-3\/DSC09608.jpg \/><\/a><br \/>\n^ Talabfahrt ist jetzt bis zum Abzweig pr\u00e4pariert, der untere Teil fehlte noch<\/p>\n<p><a href='http:\/\/ski.inmontanis.info\/d\/333147-2\/DSC09610.jpg'><img src=http:\/\/ski.inmontanis.info\/d\/333146-3\/DSC09610.jpg \/><\/a><br \/>\n^ Lazaun-Bereich, w\u00e4r cool, wenn da dr\u00fcben in der Sonne noch ein SL raufgehen w\u00fcrde mit ca. 2 Abfahrten links und ca. 2 Abfahrten rechts. W\u00fcrde den Lazaunbereich interessanter machen<\/p>\n<p><a href='http:\/\/ski.inmontanis.info\/d\/333151-2\/DSC09609.jpg'><img src=http:\/\/ski.inmontanis.info\/d\/333150-3\/DSC09609.jpg \/><\/a><br \/>\n^ .. die Trasse f\u00fcr einen k\u00fcrzeren \u00dcbungslift w\u00e4re quasi schon vorhanden da zwischen Schatten und Sonne ;) Ob das dar\u00fcber allerdings nur Fels ist oder darunter noch Gletscher&#8230;.<\/p>\n<p>Weil also wieder am Supermarkt vorbei, kaufte ich aus Frust doch noch die teure Bratkartoffelpackung um 3,95, die in DE glaub ich unter 2 \u20ac kostet?!<\/p>\n<p>Im Auto nochmals die Skigebiete durchgegangen, die ab Freitag in Frage kommen k\u00f6nnten &#8211; die Schnittmenge aus brauchbarem Wetter, g\u00fcnstigen Preisen und halbwegs sinnvoll ge\u00f6ffnet ist sehr gering &#8211; und &#8220;interessant&#8221; hab ich da schon ausgeklammert.<\/p>\n<p>Es gibt ein kleines Teilskigebiet in den Dolomiti Superski, die noch einen eigenen, g\u00fcnstigen Skipass haben und man nicht den \u00fcber 60 \u20ac teuren Talverbundpass kaufen muss: Jochgrimm. Tageskarte 30,- \u20ac und Halbtageskarte 24,- \u20ac f\u00fcr 2 DSB und 1 Doppel-SL. Aber weil nur eine DSB am WE aufmacht und die Lifte sehr kurz sind, ist das wohl doch uninteressant, zumindest bei der eh nicht sehr guten Wettervorhersage. Wobei f\u00fcr Schnalstal+Hinterstoder&#038;Co die Vorhersagen schlechter sind.<\/p>\n<p>In Borno w\u00e4ren die aktuellen Onlinetarife direkt auf der Website auch wieder etwas geringer als beim snowit-Preis. (1,- bei der Tageskarte, bei 3h+4h etwas mehr). Tja, schade, wenn da meine Lombardei-Keycard funktioniert h\u00e4tte&#8230; Machen jedenfalls ab Freitag t\u00e4glich auf.  Aber wenn die meine vorhandenen Keycards nicht akzeptieren und im Falle der snowit-Karte, so ich mir die kaufen sollte, mehr verlangen als vor Ort .. da wei\u00df ich noch nicht, ob ich heuer nochmals in der Lombardei skifahren werde.<\/p>\n<p>Zu den Bratkartoffel kam etwas Grillpaprika (das Glas sollte ich langsam mal aufbrauchen), Rosmarin und Parmesan &#8211; nope, der hatte schon einen gr\u00fcnen Fleck, schade. <\/p>\n<p>Tja, eins der Amazonpakete kam nun schon heu statt DO an. Abholfrist n\u00e4. MI &#8211; bis dahin muss ich also im Raum Hinterstoder sein.<\/p>\n<p><strong>Do, 5.12.2024<\/strong><\/p>\n<p>Die Wettervorhersagen f\u00fcr den Bereich Etschtal-Slowenien zeigen f\u00fcr morgen+SA zwar mehr Sonne als hier, aber am Sonntag soll es viel schneien -zu viel f\u00fcr meinen geschmack.<\/p>\n<p>Nur 21,50 kostet momentan bis Mittwoch die Tageskarten in den Skigebieten Friauls, weil so wenig offen ist. 5h 17,50, 3h 15,50 , danach bis 15.12. (und ab 17.3.) kostet die TK 31,-.<br \/>\n.. aber mal angesehen, also was in Piancavallo \u00f6ffnet, lohnt gar nicht, nur  2 kurze 4SBen mit je 1 Abfahrt. Die eine kurze 3SB mit Abfahrt in Tarvisio lohnt auch nicht. DIe beiden DSB in Sappada sind die beiden uninteressantesten dort. Ravascletto-Zoncolan h\u00e4tte etwas mehr zu bieten, aber auch grenzwertig wenig&#8230; Tja, schade. Auch in Bormio wird wohl nicht viel \u00f6ffnen.<\/p>\n<p>Und Borno macht, da ich ja nach Hinterstoder ggf. via Friaul fahren will, so gar keinen Sinn, da m\u00fcsste man dann aus den Alpen raus und \u00fcber die Mautautobahn .. schwierig, schwierig. Am sinnvollsten wird sein, morgen das mir noch unbekannte Lagorai zu besuchen und dann \u00fcbermorgen Ravascletto und dann ab SO doch schon Hinterstoder, weil es am SO dann im Norden weniger schneien soll als im S\u00fcden.<\/p>\n<p>Monte Bondone soll morgen auch aufsperren, aber auch unbekannt womit. L\u00e4ge dann etwas vor Lagorai. <\/p>\n<p>Ein bisschen l\u00e4nger als gestern hielt ich es heute am Gletscher oben aus, auch weil ich zwischendrin mal an der Bergstation zum Aufw\u00e4rmen war und den obigen Text verfasst hatte und entsprechend im Internet geschaut hab.<\/p>\n<p><a href='http:\/\/ski.inmontanis.info\/d\/333127-2\/DSC09351.jpg'><img src=http:\/\/ski.inmontanis.info\/d\/333126-3\/DSC09351.jpg \/><\/a><br \/>\n^ 4SB Grawand &#8211; zu der Jahreszeit kann man den Hang wohl nicht sinnvoll fotografieren (bei Sonne ist er zweigeteilt) &#8211; Nachtrag vom 24.11.<\/p>\n<p><a href='http:\/\/ski.inmontanis.info\/d\/333155-2\/ge202411-12b.jpg'><img src=http:\/\/ski.inmontanis.info\/d\/333154-3\/ge202411-12b.jpg \/><\/a><br \/>\n^ GPS-Track Nov\/Dez 2024 in Blau und vorherige Besuche in Rosa. Man kann gut die Verk\u00fcrzung Finail-SL und den Gletscherschwund erkennen<\/p>\n<p>Es wollen morgen zB. auch Sarntal und Rosskopf aufsperren, aber wie Bondone, keinerlei Infos womit. Auch K\u00f6ssen will nun von morgen bis Sonntag aufmachen, wenn auch nur mit 2 Liften oben, aber die Wettervorhersagen sind nun f\u00fcr SA\/SO auch nicht schlechter als hier im S\u00fcden. <\/p>\n<p>Auf dem Weg riechtung Trento hielt ich noch an einem Lidl und kam um 19:30 an einem Parkplatz nach Levico Terme an, von dem ich noch ca. 50min bis ins Skigebiet Lagorai (Passo Brocon) morgen Mittag zu fahren h\u00e4tte. Der Platz war zwar direkt an einer Stra\u00dfe und hinter mir auf der anderen Talseite eine Fabrik, aber es st\u00f6rte nachts beides nicht.<\/p>\n<p>Der gr\u00fcne Fensterschaumstoff, der gestern und vorgestern noch 1-2cm zu groi\u00df war, dass ich ihn nicht ganz ins Fenster reindr\u00fccken konnte, ist heute wieder 1-2cm zu kurz., also 2-4cm kleiner als gestern. Bleibt ja nur noch die H\u00f6he und der Luftdruck als Grund \u00fcbrig, die Flaschen waren auch stark eingedr\u00fcckt. Das ist dann nat\u00fcrlich verst\u00e4ndlich, dass mir das letzten Winter in Skandinavien nicht so aufgefallen ist, da \u00fcbernachtet man ja nicht mal eben 1500m h\u00f6her. Aber da er ja im Sommer auch im Tal noch gro\u00df genug, muss er ja trotzdem irgendwann irgendwie mal geschrumpft sein?!<\/p>\n<p>&#8211; &#8211;<\/p>\n<p>&#8220;Die EU-Parlamentarier sind mehrheitlich bereit f\u00fcr den Dritten Weltkrieg.&#8221;<br \/>\n<a href='https:\/\/freedert.online\/europa\/228139-ukraine-konflikt-eu-parlament-fordert\/'>https:\/\/freedert.online\/europa\/228139-ukraine-konflikt-eu-parlament-fordert\/<\/a><br \/>\n<a href='https:\/\/www.nachdenkseiten.de\/?p=125590'>https:\/\/www.nachdenkseiten.de\/?p=125590<\/a><br \/>\n&#8220;F\u00fcr mich, der ich immer ein gl\u00fchender Anh\u00e4nger der europ\u00e4ischen Idee gewesen bin, ist es schmerzhaft, die Debatten einer kriegsl\u00fcsternen und hasserf\u00fcllten Parlamentsmehrheit mitanzuh\u00f6ren. Ich frage mich dann: Was f\u00fcr ein Monster haben wir mit der EU erschaffen?&#8221;<\/p>\n<p>&#8211;<\/p>\n<p>&#8220;Trumps \u201eFriedensplan\u201c ist daher nicht nur unrealistisch, sondern im Falle seiner Umsetzung sogar brandgef\u00e4hrlich, weil er zwangsl\u00e4ufig zu einer unkontrollierbaren Eskalation f\u00fchren w\u00fcrde. Da bleibt uns nur, darauf zu hoffen, dass Trump in Wahrheit einen ganz anderen Plan hat als den, dessen Inhalte in die Medien durchsickern.&#8221;<br \/>\n<a href='https:\/\/anti-spiegel.ru\/2024\/trumps-friedensplan-oder-was-laeuft-im-westen-hinter-den-kulissen-ab\/'>https:\/\/anti-spiegel.ru\/2024\/trumps-friedensplan-oder-was-laeuft-im-westen-hinter-den-kulissen-ab\/<\/a><\/p>\n","protected":false},"excerpt":{"rendered":"<p>Di, 3.12.2024<\/p>\n<p>Vormittags gabs mal Regen auf meinem Parkplatz. In Aprica h\u00e4tte es heute ja eh sonniger sein sollen als am Tonale oder Schnalstaler.<\/p>\n<p>Allerdings muss ich 1. noch einen Pass und 2. noch ca. 1,5h fahren bis zum Schnalstaler und will 3. auch noch einkaufen auf dem Weg. (Es ist so sch\u00f6n, dass man <a href=\"http:\/\/blog.inmontanis.info\/?p=10466\">[&#8230;]<\/a><\/p>\n","protected":false},"author":1,"featured_media":10468,"comment_status":"closed","ping_status":"closed","sticky":false,"template":"","format":"standard","meta":{"footnotes":""},"categories":[15,397,27],"tags":[49,77],"class_list":["post-10466","post","type-post","status-publish","format-standard","has-post-thumbnail","hentry","category-italienitaly","category-schnalstal","category-skifahren-winterskiing-winter","tag-4sb","tag-nebelmeer","odd"],"_links":{"self":[{"href":"http:\/\/blog.inmontanis.info\/index.php?rest_route=\/wp\/v2\/posts\/10466","targetHints":{"allow":["GET"]}}],"collection":[{"href":"http:\/\/blog.inmontanis.info\/index.php?rest_route=\/wp\/v2\/posts"}],"about":[{"href":"http:\/\/blog.inmontanis.info\/index.php?rest_route=\/wp\/v2\/types\/post"}],"author":[{"embeddable":true,"href":"http:\/\/blog.inmontanis.info\/index.php?rest_route=\/wp\/v2\/users\/1"}],"replies":[{"embeddable":true,"href":"http:\/\/blog.inmontanis.info\/index.php?rest_route=%2Fwp%2Fv2%2Fcomments&post=10466"}],"version-history":[{"count":4,"href":"http:\/\/blog.inmontanis.info\/index.php?rest_route=\/wp\/v2\/posts\/10466\/revisions"}],"predecessor-version":[{"id":10471,"href":"http:\/\/blog.inmontanis.info\/index.php?rest_route=\/wp\/v2\/posts\/10466\/revisions\/10471"}],"wp:featuredmedia":[{"embeddable":true,"href":"http:\/\/blog.inmontanis.info\/index.php?rest_route=\/wp\/v2\/media\/10468"}],"wp:attachment":[{"href":"http:\/\/blog.inmontanis.info\/index.php?rest_route=%2Fwp%2Fv2%2Fmedia&parent=10466"}],"wp:term":[{"taxonomy":"category","embeddable":true,"href":"http:\/\/blog.inmontanis.info\/index.php?rest_route=%2Fwp%2Fv2%2Fcategories&post=10466"},{"taxonomy":"post_tag","embeddable":true,"href":"http:\/\/blog.inmontanis.info\/index.php?rest_route=%2Fwp%2Fv2%2Ftags&post=10466"}],"curies":[{"name":"wp","href":"https:\/\/api.w.org\/{rel}","templated":true}]}}